{"id":8068,"date":"2025-05-21T06:29:50","date_gmt":"2025-05-21T10:29:50","guid":{"rendered":"https:\/\/telocuentavictorhugo.com\/?p=8068"},"modified":"2025-05-21T06:29:50","modified_gmt":"2025-05-21T10:29:50","slug":"mi-verdadero-enemigo-es-evo","status":"publish","type":"post","link":"https:\/\/telocuentavictorhugo.com\/index.php\/2025\/05\/21\/mi-verdadero-enemigo-es-evo\/","title":{"rendered":"\u201cMI VERDADERO ENEMIGO ES EVO\u201d"},"content":{"rendered":"\n<p><strong>Ver video aqu\u00ed:\u00a0\ud83d\udc49\ud83c\udffb\ud83d\udcf9\u23ef<\/strong><a href=\"https:\/\/youtu.be\/wKnU4zplqjg\">https:\/\/youtu.be\/wKnU4zplqjg<\/a><\/p>\n\n\n\n<p>La Paz, 20 de mayo de 2025 \u2014 Eduardo del Castillo, exministro de Gobierno y actual candidato presidencial por el Movimiento Al Socialismo (MAS), declar\u00f3 que considera a Evo Morales como su principal adversario pol\u00edtico. Afirm\u00f3 que Morales no acepta su inhabilitaci\u00f3n para las elecciones del 17 de agosto, determinada por la Constituci\u00f3n, un refer\u00e9ndum y diversas sentencias constitucionales.<a href=\"https:\/\/www.youtube.com\/shorts\/9ZdwX3C67cA?utm_source=chatgpt.com\" target=\"_blank\" rel=\"noreferrer noopener\">Facebook+4YouTube+4infobae+4<\/a><a href=\"https:\/\/www.noticiasfides.com\/nacional\/politica\/mi-principal-enemigo-es-morales-candidato-del-castillo-dice-que-evo-no-entiende-que-esta-inhabilitado?utm_source=chatgpt.com\" target=\"_blank\" rel=\"noreferrer noopener\">Noticias Fides<\/a><\/p>\n\n\n\n<p>Del Castillo critic\u00f3 los intentos de Morales de inscribirse como candidato a trav\u00e9s del partido PAN-Bol, cuya personer\u00eda jur\u00eddica fue cancelada, lo que impidi\u00f3 la inscripci\u00f3n del binomio Morales-Alanoca. Adem\u00e1s, se\u00f1al\u00f3 que las movilizaciones convocadas por el bloque evista no tendr\u00e1n impacto significativo, ya que, seg\u00fan \u00e9l, la poblaci\u00f3n ha comenzado a perder el miedo al exmandatario y est\u00e1 retornando al MAS.<\/p>\n\n\n\n<figure class=\"wp-block-image size-large\"><img fetchpriority=\"high\" decoding=\"async\" width=\"1024\" height=\"576\" src=\"https:\/\/telocuentavictorhugo.com\/wp-content\/uploads\/2025\/05\/3.-DEL-CASTILLO-ARCE-1024x576.png\" alt=\"\" class=\"wp-image-8069\" srcset=\"https:\/\/telocuentavictorhugo.com\/wp-content\/uploads\/2025\/05\/3.-DEL-CASTILLO-ARCE-1024x576.png 1024w, https:\/\/telocuentavictorhugo.com\/wp-content\/uploads\/2025\/05\/3.-DEL-CASTILLO-ARCE-300x169.png 300w, https:\/\/telocuentavictorhugo.com\/wp-content\/uploads\/2025\/05\/3.-DEL-CASTILLO-ARCE-768x432.png 768w, https:\/\/telocuentavictorhugo.com\/wp-content\/uploads\/2025\/05\/3.-DEL-CASTILLO-ARCE-1536x864.png 1536w, https:\/\/telocuentavictorhugo.com\/wp-content\/uploads\/2025\/05\/3.-DEL-CASTILLO-ARCE-570x321.png 570w, https:\/\/telocuentavictorhugo.com\/wp-content\/uploads\/2025\/05\/3.-DEL-CASTILLO-ARCE-270x152.png 270w, https:\/\/telocuentavictorhugo.com\/wp-content\/uploads\/2025\/05\/3.-DEL-CASTILLO-ARCE-600x338.png 600w, https:\/\/telocuentavictorhugo.com\/wp-content\/uploads\/2025\/05\/3.-DEL-CASTILLO-ARCE.png 1920w\" sizes=\"(max-width: 1024px) 100vw, 1024px\" \/><\/figure>\n\n\n\n<p><strong>Ver video aqu\u00ed:\u00a0\ud83d\udc49\ud83c\udffb\ud83d\udcf9\u23ef<\/strong><a href=\"https:\/\/youtu.be\/wKnU4zplqjg\">https:\/\/youtu.be\/wKnU4zplqjg<\/a><\/p>\n\n\n\n<p><\/p>\n","protected":false},"excerpt":{"rendered":"<p>Eduardo del Castillo afirm\u00f3 que su principal enemigo es Evo Morales, a quien acusa de no aceptar su inhabilitaci\u00f3n. Sostiene que Morales carece de partido y respaldo legal para postularse en 2025.<\/p>\n","protected":false},"author":1,"featured_media":8069,"comment_status":"open","ping_status":"open","sticky":false,"template":"","format":"standard","meta":{"_eb_attr":"","footnotes":""},"categories":[41,25],"tags":[],"class_list":["post-8068","post","type-post","status-publish","format-standard","has-post-thumbnail","hentry","category-tu-cuentas-2025","category-ultimas-noticias"],"yoast_head":"<!-- This site is optimized with the Yoast SEO plugin v27.4 - https:\/\/yoast.com\/product\/yoast-seo-wordpress\/ -->\n<title>\u201cMI VERDADERO ENEMIGO ES EVO\u201d - Te lo Cuenta Victor<\/title>\n<meta name=\"robots\" content=\"index, follow, max-snippet:-1, max-image-preview:large, max-video-preview:-1\" \/>\n<link rel=\"canonical\" href=\"https:\/\/telocuentavictorhugo.com\/index.php\/2025\/05\/21\/mi-verdadero-enemigo-es-evo\/\" \/>\n<meta property=\"og:locale\" content=\"es_ES\" \/>\n<meta property=\"og:type\" content=\"article\" \/>\n<meta property=\"og:title\" content=\"\u201cMI VERDADERO ENEMIGO ES EVO\u201d - Te lo Cuenta Victor\" \/>\n<meta property=\"og:description\" content=\"Eduardo del Castillo afirm\u00f3 que su principal enemigo es Evo Morales, a quien acusa de no aceptar su inhabilitaci\u00f3n. Sostiene que Morales carece de partido y respaldo legal para postularse en 2025.\" \/>\n<meta property=\"og:url\" content=\"https:\/\/telocuentavictorhugo.com\/index.php\/2025\/05\/21\/mi-verdadero-enemigo-es-evo\/\" \/>\n<meta property=\"og:site_name\" content=\"Te lo Cuenta Victor\" \/>\n<meta property=\"article:published_time\" content=\"2025-05-21T10:29:50+00:00\" \/>\n<meta property=\"og:image\" content=\"http:\/\/telocuentavictorhugo.com\/wp-content\/uploads\/2025\/05\/3.-DEL-CASTILLO-ARCE.png\" \/>\n\t<meta property=\"og:image:width\" content=\"1920\" \/>\n\t<meta property=\"og:image:height\" content=\"1080\" \/>\n\t<meta property=\"og:image:type\" content=\"image\/png\" \/>\n<meta name=\"author\" content=\"telocuentavictorhugo.com\" \/>\n<meta name=\"twitter:card\" content=\"summary_large_image\" \/>\n<meta name=\"twitter:label1\" content=\"Escrito por\" \/>\n\t<meta name=\"twitter:data1\" content=\"telocuentavictorhugo.com\" \/>\n\t<meta name=\"twitter:label2\" content=\"Tiempo de lectura\" \/>\n\t<meta name=\"twitter:data2\" content=\"2 minutos\" \/>\n<script type=\"application\/ld+json\" class=\"yoast-schema-graph\">{\"@context\":\"https:\\\/\\\/schema.org\",\"@graph\":[{\"@type\":\"Article\",\"@id\":\"https:\\\/\\\/telocuentavictorhugo.com\\\/index.php\\\/2025\\\/05\\\/21\\\/mi-verdadero-enemigo-es-evo\\\/#article\",\"isPartOf\":{\"@id\":\"https:\\\/\\\/telocuentavictorhugo.com\\\/index.php\\\/2025\\\/05\\\/21\\\/mi-verdadero-enemigo-es-evo\\\/\"},\"author\":{\"name\":\"telocuentavictorhugo.com\",\"@id\":\"https:\\\/\\\/telocuentavictorhugo.com\\\/#\\\/schema\\\/person\\\/a8307d7271ba2849b49b562ad8602f06\"},\"headline\":\"\u201cMI VERDADERO ENEMIGO ES EVO\u201d\",\"datePublished\":\"2025-05-21T10:29:50+00:00\",\"mainEntityOfPage\":{\"@id\":\"https:\\\/\\\/telocuentavictorhugo.com\\\/index.php\\\/2025\\\/05\\\/21\\\/mi-verdadero-enemigo-es-evo\\\/\"},\"wordCount\":156,\"commentCount\":0,\"publisher\":{\"@id\":\"https:\\\/\\\/telocuentavictorhugo.com\\\/#organization\"},\"image\":{\"@id\":\"https:\\\/\\\/telocuentavictorhugo.com\\\/index.php\\\/2025\\\/05\\\/21\\\/mi-verdadero-enemigo-es-evo\\\/#primaryimage\"},\"thumbnailUrl\":\"https:\\\/\\\/telocuentavictorhugo.com\\\/wp-content\\\/uploads\\\/2025\\\/05\\\/3.-DEL-CASTILLO-ARCE.png\",\"articleSection\":[\"T\u00fa Cuentas 2025\",\"\u00daltimas Noticias\"],\"inLanguage\":\"es\",\"potentialAction\":[{\"@type\":\"CommentAction\",\"name\":\"Comment\",\"target\":[\"https:\\\/\\\/telocuentavictorhugo.com\\\/index.php\\\/2025\\\/05\\\/21\\\/mi-verdadero-enemigo-es-evo\\\/#respond\"]}]},{\"@type\":\"WebPage\",\"@id\":\"https:\\\/\\\/telocuentavictorhugo.com\\\/index.php\\\/2025\\\/05\\\/21\\\/mi-verdadero-enemigo-es-evo\\\/\",\"url\":\"https:\\\/\\\/telocuentavictorhugo.com\\\/index.php\\\/2025\\\/05\\\/21\\\/mi-verdadero-enemigo-es-evo\\\/\",\"name\":\"\u201cMI VERDADERO ENEMIGO ES EVO\u201d - Te lo Cuenta Victor\",\"isPartOf\":{\"@id\":\"https:\\\/\\\/telocuentavictorhugo.com\\\/#website\"},\"primaryImageOfPage\":{\"@id\":\"https:\\\/\\\/telocuentavictorhugo.com\\\/index.php\\\/2025\\\/05\\\/21\\\/mi-verdadero-enemigo-es-evo\\\/#primaryimage\"},\"image\":{\"@id\":\"https:\\\/\\\/telocuentavictorhugo.com\\\/index.php\\\/2025\\\/05\\\/21\\\/mi-verdadero-enemigo-es-evo\\\/#primaryimage\"},\"thumbnailUrl\":\"https:\\\/\\\/telocuentavictorhugo.com\\\/wp-content\\\/uploads\\\/2025\\\/05\\\/3.-DEL-CASTILLO-ARCE.png\",\"datePublished\":\"2025-05-21T10:29:50+00:00\",\"breadcrumb\":{\"@id\":\"https:\\\/\\\/telocuentavictorhugo.com\\\/index.php\\\/2025\\\/05\\\/21\\\/mi-verdadero-enemigo-es-evo\\\/#breadcrumb\"},\"inLanguage\":\"es\",\"potentialAction\":[{\"@type\":\"ReadAction\",\"target\":[\"https:\\\/\\\/telocuentavictorhugo.com\\\/index.php\\\/2025\\\/05\\\/21\\\/mi-verdadero-enemigo-es-evo\\\/\"]}]},{\"@type\":\"ImageObject\",\"inLanguage\":\"es\",\"@id\":\"https:\\\/\\\/telocuentavictorhugo.com\\\/index.php\\\/2025\\\/05\\\/21\\\/mi-verdadero-enemigo-es-evo\\\/#primaryimage\",\"url\":\"https:\\\/\\\/telocuentavictorhugo.com\\\/wp-content\\\/uploads\\\/2025\\\/05\\\/3.-DEL-CASTILLO-ARCE.png\",\"contentUrl\":\"https:\\\/\\\/telocuentavictorhugo.com\\\/wp-content\\\/uploads\\\/2025\\\/05\\\/3.-DEL-CASTILLO-ARCE.png\",\"width\":1920,\"height\":1080},{\"@type\":\"BreadcrumbList\",\"@id\":\"https:\\\/\\\/telocuentavictorhugo.com\\\/index.php\\\/2025\\\/05\\\/21\\\/mi-verdadero-enemigo-es-evo\\\/#breadcrumb\",\"itemListElement\":[{\"@type\":\"ListItem\",\"position\":1,\"name\":\"Portada\",\"item\":\"https:\\\/\\\/telocuentavictorhugo.com\\\/\"},{\"@type\":\"ListItem\",\"position\":2,\"name\":\"\u201cMI VERDADERO ENEMIGO ES EVO\u201d\"}]},{\"@type\":\"WebSite\",\"@id\":\"https:\\\/\\\/telocuentavictorhugo.com\\\/#website\",\"url\":\"https:\\\/\\\/telocuentavictorhugo.com\\\/\",\"name\":\"Te lo Cuenta Victor\",\"description\":\"\",\"publisher\":{\"@id\":\"https:\\\/\\\/telocuentavictorhugo.com\\\/#organization\"},\"potentialAction\":[{\"@type\":\"SearchAction\",\"target\":{\"@type\":\"EntryPoint\",\"urlTemplate\":\"https:\\\/\\\/telocuentavictorhugo.com\\\/?s={search_term_string}\"},\"query-input\":{\"@type\":\"PropertyValueSpecification\",\"valueRequired\":true,\"valueName\":\"search_term_string\"}}],\"inLanguage\":\"es\"},{\"@type\":\"Organization\",\"@id\":\"https:\\\/\\\/telocuentavictorhugo.com\\\/#organization\",\"name\":\"Te lo Cuenta Victor\",\"url\":\"https:\\\/\\\/telocuentavictorhugo.com\\\/\",\"logo\":{\"@type\":\"ImageObject\",\"inLanguage\":\"es\",\"@id\":\"https:\\\/\\\/telocuentavictorhugo.com\\\/#\\\/schema\\\/logo\\\/image\\\/\",\"url\":\"https:\\\/\\\/telocuentavictorhugo.com\\\/wp-content\\\/uploads\\\/2023\\\/12\\\/Logo.png\",\"contentUrl\":\"https:\\\/\\\/telocuentavictorhugo.com\\\/wp-content\\\/uploads\\\/2023\\\/12\\\/Logo.png\",\"width\":1080,\"height\":176,\"caption\":\"Te lo Cuenta Victor\"},\"image\":{\"@id\":\"https:\\\/\\\/telocuentavictorhugo.com\\\/#\\\/schema\\\/logo\\\/image\\\/\"}},{\"@type\":\"Person\",\"@id\":\"https:\\\/\\\/telocuentavictorhugo.com\\\/#\\\/schema\\\/person\\\/a8307d7271ba2849b49b562ad8602f06\",\"name\":\"telocuentavictorhugo.com\",\"image\":{\"@type\":\"ImageObject\",\"inLanguage\":\"es\",\"@id\":\"https:\\\/\\\/secure.gravatar.com\\\/avatar\\\/da212e7b532df19fd2aea5daf46d8c176abfc85521e4b80ed435d7426ef63eb6?s=96&d=mm&r=g\",\"url\":\"https:\\\/\\\/secure.gravatar.com\\\/avatar\\\/da212e7b532df19fd2aea5daf46d8c176abfc85521e4b80ed435d7426ef63eb6?s=96&d=mm&r=g\",\"contentUrl\":\"https:\\\/\\\/secure.gravatar.com\\\/avatar\\\/da212e7b532df19fd2aea5daf46d8c176abfc85521e4b80ed435d7426ef63eb6?s=96&d=mm&r=g\",\"caption\":\"telocuentavictorhugo.com\"},\"sameAs\":[\"http:\\\/\\\/telocuentavictorhugo.com\"],\"url\":\"https:\\\/\\\/telocuentavictorhugo.com\\\/index.php\\\/author\\\/plustvpress-com\\\/\"}]}<\/script>\n<!-- \/ Yoast SEO plugin. -->","yoast_head_json":{"title":"\u201cMI VERDADERO ENEMIGO ES EVO\u201d - Te lo Cuenta Victor","robots":{"index":"index","follow":"follow","max-snippet":"max-snippet:-1","max-image-preview":"max-image-preview:large","max-video-preview":"max-video-preview:-1"},"canonical":"https:\/\/telocuentavictorhugo.com\/index.php\/2025\/05\/21\/mi-verdadero-enemigo-es-evo\/","og_locale":"es_ES","og_type":"article","og_title":"\u201cMI VERDADERO ENEMIGO ES EVO\u201d - Te lo Cuenta Victor","og_description":"Eduardo del Castillo afirm\u00f3 que su principal enemigo es Evo Morales, a quien acusa de no aceptar su inhabilitaci\u00f3n. Sostiene que Morales carece de partido y respaldo legal para postularse en 2025.","og_url":"https:\/\/telocuentavictorhugo.com\/index.php\/2025\/05\/21\/mi-verdadero-enemigo-es-evo\/","og_site_name":"Te lo Cuenta Victor","article_published_time":"2025-05-21T10:29:50+00:00","og_image":[{"width":1920,"height":1080,"url":"http:\/\/telocuentavictorhugo.com\/wp-content\/uploads\/2025\/05\/3.-DEL-CASTILLO-ARCE.png","type":"image\/png"}],"author":"telocuentavictorhugo.com","twitter_card":"summary_large_image","twitter_misc":{"Escrito por":"telocuentavictorhugo.com","Tiempo de lectura":"2 minutos"},"schema":{"@context":"https:\/\/schema.org","@graph":[{"@type":"Article","@id":"https:\/\/telocuentavictorhugo.com\/index.php\/2025\/05\/21\/mi-verdadero-enemigo-es-evo\/#article","isPartOf":{"@id":"https:\/\/telocuentavictorhugo.com\/index.php\/2025\/05\/21\/mi-verdadero-enemigo-es-evo\/"},"author":{"name":"telocuentavictorhugo.com","@id":"https:\/\/telocuentavictorhugo.com\/#\/schema\/person\/a8307d7271ba2849b49b562ad8602f06"},"headline":"\u201cMI VERDADERO ENEMIGO ES EVO\u201d","datePublished":"2025-05-21T10:29:50+00:00","mainEntityOfPage":{"@id":"https:\/\/telocuentavictorhugo.com\/index.php\/2025\/05\/21\/mi-verdadero-enemigo-es-evo\/"},"wordCount":156,"commentCount":0,"publisher":{"@id":"https:\/\/telocuentavictorhugo.com\/#organization"},"image":{"@id":"https:\/\/telocuentavictorhugo.com\/index.php\/2025\/05\/21\/mi-verdadero-enemigo-es-evo\/#primaryimage"},"thumbnailUrl":"https:\/\/telocuentavictorhugo.com\/wp-content\/uploads\/2025\/05\/3.-DEL-CASTILLO-ARCE.png","articleSection":["T\u00fa Cuentas 2025","\u00daltimas Noticias"],"inLanguage":"es","potentialAction":[{"@type":"CommentAction","name":"Comment","target":["https:\/\/telocuentavictorhugo.com\/index.php\/2025\/05\/21\/mi-verdadero-enemigo-es-evo\/#respond"]}]},{"@type":"WebPage","@id":"https:\/\/telocuentavictorhugo.com\/index.php\/2025\/05\/21\/mi-verdadero-enemigo-es-evo\/","url":"https:\/\/telocuentavictorhugo.com\/index.php\/2025\/05\/21\/mi-verdadero-enemigo-es-evo\/","name":"\u201cMI VERDADERO ENEMIGO ES EVO\u201d - Te lo Cuenta Victor","isPartOf":{"@id":"https:\/\/telocuentavictorhugo.com\/#website"},"primaryImageOfPage":{"@id":"https:\/\/telocuentavictorhugo.com\/index.php\/2025\/05\/21\/mi-verdadero-enemigo-es-evo\/#primaryimage"},"image":{"@id":"https:\/\/telocuentavictorhugo.com\/index.php\/2025\/05\/21\/mi-verdadero-enemigo-es-evo\/#primaryimage"},"thumbnailUrl":"https:\/\/telocuentavictorhugo.com\/wp-content\/uploads\/2025\/05\/3.-DEL-CASTILLO-ARCE.png","datePublished":"2025-05-21T10:29:50+00:00","breadcrumb":{"@id":"https:\/\/telocuentavictorhugo.com\/index.php\/2025\/05\/21\/mi-verdadero-enemigo-es-evo\/#breadcrumb"},"inLanguage":"es","potentialAction":[{"@type":"ReadAction","target":["https:\/\/telocuentavictorhugo.com\/index.php\/2025\/05\/21\/mi-verdadero-enemigo-es-evo\/"]}]},{"@type":"ImageObject","inLanguage":"es","@id":"https:\/\/telocuentavictorhugo.com\/index.php\/2025\/05\/21\/mi-verdadero-enemigo-es-evo\/#primaryimage","url":"https:\/\/telocuentavictorhugo.com\/wp-content\/uploads\/2025\/05\/3.-DEL-CASTILLO-ARCE.png","contentUrl":"https:\/\/telocuentavictorhugo.com\/wp-content\/uploads\/2025\/05\/3.-DEL-CASTILLO-ARCE.png","width":1920,"height":1080},{"@type":"BreadcrumbList","@id":"https:\/\/telocuentavictorhugo.com\/index.php\/2025\/05\/21\/mi-verdadero-enemigo-es-evo\/#breadcrumb","itemListElement":[{"@type":"ListItem","position":1,"name":"Portada","item":"https:\/\/telocuentavictorhugo.com\/"},{"@type":"ListItem","position":2,"name":"\u201cMI VERDADERO ENEMIGO ES EVO\u201d"}]},{"@type":"WebSite","@id":"https:\/\/telocuentavictorhugo.com\/#website","url":"https:\/\/telocuentavictorhugo.com\/","name":"Te lo Cuenta Victor","description":"","publisher":{"@id":"https:\/\/telocuentavictorhugo.com\/#organization"},"potentialAction":[{"@type":"SearchAction","target":{"@type":"EntryPoint","urlTemplate":"https:\/\/telocuentavictorhugo.com\/?s={search_term_string}"},"query-input":{"@type":"PropertyValueSpecification","valueRequired":true,"valueName":"search_term_string"}}],"inLanguage":"es"},{"@type":"Organization","@id":"https:\/\/telocuentavictorhugo.com\/#organization","name":"Te lo Cuenta Victor","url":"https:\/\/telocuentavictorhugo.com\/","logo":{"@type":"ImageObject","inLanguage":"es","@id":"https:\/\/telocuentavictorhugo.com\/#\/schema\/logo\/image\/","url":"https:\/\/telocuentavictorhugo.com\/wp-content\/uploads\/2023\/12\/Logo.png","contentUrl":"https:\/\/telocuentavictorhugo.com\/wp-content\/uploads\/2023\/12\/Logo.png","width":1080,"height":176,"caption":"Te lo Cuenta Victor"},"image":{"@id":"https:\/\/telocuentavictorhugo.com\/#\/schema\/logo\/image\/"}},{"@type":"Person","@id":"https:\/\/telocuentavictorhugo.com\/#\/schema\/person\/a8307d7271ba2849b49b562ad8602f06","name":"telocuentavictorhugo.com","image":{"@type":"ImageObject","inLanguage":"es","@id":"https:\/\/secure.gravatar.com\/avatar\/da212e7b532df19fd2aea5daf46d8c176abfc85521e4b80ed435d7426ef63eb6?s=96&d=mm&r=g","url":"https:\/\/secure.gravatar.com\/avatar\/da212e7b532df19fd2aea5daf46d8c176abfc85521e4b80ed435d7426ef63eb6?s=96&d=mm&r=g","contentUrl":"https:\/\/secure.gravatar.com\/avatar\/da212e7b532df19fd2aea5daf46d8c176abfc85521e4b80ed435d7426ef63eb6?s=96&d=mm&r=g","caption":"telocuentavictorhugo.com"},"sameAs":["http:\/\/telocuentavictorhugo.com"],"url":"https:\/\/telocuentavictorhugo.com\/index.php\/author\/plustvpress-com\/"}]}},"_links":{"self":[{"href":"https:\/\/telocuentavictorhugo.com\/index.php\/wp-json\/wp\/v2\/posts\/8068","targetHints":{"allow":["GET"]}}],"collection":[{"href":"https:\/\/telocuentavictorhugo.com\/index.php\/wp-json\/wp\/v2\/posts"}],"about":[{"href":"https:\/\/telocuentavictorhugo.com\/index.php\/wp-json\/wp\/v2\/types\/post"}],"author":[{"embeddable":true,"href":"https:\/\/telocuentavictorhugo.com\/index.php\/wp-json\/wp\/v2\/users\/1"}],"replies":[{"embeddable":true,"href":"https:\/\/telocuentavictorhugo.com\/index.php\/wp-json\/wp\/v2\/comments?post=8068"}],"version-history":[{"count":1,"href":"https:\/\/telocuentavictorhugo.com\/index.php\/wp-json\/wp\/v2\/posts\/8068\/revisions"}],"predecessor-version":[{"id":8070,"href":"https:\/\/telocuentavictorhugo.com\/index.php\/wp-json\/wp\/v2\/posts\/8068\/revisions\/8070"}],"wp:featuredmedia":[{"embeddable":true,"href":"https:\/\/telocuentavictorhugo.com\/index.php\/wp-json\/wp\/v2\/media\/8069"}],"wp:attachment":[{"href":"https:\/\/telocuentavictorhugo.com\/index.php\/wp-json\/wp\/v2\/media?parent=8068"}],"wp:term":[{"taxonomy":"category","embeddable":true,"href":"https:\/\/telocuentavictorhugo.com\/index.php\/wp-json\/wp\/v2\/categories?post=8068"},{"taxonomy":"post_tag","embeddable":true,"href":"https:\/\/telocuentavictorhugo.com\/index.php\/wp-json\/wp\/v2\/tags?post=8068"}],"curies":[{"name":"wp","href":"https:\/\/api.w.org\/{rel}","templated":true}]}}