{"id":8040,"date":"2025-05-20T00:50:45","date_gmt":"2025-05-20T04:50:45","guid":{"rendered":"https:\/\/telocuentavictorhugo.com\/?p=8040"},"modified":"2025-05-20T00:50:46","modified_gmt":"2025-05-20T04:50:46","slug":"del-sueno-a-la-pesadilla","status":"publish","type":"post","link":"https:\/\/telocuentavictorhugo.com\/index.php\/2025\/05\/20\/del-sueno-a-la-pesadilla\/","title":{"rendered":"DEL SUE\u00d1O A LA PESADILLA"},"content":{"rendered":"\n<p>Ver video aqui\u0301:\u00a0\ud83d\udc49\ud83c\udffb\ud83d\udcf9\u23ef<a href=\"https:\/\/youtu.be\/awnl6IL8hsY\">https:\/\/youtu.be\/awnl6IL8hsY<\/a><\/p>\n\n\n\n<p>El vocal del Tribunal Supremo Electoral (TSE), Francisco Vargas, advirti\u00f3 este lunes sobre un grave riesgo para la democracia boliviana ante recientes acciones legales que, seg\u00fan indic\u00f3, buscan subordinar las competencias del \u00f3rgano electoral. Durante una declaraci\u00f3n p\u00fablica, Vargas se\u00f1al\u00f3 que ciertas resoluciones judiciales est\u00e1n interfiriendo directamente en las atribuciones del TSE, lo que podr\u00eda comprometer el desarrollo de un proceso electoral transparente y leg\u00edtimo.<\/p>\n\n\n\n<p>Estas acciones, afirm\u00f3, generan incertidumbre institucional y amenazan la autonom\u00eda del ente electoral, un pilar fundamental para garantizar elecciones libres en el pa\u00eds. Adem\u00e1s, advirti\u00f3 que si esta situaci\u00f3n persiste, se pondr\u00eda en entredicho la organizaci\u00f3n de los comicios generales previstos para agosto de 2025.<\/p>\n\n\n\n<p>Vargas hizo un llamado a respetar el orden constitucional y la independencia de los \u00f3rganos del Estado, instando a todos los actores pol\u00edticos e institucionales a no vulnerar las garant\u00edas democr\u00e1ticas ni judicializar indebidamente el proceso electoral.<\/p>\n\n\n\n<figure class=\"wp-block-image size-full\"><img fetchpriority=\"high\" decoding=\"async\" width=\"761\" height=\"427\" src=\"https:\/\/telocuentavictorhugo.com\/wp-content\/uploads\/2025\/05\/image-36.png\" alt=\"\" class=\"wp-image-8041\" srcset=\"https:\/\/telocuentavictorhugo.com\/wp-content\/uploads\/2025\/05\/image-36.png 761w, https:\/\/telocuentavictorhugo.com\/wp-content\/uploads\/2025\/05\/image-36-300x168.png 300w, https:\/\/telocuentavictorhugo.com\/wp-content\/uploads\/2025\/05\/image-36-570x320.png 570w, https:\/\/telocuentavictorhugo.com\/wp-content\/uploads\/2025\/05\/image-36-270x151.png 270w, https:\/\/telocuentavictorhugo.com\/wp-content\/uploads\/2025\/05\/image-36-600x337.png 600w\" sizes=\"(max-width: 761px) 100vw, 761px\" \/><\/figure>\n\n\n\n<p>Ver video aqui\u0301:\u00a0\ud83d\udc49\ud83c\udffb\ud83d\udcf9\u23ef<a href=\"https:\/\/youtu.be\/awnl6IL8hsY\">https:\/\/youtu.be\/awnl6IL8hsY<\/a><\/p>\n\n\n\n<p><\/p>\n","protected":false},"excerpt":{"rendered":"<p>El vocal del Tribunal Supremo Electoral (TSE), Francisco Vargas, advirti\u00f3 que las acciones legales que buscan interferir en las decisiones del TSE ponen en riesgo la democracia en Bolivia. Estas medidas judiciales podr\u00edan afectar la transparencia y legitimidad del proceso electoral.<\/p>\n","protected":false},"author":1,"featured_media":8041,"comment_status":"open","ping_status":"open","sticky":false,"template":"","format":"standard","meta":{"_eb_attr":"","footnotes":""},"categories":[1,41],"tags":[],"class_list":["post-8040","post","type-post","status-publish","format-standard","has-post-thumbnail","hentry","category-noticias","category-tu-cuentas-2025"],"yoast_head":"<!-- This site is optimized with the Yoast SEO plugin v27.4 - https:\/\/yoast.com\/product\/yoast-seo-wordpress\/ -->\n<title>DEL SUE\u00d1O A LA PESADILLA - Te lo Cuenta Victor<\/title>\n<meta name=\"robots\" content=\"index, follow, max-snippet:-1, max-image-preview:large, max-video-preview:-1\" \/>\n<link rel=\"canonical\" href=\"https:\/\/telocuentavictorhugo.com\/index.php\/2025\/05\/20\/del-sueno-a-la-pesadilla\/\" \/>\n<meta property=\"og:locale\" content=\"es_ES\" \/>\n<meta property=\"og:type\" content=\"article\" \/>\n<meta property=\"og:title\" content=\"DEL SUE\u00d1O A LA PESADILLA - Te lo Cuenta Victor\" \/>\n<meta property=\"og:description\" content=\"El vocal del Tribunal Supremo Electoral (TSE), Francisco Vargas, advirti\u00f3 que las acciones legales que buscan interferir en las decisiones del TSE ponen en riesgo la democracia en Bolivia. Estas medidas judiciales podr\u00edan afectar la transparencia y legitimidad del proceso electoral.\" \/>\n<meta property=\"og:url\" content=\"https:\/\/telocuentavictorhugo.com\/index.php\/2025\/05\/20\/del-sueno-a-la-pesadilla\/\" \/>\n<meta property=\"og:site_name\" content=\"Te lo Cuenta Victor\" \/>\n<meta property=\"article:published_time\" content=\"2025-05-20T04:50:45+00:00\" \/>\n<meta property=\"article:modified_time\" content=\"2025-05-20T04:50:46+00:00\" \/>\n<meta property=\"og:image\" content=\"http:\/\/telocuentavictorhugo.com\/wp-content\/uploads\/2025\/05\/image-36.png\" \/>\n\t<meta property=\"og:image:width\" content=\"761\" \/>\n\t<meta property=\"og:image:height\" content=\"427\" \/>\n\t<meta property=\"og:image:type\" content=\"image\/png\" \/>\n<meta name=\"author\" content=\"telocuentavictorhugo.com\" \/>\n<meta name=\"twitter:card\" content=\"summary_large_image\" \/>\n<meta name=\"twitter:label1\" content=\"Escrito por\" \/>\n\t<meta name=\"twitter:data1\" content=\"telocuentavictorhugo.com\" \/>\n\t<meta name=\"twitter:label2\" content=\"Tiempo de lectura\" \/>\n\t<meta name=\"twitter:data2\" content=\"2 minutos\" \/>\n<script type=\"application\/ld+json\" class=\"yoast-schema-graph\">{\"@context\":\"https:\\\/\\\/schema.org\",\"@graph\":[{\"@type\":\"Article\",\"@id\":\"https:\\\/\\\/telocuentavictorhugo.com\\\/index.php\\\/2025\\\/05\\\/20\\\/del-sueno-a-la-pesadilla\\\/#article\",\"isPartOf\":{\"@id\":\"https:\\\/\\\/telocuentavictorhugo.com\\\/index.php\\\/2025\\\/05\\\/20\\\/del-sueno-a-la-pesadilla\\\/\"},\"author\":{\"name\":\"telocuentavictorhugo.com\",\"@id\":\"https:\\\/\\\/telocuentavictorhugo.com\\\/#\\\/schema\\\/person\\\/a8307d7271ba2849b49b562ad8602f06\"},\"headline\":\"DEL SUE\u00d1O A LA PESADILLA\",\"datePublished\":\"2025-05-20T04:50:45+00:00\",\"dateModified\":\"2025-05-20T04:50:46+00:00\",\"mainEntityOfPage\":{\"@id\":\"https:\\\/\\\/telocuentavictorhugo.com\\\/index.php\\\/2025\\\/05\\\/20\\\/del-sueno-a-la-pesadilla\\\/\"},\"wordCount\":186,\"commentCount\":0,\"publisher\":{\"@id\":\"https:\\\/\\\/telocuentavictorhugo.com\\\/#organization\"},\"image\":{\"@id\":\"https:\\\/\\\/telocuentavictorhugo.com\\\/index.php\\\/2025\\\/05\\\/20\\\/del-sueno-a-la-pesadilla\\\/#primaryimage\"},\"thumbnailUrl\":\"https:\\\/\\\/telocuentavictorhugo.com\\\/wp-content\\\/uploads\\\/2025\\\/05\\\/image-36.png\",\"articleSection\":[\"Noticias\",\"T\u00fa Cuentas 2025\"],\"inLanguage\":\"es\",\"potentialAction\":[{\"@type\":\"CommentAction\",\"name\":\"Comment\",\"target\":[\"https:\\\/\\\/telocuentavictorhugo.com\\\/index.php\\\/2025\\\/05\\\/20\\\/del-sueno-a-la-pesadilla\\\/#respond\"]}]},{\"@type\":\"WebPage\",\"@id\":\"https:\\\/\\\/telocuentavictorhugo.com\\\/index.php\\\/2025\\\/05\\\/20\\\/del-sueno-a-la-pesadilla\\\/\",\"url\":\"https:\\\/\\\/telocuentavictorhugo.com\\\/index.php\\\/2025\\\/05\\\/20\\\/del-sueno-a-la-pesadilla\\\/\",\"name\":\"DEL SUE\u00d1O A LA PESADILLA - Te lo Cuenta Victor\",\"isPartOf\":{\"@id\":\"https:\\\/\\\/telocuentavictorhugo.com\\\/#website\"},\"primaryImageOfPage\":{\"@id\":\"https:\\\/\\\/telocuentavictorhugo.com\\\/index.php\\\/2025\\\/05\\\/20\\\/del-sueno-a-la-pesadilla\\\/#primaryimage\"},\"image\":{\"@id\":\"https:\\\/\\\/telocuentavictorhugo.com\\\/index.php\\\/2025\\\/05\\\/20\\\/del-sueno-a-la-pesadilla\\\/#primaryimage\"},\"thumbnailUrl\":\"https:\\\/\\\/telocuentavictorhugo.com\\\/wp-content\\\/uploads\\\/2025\\\/05\\\/image-36.png\",\"datePublished\":\"2025-05-20T04:50:45+00:00\",\"dateModified\":\"2025-05-20T04:50:46+00:00\",\"breadcrumb\":{\"@id\":\"https:\\\/\\\/telocuentavictorhugo.com\\\/index.php\\\/2025\\\/05\\\/20\\\/del-sueno-a-la-pesadilla\\\/#breadcrumb\"},\"inLanguage\":\"es\",\"potentialAction\":[{\"@type\":\"ReadAction\",\"target\":[\"https:\\\/\\\/telocuentavictorhugo.com\\\/index.php\\\/2025\\\/05\\\/20\\\/del-sueno-a-la-pesadilla\\\/\"]}]},{\"@type\":\"ImageObject\",\"inLanguage\":\"es\",\"@id\":\"https:\\\/\\\/telocuentavictorhugo.com\\\/index.php\\\/2025\\\/05\\\/20\\\/del-sueno-a-la-pesadilla\\\/#primaryimage\",\"url\":\"https:\\\/\\\/telocuentavictorhugo.com\\\/wp-content\\\/uploads\\\/2025\\\/05\\\/image-36.png\",\"contentUrl\":\"https:\\\/\\\/telocuentavictorhugo.com\\\/wp-content\\\/uploads\\\/2025\\\/05\\\/image-36.png\",\"width\":761,\"height\":427},{\"@type\":\"BreadcrumbList\",\"@id\":\"https:\\\/\\\/telocuentavictorhugo.com\\\/index.php\\\/2025\\\/05\\\/20\\\/del-sueno-a-la-pesadilla\\\/#breadcrumb\",\"itemListElement\":[{\"@type\":\"ListItem\",\"position\":1,\"name\":\"Portada\",\"item\":\"https:\\\/\\\/telocuentavictorhugo.com\\\/\"},{\"@type\":\"ListItem\",\"position\":2,\"name\":\"DEL SUE\u00d1O A LA PESADILLA\"}]},{\"@type\":\"WebSite\",\"@id\":\"https:\\\/\\\/telocuentavictorhugo.com\\\/#website\",\"url\":\"https:\\\/\\\/telocuentavictorhugo.com\\\/\",\"name\":\"Te lo Cuenta Victor\",\"description\":\"\",\"publisher\":{\"@id\":\"https:\\\/\\\/telocuentavictorhugo.com\\\/#organization\"},\"potentialAction\":[{\"@type\":\"SearchAction\",\"target\":{\"@type\":\"EntryPoint\",\"urlTemplate\":\"https:\\\/\\\/telocuentavictorhugo.com\\\/?s={search_term_string}\"},\"query-input\":{\"@type\":\"PropertyValueSpecification\",\"valueRequired\":true,\"valueName\":\"search_term_string\"}}],\"inLanguage\":\"es\"},{\"@type\":\"Organization\",\"@id\":\"https:\\\/\\\/telocuentavictorhugo.com\\\/#organization\",\"name\":\"Te lo Cuenta Victor\",\"url\":\"https:\\\/\\\/telocuentavictorhugo.com\\\/\",\"logo\":{\"@type\":\"ImageObject\",\"inLanguage\":\"es\",\"@id\":\"https:\\\/\\\/telocuentavictorhugo.com\\\/#\\\/schema\\\/logo\\\/image\\\/\",\"url\":\"https:\\\/\\\/telocuentavictorhugo.com\\\/wp-content\\\/uploads\\\/2023\\\/12\\\/Logo.png\",\"contentUrl\":\"https:\\\/\\\/telocuentavictorhugo.com\\\/wp-content\\\/uploads\\\/2023\\\/12\\\/Logo.png\",\"width\":1080,\"height\":176,\"caption\":\"Te lo Cuenta Victor\"},\"image\":{\"@id\":\"https:\\\/\\\/telocuentavictorhugo.com\\\/#\\\/schema\\\/logo\\\/image\\\/\"}},{\"@type\":\"Person\",\"@id\":\"https:\\\/\\\/telocuentavictorhugo.com\\\/#\\\/schema\\\/person\\\/a8307d7271ba2849b49b562ad8602f06\",\"name\":\"telocuentavictorhugo.com\",\"image\":{\"@type\":\"ImageObject\",\"inLanguage\":\"es\",\"@id\":\"https:\\\/\\\/secure.gravatar.com\\\/avatar\\\/da212e7b532df19fd2aea5daf46d8c176abfc85521e4b80ed435d7426ef63eb6?s=96&d=mm&r=g\",\"url\":\"https:\\\/\\\/secure.gravatar.com\\\/avatar\\\/da212e7b532df19fd2aea5daf46d8c176abfc85521e4b80ed435d7426ef63eb6?s=96&d=mm&r=g\",\"contentUrl\":\"https:\\\/\\\/secure.gravatar.com\\\/avatar\\\/da212e7b532df19fd2aea5daf46d8c176abfc85521e4b80ed435d7426ef63eb6?s=96&d=mm&r=g\",\"caption\":\"telocuentavictorhugo.com\"},\"sameAs\":[\"http:\\\/\\\/telocuentavictorhugo.com\"],\"url\":\"https:\\\/\\\/telocuentavictorhugo.com\\\/index.php\\\/author\\\/plustvpress-com\\\/\"}]}<\/script>\n<!-- \/ Yoast SEO plugin. -->","yoast_head_json":{"title":"DEL SUE\u00d1O A LA PESADILLA - Te lo Cuenta Victor","robots":{"index":"index","follow":"follow","max-snippet":"max-snippet:-1","max-image-preview":"max-image-preview:large","max-video-preview":"max-video-preview:-1"},"canonical":"https:\/\/telocuentavictorhugo.com\/index.php\/2025\/05\/20\/del-sueno-a-la-pesadilla\/","og_locale":"es_ES","og_type":"article","og_title":"DEL SUE\u00d1O A LA PESADILLA - Te lo Cuenta Victor","og_description":"El vocal del Tribunal Supremo Electoral (TSE), Francisco Vargas, advirti\u00f3 que las acciones legales que buscan interferir en las decisiones del TSE ponen en riesgo la democracia en Bolivia. Estas medidas judiciales podr\u00edan afectar la transparencia y legitimidad del proceso electoral.","og_url":"https:\/\/telocuentavictorhugo.com\/index.php\/2025\/05\/20\/del-sueno-a-la-pesadilla\/","og_site_name":"Te lo Cuenta Victor","article_published_time":"2025-05-20T04:50:45+00:00","article_modified_time":"2025-05-20T04:50:46+00:00","og_image":[{"width":761,"height":427,"url":"http:\/\/telocuentavictorhugo.com\/wp-content\/uploads\/2025\/05\/image-36.png","type":"image\/png"}],"author":"telocuentavictorhugo.com","twitter_card":"summary_large_image","twitter_misc":{"Escrito por":"telocuentavictorhugo.com","Tiempo de lectura":"2 minutos"},"schema":{"@context":"https:\/\/schema.org","@graph":[{"@type":"Article","@id":"https:\/\/telocuentavictorhugo.com\/index.php\/2025\/05\/20\/del-sueno-a-la-pesadilla\/#article","isPartOf":{"@id":"https:\/\/telocuentavictorhugo.com\/index.php\/2025\/05\/20\/del-sueno-a-la-pesadilla\/"},"author":{"name":"telocuentavictorhugo.com","@id":"https:\/\/telocuentavictorhugo.com\/#\/schema\/person\/a8307d7271ba2849b49b562ad8602f06"},"headline":"DEL SUE\u00d1O A LA PESADILLA","datePublished":"2025-05-20T04:50:45+00:00","dateModified":"2025-05-20T04:50:46+00:00","mainEntityOfPage":{"@id":"https:\/\/telocuentavictorhugo.com\/index.php\/2025\/05\/20\/del-sueno-a-la-pesadilla\/"},"wordCount":186,"commentCount":0,"publisher":{"@id":"https:\/\/telocuentavictorhugo.com\/#organization"},"image":{"@id":"https:\/\/telocuentavictorhugo.com\/index.php\/2025\/05\/20\/del-sueno-a-la-pesadilla\/#primaryimage"},"thumbnailUrl":"https:\/\/telocuentavictorhugo.com\/wp-content\/uploads\/2025\/05\/image-36.png","articleSection":["Noticias","T\u00fa Cuentas 2025"],"inLanguage":"es","potentialAction":[{"@type":"CommentAction","name":"Comment","target":["https:\/\/telocuentavictorhugo.com\/index.php\/2025\/05\/20\/del-sueno-a-la-pesadilla\/#respond"]}]},{"@type":"WebPage","@id":"https:\/\/telocuentavictorhugo.com\/index.php\/2025\/05\/20\/del-sueno-a-la-pesadilla\/","url":"https:\/\/telocuentavictorhugo.com\/index.php\/2025\/05\/20\/del-sueno-a-la-pesadilla\/","name":"DEL SUE\u00d1O A LA PESADILLA - Te lo Cuenta Victor","isPartOf":{"@id":"https:\/\/telocuentavictorhugo.com\/#website"},"primaryImageOfPage":{"@id":"https:\/\/telocuentavictorhugo.com\/index.php\/2025\/05\/20\/del-sueno-a-la-pesadilla\/#primaryimage"},"image":{"@id":"https:\/\/telocuentavictorhugo.com\/index.php\/2025\/05\/20\/del-sueno-a-la-pesadilla\/#primaryimage"},"thumbnailUrl":"https:\/\/telocuentavictorhugo.com\/wp-content\/uploads\/2025\/05\/image-36.png","datePublished":"2025-05-20T04:50:45+00:00","dateModified":"2025-05-20T04:50:46+00:00","breadcrumb":{"@id":"https:\/\/telocuentavictorhugo.com\/index.php\/2025\/05\/20\/del-sueno-a-la-pesadilla\/#breadcrumb"},"inLanguage":"es","potentialAction":[{"@type":"ReadAction","target":["https:\/\/telocuentavictorhugo.com\/index.php\/2025\/05\/20\/del-sueno-a-la-pesadilla\/"]}]},{"@type":"ImageObject","inLanguage":"es","@id":"https:\/\/telocuentavictorhugo.com\/index.php\/2025\/05\/20\/del-sueno-a-la-pesadilla\/#primaryimage","url":"https:\/\/telocuentavictorhugo.com\/wp-content\/uploads\/2025\/05\/image-36.png","contentUrl":"https:\/\/telocuentavictorhugo.com\/wp-content\/uploads\/2025\/05\/image-36.png","width":761,"height":427},{"@type":"BreadcrumbList","@id":"https:\/\/telocuentavictorhugo.com\/index.php\/2025\/05\/20\/del-sueno-a-la-pesadilla\/#breadcrumb","itemListElement":[{"@type":"ListItem","position":1,"name":"Portada","item":"https:\/\/telocuentavictorhugo.com\/"},{"@type":"ListItem","position":2,"name":"DEL SUE\u00d1O A LA PESADILLA"}]},{"@type":"WebSite","@id":"https:\/\/telocuentavictorhugo.com\/#website","url":"https:\/\/telocuentavictorhugo.com\/","name":"Te lo Cuenta Victor","description":"","publisher":{"@id":"https:\/\/telocuentavictorhugo.com\/#organization"},"potentialAction":[{"@type":"SearchAction","target":{"@type":"EntryPoint","urlTemplate":"https:\/\/telocuentavictorhugo.com\/?s={search_term_string}"},"query-input":{"@type":"PropertyValueSpecification","valueRequired":true,"valueName":"search_term_string"}}],"inLanguage":"es"},{"@type":"Organization","@id":"https:\/\/telocuentavictorhugo.com\/#organization","name":"Te lo Cuenta Victor","url":"https:\/\/telocuentavictorhugo.com\/","logo":{"@type":"ImageObject","inLanguage":"es","@id":"https:\/\/telocuentavictorhugo.com\/#\/schema\/logo\/image\/","url":"https:\/\/telocuentavictorhugo.com\/wp-content\/uploads\/2023\/12\/Logo.png","contentUrl":"https:\/\/telocuentavictorhugo.com\/wp-content\/uploads\/2023\/12\/Logo.png","width":1080,"height":176,"caption":"Te lo Cuenta Victor"},"image":{"@id":"https:\/\/telocuentavictorhugo.com\/#\/schema\/logo\/image\/"}},{"@type":"Person","@id":"https:\/\/telocuentavictorhugo.com\/#\/schema\/person\/a8307d7271ba2849b49b562ad8602f06","name":"telocuentavictorhugo.com","image":{"@type":"ImageObject","inLanguage":"es","@id":"https:\/\/secure.gravatar.com\/avatar\/da212e7b532df19fd2aea5daf46d8c176abfc85521e4b80ed435d7426ef63eb6?s=96&d=mm&r=g","url":"https:\/\/secure.gravatar.com\/avatar\/da212e7b532df19fd2aea5daf46d8c176abfc85521e4b80ed435d7426ef63eb6?s=96&d=mm&r=g","contentUrl":"https:\/\/secure.gravatar.com\/avatar\/da212e7b532df19fd2aea5daf46d8c176abfc85521e4b80ed435d7426ef63eb6?s=96&d=mm&r=g","caption":"telocuentavictorhugo.com"},"sameAs":["http:\/\/telocuentavictorhugo.com"],"url":"https:\/\/telocuentavictorhugo.com\/index.php\/author\/plustvpress-com\/"}]}},"_links":{"self":[{"href":"https:\/\/telocuentavictorhugo.com\/index.php\/wp-json\/wp\/v2\/posts\/8040","targetHints":{"allow":["GET"]}}],"collection":[{"href":"https:\/\/telocuentavictorhugo.com\/index.php\/wp-json\/wp\/v2\/posts"}],"about":[{"href":"https:\/\/telocuentavictorhugo.com\/index.php\/wp-json\/wp\/v2\/types\/post"}],"author":[{"embeddable":true,"href":"https:\/\/telocuentavictorhugo.com\/index.php\/wp-json\/wp\/v2\/users\/1"}],"replies":[{"embeddable":true,"href":"https:\/\/telocuentavictorhugo.com\/index.php\/wp-json\/wp\/v2\/comments?post=8040"}],"version-history":[{"count":1,"href":"https:\/\/telocuentavictorhugo.com\/index.php\/wp-json\/wp\/v2\/posts\/8040\/revisions"}],"predecessor-version":[{"id":8042,"href":"https:\/\/telocuentavictorhugo.com\/index.php\/wp-json\/wp\/v2\/posts\/8040\/revisions\/8042"}],"wp:featuredmedia":[{"embeddable":true,"href":"https:\/\/telocuentavictorhugo.com\/index.php\/wp-json\/wp\/v2\/media\/8041"}],"wp:attachment":[{"href":"https:\/\/telocuentavictorhugo.com\/index.php\/wp-json\/wp\/v2\/media?parent=8040"}],"wp:term":[{"taxonomy":"category","embeddable":true,"href":"https:\/\/telocuentavictorhugo.com\/index.php\/wp-json\/wp\/v2\/categories?post=8040"},{"taxonomy":"post_tag","embeddable":true,"href":"https:\/\/telocuentavictorhugo.com\/index.php\/wp-json\/wp\/v2\/tags?post=8040"}],"curies":[{"name":"wp","href":"https:\/\/api.w.org\/{rel}","templated":true}]}}