{"id":8027,"date":"2025-05-17T07:54:20","date_gmt":"2025-05-17T11:54:20","guid":{"rendered":"https:\/\/telocuentavictorhugo.com\/?p=8027"},"modified":"2025-05-17T07:54:21","modified_gmt":"2025-05-17T11:54:21","slug":"morena-decide-no-participar","status":"publish","type":"post","link":"https:\/\/telocuentavictorhugo.com\/index.php\/2025\/05\/17\/morena-decide-no-participar\/","title":{"rendered":"\u00bfMORENA DECIDE NO PARTICIPAR?"},"content":{"rendered":"\n<p>Ver video aqu\u00ed:\u00a0\ud83d\udc49\ud83c\udffb\ud83d\udcf9\u23ef<a href=\"https:\/\/youtu.be\/IFOVkysWVFc\">https:\/\/youtu.be\/IFOVkysWVFc<\/a><\/p>\n\n\n\n<p><\/p>\n\n\n\n<p>La alcaldesa de El Alto y l\u00edder del Movimiento de Renovaci\u00f3n Nacional (Morena), Eva Copa, inform\u00f3 que su partido a\u00fan analiza si participar\u00e1 en las elecciones del 17 de agosto. Desautoriz\u00f3 as\u00ed las declaraciones de Freddy Bobar\u00edn, quien asegur\u00f3 que Morena no ir\u00eda a los comicios. \u00abMorena no solo es Eva Copa, es un conjunto de personas que busca llevar gente id\u00f3nea a la Asamblea y al Gobierno\u00bb, afirm\u00f3. Copa tambi\u00e9n aclar\u00f3 que no ha tenido contacto con el presidente del Senado, Andr\u00f3nico Rodr\u00edguez, ni conversaciones sobre candidaturas. A\u00f1adi\u00f3 que Morena est\u00e1 construyendo una propuesta seria de cambio y mantiene abiertas invitaciones a posibles candidatos. El plazo para la inscripci\u00f3n de candidaturas vence el lunes 19 de mayo, por lo que se espera una definici\u00f3n en las pr\u00f3ximas horas.<\/p>\n\n\n\n<figure class=\"wp-block-image size-full\"><img fetchpriority=\"high\" decoding=\"async\" width=\"980\" height=\"653\" src=\"https:\/\/telocuentavictorhugo.com\/wp-content\/uploads\/2025\/05\/image-34.png\" alt=\"\" class=\"wp-image-8028\" srcset=\"https:\/\/telocuentavictorhugo.com\/wp-content\/uploads\/2025\/05\/image-34.png 980w, https:\/\/telocuentavictorhugo.com\/wp-content\/uploads\/2025\/05\/image-34-300x200.png 300w, https:\/\/telocuentavictorhugo.com\/wp-content\/uploads\/2025\/05\/image-34-768x512.png 768w, https:\/\/telocuentavictorhugo.com\/wp-content\/uploads\/2025\/05\/image-34-495x330.png 495w, https:\/\/telocuentavictorhugo.com\/wp-content\/uploads\/2025\/05\/image-34-270x180.png 270w, https:\/\/telocuentavictorhugo.com\/wp-content\/uploads\/2025\/05\/image-34-600x400.png 600w\" sizes=\"(max-width: 980px) 100vw, 980px\" \/><\/figure>\n\n\n\n<p>Ver video aqu\u00ed:\u00a0\ud83d\udc49\ud83c\udffb\ud83d\udcf9\u23ef<a href=\"https:\/\/youtu.be\/IFOVkysWVFc\">https:\/\/youtu.be\/IFOVkysWVFc<\/a><\/p>\n","protected":false},"excerpt":{"rendered":"<p>Morena, liderado por Eva Copa, a\u00fan no ha decidido su participaci\u00f3n en las elecciones generales de 2025. \u201cSeguimos deliberando si vamos o no a elecciones generales este a\u00f1o\u201d, declar\u00f3 la exalcaldesa.<\/p>\n","protected":false},"author":1,"featured_media":8028,"comment_status":"open","ping_status":"open","sticky":false,"template":"","format":"standard","meta":{"_eb_attr":"","footnotes":""},"categories":[1,41],"tags":[],"class_list":["post-8027","post","type-post","status-publish","format-standard","has-post-thumbnail","hentry","category-noticias","category-tu-cuentas-2025"],"yoast_head":"<!-- This site is optimized with the Yoast SEO plugin v27.4 - https:\/\/yoast.com\/product\/yoast-seo-wordpress\/ -->\n<title>\u00bfMORENA DECIDE NO PARTICIPAR? - Te lo Cuenta Victor<\/title>\n<meta name=\"robots\" content=\"index, follow, max-snippet:-1, max-image-preview:large, max-video-preview:-1\" \/>\n<link rel=\"canonical\" href=\"https:\/\/telocuentavictorhugo.com\/index.php\/2025\/05\/17\/morena-decide-no-participar\/\" \/>\n<meta property=\"og:locale\" content=\"es_ES\" \/>\n<meta property=\"og:type\" content=\"article\" \/>\n<meta property=\"og:title\" content=\"\u00bfMORENA DECIDE NO PARTICIPAR? - Te lo Cuenta Victor\" \/>\n<meta property=\"og:description\" content=\"Morena, liderado por Eva Copa, a\u00fan no ha decidido su participaci\u00f3n en las elecciones generales de 2025. \u201cSeguimos deliberando si vamos o no a elecciones generales este a\u00f1o\u201d, declar\u00f3 la exalcaldesa.\" \/>\n<meta property=\"og:url\" content=\"https:\/\/telocuentavictorhugo.com\/index.php\/2025\/05\/17\/morena-decide-no-participar\/\" \/>\n<meta property=\"og:site_name\" content=\"Te lo Cuenta Victor\" \/>\n<meta property=\"article:published_time\" content=\"2025-05-17T11:54:20+00:00\" \/>\n<meta property=\"article:modified_time\" content=\"2025-05-17T11:54:21+00:00\" \/>\n<meta property=\"og:image\" content=\"http:\/\/telocuentavictorhugo.com\/wp-content\/uploads\/2025\/05\/image-34.png\" \/>\n\t<meta property=\"og:image:width\" content=\"980\" \/>\n\t<meta property=\"og:image:height\" content=\"653\" \/>\n\t<meta property=\"og:image:type\" content=\"image\/png\" \/>\n<meta name=\"author\" content=\"telocuentavictorhugo.com\" \/>\n<meta name=\"twitter:card\" content=\"summary_large_image\" \/>\n<meta name=\"twitter:label1\" content=\"Escrito por\" \/>\n\t<meta name=\"twitter:data1\" content=\"telocuentavictorhugo.com\" \/>\n\t<meta name=\"twitter:label2\" content=\"Tiempo de lectura\" \/>\n\t<meta name=\"twitter:data2\" content=\"2 minutos\" \/>\n<script type=\"application\/ld+json\" class=\"yoast-schema-graph\">{\"@context\":\"https:\\\/\\\/schema.org\",\"@graph\":[{\"@type\":\"Article\",\"@id\":\"https:\\\/\\\/telocuentavictorhugo.com\\\/index.php\\\/2025\\\/05\\\/17\\\/morena-decide-no-participar\\\/#article\",\"isPartOf\":{\"@id\":\"https:\\\/\\\/telocuentavictorhugo.com\\\/index.php\\\/2025\\\/05\\\/17\\\/morena-decide-no-participar\\\/\"},\"author\":{\"name\":\"telocuentavictorhugo.com\",\"@id\":\"https:\\\/\\\/telocuentavictorhugo.com\\\/#\\\/schema\\\/person\\\/a8307d7271ba2849b49b562ad8602f06\"},\"headline\":\"\u00bfMORENA DECIDE NO PARTICIPAR?\",\"datePublished\":\"2025-05-17T11:54:20+00:00\",\"dateModified\":\"2025-05-17T11:54:21+00:00\",\"mainEntityOfPage\":{\"@id\":\"https:\\\/\\\/telocuentavictorhugo.com\\\/index.php\\\/2025\\\/05\\\/17\\\/morena-decide-no-participar\\\/\"},\"wordCount\":158,\"commentCount\":0,\"publisher\":{\"@id\":\"https:\\\/\\\/telocuentavictorhugo.com\\\/#organization\"},\"image\":{\"@id\":\"https:\\\/\\\/telocuentavictorhugo.com\\\/index.php\\\/2025\\\/05\\\/17\\\/morena-decide-no-participar\\\/#primaryimage\"},\"thumbnailUrl\":\"https:\\\/\\\/telocuentavictorhugo.com\\\/wp-content\\\/uploads\\\/2025\\\/05\\\/image-34.png\",\"articleSection\":[\"Noticias\",\"T\u00fa Cuentas 2025\"],\"inLanguage\":\"es\",\"potentialAction\":[{\"@type\":\"CommentAction\",\"name\":\"Comment\",\"target\":[\"https:\\\/\\\/telocuentavictorhugo.com\\\/index.php\\\/2025\\\/05\\\/17\\\/morena-decide-no-participar\\\/#respond\"]}]},{\"@type\":\"WebPage\",\"@id\":\"https:\\\/\\\/telocuentavictorhugo.com\\\/index.php\\\/2025\\\/05\\\/17\\\/morena-decide-no-participar\\\/\",\"url\":\"https:\\\/\\\/telocuentavictorhugo.com\\\/index.php\\\/2025\\\/05\\\/17\\\/morena-decide-no-participar\\\/\",\"name\":\"\u00bfMORENA DECIDE NO PARTICIPAR? - Te lo Cuenta Victor\",\"isPartOf\":{\"@id\":\"https:\\\/\\\/telocuentavictorhugo.com\\\/#website\"},\"primaryImageOfPage\":{\"@id\":\"https:\\\/\\\/telocuentavictorhugo.com\\\/index.php\\\/2025\\\/05\\\/17\\\/morena-decide-no-participar\\\/#primaryimage\"},\"image\":{\"@id\":\"https:\\\/\\\/telocuentavictorhugo.com\\\/index.php\\\/2025\\\/05\\\/17\\\/morena-decide-no-participar\\\/#primaryimage\"},\"thumbnailUrl\":\"https:\\\/\\\/telocuentavictorhugo.com\\\/wp-content\\\/uploads\\\/2025\\\/05\\\/image-34.png\",\"datePublished\":\"2025-05-17T11:54:20+00:00\",\"dateModified\":\"2025-05-17T11:54:21+00:00\",\"breadcrumb\":{\"@id\":\"https:\\\/\\\/telocuentavictorhugo.com\\\/index.php\\\/2025\\\/05\\\/17\\\/morena-decide-no-participar\\\/#breadcrumb\"},\"inLanguage\":\"es\",\"potentialAction\":[{\"@type\":\"ReadAction\",\"target\":[\"https:\\\/\\\/telocuentavictorhugo.com\\\/index.php\\\/2025\\\/05\\\/17\\\/morena-decide-no-participar\\\/\"]}]},{\"@type\":\"ImageObject\",\"inLanguage\":\"es\",\"@id\":\"https:\\\/\\\/telocuentavictorhugo.com\\\/index.php\\\/2025\\\/05\\\/17\\\/morena-decide-no-participar\\\/#primaryimage\",\"url\":\"https:\\\/\\\/telocuentavictorhugo.com\\\/wp-content\\\/uploads\\\/2025\\\/05\\\/image-34.png\",\"contentUrl\":\"https:\\\/\\\/telocuentavictorhugo.com\\\/wp-content\\\/uploads\\\/2025\\\/05\\\/image-34.png\",\"width\":980,\"height\":653},{\"@type\":\"BreadcrumbList\",\"@id\":\"https:\\\/\\\/telocuentavictorhugo.com\\\/index.php\\\/2025\\\/05\\\/17\\\/morena-decide-no-participar\\\/#breadcrumb\",\"itemListElement\":[{\"@type\":\"ListItem\",\"position\":1,\"name\":\"Portada\",\"item\":\"https:\\\/\\\/telocuentavictorhugo.com\\\/\"},{\"@type\":\"ListItem\",\"position\":2,\"name\":\"\u00bfMORENA DECIDE NO PARTICIPAR?\"}]},{\"@type\":\"WebSite\",\"@id\":\"https:\\\/\\\/telocuentavictorhugo.com\\\/#website\",\"url\":\"https:\\\/\\\/telocuentavictorhugo.com\\\/\",\"name\":\"Te lo Cuenta Victor\",\"description\":\"\",\"publisher\":{\"@id\":\"https:\\\/\\\/telocuentavictorhugo.com\\\/#organization\"},\"potentialAction\":[{\"@type\":\"SearchAction\",\"target\":{\"@type\":\"EntryPoint\",\"urlTemplate\":\"https:\\\/\\\/telocuentavictorhugo.com\\\/?s={search_term_string}\"},\"query-input\":{\"@type\":\"PropertyValueSpecification\",\"valueRequired\":true,\"valueName\":\"search_term_string\"}}],\"inLanguage\":\"es\"},{\"@type\":\"Organization\",\"@id\":\"https:\\\/\\\/telocuentavictorhugo.com\\\/#organization\",\"name\":\"Te lo Cuenta Victor\",\"url\":\"https:\\\/\\\/telocuentavictorhugo.com\\\/\",\"logo\":{\"@type\":\"ImageObject\",\"inLanguage\":\"es\",\"@id\":\"https:\\\/\\\/telocuentavictorhugo.com\\\/#\\\/schema\\\/logo\\\/image\\\/\",\"url\":\"https:\\\/\\\/telocuentavictorhugo.com\\\/wp-content\\\/uploads\\\/2023\\\/12\\\/Logo.png\",\"contentUrl\":\"https:\\\/\\\/telocuentavictorhugo.com\\\/wp-content\\\/uploads\\\/2023\\\/12\\\/Logo.png\",\"width\":1080,\"height\":176,\"caption\":\"Te lo Cuenta Victor\"},\"image\":{\"@id\":\"https:\\\/\\\/telocuentavictorhugo.com\\\/#\\\/schema\\\/logo\\\/image\\\/\"}},{\"@type\":\"Person\",\"@id\":\"https:\\\/\\\/telocuentavictorhugo.com\\\/#\\\/schema\\\/person\\\/a8307d7271ba2849b49b562ad8602f06\",\"name\":\"telocuentavictorhugo.com\",\"image\":{\"@type\":\"ImageObject\",\"inLanguage\":\"es\",\"@id\":\"https:\\\/\\\/secure.gravatar.com\\\/avatar\\\/da212e7b532df19fd2aea5daf46d8c176abfc85521e4b80ed435d7426ef63eb6?s=96&d=mm&r=g\",\"url\":\"https:\\\/\\\/secure.gravatar.com\\\/avatar\\\/da212e7b532df19fd2aea5daf46d8c176abfc85521e4b80ed435d7426ef63eb6?s=96&d=mm&r=g\",\"contentUrl\":\"https:\\\/\\\/secure.gravatar.com\\\/avatar\\\/da212e7b532df19fd2aea5daf46d8c176abfc85521e4b80ed435d7426ef63eb6?s=96&d=mm&r=g\",\"caption\":\"telocuentavictorhugo.com\"},\"sameAs\":[\"http:\\\/\\\/telocuentavictorhugo.com\"],\"url\":\"https:\\\/\\\/telocuentavictorhugo.com\\\/index.php\\\/author\\\/plustvpress-com\\\/\"}]}<\/script>\n<!-- \/ Yoast SEO plugin. -->","yoast_head_json":{"title":"\u00bfMORENA DECIDE NO PARTICIPAR? - Te lo Cuenta Victor","robots":{"index":"index","follow":"follow","max-snippet":"max-snippet:-1","max-image-preview":"max-image-preview:large","max-video-preview":"max-video-preview:-1"},"canonical":"https:\/\/telocuentavictorhugo.com\/index.php\/2025\/05\/17\/morena-decide-no-participar\/","og_locale":"es_ES","og_type":"article","og_title":"\u00bfMORENA DECIDE NO PARTICIPAR? - Te lo Cuenta Victor","og_description":"Morena, liderado por Eva Copa, a\u00fan no ha decidido su participaci\u00f3n en las elecciones generales de 2025. \u201cSeguimos deliberando si vamos o no a elecciones generales este a\u00f1o\u201d, declar\u00f3 la exalcaldesa.","og_url":"https:\/\/telocuentavictorhugo.com\/index.php\/2025\/05\/17\/morena-decide-no-participar\/","og_site_name":"Te lo Cuenta Victor","article_published_time":"2025-05-17T11:54:20+00:00","article_modified_time":"2025-05-17T11:54:21+00:00","og_image":[{"width":980,"height":653,"url":"http:\/\/telocuentavictorhugo.com\/wp-content\/uploads\/2025\/05\/image-34.png","type":"image\/png"}],"author":"telocuentavictorhugo.com","twitter_card":"summary_large_image","twitter_misc":{"Escrito por":"telocuentavictorhugo.com","Tiempo de lectura":"2 minutos"},"schema":{"@context":"https:\/\/schema.org","@graph":[{"@type":"Article","@id":"https:\/\/telocuentavictorhugo.com\/index.php\/2025\/05\/17\/morena-decide-no-participar\/#article","isPartOf":{"@id":"https:\/\/telocuentavictorhugo.com\/index.php\/2025\/05\/17\/morena-decide-no-participar\/"},"author":{"name":"telocuentavictorhugo.com","@id":"https:\/\/telocuentavictorhugo.com\/#\/schema\/person\/a8307d7271ba2849b49b562ad8602f06"},"headline":"\u00bfMORENA DECIDE NO PARTICIPAR?","datePublished":"2025-05-17T11:54:20+00:00","dateModified":"2025-05-17T11:54:21+00:00","mainEntityOfPage":{"@id":"https:\/\/telocuentavictorhugo.com\/index.php\/2025\/05\/17\/morena-decide-no-participar\/"},"wordCount":158,"commentCount":0,"publisher":{"@id":"https:\/\/telocuentavictorhugo.com\/#organization"},"image":{"@id":"https:\/\/telocuentavictorhugo.com\/index.php\/2025\/05\/17\/morena-decide-no-participar\/#primaryimage"},"thumbnailUrl":"https:\/\/telocuentavictorhugo.com\/wp-content\/uploads\/2025\/05\/image-34.png","articleSection":["Noticias","T\u00fa Cuentas 2025"],"inLanguage":"es","potentialAction":[{"@type":"CommentAction","name":"Comment","target":["https:\/\/telocuentavictorhugo.com\/index.php\/2025\/05\/17\/morena-decide-no-participar\/#respond"]}]},{"@type":"WebPage","@id":"https:\/\/telocuentavictorhugo.com\/index.php\/2025\/05\/17\/morena-decide-no-participar\/","url":"https:\/\/telocuentavictorhugo.com\/index.php\/2025\/05\/17\/morena-decide-no-participar\/","name":"\u00bfMORENA DECIDE NO PARTICIPAR? - Te lo Cuenta Victor","isPartOf":{"@id":"https:\/\/telocuentavictorhugo.com\/#website"},"primaryImageOfPage":{"@id":"https:\/\/telocuentavictorhugo.com\/index.php\/2025\/05\/17\/morena-decide-no-participar\/#primaryimage"},"image":{"@id":"https:\/\/telocuentavictorhugo.com\/index.php\/2025\/05\/17\/morena-decide-no-participar\/#primaryimage"},"thumbnailUrl":"https:\/\/telocuentavictorhugo.com\/wp-content\/uploads\/2025\/05\/image-34.png","datePublished":"2025-05-17T11:54:20+00:00","dateModified":"2025-05-17T11:54:21+00:00","breadcrumb":{"@id":"https:\/\/telocuentavictorhugo.com\/index.php\/2025\/05\/17\/morena-decide-no-participar\/#breadcrumb"},"inLanguage":"es","potentialAction":[{"@type":"ReadAction","target":["https:\/\/telocuentavictorhugo.com\/index.php\/2025\/05\/17\/morena-decide-no-participar\/"]}]},{"@type":"ImageObject","inLanguage":"es","@id":"https:\/\/telocuentavictorhugo.com\/index.php\/2025\/05\/17\/morena-decide-no-participar\/#primaryimage","url":"https:\/\/telocuentavictorhugo.com\/wp-content\/uploads\/2025\/05\/image-34.png","contentUrl":"https:\/\/telocuentavictorhugo.com\/wp-content\/uploads\/2025\/05\/image-34.png","width":980,"height":653},{"@type":"BreadcrumbList","@id":"https:\/\/telocuentavictorhugo.com\/index.php\/2025\/05\/17\/morena-decide-no-participar\/#breadcrumb","itemListElement":[{"@type":"ListItem","position":1,"name":"Portada","item":"https:\/\/telocuentavictorhugo.com\/"},{"@type":"ListItem","position":2,"name":"\u00bfMORENA DECIDE NO PARTICIPAR?"}]},{"@type":"WebSite","@id":"https:\/\/telocuentavictorhugo.com\/#website","url":"https:\/\/telocuentavictorhugo.com\/","name":"Te lo Cuenta Victor","description":"","publisher":{"@id":"https:\/\/telocuentavictorhugo.com\/#organization"},"potentialAction":[{"@type":"SearchAction","target":{"@type":"EntryPoint","urlTemplate":"https:\/\/telocuentavictorhugo.com\/?s={search_term_string}"},"query-input":{"@type":"PropertyValueSpecification","valueRequired":true,"valueName":"search_term_string"}}],"inLanguage":"es"},{"@type":"Organization","@id":"https:\/\/telocuentavictorhugo.com\/#organization","name":"Te lo Cuenta Victor","url":"https:\/\/telocuentavictorhugo.com\/","logo":{"@type":"ImageObject","inLanguage":"es","@id":"https:\/\/telocuentavictorhugo.com\/#\/schema\/logo\/image\/","url":"https:\/\/telocuentavictorhugo.com\/wp-content\/uploads\/2023\/12\/Logo.png","contentUrl":"https:\/\/telocuentavictorhugo.com\/wp-content\/uploads\/2023\/12\/Logo.png","width":1080,"height":176,"caption":"Te lo Cuenta Victor"},"image":{"@id":"https:\/\/telocuentavictorhugo.com\/#\/schema\/logo\/image\/"}},{"@type":"Person","@id":"https:\/\/telocuentavictorhugo.com\/#\/schema\/person\/a8307d7271ba2849b49b562ad8602f06","name":"telocuentavictorhugo.com","image":{"@type":"ImageObject","inLanguage":"es","@id":"https:\/\/secure.gravatar.com\/avatar\/da212e7b532df19fd2aea5daf46d8c176abfc85521e4b80ed435d7426ef63eb6?s=96&d=mm&r=g","url":"https:\/\/secure.gravatar.com\/avatar\/da212e7b532df19fd2aea5daf46d8c176abfc85521e4b80ed435d7426ef63eb6?s=96&d=mm&r=g","contentUrl":"https:\/\/secure.gravatar.com\/avatar\/da212e7b532df19fd2aea5daf46d8c176abfc85521e4b80ed435d7426ef63eb6?s=96&d=mm&r=g","caption":"telocuentavictorhugo.com"},"sameAs":["http:\/\/telocuentavictorhugo.com"],"url":"https:\/\/telocuentavictorhugo.com\/index.php\/author\/plustvpress-com\/"}]}},"_links":{"self":[{"href":"https:\/\/telocuentavictorhugo.com\/index.php\/wp-json\/wp\/v2\/posts\/8027","targetHints":{"allow":["GET"]}}],"collection":[{"href":"https:\/\/telocuentavictorhugo.com\/index.php\/wp-json\/wp\/v2\/posts"}],"about":[{"href":"https:\/\/telocuentavictorhugo.com\/index.php\/wp-json\/wp\/v2\/types\/post"}],"author":[{"embeddable":true,"href":"https:\/\/telocuentavictorhugo.com\/index.php\/wp-json\/wp\/v2\/users\/1"}],"replies":[{"embeddable":true,"href":"https:\/\/telocuentavictorhugo.com\/index.php\/wp-json\/wp\/v2\/comments?post=8027"}],"version-history":[{"count":1,"href":"https:\/\/telocuentavictorhugo.com\/index.php\/wp-json\/wp\/v2\/posts\/8027\/revisions"}],"predecessor-version":[{"id":8029,"href":"https:\/\/telocuentavictorhugo.com\/index.php\/wp-json\/wp\/v2\/posts\/8027\/revisions\/8029"}],"wp:featuredmedia":[{"embeddable":true,"href":"https:\/\/telocuentavictorhugo.com\/index.php\/wp-json\/wp\/v2\/media\/8028"}],"wp:attachment":[{"href":"https:\/\/telocuentavictorhugo.com\/index.php\/wp-json\/wp\/v2\/media?parent=8027"}],"wp:term":[{"taxonomy":"category","embeddable":true,"href":"https:\/\/telocuentavictorhugo.com\/index.php\/wp-json\/wp\/v2\/categories?post=8027"},{"taxonomy":"post_tag","embeddable":true,"href":"https:\/\/telocuentavictorhugo.com\/index.php\/wp-json\/wp\/v2\/tags?post=8027"}],"curies":[{"name":"wp","href":"https:\/\/api.w.org\/{rel}","templated":true}]}}