{"id":15348,"date":"2026-04-29T01:16:15","date_gmt":"2026-04-29T05:16:15","guid":{"rendered":"https:\/\/telocuentavictorhugo.com\/?p=15348"},"modified":"2026-04-29T01:16:16","modified_gmt":"2026-04-29T05:16:16","slug":"espinoza-afirma-que-el-dolar-bajara","status":"publish","type":"post","link":"https:\/\/telocuentavictorhugo.com\/index.php\/2026\/04\/29\/espinoza-afirma-que-el-dolar-bajara\/","title":{"rendered":"ESPINOZA AFIRMA QUE EL D\u00d3LAR BAJAR\u00c1"},"content":{"rendered":"\n<p>El ministro de Econom\u00eda, Gabriel Espinoza, sali\u00f3 a calmar la fiebre del d\u00f3lar y prometi\u00f3 que la divisa se desplomar\u00e1 en semanas gracias a un tsunami de d\u00f3lares que viene del campo y las minas. Record\u00f3 que el billete verde lleg\u00f3 a venderse entre 12 y 13 bolivianos antes de las elecciones, pero ahora \u201cse mueve en un rango estable y \u00f3ptimo\u201d tras la ca\u00edda. Espinoza asegur\u00f3 que YPFB est\u00e1 chupando d\u00f3lares para importar di\u00e9sel y salvar la cosecha, pero la salvaci\u00f3n llega ya: \u201cVamos a superar los 3.000 millones de toneladas de soya producidas en Bolivia y es algo muy bueno, significa m\u00e1s d\u00f3lares\u201d. A eso se suma la normalizaci\u00f3n de exportaciones mineras frenadas por conflictos. Con la cotizaci\u00f3n del BCB en Bs 9,74 para la venta, el ministro anticip\u00f3: \u201cCuando los d\u00f3lares del agro y la miner\u00eda lleguen, probablemente tengamos una ca\u00edda en los precios del d\u00f3lar\u201d.<\/p>\n\n\n\n<figure class=\"wp-block-embed is-type-video is-provider-youtube wp-block-embed-youtube wp-embed-aspect-16-9 wp-has-aspect-ratio\"><div class=\"wp-block-embed__wrapper\">\n<iframe title=\" ESPINOZA AFIRMA QUE EL D\u00d3LAR BAJAR\u00c1 \" width=\"800\" height=\"450\" src=\"https:\/\/www.youtube.com\/embed\/t_Yj-8EMsyo?feature=oembed\" frameborder=\"0\" allow=\"accelerometer; autoplay; clipboard-write; encrypted-media; gyroscope; picture-in-picture; web-share\" referrerpolicy=\"strict-origin-when-cross-origin\" allowfullscreen><\/iframe>\n<\/div><\/figure>\n","protected":false},"excerpt":{"rendered":"<p>El ministro de Econom\u00eda, Gabriel Espinoza, sali\u00f3 a calmar la fiebre del d\u00f3lar y prometi\u00f3 que la divisa se desplomar\u00e1 en semanas gracias a un tsunami de d\u00f3lares que viene del campo y las minas. Record\u00f3 que el billete verde lleg\u00f3 a venderse entre 12 y 13 bolivianos antes de las elecciones, pero ahora \u201cse [&hellip;]<\/p>\n","protected":false},"author":1,"featured_media":15351,"comment_status":"open","ping_status":"open","sticky":false,"template":"","format":"standard","meta":{"_eb_attr":"","footnotes":""},"categories":[1],"tags":[119,113],"class_list":["post-15348","post","type-post","status-publish","format-standard","has-post-thumbnail","hentry","category-noticias","tag-economia-2","tag-noticias"],"yoast_head":"<!-- This site is optimized with the Yoast SEO plugin v27.4 - https:\/\/yoast.com\/product\/yoast-seo-wordpress\/ -->\n<title>ESPINOZA AFIRMA QUE EL D\u00d3LAR BAJAR\u00c1 - Te lo Cuenta Victor<\/title>\n<meta name=\"robots\" content=\"index, follow, max-snippet:-1, max-image-preview:large, max-video-preview:-1\" \/>\n<link rel=\"canonical\" href=\"https:\/\/telocuentavictorhugo.com\/index.php\/2026\/04\/29\/espinoza-afirma-que-el-dolar-bajara\/\" \/>\n<meta property=\"og:locale\" content=\"es_ES\" \/>\n<meta property=\"og:type\" content=\"article\" \/>\n<meta property=\"og:title\" content=\"ESPINOZA AFIRMA QUE EL D\u00d3LAR BAJAR\u00c1 - Te lo Cuenta Victor\" \/>\n<meta property=\"og:description\" content=\"El ministro de Econom\u00eda, Gabriel Espinoza, sali\u00f3 a calmar la fiebre del d\u00f3lar y prometi\u00f3 que la divisa se desplomar\u00e1 en semanas gracias a un tsunami de d\u00f3lares que viene del campo y las minas. Record\u00f3 que el billete verde lleg\u00f3 a venderse entre 12 y 13 bolivianos antes de las elecciones, pero ahora \u201cse [&hellip;]\" \/>\n<meta property=\"og:url\" content=\"https:\/\/telocuentavictorhugo.com\/index.php\/2026\/04\/29\/espinoza-afirma-que-el-dolar-bajara\/\" \/>\n<meta property=\"og:site_name\" content=\"Te lo Cuenta Victor\" \/>\n<meta property=\"article:published_time\" content=\"2026-04-29T05:16:15+00:00\" \/>\n<meta property=\"article:modified_time\" content=\"2026-04-29T05:16:16+00:00\" \/>\n<meta property=\"og:image\" content=\"http:\/\/telocuentavictorhugo.com\/wp-content\/uploads\/2026\/04\/24-6.jpg\" \/>\n\t<meta property=\"og:image:width\" content=\"1304\" \/>\n\t<meta property=\"og:image:height\" content=\"730\" \/>\n\t<meta property=\"og:image:type\" content=\"image\/jpeg\" \/>\n<meta name=\"author\" content=\"telocuentavictorhugo.com\" \/>\n<meta name=\"twitter:card\" content=\"summary_large_image\" \/>\n<meta name=\"twitter:label1\" content=\"Escrito por\" \/>\n\t<meta name=\"twitter:data1\" content=\"telocuentavictorhugo.com\" \/>\n\t<meta name=\"twitter:label2\" content=\"Tiempo de lectura\" \/>\n\t<meta name=\"twitter:data2\" content=\"1 minuto\" \/>\n<script type=\"application\/ld+json\" class=\"yoast-schema-graph\">{\"@context\":\"https:\\\/\\\/schema.org\",\"@graph\":[{\"@type\":\"Article\",\"@id\":\"https:\\\/\\\/telocuentavictorhugo.com\\\/index.php\\\/2026\\\/04\\\/29\\\/espinoza-afirma-que-el-dolar-bajara\\\/#article\",\"isPartOf\":{\"@id\":\"https:\\\/\\\/telocuentavictorhugo.com\\\/index.php\\\/2026\\\/04\\\/29\\\/espinoza-afirma-que-el-dolar-bajara\\\/\"},\"author\":{\"name\":\"telocuentavictorhugo.com\",\"@id\":\"https:\\\/\\\/telocuentavictorhugo.com\\\/#\\\/schema\\\/person\\\/a8307d7271ba2849b49b562ad8602f06\"},\"headline\":\"ESPINOZA AFIRMA QUE EL D\u00d3LAR BAJAR\u00c1\",\"datePublished\":\"2026-04-29T05:16:15+00:00\",\"dateModified\":\"2026-04-29T05:16:16+00:00\",\"mainEntityOfPage\":{\"@id\":\"https:\\\/\\\/telocuentavictorhugo.com\\\/index.php\\\/2026\\\/04\\\/29\\\/espinoza-afirma-que-el-dolar-bajara\\\/\"},\"wordCount\":173,\"commentCount\":0,\"publisher\":{\"@id\":\"https:\\\/\\\/telocuentavictorhugo.com\\\/#organization\"},\"image\":{\"@id\":\"https:\\\/\\\/telocuentavictorhugo.com\\\/index.php\\\/2026\\\/04\\\/29\\\/espinoza-afirma-que-el-dolar-bajara\\\/#primaryimage\"},\"thumbnailUrl\":\"https:\\\/\\\/telocuentavictorhugo.com\\\/wp-content\\\/uploads\\\/2026\\\/04\\\/24-6.jpg\",\"keywords\":[\"ECONOM\u00cdA\",\"NOTICIAS\"],\"articleSection\":[\"Noticias\"],\"inLanguage\":\"es\",\"potentialAction\":[{\"@type\":\"CommentAction\",\"name\":\"Comment\",\"target\":[\"https:\\\/\\\/telocuentavictorhugo.com\\\/index.php\\\/2026\\\/04\\\/29\\\/espinoza-afirma-que-el-dolar-bajara\\\/#respond\"]}]},{\"@type\":\"WebPage\",\"@id\":\"https:\\\/\\\/telocuentavictorhugo.com\\\/index.php\\\/2026\\\/04\\\/29\\\/espinoza-afirma-que-el-dolar-bajara\\\/\",\"url\":\"https:\\\/\\\/telocuentavictorhugo.com\\\/index.php\\\/2026\\\/04\\\/29\\\/espinoza-afirma-que-el-dolar-bajara\\\/\",\"name\":\"ESPINOZA AFIRMA QUE EL D\u00d3LAR BAJAR\u00c1 - Te lo Cuenta Victor\",\"isPartOf\":{\"@id\":\"https:\\\/\\\/telocuentavictorhugo.com\\\/#website\"},\"primaryImageOfPage\":{\"@id\":\"https:\\\/\\\/telocuentavictorhugo.com\\\/index.php\\\/2026\\\/04\\\/29\\\/espinoza-afirma-que-el-dolar-bajara\\\/#primaryimage\"},\"image\":{\"@id\":\"https:\\\/\\\/telocuentavictorhugo.com\\\/index.php\\\/2026\\\/04\\\/29\\\/espinoza-afirma-que-el-dolar-bajara\\\/#primaryimage\"},\"thumbnailUrl\":\"https:\\\/\\\/telocuentavictorhugo.com\\\/wp-content\\\/uploads\\\/2026\\\/04\\\/24-6.jpg\",\"datePublished\":\"2026-04-29T05:16:15+00:00\",\"dateModified\":\"2026-04-29T05:16:16+00:00\",\"breadcrumb\":{\"@id\":\"https:\\\/\\\/telocuentavictorhugo.com\\\/index.php\\\/2026\\\/04\\\/29\\\/espinoza-afirma-que-el-dolar-bajara\\\/#breadcrumb\"},\"inLanguage\":\"es\",\"potentialAction\":[{\"@type\":\"ReadAction\",\"target\":[\"https:\\\/\\\/telocuentavictorhugo.com\\\/index.php\\\/2026\\\/04\\\/29\\\/espinoza-afirma-que-el-dolar-bajara\\\/\"]}]},{\"@type\":\"ImageObject\",\"inLanguage\":\"es\",\"@id\":\"https:\\\/\\\/telocuentavictorhugo.com\\\/index.php\\\/2026\\\/04\\\/29\\\/espinoza-afirma-que-el-dolar-bajara\\\/#primaryimage\",\"url\":\"https:\\\/\\\/telocuentavictorhugo.com\\\/wp-content\\\/uploads\\\/2026\\\/04\\\/24-6.jpg\",\"contentUrl\":\"https:\\\/\\\/telocuentavictorhugo.com\\\/wp-content\\\/uploads\\\/2026\\\/04\\\/24-6.jpg\",\"width\":1304,\"height\":730},{\"@type\":\"BreadcrumbList\",\"@id\":\"https:\\\/\\\/telocuentavictorhugo.com\\\/index.php\\\/2026\\\/04\\\/29\\\/espinoza-afirma-que-el-dolar-bajara\\\/#breadcrumb\",\"itemListElement\":[{\"@type\":\"ListItem\",\"position\":1,\"name\":\"Portada\",\"item\":\"https:\\\/\\\/telocuentavictorhugo.com\\\/\"},{\"@type\":\"ListItem\",\"position\":2,\"name\":\"ESPINOZA AFIRMA QUE EL D\u00d3LAR BAJAR\u00c1\"}]},{\"@type\":\"WebSite\",\"@id\":\"https:\\\/\\\/telocuentavictorhugo.com\\\/#website\",\"url\":\"https:\\\/\\\/telocuentavictorhugo.com\\\/\",\"name\":\"Te lo Cuenta Victor\",\"description\":\"\",\"publisher\":{\"@id\":\"https:\\\/\\\/telocuentavictorhugo.com\\\/#organization\"},\"potentialAction\":[{\"@type\":\"SearchAction\",\"target\":{\"@type\":\"EntryPoint\",\"urlTemplate\":\"https:\\\/\\\/telocuentavictorhugo.com\\\/?s={search_term_string}\"},\"query-input\":{\"@type\":\"PropertyValueSpecification\",\"valueRequired\":true,\"valueName\":\"search_term_string\"}}],\"inLanguage\":\"es\"},{\"@type\":\"Organization\",\"@id\":\"https:\\\/\\\/telocuentavictorhugo.com\\\/#organization\",\"name\":\"Te lo Cuenta Victor\",\"url\":\"https:\\\/\\\/telocuentavictorhugo.com\\\/\",\"logo\":{\"@type\":\"ImageObject\",\"inLanguage\":\"es\",\"@id\":\"https:\\\/\\\/telocuentavictorhugo.com\\\/#\\\/schema\\\/logo\\\/image\\\/\",\"url\":\"https:\\\/\\\/telocuentavictorhugo.com\\\/wp-content\\\/uploads\\\/2023\\\/12\\\/Logo.png\",\"contentUrl\":\"https:\\\/\\\/telocuentavictorhugo.com\\\/wp-content\\\/uploads\\\/2023\\\/12\\\/Logo.png\",\"width\":1080,\"height\":176,\"caption\":\"Te lo Cuenta Victor\"},\"image\":{\"@id\":\"https:\\\/\\\/telocuentavictorhugo.com\\\/#\\\/schema\\\/logo\\\/image\\\/\"}},{\"@type\":\"Person\",\"@id\":\"https:\\\/\\\/telocuentavictorhugo.com\\\/#\\\/schema\\\/person\\\/a8307d7271ba2849b49b562ad8602f06\",\"name\":\"telocuentavictorhugo.com\",\"image\":{\"@type\":\"ImageObject\",\"inLanguage\":\"es\",\"@id\":\"https:\\\/\\\/secure.gravatar.com\\\/avatar\\\/da212e7b532df19fd2aea5daf46d8c176abfc85521e4b80ed435d7426ef63eb6?s=96&d=mm&r=g\",\"url\":\"https:\\\/\\\/secure.gravatar.com\\\/avatar\\\/da212e7b532df19fd2aea5daf46d8c176abfc85521e4b80ed435d7426ef63eb6?s=96&d=mm&r=g\",\"contentUrl\":\"https:\\\/\\\/secure.gravatar.com\\\/avatar\\\/da212e7b532df19fd2aea5daf46d8c176abfc85521e4b80ed435d7426ef63eb6?s=96&d=mm&r=g\",\"caption\":\"telocuentavictorhugo.com\"},\"sameAs\":[\"http:\\\/\\\/telocuentavictorhugo.com\"],\"url\":\"https:\\\/\\\/telocuentavictorhugo.com\\\/index.php\\\/author\\\/plustvpress-com\\\/\"}]}<\/script>\n<!-- \/ Yoast SEO plugin. -->","yoast_head_json":{"title":"ESPINOZA AFIRMA QUE EL D\u00d3LAR BAJAR\u00c1 - Te lo Cuenta Victor","robots":{"index":"index","follow":"follow","max-snippet":"max-snippet:-1","max-image-preview":"max-image-preview:large","max-video-preview":"max-video-preview:-1"},"canonical":"https:\/\/telocuentavictorhugo.com\/index.php\/2026\/04\/29\/espinoza-afirma-que-el-dolar-bajara\/","og_locale":"es_ES","og_type":"article","og_title":"ESPINOZA AFIRMA QUE EL D\u00d3LAR BAJAR\u00c1 - Te lo Cuenta Victor","og_description":"El ministro de Econom\u00eda, Gabriel Espinoza, sali\u00f3 a calmar la fiebre del d\u00f3lar y prometi\u00f3 que la divisa se desplomar\u00e1 en semanas gracias a un tsunami de d\u00f3lares que viene del campo y las minas. Record\u00f3 que el billete verde lleg\u00f3 a venderse entre 12 y 13 bolivianos antes de las elecciones, pero ahora \u201cse [&hellip;]","og_url":"https:\/\/telocuentavictorhugo.com\/index.php\/2026\/04\/29\/espinoza-afirma-que-el-dolar-bajara\/","og_site_name":"Te lo Cuenta Victor","article_published_time":"2026-04-29T05:16:15+00:00","article_modified_time":"2026-04-29T05:16:16+00:00","og_image":[{"width":1304,"height":730,"url":"http:\/\/telocuentavictorhugo.com\/wp-content\/uploads\/2026\/04\/24-6.jpg","type":"image\/jpeg"}],"author":"telocuentavictorhugo.com","twitter_card":"summary_large_image","twitter_misc":{"Escrito por":"telocuentavictorhugo.com","Tiempo de lectura":"1 minuto"},"schema":{"@context":"https:\/\/schema.org","@graph":[{"@type":"Article","@id":"https:\/\/telocuentavictorhugo.com\/index.php\/2026\/04\/29\/espinoza-afirma-que-el-dolar-bajara\/#article","isPartOf":{"@id":"https:\/\/telocuentavictorhugo.com\/index.php\/2026\/04\/29\/espinoza-afirma-que-el-dolar-bajara\/"},"author":{"name":"telocuentavictorhugo.com","@id":"https:\/\/telocuentavictorhugo.com\/#\/schema\/person\/a8307d7271ba2849b49b562ad8602f06"},"headline":"ESPINOZA AFIRMA QUE EL D\u00d3LAR BAJAR\u00c1","datePublished":"2026-04-29T05:16:15+00:00","dateModified":"2026-04-29T05:16:16+00:00","mainEntityOfPage":{"@id":"https:\/\/telocuentavictorhugo.com\/index.php\/2026\/04\/29\/espinoza-afirma-que-el-dolar-bajara\/"},"wordCount":173,"commentCount":0,"publisher":{"@id":"https:\/\/telocuentavictorhugo.com\/#organization"},"image":{"@id":"https:\/\/telocuentavictorhugo.com\/index.php\/2026\/04\/29\/espinoza-afirma-que-el-dolar-bajara\/#primaryimage"},"thumbnailUrl":"https:\/\/telocuentavictorhugo.com\/wp-content\/uploads\/2026\/04\/24-6.jpg","keywords":["ECONOM\u00cdA","NOTICIAS"],"articleSection":["Noticias"],"inLanguage":"es","potentialAction":[{"@type":"CommentAction","name":"Comment","target":["https:\/\/telocuentavictorhugo.com\/index.php\/2026\/04\/29\/espinoza-afirma-que-el-dolar-bajara\/#respond"]}]},{"@type":"WebPage","@id":"https:\/\/telocuentavictorhugo.com\/index.php\/2026\/04\/29\/espinoza-afirma-que-el-dolar-bajara\/","url":"https:\/\/telocuentavictorhugo.com\/index.php\/2026\/04\/29\/espinoza-afirma-que-el-dolar-bajara\/","name":"ESPINOZA AFIRMA QUE EL D\u00d3LAR BAJAR\u00c1 - Te lo Cuenta Victor","isPartOf":{"@id":"https:\/\/telocuentavictorhugo.com\/#website"},"primaryImageOfPage":{"@id":"https:\/\/telocuentavictorhugo.com\/index.php\/2026\/04\/29\/espinoza-afirma-que-el-dolar-bajara\/#primaryimage"},"image":{"@id":"https:\/\/telocuentavictorhugo.com\/index.php\/2026\/04\/29\/espinoza-afirma-que-el-dolar-bajara\/#primaryimage"},"thumbnailUrl":"https:\/\/telocuentavictorhugo.com\/wp-content\/uploads\/2026\/04\/24-6.jpg","datePublished":"2026-04-29T05:16:15+00:00","dateModified":"2026-04-29T05:16:16+00:00","breadcrumb":{"@id":"https:\/\/telocuentavictorhugo.com\/index.php\/2026\/04\/29\/espinoza-afirma-que-el-dolar-bajara\/#breadcrumb"},"inLanguage":"es","potentialAction":[{"@type":"ReadAction","target":["https:\/\/telocuentavictorhugo.com\/index.php\/2026\/04\/29\/espinoza-afirma-que-el-dolar-bajara\/"]}]},{"@type":"ImageObject","inLanguage":"es","@id":"https:\/\/telocuentavictorhugo.com\/index.php\/2026\/04\/29\/espinoza-afirma-que-el-dolar-bajara\/#primaryimage","url":"https:\/\/telocuentavictorhugo.com\/wp-content\/uploads\/2026\/04\/24-6.jpg","contentUrl":"https:\/\/telocuentavictorhugo.com\/wp-content\/uploads\/2026\/04\/24-6.jpg","width":1304,"height":730},{"@type":"BreadcrumbList","@id":"https:\/\/telocuentavictorhugo.com\/index.php\/2026\/04\/29\/espinoza-afirma-que-el-dolar-bajara\/#breadcrumb","itemListElement":[{"@type":"ListItem","position":1,"name":"Portada","item":"https:\/\/telocuentavictorhugo.com\/"},{"@type":"ListItem","position":2,"name":"ESPINOZA AFIRMA QUE EL D\u00d3LAR BAJAR\u00c1"}]},{"@type":"WebSite","@id":"https:\/\/telocuentavictorhugo.com\/#website","url":"https:\/\/telocuentavictorhugo.com\/","name":"Te lo Cuenta Victor","description":"","publisher":{"@id":"https:\/\/telocuentavictorhugo.com\/#organization"},"potentialAction":[{"@type":"SearchAction","target":{"@type":"EntryPoint","urlTemplate":"https:\/\/telocuentavictorhugo.com\/?s={search_term_string}"},"query-input":{"@type":"PropertyValueSpecification","valueRequired":true,"valueName":"search_term_string"}}],"inLanguage":"es"},{"@type":"Organization","@id":"https:\/\/telocuentavictorhugo.com\/#organization","name":"Te lo Cuenta Victor","url":"https:\/\/telocuentavictorhugo.com\/","logo":{"@type":"ImageObject","inLanguage":"es","@id":"https:\/\/telocuentavictorhugo.com\/#\/schema\/logo\/image\/","url":"https:\/\/telocuentavictorhugo.com\/wp-content\/uploads\/2023\/12\/Logo.png","contentUrl":"https:\/\/telocuentavictorhugo.com\/wp-content\/uploads\/2023\/12\/Logo.png","width":1080,"height":176,"caption":"Te lo Cuenta Victor"},"image":{"@id":"https:\/\/telocuentavictorhugo.com\/#\/schema\/logo\/image\/"}},{"@type":"Person","@id":"https:\/\/telocuentavictorhugo.com\/#\/schema\/person\/a8307d7271ba2849b49b562ad8602f06","name":"telocuentavictorhugo.com","image":{"@type":"ImageObject","inLanguage":"es","@id":"https:\/\/secure.gravatar.com\/avatar\/da212e7b532df19fd2aea5daf46d8c176abfc85521e4b80ed435d7426ef63eb6?s=96&d=mm&r=g","url":"https:\/\/secure.gravatar.com\/avatar\/da212e7b532df19fd2aea5daf46d8c176abfc85521e4b80ed435d7426ef63eb6?s=96&d=mm&r=g","contentUrl":"https:\/\/secure.gravatar.com\/avatar\/da212e7b532df19fd2aea5daf46d8c176abfc85521e4b80ed435d7426ef63eb6?s=96&d=mm&r=g","caption":"telocuentavictorhugo.com"},"sameAs":["http:\/\/telocuentavictorhugo.com"],"url":"https:\/\/telocuentavictorhugo.com\/index.php\/author\/plustvpress-com\/"}]}},"_links":{"self":[{"href":"https:\/\/telocuentavictorhugo.com\/index.php\/wp-json\/wp\/v2\/posts\/15348","targetHints":{"allow":["GET"]}}],"collection":[{"href":"https:\/\/telocuentavictorhugo.com\/index.php\/wp-json\/wp\/v2\/posts"}],"about":[{"href":"https:\/\/telocuentavictorhugo.com\/index.php\/wp-json\/wp\/v2\/types\/post"}],"author":[{"embeddable":true,"href":"https:\/\/telocuentavictorhugo.com\/index.php\/wp-json\/wp\/v2\/users\/1"}],"replies":[{"embeddable":true,"href":"https:\/\/telocuentavictorhugo.com\/index.php\/wp-json\/wp\/v2\/comments?post=15348"}],"version-history":[{"count":1,"href":"https:\/\/telocuentavictorhugo.com\/index.php\/wp-json\/wp\/v2\/posts\/15348\/revisions"}],"predecessor-version":[{"id":15354,"href":"https:\/\/telocuentavictorhugo.com\/index.php\/wp-json\/wp\/v2\/posts\/15348\/revisions\/15354"}],"wp:featuredmedia":[{"embeddable":true,"href":"https:\/\/telocuentavictorhugo.com\/index.php\/wp-json\/wp\/v2\/media\/15351"}],"wp:attachment":[{"href":"https:\/\/telocuentavictorhugo.com\/index.php\/wp-json\/wp\/v2\/media?parent=15348"}],"wp:term":[{"taxonomy":"category","embeddable":true,"href":"https:\/\/telocuentavictorhugo.com\/index.php\/wp-json\/wp\/v2\/categories?post=15348"},{"taxonomy":"post_tag","embeddable":true,"href":"https:\/\/telocuentavictorhugo.com\/index.php\/wp-json\/wp\/v2\/tags?post=15348"}],"curies":[{"name":"wp","href":"https:\/\/api.w.org\/{rel}","templated":true}]}}