{"id":15347,"date":"2026-04-29T01:16:13","date_gmt":"2026-04-29T05:16:13","guid":{"rendered":"https:\/\/telocuentavictorhugo.com\/?p=15347"},"modified":"2026-04-29T01:16:14","modified_gmt":"2026-04-29T05:16:14","slug":"analista-jose-luis-galvez-es-el-nuevo-vocero-de-paz","status":"publish","type":"post","link":"https:\/\/telocuentavictorhugo.com\/index.php\/2026\/04\/29\/analista-jose-luis-galvez-es-el-nuevo-vocero-de-paz\/","title":{"rendered":"ANALISTA JOS\u00c9 LUIS GALVEZ ES EL NUEVO VOCERO DE PAZ"},"content":{"rendered":"\n<p>El Gobierno movi\u00f3 ficha en medio de la tormenta. Este martes fue posesionado Jos\u00e9 Luis Galvez como nuevo vocero oficial de la Presidencia de Rodrigo Paz, cargo vacante desde marzo tras la renuncia de Carla Faval. El flamante portavoz, conocido por sus apariciones como analista en el canal estatal, \u201ctendr\u00e1 a su cargo la comunicaci\u00f3n oficial, la relaci\u00f3n con medios y la difusi\u00f3n institucional\u201d, seg\u00fan el comunicado. Galvez aterriza en el escritorio m\u00e1s caliente del pa\u00eds: sindicatos en pie de guerra por salarios, transporte pesado bloqueando por combustible y furia ciudadana por la gasolina de mala calidad. Asume con la misi\u00f3n de blindar la imagen de Paz mientras Evo lo declara \u201csocialmente arrinconado y con la soga al cuello\u201d.<\/p>\n\n\n\n<figure class=\"wp-block-embed is-type-video is-provider-youtube wp-block-embed-youtube wp-embed-aspect-16-9 wp-has-aspect-ratio\"><div class=\"wp-block-embed__wrapper\">\n<iframe title=\"ANALISTA JOS\u00c9 LUIS GALVEZ ES EL NUEVO VOCERO DE PAZ \" width=\"800\" height=\"450\" src=\"https:\/\/www.youtube.com\/embed\/hxD_Hysm60s?feature=oembed\" frameborder=\"0\" allow=\"accelerometer; autoplay; clipboard-write; encrypted-media; gyroscope; picture-in-picture; web-share\" referrerpolicy=\"strict-origin-when-cross-origin\" allowfullscreen><\/iframe>\n<\/div><\/figure>\n","protected":false},"excerpt":{"rendered":"<p>El Gobierno movi\u00f3 ficha en medio de la tormenta. Este martes fue posesionado Jos\u00e9 Luis Galvez como nuevo vocero oficial de la Presidencia de Rodrigo Paz, cargo vacante desde marzo tras la renuncia de Carla Faval. El flamante portavoz, conocido por sus apariciones como analista en el canal estatal, \u201ctendr\u00e1 a su cargo la comunicaci\u00f3n [&hellip;]<\/p>\n","protected":false},"author":1,"featured_media":15350,"comment_status":"open","ping_status":"open","sticky":false,"template":"","format":"standard","meta":{"_eb_attr":"","footnotes":""},"categories":[1],"tags":[119,113,114],"class_list":["post-15347","post","type-post","status-publish","format-standard","has-post-thumbnail","hentry","category-noticias","tag-economia-2","tag-noticias","tag-politica"],"yoast_head":"<!-- This site is optimized with the Yoast SEO plugin v27.4 - https:\/\/yoast.com\/product\/yoast-seo-wordpress\/ -->\n<title>ANALISTA JOS\u00c9 LUIS GALVEZ ES EL NUEVO VOCERO DE PAZ - Te lo Cuenta Victor<\/title>\n<meta name=\"robots\" content=\"index, follow, max-snippet:-1, max-image-preview:large, max-video-preview:-1\" \/>\n<link rel=\"canonical\" href=\"https:\/\/telocuentavictorhugo.com\/index.php\/2026\/04\/29\/analista-jose-luis-galvez-es-el-nuevo-vocero-de-paz\/\" \/>\n<meta property=\"og:locale\" content=\"es_ES\" \/>\n<meta property=\"og:type\" content=\"article\" \/>\n<meta property=\"og:title\" content=\"ANALISTA JOS\u00c9 LUIS GALVEZ ES EL NUEVO VOCERO DE PAZ - Te lo Cuenta Victor\" \/>\n<meta property=\"og:description\" content=\"El Gobierno movi\u00f3 ficha en medio de la tormenta. Este martes fue posesionado Jos\u00e9 Luis Galvez como nuevo vocero oficial de la Presidencia de Rodrigo Paz, cargo vacante desde marzo tras la renuncia de Carla Faval. El flamante portavoz, conocido por sus apariciones como analista en el canal estatal, \u201ctendr\u00e1 a su cargo la comunicaci\u00f3n [&hellip;]\" \/>\n<meta property=\"og:url\" content=\"https:\/\/telocuentavictorhugo.com\/index.php\/2026\/04\/29\/analista-jose-luis-galvez-es-el-nuevo-vocero-de-paz\/\" \/>\n<meta property=\"og:site_name\" content=\"Te lo Cuenta Victor\" \/>\n<meta property=\"article:published_time\" content=\"2026-04-29T05:16:13+00:00\" \/>\n<meta property=\"article:modified_time\" content=\"2026-04-29T05:16:14+00:00\" \/>\n<meta property=\"og:image\" content=\"http:\/\/telocuentavictorhugo.com\/wp-content\/uploads\/2026\/04\/23-6.jpg\" \/>\n\t<meta property=\"og:image:width\" content=\"1307\" \/>\n\t<meta property=\"og:image:height\" content=\"676\" \/>\n\t<meta property=\"og:image:type\" content=\"image\/jpeg\" \/>\n<meta name=\"author\" content=\"telocuentavictorhugo.com\" \/>\n<meta name=\"twitter:card\" content=\"summary_large_image\" \/>\n<meta name=\"twitter:label1\" content=\"Escrito por\" \/>\n\t<meta name=\"twitter:data1\" content=\"telocuentavictorhugo.com\" \/>\n\t<meta name=\"twitter:label2\" content=\"Tiempo de lectura\" \/>\n\t<meta name=\"twitter:data2\" content=\"1 minuto\" \/>\n<script type=\"application\/ld+json\" class=\"yoast-schema-graph\">{\"@context\":\"https:\\\/\\\/schema.org\",\"@graph\":[{\"@type\":\"Article\",\"@id\":\"https:\\\/\\\/telocuentavictorhugo.com\\\/index.php\\\/2026\\\/04\\\/29\\\/analista-jose-luis-galvez-es-el-nuevo-vocero-de-paz\\\/#article\",\"isPartOf\":{\"@id\":\"https:\\\/\\\/telocuentavictorhugo.com\\\/index.php\\\/2026\\\/04\\\/29\\\/analista-jose-luis-galvez-es-el-nuevo-vocero-de-paz\\\/\"},\"author\":{\"name\":\"telocuentavictorhugo.com\",\"@id\":\"https:\\\/\\\/telocuentavictorhugo.com\\\/#\\\/schema\\\/person\\\/a8307d7271ba2849b49b562ad8602f06\"},\"headline\":\"ANALISTA JOS\u00c9 LUIS GALVEZ ES EL NUEVO VOCERO DE PAZ\",\"datePublished\":\"2026-04-29T05:16:13+00:00\",\"dateModified\":\"2026-04-29T05:16:14+00:00\",\"mainEntityOfPage\":{\"@id\":\"https:\\\/\\\/telocuentavictorhugo.com\\\/index.php\\\/2026\\\/04\\\/29\\\/analista-jose-luis-galvez-es-el-nuevo-vocero-de-paz\\\/\"},\"wordCount\":142,\"commentCount\":0,\"publisher\":{\"@id\":\"https:\\\/\\\/telocuentavictorhugo.com\\\/#organization\"},\"image\":{\"@id\":\"https:\\\/\\\/telocuentavictorhugo.com\\\/index.php\\\/2026\\\/04\\\/29\\\/analista-jose-luis-galvez-es-el-nuevo-vocero-de-paz\\\/#primaryimage\"},\"thumbnailUrl\":\"https:\\\/\\\/telocuentavictorhugo.com\\\/wp-content\\\/uploads\\\/2026\\\/04\\\/23-6.jpg\",\"keywords\":[\"ECONOM\u00cdA\",\"NOTICIAS\",\"POL\u00cdTICA\"],\"articleSection\":[\"Noticias\"],\"inLanguage\":\"es\",\"potentialAction\":[{\"@type\":\"CommentAction\",\"name\":\"Comment\",\"target\":[\"https:\\\/\\\/telocuentavictorhugo.com\\\/index.php\\\/2026\\\/04\\\/29\\\/analista-jose-luis-galvez-es-el-nuevo-vocero-de-paz\\\/#respond\"]}]},{\"@type\":\"WebPage\",\"@id\":\"https:\\\/\\\/telocuentavictorhugo.com\\\/index.php\\\/2026\\\/04\\\/29\\\/analista-jose-luis-galvez-es-el-nuevo-vocero-de-paz\\\/\",\"url\":\"https:\\\/\\\/telocuentavictorhugo.com\\\/index.php\\\/2026\\\/04\\\/29\\\/analista-jose-luis-galvez-es-el-nuevo-vocero-de-paz\\\/\",\"name\":\"ANALISTA JOS\u00c9 LUIS GALVEZ ES EL NUEVO VOCERO DE PAZ - Te lo Cuenta Victor\",\"isPartOf\":{\"@id\":\"https:\\\/\\\/telocuentavictorhugo.com\\\/#website\"},\"primaryImageOfPage\":{\"@id\":\"https:\\\/\\\/telocuentavictorhugo.com\\\/index.php\\\/2026\\\/04\\\/29\\\/analista-jose-luis-galvez-es-el-nuevo-vocero-de-paz\\\/#primaryimage\"},\"image\":{\"@id\":\"https:\\\/\\\/telocuentavictorhugo.com\\\/index.php\\\/2026\\\/04\\\/29\\\/analista-jose-luis-galvez-es-el-nuevo-vocero-de-paz\\\/#primaryimage\"},\"thumbnailUrl\":\"https:\\\/\\\/telocuentavictorhugo.com\\\/wp-content\\\/uploads\\\/2026\\\/04\\\/23-6.jpg\",\"datePublished\":\"2026-04-29T05:16:13+00:00\",\"dateModified\":\"2026-04-29T05:16:14+00:00\",\"breadcrumb\":{\"@id\":\"https:\\\/\\\/telocuentavictorhugo.com\\\/index.php\\\/2026\\\/04\\\/29\\\/analista-jose-luis-galvez-es-el-nuevo-vocero-de-paz\\\/#breadcrumb\"},\"inLanguage\":\"es\",\"potentialAction\":[{\"@type\":\"ReadAction\",\"target\":[\"https:\\\/\\\/telocuentavictorhugo.com\\\/index.php\\\/2026\\\/04\\\/29\\\/analista-jose-luis-galvez-es-el-nuevo-vocero-de-paz\\\/\"]}]},{\"@type\":\"ImageObject\",\"inLanguage\":\"es\",\"@id\":\"https:\\\/\\\/telocuentavictorhugo.com\\\/index.php\\\/2026\\\/04\\\/29\\\/analista-jose-luis-galvez-es-el-nuevo-vocero-de-paz\\\/#primaryimage\",\"url\":\"https:\\\/\\\/telocuentavictorhugo.com\\\/wp-content\\\/uploads\\\/2026\\\/04\\\/23-6.jpg\",\"contentUrl\":\"https:\\\/\\\/telocuentavictorhugo.com\\\/wp-content\\\/uploads\\\/2026\\\/04\\\/23-6.jpg\",\"width\":1307,\"height\":676},{\"@type\":\"BreadcrumbList\",\"@id\":\"https:\\\/\\\/telocuentavictorhugo.com\\\/index.php\\\/2026\\\/04\\\/29\\\/analista-jose-luis-galvez-es-el-nuevo-vocero-de-paz\\\/#breadcrumb\",\"itemListElement\":[{\"@type\":\"ListItem\",\"position\":1,\"name\":\"Portada\",\"item\":\"https:\\\/\\\/telocuentavictorhugo.com\\\/\"},{\"@type\":\"ListItem\",\"position\":2,\"name\":\"ANALISTA JOS\u00c9 LUIS GALVEZ ES EL NUEVO VOCERO DE PAZ\"}]},{\"@type\":\"WebSite\",\"@id\":\"https:\\\/\\\/telocuentavictorhugo.com\\\/#website\",\"url\":\"https:\\\/\\\/telocuentavictorhugo.com\\\/\",\"name\":\"Te lo Cuenta Victor\",\"description\":\"\",\"publisher\":{\"@id\":\"https:\\\/\\\/telocuentavictorhugo.com\\\/#organization\"},\"potentialAction\":[{\"@type\":\"SearchAction\",\"target\":{\"@type\":\"EntryPoint\",\"urlTemplate\":\"https:\\\/\\\/telocuentavictorhugo.com\\\/?s={search_term_string}\"},\"query-input\":{\"@type\":\"PropertyValueSpecification\",\"valueRequired\":true,\"valueName\":\"search_term_string\"}}],\"inLanguage\":\"es\"},{\"@type\":\"Organization\",\"@id\":\"https:\\\/\\\/telocuentavictorhugo.com\\\/#organization\",\"name\":\"Te lo Cuenta Victor\",\"url\":\"https:\\\/\\\/telocuentavictorhugo.com\\\/\",\"logo\":{\"@type\":\"ImageObject\",\"inLanguage\":\"es\",\"@id\":\"https:\\\/\\\/telocuentavictorhugo.com\\\/#\\\/schema\\\/logo\\\/image\\\/\",\"url\":\"https:\\\/\\\/telocuentavictorhugo.com\\\/wp-content\\\/uploads\\\/2023\\\/12\\\/Logo.png\",\"contentUrl\":\"https:\\\/\\\/telocuentavictorhugo.com\\\/wp-content\\\/uploads\\\/2023\\\/12\\\/Logo.png\",\"width\":1080,\"height\":176,\"caption\":\"Te lo Cuenta Victor\"},\"image\":{\"@id\":\"https:\\\/\\\/telocuentavictorhugo.com\\\/#\\\/schema\\\/logo\\\/image\\\/\"}},{\"@type\":\"Person\",\"@id\":\"https:\\\/\\\/telocuentavictorhugo.com\\\/#\\\/schema\\\/person\\\/a8307d7271ba2849b49b562ad8602f06\",\"name\":\"telocuentavictorhugo.com\",\"image\":{\"@type\":\"ImageObject\",\"inLanguage\":\"es\",\"@id\":\"https:\\\/\\\/secure.gravatar.com\\\/avatar\\\/da212e7b532df19fd2aea5daf46d8c176abfc85521e4b80ed435d7426ef63eb6?s=96&d=mm&r=g\",\"url\":\"https:\\\/\\\/secure.gravatar.com\\\/avatar\\\/da212e7b532df19fd2aea5daf46d8c176abfc85521e4b80ed435d7426ef63eb6?s=96&d=mm&r=g\",\"contentUrl\":\"https:\\\/\\\/secure.gravatar.com\\\/avatar\\\/da212e7b532df19fd2aea5daf46d8c176abfc85521e4b80ed435d7426ef63eb6?s=96&d=mm&r=g\",\"caption\":\"telocuentavictorhugo.com\"},\"sameAs\":[\"http:\\\/\\\/telocuentavictorhugo.com\"],\"url\":\"https:\\\/\\\/telocuentavictorhugo.com\\\/index.php\\\/author\\\/plustvpress-com\\\/\"}]}<\/script>\n<!-- \/ Yoast SEO plugin. -->","yoast_head_json":{"title":"ANALISTA JOS\u00c9 LUIS GALVEZ ES EL NUEVO VOCERO DE PAZ - Te lo Cuenta Victor","robots":{"index":"index","follow":"follow","max-snippet":"max-snippet:-1","max-image-preview":"max-image-preview:large","max-video-preview":"max-video-preview:-1"},"canonical":"https:\/\/telocuentavictorhugo.com\/index.php\/2026\/04\/29\/analista-jose-luis-galvez-es-el-nuevo-vocero-de-paz\/","og_locale":"es_ES","og_type":"article","og_title":"ANALISTA JOS\u00c9 LUIS GALVEZ ES EL NUEVO VOCERO DE PAZ - Te lo Cuenta Victor","og_description":"El Gobierno movi\u00f3 ficha en medio de la tormenta. Este martes fue posesionado Jos\u00e9 Luis Galvez como nuevo vocero oficial de la Presidencia de Rodrigo Paz, cargo vacante desde marzo tras la renuncia de Carla Faval. El flamante portavoz, conocido por sus apariciones como analista en el canal estatal, \u201ctendr\u00e1 a su cargo la comunicaci\u00f3n [&hellip;]","og_url":"https:\/\/telocuentavictorhugo.com\/index.php\/2026\/04\/29\/analista-jose-luis-galvez-es-el-nuevo-vocero-de-paz\/","og_site_name":"Te lo Cuenta Victor","article_published_time":"2026-04-29T05:16:13+00:00","article_modified_time":"2026-04-29T05:16:14+00:00","og_image":[{"width":1307,"height":676,"url":"http:\/\/telocuentavictorhugo.com\/wp-content\/uploads\/2026\/04\/23-6.jpg","type":"image\/jpeg"}],"author":"telocuentavictorhugo.com","twitter_card":"summary_large_image","twitter_misc":{"Escrito por":"telocuentavictorhugo.com","Tiempo de lectura":"1 minuto"},"schema":{"@context":"https:\/\/schema.org","@graph":[{"@type":"Article","@id":"https:\/\/telocuentavictorhugo.com\/index.php\/2026\/04\/29\/analista-jose-luis-galvez-es-el-nuevo-vocero-de-paz\/#article","isPartOf":{"@id":"https:\/\/telocuentavictorhugo.com\/index.php\/2026\/04\/29\/analista-jose-luis-galvez-es-el-nuevo-vocero-de-paz\/"},"author":{"name":"telocuentavictorhugo.com","@id":"https:\/\/telocuentavictorhugo.com\/#\/schema\/person\/a8307d7271ba2849b49b562ad8602f06"},"headline":"ANALISTA JOS\u00c9 LUIS GALVEZ ES EL NUEVO VOCERO DE PAZ","datePublished":"2026-04-29T05:16:13+00:00","dateModified":"2026-04-29T05:16:14+00:00","mainEntityOfPage":{"@id":"https:\/\/telocuentavictorhugo.com\/index.php\/2026\/04\/29\/analista-jose-luis-galvez-es-el-nuevo-vocero-de-paz\/"},"wordCount":142,"commentCount":0,"publisher":{"@id":"https:\/\/telocuentavictorhugo.com\/#organization"},"image":{"@id":"https:\/\/telocuentavictorhugo.com\/index.php\/2026\/04\/29\/analista-jose-luis-galvez-es-el-nuevo-vocero-de-paz\/#primaryimage"},"thumbnailUrl":"https:\/\/telocuentavictorhugo.com\/wp-content\/uploads\/2026\/04\/23-6.jpg","keywords":["ECONOM\u00cdA","NOTICIAS","POL\u00cdTICA"],"articleSection":["Noticias"],"inLanguage":"es","potentialAction":[{"@type":"CommentAction","name":"Comment","target":["https:\/\/telocuentavictorhugo.com\/index.php\/2026\/04\/29\/analista-jose-luis-galvez-es-el-nuevo-vocero-de-paz\/#respond"]}]},{"@type":"WebPage","@id":"https:\/\/telocuentavictorhugo.com\/index.php\/2026\/04\/29\/analista-jose-luis-galvez-es-el-nuevo-vocero-de-paz\/","url":"https:\/\/telocuentavictorhugo.com\/index.php\/2026\/04\/29\/analista-jose-luis-galvez-es-el-nuevo-vocero-de-paz\/","name":"ANALISTA JOS\u00c9 LUIS GALVEZ ES EL NUEVO VOCERO DE PAZ - Te lo Cuenta Victor","isPartOf":{"@id":"https:\/\/telocuentavictorhugo.com\/#website"},"primaryImageOfPage":{"@id":"https:\/\/telocuentavictorhugo.com\/index.php\/2026\/04\/29\/analista-jose-luis-galvez-es-el-nuevo-vocero-de-paz\/#primaryimage"},"image":{"@id":"https:\/\/telocuentavictorhugo.com\/index.php\/2026\/04\/29\/analista-jose-luis-galvez-es-el-nuevo-vocero-de-paz\/#primaryimage"},"thumbnailUrl":"https:\/\/telocuentavictorhugo.com\/wp-content\/uploads\/2026\/04\/23-6.jpg","datePublished":"2026-04-29T05:16:13+00:00","dateModified":"2026-04-29T05:16:14+00:00","breadcrumb":{"@id":"https:\/\/telocuentavictorhugo.com\/index.php\/2026\/04\/29\/analista-jose-luis-galvez-es-el-nuevo-vocero-de-paz\/#breadcrumb"},"inLanguage":"es","potentialAction":[{"@type":"ReadAction","target":["https:\/\/telocuentavictorhugo.com\/index.php\/2026\/04\/29\/analista-jose-luis-galvez-es-el-nuevo-vocero-de-paz\/"]}]},{"@type":"ImageObject","inLanguage":"es","@id":"https:\/\/telocuentavictorhugo.com\/index.php\/2026\/04\/29\/analista-jose-luis-galvez-es-el-nuevo-vocero-de-paz\/#primaryimage","url":"https:\/\/telocuentavictorhugo.com\/wp-content\/uploads\/2026\/04\/23-6.jpg","contentUrl":"https:\/\/telocuentavictorhugo.com\/wp-content\/uploads\/2026\/04\/23-6.jpg","width":1307,"height":676},{"@type":"BreadcrumbList","@id":"https:\/\/telocuentavictorhugo.com\/index.php\/2026\/04\/29\/analista-jose-luis-galvez-es-el-nuevo-vocero-de-paz\/#breadcrumb","itemListElement":[{"@type":"ListItem","position":1,"name":"Portada","item":"https:\/\/telocuentavictorhugo.com\/"},{"@type":"ListItem","position":2,"name":"ANALISTA JOS\u00c9 LUIS GALVEZ ES EL NUEVO VOCERO DE PAZ"}]},{"@type":"WebSite","@id":"https:\/\/telocuentavictorhugo.com\/#website","url":"https:\/\/telocuentavictorhugo.com\/","name":"Te lo Cuenta Victor","description":"","publisher":{"@id":"https:\/\/telocuentavictorhugo.com\/#organization"},"potentialAction":[{"@type":"SearchAction","target":{"@type":"EntryPoint","urlTemplate":"https:\/\/telocuentavictorhugo.com\/?s={search_term_string}"},"query-input":{"@type":"PropertyValueSpecification","valueRequired":true,"valueName":"search_term_string"}}],"inLanguage":"es"},{"@type":"Organization","@id":"https:\/\/telocuentavictorhugo.com\/#organization","name":"Te lo Cuenta Victor","url":"https:\/\/telocuentavictorhugo.com\/","logo":{"@type":"ImageObject","inLanguage":"es","@id":"https:\/\/telocuentavictorhugo.com\/#\/schema\/logo\/image\/","url":"https:\/\/telocuentavictorhugo.com\/wp-content\/uploads\/2023\/12\/Logo.png","contentUrl":"https:\/\/telocuentavictorhugo.com\/wp-content\/uploads\/2023\/12\/Logo.png","width":1080,"height":176,"caption":"Te lo Cuenta Victor"},"image":{"@id":"https:\/\/telocuentavictorhugo.com\/#\/schema\/logo\/image\/"}},{"@type":"Person","@id":"https:\/\/telocuentavictorhugo.com\/#\/schema\/person\/a8307d7271ba2849b49b562ad8602f06","name":"telocuentavictorhugo.com","image":{"@type":"ImageObject","inLanguage":"es","@id":"https:\/\/secure.gravatar.com\/avatar\/da212e7b532df19fd2aea5daf46d8c176abfc85521e4b80ed435d7426ef63eb6?s=96&d=mm&r=g","url":"https:\/\/secure.gravatar.com\/avatar\/da212e7b532df19fd2aea5daf46d8c176abfc85521e4b80ed435d7426ef63eb6?s=96&d=mm&r=g","contentUrl":"https:\/\/secure.gravatar.com\/avatar\/da212e7b532df19fd2aea5daf46d8c176abfc85521e4b80ed435d7426ef63eb6?s=96&d=mm&r=g","caption":"telocuentavictorhugo.com"},"sameAs":["http:\/\/telocuentavictorhugo.com"],"url":"https:\/\/telocuentavictorhugo.com\/index.php\/author\/plustvpress-com\/"}]}},"_links":{"self":[{"href":"https:\/\/telocuentavictorhugo.com\/index.php\/wp-json\/wp\/v2\/posts\/15347","targetHints":{"allow":["GET"]}}],"collection":[{"href":"https:\/\/telocuentavictorhugo.com\/index.php\/wp-json\/wp\/v2\/posts"}],"about":[{"href":"https:\/\/telocuentavictorhugo.com\/index.php\/wp-json\/wp\/v2\/types\/post"}],"author":[{"embeddable":true,"href":"https:\/\/telocuentavictorhugo.com\/index.php\/wp-json\/wp\/v2\/users\/1"}],"replies":[{"embeddable":true,"href":"https:\/\/telocuentavictorhugo.com\/index.php\/wp-json\/wp\/v2\/comments?post=15347"}],"version-history":[{"count":1,"href":"https:\/\/telocuentavictorhugo.com\/index.php\/wp-json\/wp\/v2\/posts\/15347\/revisions"}],"predecessor-version":[{"id":15353,"href":"https:\/\/telocuentavictorhugo.com\/index.php\/wp-json\/wp\/v2\/posts\/15347\/revisions\/15353"}],"wp:featuredmedia":[{"embeddable":true,"href":"https:\/\/telocuentavictorhugo.com\/index.php\/wp-json\/wp\/v2\/media\/15350"}],"wp:attachment":[{"href":"https:\/\/telocuentavictorhugo.com\/index.php\/wp-json\/wp\/v2\/media?parent=15347"}],"wp:term":[{"taxonomy":"category","embeddable":true,"href":"https:\/\/telocuentavictorhugo.com\/index.php\/wp-json\/wp\/v2\/categories?post=15347"},{"taxonomy":"post_tag","embeddable":true,"href":"https:\/\/telocuentavictorhugo.com\/index.php\/wp-json\/wp\/v2\/tags?post=15347"}],"curies":[{"name":"wp","href":"https:\/\/api.w.org\/{rel}","templated":true}]}}