{"id":15317,"date":"2026-04-29T00:07:01","date_gmt":"2026-04-29T04:07:01","guid":{"rendered":"https:\/\/telocuentavictorhugo.com\/?p=15317"},"modified":"2026-04-29T00:07:04","modified_gmt":"2026-04-29T04:07:04","slug":"la-mitad-de-los-jovenes-de-26-a-34-anos-en-espana-no-pueden-pagar-ni-alquilar-una-vivienda","status":"publish","type":"post","link":"https:\/\/telocuentavictorhugo.com\/index.php\/2026\/04\/29\/la-mitad-de-los-jovenes-de-26-a-34-anos-en-espana-no-pueden-pagar-ni-alquilar-una-vivienda\/","title":{"rendered":"LA MITAD DE LOS J\u00d3VENES DE 26 A 34 A\u00d1OS EN ESPA\u00d1A NO PUEDEN PAGAR NI ALQUILAR, UNA VIVIENDA"},"content":{"rendered":"\n<p>El sue\u00f1o de la casa propia est\u00e1 muerto para toda una generaci\u00f3n. El 47,3% de los j\u00f3venes entre 26 y 34 a\u00f1os que sigue viviendo con sus padres lo hace porque no puede pagar ni un alquiler ni comprar un piso, seg\u00fan la brutal Encuesta de Condiciones de Vida del INE revelada este lunes. Solo un miserable 1,9% dice que podr\u00eda independizarse pero prefiere no hacerlo. El resto est\u00e1 condenado por la falta de dinero. Con precios por las nubes \u20141.900 \u20ac el m\u00b2 de media y 4.000 \u20ac en Madrid o Barcelona\u2014 y sueldos que no alcanzan, el 34,6% no puede ni alquilar y el 12,7% no tiene ni para la entrada de una vivienda. En total, 6,26 millones de personas de 18 a 34 a\u00f1os siguen en casa de sus padres y uno de cada tres no puede emanciparse. El salario medio de 25 a 34 a\u00f1os apenas llega a 2.131 \u20ac brutos y el de menores de 24 incluso baj\u00f3. \u00bfLa \u00fanica salida? Herencias, donaciones o que pap\u00e1 y mam\u00e1 paguen: el 36% de los menores de 30 necesit\u00f3 ayuda familiar para tener techo.<\/p>\n\n\n\n<figure class=\"wp-block-embed is-type-video is-provider-youtube wp-block-embed-youtube wp-embed-aspect-16-9 wp-has-aspect-ratio\"><div class=\"wp-block-embed__wrapper\">\n<iframe title=\"LA MITAD DE LOS J\u00d3VENES DE 26 A 34 A\u00d1OS  EN ESPA\u00d1A NO PUEDEN PAGAR NI ALQUILAR, UNA VIVIENDA\" width=\"800\" height=\"450\" src=\"https:\/\/www.youtube.com\/embed\/9QrjdJiMp8I?feature=oembed\" frameborder=\"0\" allow=\"accelerometer; autoplay; clipboard-write; encrypted-media; gyroscope; picture-in-picture; web-share\" referrerpolicy=\"strict-origin-when-cross-origin\" allowfullscreen><\/iframe>\n<\/div><\/figure>\n","protected":false},"excerpt":{"rendered":"<p>El sue\u00f1o de la casa propia est\u00e1 muerto para toda una generaci\u00f3n. El 47,3% de los j\u00f3venes entre 26 y 34 a\u00f1os que sigue viviendo con sus padres lo hace porque no puede pagar ni un alquiler ni comprar un piso, seg\u00fan la brutal Encuesta de Condiciones de Vida del INE revelada este lunes. Solo [&hellip;]<\/p>\n","protected":false},"author":1,"featured_media":15329,"comment_status":"open","ping_status":"open","sticky":false,"template":"","format":"standard","meta":{"_eb_attr":"","footnotes":""},"categories":[1],"tags":[113,123],"class_list":["post-15317","post","type-post","status-publish","format-standard","has-post-thumbnail","hentry","category-noticias","tag-noticias","tag-sociedad"],"yoast_head":"<!-- This site is optimized with the Yoast SEO plugin v27.4 - https:\/\/yoast.com\/product\/yoast-seo-wordpress\/ -->\n<title>LA MITAD DE LOS J\u00d3VENES DE 26 A 34 A\u00d1OS EN ESPA\u00d1A NO PUEDEN PAGAR NI ALQUILAR, UNA VIVIENDA - Te lo Cuenta Victor<\/title>\n<meta name=\"robots\" content=\"index, follow, max-snippet:-1, max-image-preview:large, max-video-preview:-1\" \/>\n<link rel=\"canonical\" href=\"https:\/\/telocuentavictorhugo.com\/index.php\/2026\/04\/29\/la-mitad-de-los-jovenes-de-26-a-34-anos-en-espana-no-pueden-pagar-ni-alquilar-una-vivienda\/\" \/>\n<meta property=\"og:locale\" content=\"es_ES\" \/>\n<meta property=\"og:type\" content=\"article\" \/>\n<meta property=\"og:title\" content=\"LA MITAD DE LOS J\u00d3VENES DE 26 A 34 A\u00d1OS EN ESPA\u00d1A NO PUEDEN PAGAR NI ALQUILAR, UNA VIVIENDA - Te lo Cuenta Victor\" \/>\n<meta property=\"og:description\" content=\"El sue\u00f1o de la casa propia est\u00e1 muerto para toda una generaci\u00f3n. El 47,3% de los j\u00f3venes entre 26 y 34 a\u00f1os que sigue viviendo con sus padres lo hace porque no puede pagar ni un alquiler ni comprar un piso, seg\u00fan la brutal Encuesta de Condiciones de Vida del INE revelada este lunes. Solo [&hellip;]\" \/>\n<meta property=\"og:url\" content=\"https:\/\/telocuentavictorhugo.com\/index.php\/2026\/04\/29\/la-mitad-de-los-jovenes-de-26-a-34-anos-en-espana-no-pueden-pagar-ni-alquilar-una-vivienda\/\" \/>\n<meta property=\"og:site_name\" content=\"Te lo Cuenta Victor\" \/>\n<meta property=\"article:published_time\" content=\"2026-04-29T04:07:01+00:00\" \/>\n<meta property=\"article:modified_time\" content=\"2026-04-29T04:07:04+00:00\" \/>\n<meta property=\"og:image\" content=\"http:\/\/telocuentavictorhugo.com\/wp-content\/uploads\/2026\/04\/17-7.jpg\" \/>\n\t<meta property=\"og:image:width\" content=\"1316\" \/>\n\t<meta property=\"og:image:height\" content=\"738\" \/>\n\t<meta property=\"og:image:type\" content=\"image\/jpeg\" \/>\n<meta name=\"author\" content=\"telocuentavictorhugo.com\" \/>\n<meta name=\"twitter:card\" content=\"summary_large_image\" \/>\n<meta name=\"twitter:label1\" content=\"Escrito por\" \/>\n\t<meta name=\"twitter:data1\" content=\"telocuentavictorhugo.com\" \/>\n\t<meta name=\"twitter:label2\" content=\"Tiempo de lectura\" \/>\n\t<meta name=\"twitter:data2\" content=\"2 minutos\" \/>\n<script type=\"application\/ld+json\" class=\"yoast-schema-graph\">{\"@context\":\"https:\\\/\\\/schema.org\",\"@graph\":[{\"@type\":\"Article\",\"@id\":\"https:\\\/\\\/telocuentavictorhugo.com\\\/index.php\\\/2026\\\/04\\\/29\\\/la-mitad-de-los-jovenes-de-26-a-34-anos-en-espana-no-pueden-pagar-ni-alquilar-una-vivienda\\\/#article\",\"isPartOf\":{\"@id\":\"https:\\\/\\\/telocuentavictorhugo.com\\\/index.php\\\/2026\\\/04\\\/29\\\/la-mitad-de-los-jovenes-de-26-a-34-anos-en-espana-no-pueden-pagar-ni-alquilar-una-vivienda\\\/\"},\"author\":{\"name\":\"telocuentavictorhugo.com\",\"@id\":\"https:\\\/\\\/telocuentavictorhugo.com\\\/#\\\/schema\\\/person\\\/a8307d7271ba2849b49b562ad8602f06\"},\"headline\":\"LA MITAD DE LOS J\u00d3VENES DE 26 A 34 A\u00d1OS EN ESPA\u00d1A NO PUEDEN PAGAR NI ALQUILAR, UNA VIVIENDA\",\"datePublished\":\"2026-04-29T04:07:01+00:00\",\"dateModified\":\"2026-04-29T04:07:04+00:00\",\"mainEntityOfPage\":{\"@id\":\"https:\\\/\\\/telocuentavictorhugo.com\\\/index.php\\\/2026\\\/04\\\/29\\\/la-mitad-de-los-jovenes-de-26-a-34-anos-en-espana-no-pueden-pagar-ni-alquilar-una-vivienda\\\/\"},\"wordCount\":200,\"commentCount\":0,\"publisher\":{\"@id\":\"https:\\\/\\\/telocuentavictorhugo.com\\\/#organization\"},\"image\":{\"@id\":\"https:\\\/\\\/telocuentavictorhugo.com\\\/index.php\\\/2026\\\/04\\\/29\\\/la-mitad-de-los-jovenes-de-26-a-34-anos-en-espana-no-pueden-pagar-ni-alquilar-una-vivienda\\\/#primaryimage\"},\"thumbnailUrl\":\"https:\\\/\\\/telocuentavictorhugo.com\\\/wp-content\\\/uploads\\\/2026\\\/04\\\/17-7.jpg\",\"keywords\":[\"NOTICIAS\",\"SOCIEDAD\"],\"articleSection\":[\"Noticias\"],\"inLanguage\":\"es\",\"potentialAction\":[{\"@type\":\"CommentAction\",\"name\":\"Comment\",\"target\":[\"https:\\\/\\\/telocuentavictorhugo.com\\\/index.php\\\/2026\\\/04\\\/29\\\/la-mitad-de-los-jovenes-de-26-a-34-anos-en-espana-no-pueden-pagar-ni-alquilar-una-vivienda\\\/#respond\"]}]},{\"@type\":\"WebPage\",\"@id\":\"https:\\\/\\\/telocuentavictorhugo.com\\\/index.php\\\/2026\\\/04\\\/29\\\/la-mitad-de-los-jovenes-de-26-a-34-anos-en-espana-no-pueden-pagar-ni-alquilar-una-vivienda\\\/\",\"url\":\"https:\\\/\\\/telocuentavictorhugo.com\\\/index.php\\\/2026\\\/04\\\/29\\\/la-mitad-de-los-jovenes-de-26-a-34-anos-en-espana-no-pueden-pagar-ni-alquilar-una-vivienda\\\/\",\"name\":\"LA MITAD DE LOS J\u00d3VENES DE 26 A 34 A\u00d1OS EN ESPA\u00d1A NO PUEDEN PAGAR NI ALQUILAR, UNA VIVIENDA - Te lo Cuenta Victor\",\"isPartOf\":{\"@id\":\"https:\\\/\\\/telocuentavictorhugo.com\\\/#website\"},\"primaryImageOfPage\":{\"@id\":\"https:\\\/\\\/telocuentavictorhugo.com\\\/index.php\\\/2026\\\/04\\\/29\\\/la-mitad-de-los-jovenes-de-26-a-34-anos-en-espana-no-pueden-pagar-ni-alquilar-una-vivienda\\\/#primaryimage\"},\"image\":{\"@id\":\"https:\\\/\\\/telocuentavictorhugo.com\\\/index.php\\\/2026\\\/04\\\/29\\\/la-mitad-de-los-jovenes-de-26-a-34-anos-en-espana-no-pueden-pagar-ni-alquilar-una-vivienda\\\/#primaryimage\"},\"thumbnailUrl\":\"https:\\\/\\\/telocuentavictorhugo.com\\\/wp-content\\\/uploads\\\/2026\\\/04\\\/17-7.jpg\",\"datePublished\":\"2026-04-29T04:07:01+00:00\",\"dateModified\":\"2026-04-29T04:07:04+00:00\",\"breadcrumb\":{\"@id\":\"https:\\\/\\\/telocuentavictorhugo.com\\\/index.php\\\/2026\\\/04\\\/29\\\/la-mitad-de-los-jovenes-de-26-a-34-anos-en-espana-no-pueden-pagar-ni-alquilar-una-vivienda\\\/#breadcrumb\"},\"inLanguage\":\"es\",\"potentialAction\":[{\"@type\":\"ReadAction\",\"target\":[\"https:\\\/\\\/telocuentavictorhugo.com\\\/index.php\\\/2026\\\/04\\\/29\\\/la-mitad-de-los-jovenes-de-26-a-34-anos-en-espana-no-pueden-pagar-ni-alquilar-una-vivienda\\\/\"]}]},{\"@type\":\"ImageObject\",\"inLanguage\":\"es\",\"@id\":\"https:\\\/\\\/telocuentavictorhugo.com\\\/index.php\\\/2026\\\/04\\\/29\\\/la-mitad-de-los-jovenes-de-26-a-34-anos-en-espana-no-pueden-pagar-ni-alquilar-una-vivienda\\\/#primaryimage\",\"url\":\"https:\\\/\\\/telocuentavictorhugo.com\\\/wp-content\\\/uploads\\\/2026\\\/04\\\/17-7.jpg\",\"contentUrl\":\"https:\\\/\\\/telocuentavictorhugo.com\\\/wp-content\\\/uploads\\\/2026\\\/04\\\/17-7.jpg\",\"width\":1316,\"height\":738},{\"@type\":\"BreadcrumbList\",\"@id\":\"https:\\\/\\\/telocuentavictorhugo.com\\\/index.php\\\/2026\\\/04\\\/29\\\/la-mitad-de-los-jovenes-de-26-a-34-anos-en-espana-no-pueden-pagar-ni-alquilar-una-vivienda\\\/#breadcrumb\",\"itemListElement\":[{\"@type\":\"ListItem\",\"position\":1,\"name\":\"Portada\",\"item\":\"https:\\\/\\\/telocuentavictorhugo.com\\\/\"},{\"@type\":\"ListItem\",\"position\":2,\"name\":\"LA MITAD DE LOS J\u00d3VENES DE 26 A 34 A\u00d1OS EN ESPA\u00d1A NO PUEDEN PAGAR NI ALQUILAR, UNA VIVIENDA\"}]},{\"@type\":\"WebSite\",\"@id\":\"https:\\\/\\\/telocuentavictorhugo.com\\\/#website\",\"url\":\"https:\\\/\\\/telocuentavictorhugo.com\\\/\",\"name\":\"Te lo Cuenta Victor\",\"description\":\"\",\"publisher\":{\"@id\":\"https:\\\/\\\/telocuentavictorhugo.com\\\/#organization\"},\"potentialAction\":[{\"@type\":\"SearchAction\",\"target\":{\"@type\":\"EntryPoint\",\"urlTemplate\":\"https:\\\/\\\/telocuentavictorhugo.com\\\/?s={search_term_string}\"},\"query-input\":{\"@type\":\"PropertyValueSpecification\",\"valueRequired\":true,\"valueName\":\"search_term_string\"}}],\"inLanguage\":\"es\"},{\"@type\":\"Organization\",\"@id\":\"https:\\\/\\\/telocuentavictorhugo.com\\\/#organization\",\"name\":\"Te lo Cuenta Victor\",\"url\":\"https:\\\/\\\/telocuentavictorhugo.com\\\/\",\"logo\":{\"@type\":\"ImageObject\",\"inLanguage\":\"es\",\"@id\":\"https:\\\/\\\/telocuentavictorhugo.com\\\/#\\\/schema\\\/logo\\\/image\\\/\",\"url\":\"https:\\\/\\\/telocuentavictorhugo.com\\\/wp-content\\\/uploads\\\/2023\\\/12\\\/Logo.png\",\"contentUrl\":\"https:\\\/\\\/telocuentavictorhugo.com\\\/wp-content\\\/uploads\\\/2023\\\/12\\\/Logo.png\",\"width\":1080,\"height\":176,\"caption\":\"Te lo Cuenta Victor\"},\"image\":{\"@id\":\"https:\\\/\\\/telocuentavictorhugo.com\\\/#\\\/schema\\\/logo\\\/image\\\/\"}},{\"@type\":\"Person\",\"@id\":\"https:\\\/\\\/telocuentavictorhugo.com\\\/#\\\/schema\\\/person\\\/a8307d7271ba2849b49b562ad8602f06\",\"name\":\"telocuentavictorhugo.com\",\"image\":{\"@type\":\"ImageObject\",\"inLanguage\":\"es\",\"@id\":\"https:\\\/\\\/secure.gravatar.com\\\/avatar\\\/da212e7b532df19fd2aea5daf46d8c176abfc85521e4b80ed435d7426ef63eb6?s=96&d=mm&r=g\",\"url\":\"https:\\\/\\\/secure.gravatar.com\\\/avatar\\\/da212e7b532df19fd2aea5daf46d8c176abfc85521e4b80ed435d7426ef63eb6?s=96&d=mm&r=g\",\"contentUrl\":\"https:\\\/\\\/secure.gravatar.com\\\/avatar\\\/da212e7b532df19fd2aea5daf46d8c176abfc85521e4b80ed435d7426ef63eb6?s=96&d=mm&r=g\",\"caption\":\"telocuentavictorhugo.com\"},\"sameAs\":[\"http:\\\/\\\/telocuentavictorhugo.com\"],\"url\":\"https:\\\/\\\/telocuentavictorhugo.com\\\/index.php\\\/author\\\/plustvpress-com\\\/\"}]}<\/script>\n<!-- \/ Yoast SEO plugin. -->","yoast_head_json":{"title":"LA MITAD DE LOS J\u00d3VENES DE 26 A 34 A\u00d1OS EN ESPA\u00d1A NO PUEDEN PAGAR NI ALQUILAR, UNA VIVIENDA - Te lo Cuenta Victor","robots":{"index":"index","follow":"follow","max-snippet":"max-snippet:-1","max-image-preview":"max-image-preview:large","max-video-preview":"max-video-preview:-1"},"canonical":"https:\/\/telocuentavictorhugo.com\/index.php\/2026\/04\/29\/la-mitad-de-los-jovenes-de-26-a-34-anos-en-espana-no-pueden-pagar-ni-alquilar-una-vivienda\/","og_locale":"es_ES","og_type":"article","og_title":"LA MITAD DE LOS J\u00d3VENES DE 26 A 34 A\u00d1OS EN ESPA\u00d1A NO PUEDEN PAGAR NI ALQUILAR, UNA VIVIENDA - Te lo Cuenta Victor","og_description":"El sue\u00f1o de la casa propia est\u00e1 muerto para toda una generaci\u00f3n. El 47,3% de los j\u00f3venes entre 26 y 34 a\u00f1os que sigue viviendo con sus padres lo hace porque no puede pagar ni un alquiler ni comprar un piso, seg\u00fan la brutal Encuesta de Condiciones de Vida del INE revelada este lunes. Solo [&hellip;]","og_url":"https:\/\/telocuentavictorhugo.com\/index.php\/2026\/04\/29\/la-mitad-de-los-jovenes-de-26-a-34-anos-en-espana-no-pueden-pagar-ni-alquilar-una-vivienda\/","og_site_name":"Te lo Cuenta Victor","article_published_time":"2026-04-29T04:07:01+00:00","article_modified_time":"2026-04-29T04:07:04+00:00","og_image":[{"width":1316,"height":738,"url":"http:\/\/telocuentavictorhugo.com\/wp-content\/uploads\/2026\/04\/17-7.jpg","type":"image\/jpeg"}],"author":"telocuentavictorhugo.com","twitter_card":"summary_large_image","twitter_misc":{"Escrito por":"telocuentavictorhugo.com","Tiempo de lectura":"2 minutos"},"schema":{"@context":"https:\/\/schema.org","@graph":[{"@type":"Article","@id":"https:\/\/telocuentavictorhugo.com\/index.php\/2026\/04\/29\/la-mitad-de-los-jovenes-de-26-a-34-anos-en-espana-no-pueden-pagar-ni-alquilar-una-vivienda\/#article","isPartOf":{"@id":"https:\/\/telocuentavictorhugo.com\/index.php\/2026\/04\/29\/la-mitad-de-los-jovenes-de-26-a-34-anos-en-espana-no-pueden-pagar-ni-alquilar-una-vivienda\/"},"author":{"name":"telocuentavictorhugo.com","@id":"https:\/\/telocuentavictorhugo.com\/#\/schema\/person\/a8307d7271ba2849b49b562ad8602f06"},"headline":"LA MITAD DE LOS J\u00d3VENES DE 26 A 34 A\u00d1OS EN ESPA\u00d1A NO PUEDEN PAGAR NI ALQUILAR, UNA VIVIENDA","datePublished":"2026-04-29T04:07:01+00:00","dateModified":"2026-04-29T04:07:04+00:00","mainEntityOfPage":{"@id":"https:\/\/telocuentavictorhugo.com\/index.php\/2026\/04\/29\/la-mitad-de-los-jovenes-de-26-a-34-anos-en-espana-no-pueden-pagar-ni-alquilar-una-vivienda\/"},"wordCount":200,"commentCount":0,"publisher":{"@id":"https:\/\/telocuentavictorhugo.com\/#organization"},"image":{"@id":"https:\/\/telocuentavictorhugo.com\/index.php\/2026\/04\/29\/la-mitad-de-los-jovenes-de-26-a-34-anos-en-espana-no-pueden-pagar-ni-alquilar-una-vivienda\/#primaryimage"},"thumbnailUrl":"https:\/\/telocuentavictorhugo.com\/wp-content\/uploads\/2026\/04\/17-7.jpg","keywords":["NOTICIAS","SOCIEDAD"],"articleSection":["Noticias"],"inLanguage":"es","potentialAction":[{"@type":"CommentAction","name":"Comment","target":["https:\/\/telocuentavictorhugo.com\/index.php\/2026\/04\/29\/la-mitad-de-los-jovenes-de-26-a-34-anos-en-espana-no-pueden-pagar-ni-alquilar-una-vivienda\/#respond"]}]},{"@type":"WebPage","@id":"https:\/\/telocuentavictorhugo.com\/index.php\/2026\/04\/29\/la-mitad-de-los-jovenes-de-26-a-34-anos-en-espana-no-pueden-pagar-ni-alquilar-una-vivienda\/","url":"https:\/\/telocuentavictorhugo.com\/index.php\/2026\/04\/29\/la-mitad-de-los-jovenes-de-26-a-34-anos-en-espana-no-pueden-pagar-ni-alquilar-una-vivienda\/","name":"LA MITAD DE LOS J\u00d3VENES DE 26 A 34 A\u00d1OS EN ESPA\u00d1A NO PUEDEN PAGAR NI ALQUILAR, UNA VIVIENDA - Te lo Cuenta Victor","isPartOf":{"@id":"https:\/\/telocuentavictorhugo.com\/#website"},"primaryImageOfPage":{"@id":"https:\/\/telocuentavictorhugo.com\/index.php\/2026\/04\/29\/la-mitad-de-los-jovenes-de-26-a-34-anos-en-espana-no-pueden-pagar-ni-alquilar-una-vivienda\/#primaryimage"},"image":{"@id":"https:\/\/telocuentavictorhugo.com\/index.php\/2026\/04\/29\/la-mitad-de-los-jovenes-de-26-a-34-anos-en-espana-no-pueden-pagar-ni-alquilar-una-vivienda\/#primaryimage"},"thumbnailUrl":"https:\/\/telocuentavictorhugo.com\/wp-content\/uploads\/2026\/04\/17-7.jpg","datePublished":"2026-04-29T04:07:01+00:00","dateModified":"2026-04-29T04:07:04+00:00","breadcrumb":{"@id":"https:\/\/telocuentavictorhugo.com\/index.php\/2026\/04\/29\/la-mitad-de-los-jovenes-de-26-a-34-anos-en-espana-no-pueden-pagar-ni-alquilar-una-vivienda\/#breadcrumb"},"inLanguage":"es","potentialAction":[{"@type":"ReadAction","target":["https:\/\/telocuentavictorhugo.com\/index.php\/2026\/04\/29\/la-mitad-de-los-jovenes-de-26-a-34-anos-en-espana-no-pueden-pagar-ni-alquilar-una-vivienda\/"]}]},{"@type":"ImageObject","inLanguage":"es","@id":"https:\/\/telocuentavictorhugo.com\/index.php\/2026\/04\/29\/la-mitad-de-los-jovenes-de-26-a-34-anos-en-espana-no-pueden-pagar-ni-alquilar-una-vivienda\/#primaryimage","url":"https:\/\/telocuentavictorhugo.com\/wp-content\/uploads\/2026\/04\/17-7.jpg","contentUrl":"https:\/\/telocuentavictorhugo.com\/wp-content\/uploads\/2026\/04\/17-7.jpg","width":1316,"height":738},{"@type":"BreadcrumbList","@id":"https:\/\/telocuentavictorhugo.com\/index.php\/2026\/04\/29\/la-mitad-de-los-jovenes-de-26-a-34-anos-en-espana-no-pueden-pagar-ni-alquilar-una-vivienda\/#breadcrumb","itemListElement":[{"@type":"ListItem","position":1,"name":"Portada","item":"https:\/\/telocuentavictorhugo.com\/"},{"@type":"ListItem","position":2,"name":"LA MITAD DE LOS J\u00d3VENES DE 26 A 34 A\u00d1OS EN ESPA\u00d1A NO PUEDEN PAGAR NI ALQUILAR, UNA VIVIENDA"}]},{"@type":"WebSite","@id":"https:\/\/telocuentavictorhugo.com\/#website","url":"https:\/\/telocuentavictorhugo.com\/","name":"Te lo Cuenta Victor","description":"","publisher":{"@id":"https:\/\/telocuentavictorhugo.com\/#organization"},"potentialAction":[{"@type":"SearchAction","target":{"@type":"EntryPoint","urlTemplate":"https:\/\/telocuentavictorhugo.com\/?s={search_term_string}"},"query-input":{"@type":"PropertyValueSpecification","valueRequired":true,"valueName":"search_term_string"}}],"inLanguage":"es"},{"@type":"Organization","@id":"https:\/\/telocuentavictorhugo.com\/#organization","name":"Te lo Cuenta Victor","url":"https:\/\/telocuentavictorhugo.com\/","logo":{"@type":"ImageObject","inLanguage":"es","@id":"https:\/\/telocuentavictorhugo.com\/#\/schema\/logo\/image\/","url":"https:\/\/telocuentavictorhugo.com\/wp-content\/uploads\/2023\/12\/Logo.png","contentUrl":"https:\/\/telocuentavictorhugo.com\/wp-content\/uploads\/2023\/12\/Logo.png","width":1080,"height":176,"caption":"Te lo Cuenta Victor"},"image":{"@id":"https:\/\/telocuentavictorhugo.com\/#\/schema\/logo\/image\/"}},{"@type":"Person","@id":"https:\/\/telocuentavictorhugo.com\/#\/schema\/person\/a8307d7271ba2849b49b562ad8602f06","name":"telocuentavictorhugo.com","image":{"@type":"ImageObject","inLanguage":"es","@id":"https:\/\/secure.gravatar.com\/avatar\/da212e7b532df19fd2aea5daf46d8c176abfc85521e4b80ed435d7426ef63eb6?s=96&d=mm&r=g","url":"https:\/\/secure.gravatar.com\/avatar\/da212e7b532df19fd2aea5daf46d8c176abfc85521e4b80ed435d7426ef63eb6?s=96&d=mm&r=g","contentUrl":"https:\/\/secure.gravatar.com\/avatar\/da212e7b532df19fd2aea5daf46d8c176abfc85521e4b80ed435d7426ef63eb6?s=96&d=mm&r=g","caption":"telocuentavictorhugo.com"},"sameAs":["http:\/\/telocuentavictorhugo.com"],"url":"https:\/\/telocuentavictorhugo.com\/index.php\/author\/plustvpress-com\/"}]}},"_links":{"self":[{"href":"https:\/\/telocuentavictorhugo.com\/index.php\/wp-json\/wp\/v2\/posts\/15317","targetHints":{"allow":["GET"]}}],"collection":[{"href":"https:\/\/telocuentavictorhugo.com\/index.php\/wp-json\/wp\/v2\/posts"}],"about":[{"href":"https:\/\/telocuentavictorhugo.com\/index.php\/wp-json\/wp\/v2\/types\/post"}],"author":[{"embeddable":true,"href":"https:\/\/telocuentavictorhugo.com\/index.php\/wp-json\/wp\/v2\/users\/1"}],"replies":[{"embeddable":true,"href":"https:\/\/telocuentavictorhugo.com\/index.php\/wp-json\/wp\/v2\/comments?post=15317"}],"version-history":[{"count":1,"href":"https:\/\/telocuentavictorhugo.com\/index.php\/wp-json\/wp\/v2\/posts\/15317\/revisions"}],"predecessor-version":[{"id":15341,"href":"https:\/\/telocuentavictorhugo.com\/index.php\/wp-json\/wp\/v2\/posts\/15317\/revisions\/15341"}],"wp:featuredmedia":[{"embeddable":true,"href":"https:\/\/telocuentavictorhugo.com\/index.php\/wp-json\/wp\/v2\/media\/15329"}],"wp:attachment":[{"href":"https:\/\/telocuentavictorhugo.com\/index.php\/wp-json\/wp\/v2\/media?parent=15317"}],"wp:term":[{"taxonomy":"category","embeddable":true,"href":"https:\/\/telocuentavictorhugo.com\/index.php\/wp-json\/wp\/v2\/categories?post=15317"},{"taxonomy":"post_tag","embeddable":true,"href":"https:\/\/telocuentavictorhugo.com\/index.php\/wp-json\/wp\/v2\/tags?post=15317"}],"curies":[{"name":"wp","href":"https:\/\/api.w.org\/{rel}","templated":true}]}}