{"id":15315,"date":"2026-04-29T00:06:58","date_gmt":"2026-04-29T04:06:58","guid":{"rendered":"https:\/\/telocuentavictorhugo.com\/?p=15315"},"modified":"2026-04-29T00:07:00","modified_gmt":"2026-04-29T04:07:00","slug":"a-la-marcha-indigena-campesina-se-suma-mineros-y-csutcb-y-ya-esta-por-llegar-a-la-paz","status":"publish","type":"post","link":"https:\/\/telocuentavictorhugo.com\/index.php\/2026\/04\/29\/a-la-marcha-indigena-campesina-se-suma-mineros-y-csutcb-y-ya-esta-por-llegar-a-la-paz\/","title":{"rendered":"A LA MARCHA IND\u00cdGENA-CAMPESINA, SE SUMA MINEROS Y CSUTCB, Y YA EST\u00c1 POR LLEGAR A LA PAZ"},"content":{"rendered":"\n<p>La marcha que parti\u00f3 el 8 de abril desde El Sena, Pando, ya lleva 19 d\u00edas en las carreteras y no hay quien la frene. Tres intentos de di\u00e1logo con viceministros y hasta con el Defensor del Pueblo, Pedro Callisaya, fracasaron en Rurrenabaque y Collana. Ahora la columna engrosa sus filas: 300 campesinos de San Ignacio de Moxos, la CSUTCB y los mineros de la FSTMB que prometieron apoyo moral, material, log\u00edstico y presencia org\u00e1nica desde este lunes. Ya en Caranavi y a solo 167 km de La Paz, los marchistas exigen al Gobierno abrogar la Ley 1720, aprobada el mismo d\u00eda que arranc\u00f3 la protesta. Denuncian que la norma abre la puerta al latifundio al permitir que la peque\u00f1a propiedad pase a mediana en 10 d\u00edas con solo una carta. \u201cEl Gobierno no es originario y nos quiere someter\u201d, lanzaron desde la CSUTCB. El Ejecutivo est\u00e1 contra las cuerdas mientras la presi\u00f3n sube.<\/p>\n\n\n\n<figure class=\"wp-block-embed is-type-video is-provider-youtube wp-block-embed-youtube wp-embed-aspect-16-9 wp-has-aspect-ratio\"><div class=\"wp-block-embed__wrapper\">\n<iframe title=\"A LA MARCHA IND\u00cdGENA-CAMPESINA, SE SUMA MINEROS Y CSUTCB, Y YA EST\u00c1 POR LLEGAR A LA PAZ\" width=\"800\" height=\"450\" src=\"https:\/\/www.youtube.com\/embed\/Z_lrRyejFOo?feature=oembed\" frameborder=\"0\" allow=\"accelerometer; autoplay; clipboard-write; encrypted-media; gyroscope; picture-in-picture; web-share\" referrerpolicy=\"strict-origin-when-cross-origin\" allowfullscreen><\/iframe>\n<\/div><\/figure>\n","protected":false},"excerpt":{"rendered":"<p>La marcha que parti\u00f3 el 8 de abril desde El Sena, Pando, ya lleva 19 d\u00edas en las carreteras y no hay quien la frene. Tres intentos de di\u00e1logo con viceministros y hasta con el Defensor del Pueblo, Pedro Callisaya, fracasaron en Rurrenabaque y Collana. Ahora la columna engrosa sus filas: 300 campesinos de San [&hellip;]<\/p>\n","protected":false},"author":1,"featured_media":15327,"comment_status":"open","ping_status":"open","sticky":false,"template":"","format":"standard","meta":{"_eb_attr":"","footnotes":""},"categories":[1],"tags":[113,114,123],"class_list":["post-15315","post","type-post","status-publish","format-standard","has-post-thumbnail","hentry","category-noticias","tag-noticias","tag-politica","tag-sociedad"],"yoast_head":"<!-- This site is optimized with the Yoast SEO plugin v27.4 - https:\/\/yoast.com\/product\/yoast-seo-wordpress\/ -->\n<title>A LA MARCHA IND\u00cdGENA-CAMPESINA, SE SUMA MINEROS Y CSUTCB, Y YA EST\u00c1 POR LLEGAR A LA PAZ - Te lo Cuenta Victor<\/title>\n<meta name=\"robots\" content=\"index, follow, max-snippet:-1, max-image-preview:large, max-video-preview:-1\" \/>\n<link rel=\"canonical\" href=\"https:\/\/telocuentavictorhugo.com\/index.php\/2026\/04\/29\/a-la-marcha-indigena-campesina-se-suma-mineros-y-csutcb-y-ya-esta-por-llegar-a-la-paz\/\" \/>\n<meta property=\"og:locale\" content=\"es_ES\" \/>\n<meta property=\"og:type\" content=\"article\" \/>\n<meta property=\"og:title\" content=\"A LA MARCHA IND\u00cdGENA-CAMPESINA, SE SUMA MINEROS Y CSUTCB, Y YA EST\u00c1 POR LLEGAR A LA PAZ - Te lo Cuenta Victor\" \/>\n<meta property=\"og:description\" content=\"La marcha que parti\u00f3 el 8 de abril desde El Sena, Pando, ya lleva 19 d\u00edas en las carreteras y no hay quien la frene. Tres intentos de di\u00e1logo con viceministros y hasta con el Defensor del Pueblo, Pedro Callisaya, fracasaron en Rurrenabaque y Collana. Ahora la columna engrosa sus filas: 300 campesinos de San [&hellip;]\" \/>\n<meta property=\"og:url\" content=\"https:\/\/telocuentavictorhugo.com\/index.php\/2026\/04\/29\/a-la-marcha-indigena-campesina-se-suma-mineros-y-csutcb-y-ya-esta-por-llegar-a-la-paz\/\" \/>\n<meta property=\"og:site_name\" content=\"Te lo Cuenta Victor\" \/>\n<meta property=\"article:published_time\" content=\"2026-04-29T04:06:58+00:00\" \/>\n<meta property=\"article:modified_time\" content=\"2026-04-29T04:07:00+00:00\" \/>\n<meta property=\"og:image\" content=\"http:\/\/telocuentavictorhugo.com\/wp-content\/uploads\/2026\/04\/15-7.jpg\" \/>\n\t<meta property=\"og:image:width\" content=\"1312\" \/>\n\t<meta property=\"og:image:height\" content=\"730\" \/>\n\t<meta property=\"og:image:type\" content=\"image\/jpeg\" \/>\n<meta name=\"author\" content=\"telocuentavictorhugo.com\" \/>\n<meta name=\"twitter:card\" content=\"summary_large_image\" \/>\n<meta name=\"twitter:label1\" content=\"Escrito por\" \/>\n\t<meta name=\"twitter:data1\" content=\"telocuentavictorhugo.com\" \/>\n\t<meta name=\"twitter:label2\" content=\"Tiempo de lectura\" \/>\n\t<meta name=\"twitter:data2\" content=\"1 minuto\" \/>\n<script type=\"application\/ld+json\" class=\"yoast-schema-graph\">{\"@context\":\"https:\\\/\\\/schema.org\",\"@graph\":[{\"@type\":\"Article\",\"@id\":\"https:\\\/\\\/telocuentavictorhugo.com\\\/index.php\\\/2026\\\/04\\\/29\\\/a-la-marcha-indigena-campesina-se-suma-mineros-y-csutcb-y-ya-esta-por-llegar-a-la-paz\\\/#article\",\"isPartOf\":{\"@id\":\"https:\\\/\\\/telocuentavictorhugo.com\\\/index.php\\\/2026\\\/04\\\/29\\\/a-la-marcha-indigena-campesina-se-suma-mineros-y-csutcb-y-ya-esta-por-llegar-a-la-paz\\\/\"},\"author\":{\"name\":\"telocuentavictorhugo.com\",\"@id\":\"https:\\\/\\\/telocuentavictorhugo.com\\\/#\\\/schema\\\/person\\\/a8307d7271ba2849b49b562ad8602f06\"},\"headline\":\"A LA MARCHA IND\u00cdGENA-CAMPESINA, SE SUMA MINEROS Y CSUTCB, Y YA EST\u00c1 POR LLEGAR A LA PAZ\",\"datePublished\":\"2026-04-29T04:06:58+00:00\",\"dateModified\":\"2026-04-29T04:07:00+00:00\",\"mainEntityOfPage\":{\"@id\":\"https:\\\/\\\/telocuentavictorhugo.com\\\/index.php\\\/2026\\\/04\\\/29\\\/a-la-marcha-indigena-campesina-se-suma-mineros-y-csutcb-y-ya-esta-por-llegar-a-la-paz\\\/\"},\"wordCount\":179,\"commentCount\":0,\"publisher\":{\"@id\":\"https:\\\/\\\/telocuentavictorhugo.com\\\/#organization\"},\"image\":{\"@id\":\"https:\\\/\\\/telocuentavictorhugo.com\\\/index.php\\\/2026\\\/04\\\/29\\\/a-la-marcha-indigena-campesina-se-suma-mineros-y-csutcb-y-ya-esta-por-llegar-a-la-paz\\\/#primaryimage\"},\"thumbnailUrl\":\"https:\\\/\\\/telocuentavictorhugo.com\\\/wp-content\\\/uploads\\\/2026\\\/04\\\/15-7.jpg\",\"keywords\":[\"NOTICIAS\",\"POL\u00cdTICA\",\"SOCIEDAD\"],\"articleSection\":[\"Noticias\"],\"inLanguage\":\"es\",\"potentialAction\":[{\"@type\":\"CommentAction\",\"name\":\"Comment\",\"target\":[\"https:\\\/\\\/telocuentavictorhugo.com\\\/index.php\\\/2026\\\/04\\\/29\\\/a-la-marcha-indigena-campesina-se-suma-mineros-y-csutcb-y-ya-esta-por-llegar-a-la-paz\\\/#respond\"]}]},{\"@type\":\"WebPage\",\"@id\":\"https:\\\/\\\/telocuentavictorhugo.com\\\/index.php\\\/2026\\\/04\\\/29\\\/a-la-marcha-indigena-campesina-se-suma-mineros-y-csutcb-y-ya-esta-por-llegar-a-la-paz\\\/\",\"url\":\"https:\\\/\\\/telocuentavictorhugo.com\\\/index.php\\\/2026\\\/04\\\/29\\\/a-la-marcha-indigena-campesina-se-suma-mineros-y-csutcb-y-ya-esta-por-llegar-a-la-paz\\\/\",\"name\":\"A LA MARCHA IND\u00cdGENA-CAMPESINA, SE SUMA MINEROS Y CSUTCB, Y YA EST\u00c1 POR LLEGAR A LA PAZ - Te lo Cuenta Victor\",\"isPartOf\":{\"@id\":\"https:\\\/\\\/telocuentavictorhugo.com\\\/#website\"},\"primaryImageOfPage\":{\"@id\":\"https:\\\/\\\/telocuentavictorhugo.com\\\/index.php\\\/2026\\\/04\\\/29\\\/a-la-marcha-indigena-campesina-se-suma-mineros-y-csutcb-y-ya-esta-por-llegar-a-la-paz\\\/#primaryimage\"},\"image\":{\"@id\":\"https:\\\/\\\/telocuentavictorhugo.com\\\/index.php\\\/2026\\\/04\\\/29\\\/a-la-marcha-indigena-campesina-se-suma-mineros-y-csutcb-y-ya-esta-por-llegar-a-la-paz\\\/#primaryimage\"},\"thumbnailUrl\":\"https:\\\/\\\/telocuentavictorhugo.com\\\/wp-content\\\/uploads\\\/2026\\\/04\\\/15-7.jpg\",\"datePublished\":\"2026-04-29T04:06:58+00:00\",\"dateModified\":\"2026-04-29T04:07:00+00:00\",\"breadcrumb\":{\"@id\":\"https:\\\/\\\/telocuentavictorhugo.com\\\/index.php\\\/2026\\\/04\\\/29\\\/a-la-marcha-indigena-campesina-se-suma-mineros-y-csutcb-y-ya-esta-por-llegar-a-la-paz\\\/#breadcrumb\"},\"inLanguage\":\"es\",\"potentialAction\":[{\"@type\":\"ReadAction\",\"target\":[\"https:\\\/\\\/telocuentavictorhugo.com\\\/index.php\\\/2026\\\/04\\\/29\\\/a-la-marcha-indigena-campesina-se-suma-mineros-y-csutcb-y-ya-esta-por-llegar-a-la-paz\\\/\"]}]},{\"@type\":\"ImageObject\",\"inLanguage\":\"es\",\"@id\":\"https:\\\/\\\/telocuentavictorhugo.com\\\/index.php\\\/2026\\\/04\\\/29\\\/a-la-marcha-indigena-campesina-se-suma-mineros-y-csutcb-y-ya-esta-por-llegar-a-la-paz\\\/#primaryimage\",\"url\":\"https:\\\/\\\/telocuentavictorhugo.com\\\/wp-content\\\/uploads\\\/2026\\\/04\\\/15-7.jpg\",\"contentUrl\":\"https:\\\/\\\/telocuentavictorhugo.com\\\/wp-content\\\/uploads\\\/2026\\\/04\\\/15-7.jpg\",\"width\":1312,\"height\":730},{\"@type\":\"BreadcrumbList\",\"@id\":\"https:\\\/\\\/telocuentavictorhugo.com\\\/index.php\\\/2026\\\/04\\\/29\\\/a-la-marcha-indigena-campesina-se-suma-mineros-y-csutcb-y-ya-esta-por-llegar-a-la-paz\\\/#breadcrumb\",\"itemListElement\":[{\"@type\":\"ListItem\",\"position\":1,\"name\":\"Portada\",\"item\":\"https:\\\/\\\/telocuentavictorhugo.com\\\/\"},{\"@type\":\"ListItem\",\"position\":2,\"name\":\"A LA MARCHA IND\u00cdGENA-CAMPESINA, SE SUMA MINEROS Y CSUTCB, Y YA EST\u00c1 POR LLEGAR A LA PAZ\"}]},{\"@type\":\"WebSite\",\"@id\":\"https:\\\/\\\/telocuentavictorhugo.com\\\/#website\",\"url\":\"https:\\\/\\\/telocuentavictorhugo.com\\\/\",\"name\":\"Te lo Cuenta Victor\",\"description\":\"\",\"publisher\":{\"@id\":\"https:\\\/\\\/telocuentavictorhugo.com\\\/#organization\"},\"potentialAction\":[{\"@type\":\"SearchAction\",\"target\":{\"@type\":\"EntryPoint\",\"urlTemplate\":\"https:\\\/\\\/telocuentavictorhugo.com\\\/?s={search_term_string}\"},\"query-input\":{\"@type\":\"PropertyValueSpecification\",\"valueRequired\":true,\"valueName\":\"search_term_string\"}}],\"inLanguage\":\"es\"},{\"@type\":\"Organization\",\"@id\":\"https:\\\/\\\/telocuentavictorhugo.com\\\/#organization\",\"name\":\"Te lo Cuenta Victor\",\"url\":\"https:\\\/\\\/telocuentavictorhugo.com\\\/\",\"logo\":{\"@type\":\"ImageObject\",\"inLanguage\":\"es\",\"@id\":\"https:\\\/\\\/telocuentavictorhugo.com\\\/#\\\/schema\\\/logo\\\/image\\\/\",\"url\":\"https:\\\/\\\/telocuentavictorhugo.com\\\/wp-content\\\/uploads\\\/2023\\\/12\\\/Logo.png\",\"contentUrl\":\"https:\\\/\\\/telocuentavictorhugo.com\\\/wp-content\\\/uploads\\\/2023\\\/12\\\/Logo.png\",\"width\":1080,\"height\":176,\"caption\":\"Te lo Cuenta Victor\"},\"image\":{\"@id\":\"https:\\\/\\\/telocuentavictorhugo.com\\\/#\\\/schema\\\/logo\\\/image\\\/\"}},{\"@type\":\"Person\",\"@id\":\"https:\\\/\\\/telocuentavictorhugo.com\\\/#\\\/schema\\\/person\\\/a8307d7271ba2849b49b562ad8602f06\",\"name\":\"telocuentavictorhugo.com\",\"image\":{\"@type\":\"ImageObject\",\"inLanguage\":\"es\",\"@id\":\"https:\\\/\\\/secure.gravatar.com\\\/avatar\\\/da212e7b532df19fd2aea5daf46d8c176abfc85521e4b80ed435d7426ef63eb6?s=96&d=mm&r=g\",\"url\":\"https:\\\/\\\/secure.gravatar.com\\\/avatar\\\/da212e7b532df19fd2aea5daf46d8c176abfc85521e4b80ed435d7426ef63eb6?s=96&d=mm&r=g\",\"contentUrl\":\"https:\\\/\\\/secure.gravatar.com\\\/avatar\\\/da212e7b532df19fd2aea5daf46d8c176abfc85521e4b80ed435d7426ef63eb6?s=96&d=mm&r=g\",\"caption\":\"telocuentavictorhugo.com\"},\"sameAs\":[\"http:\\\/\\\/telocuentavictorhugo.com\"],\"url\":\"https:\\\/\\\/telocuentavictorhugo.com\\\/index.php\\\/author\\\/plustvpress-com\\\/\"}]}<\/script>\n<!-- \/ Yoast SEO plugin. -->","yoast_head_json":{"title":"A LA MARCHA IND\u00cdGENA-CAMPESINA, SE SUMA MINEROS Y CSUTCB, Y YA EST\u00c1 POR LLEGAR A LA PAZ - Te lo Cuenta Victor","robots":{"index":"index","follow":"follow","max-snippet":"max-snippet:-1","max-image-preview":"max-image-preview:large","max-video-preview":"max-video-preview:-1"},"canonical":"https:\/\/telocuentavictorhugo.com\/index.php\/2026\/04\/29\/a-la-marcha-indigena-campesina-se-suma-mineros-y-csutcb-y-ya-esta-por-llegar-a-la-paz\/","og_locale":"es_ES","og_type":"article","og_title":"A LA MARCHA IND\u00cdGENA-CAMPESINA, SE SUMA MINEROS Y CSUTCB, Y YA EST\u00c1 POR LLEGAR A LA PAZ - Te lo Cuenta Victor","og_description":"La marcha que parti\u00f3 el 8 de abril desde El Sena, Pando, ya lleva 19 d\u00edas en las carreteras y no hay quien la frene. Tres intentos de di\u00e1logo con viceministros y hasta con el Defensor del Pueblo, Pedro Callisaya, fracasaron en Rurrenabaque y Collana. Ahora la columna engrosa sus filas: 300 campesinos de San [&hellip;]","og_url":"https:\/\/telocuentavictorhugo.com\/index.php\/2026\/04\/29\/a-la-marcha-indigena-campesina-se-suma-mineros-y-csutcb-y-ya-esta-por-llegar-a-la-paz\/","og_site_name":"Te lo Cuenta Victor","article_published_time":"2026-04-29T04:06:58+00:00","article_modified_time":"2026-04-29T04:07:00+00:00","og_image":[{"width":1312,"height":730,"url":"http:\/\/telocuentavictorhugo.com\/wp-content\/uploads\/2026\/04\/15-7.jpg","type":"image\/jpeg"}],"author":"telocuentavictorhugo.com","twitter_card":"summary_large_image","twitter_misc":{"Escrito por":"telocuentavictorhugo.com","Tiempo de lectura":"1 minuto"},"schema":{"@context":"https:\/\/schema.org","@graph":[{"@type":"Article","@id":"https:\/\/telocuentavictorhugo.com\/index.php\/2026\/04\/29\/a-la-marcha-indigena-campesina-se-suma-mineros-y-csutcb-y-ya-esta-por-llegar-a-la-paz\/#article","isPartOf":{"@id":"https:\/\/telocuentavictorhugo.com\/index.php\/2026\/04\/29\/a-la-marcha-indigena-campesina-se-suma-mineros-y-csutcb-y-ya-esta-por-llegar-a-la-paz\/"},"author":{"name":"telocuentavictorhugo.com","@id":"https:\/\/telocuentavictorhugo.com\/#\/schema\/person\/a8307d7271ba2849b49b562ad8602f06"},"headline":"A LA MARCHA IND\u00cdGENA-CAMPESINA, SE SUMA MINEROS Y CSUTCB, Y YA EST\u00c1 POR LLEGAR A LA PAZ","datePublished":"2026-04-29T04:06:58+00:00","dateModified":"2026-04-29T04:07:00+00:00","mainEntityOfPage":{"@id":"https:\/\/telocuentavictorhugo.com\/index.php\/2026\/04\/29\/a-la-marcha-indigena-campesina-se-suma-mineros-y-csutcb-y-ya-esta-por-llegar-a-la-paz\/"},"wordCount":179,"commentCount":0,"publisher":{"@id":"https:\/\/telocuentavictorhugo.com\/#organization"},"image":{"@id":"https:\/\/telocuentavictorhugo.com\/index.php\/2026\/04\/29\/a-la-marcha-indigena-campesina-se-suma-mineros-y-csutcb-y-ya-esta-por-llegar-a-la-paz\/#primaryimage"},"thumbnailUrl":"https:\/\/telocuentavictorhugo.com\/wp-content\/uploads\/2026\/04\/15-7.jpg","keywords":["NOTICIAS","POL\u00cdTICA","SOCIEDAD"],"articleSection":["Noticias"],"inLanguage":"es","potentialAction":[{"@type":"CommentAction","name":"Comment","target":["https:\/\/telocuentavictorhugo.com\/index.php\/2026\/04\/29\/a-la-marcha-indigena-campesina-se-suma-mineros-y-csutcb-y-ya-esta-por-llegar-a-la-paz\/#respond"]}]},{"@type":"WebPage","@id":"https:\/\/telocuentavictorhugo.com\/index.php\/2026\/04\/29\/a-la-marcha-indigena-campesina-se-suma-mineros-y-csutcb-y-ya-esta-por-llegar-a-la-paz\/","url":"https:\/\/telocuentavictorhugo.com\/index.php\/2026\/04\/29\/a-la-marcha-indigena-campesina-se-suma-mineros-y-csutcb-y-ya-esta-por-llegar-a-la-paz\/","name":"A LA MARCHA IND\u00cdGENA-CAMPESINA, SE SUMA MINEROS Y CSUTCB, Y YA EST\u00c1 POR LLEGAR A LA PAZ - Te lo Cuenta Victor","isPartOf":{"@id":"https:\/\/telocuentavictorhugo.com\/#website"},"primaryImageOfPage":{"@id":"https:\/\/telocuentavictorhugo.com\/index.php\/2026\/04\/29\/a-la-marcha-indigena-campesina-se-suma-mineros-y-csutcb-y-ya-esta-por-llegar-a-la-paz\/#primaryimage"},"image":{"@id":"https:\/\/telocuentavictorhugo.com\/index.php\/2026\/04\/29\/a-la-marcha-indigena-campesina-se-suma-mineros-y-csutcb-y-ya-esta-por-llegar-a-la-paz\/#primaryimage"},"thumbnailUrl":"https:\/\/telocuentavictorhugo.com\/wp-content\/uploads\/2026\/04\/15-7.jpg","datePublished":"2026-04-29T04:06:58+00:00","dateModified":"2026-04-29T04:07:00+00:00","breadcrumb":{"@id":"https:\/\/telocuentavictorhugo.com\/index.php\/2026\/04\/29\/a-la-marcha-indigena-campesina-se-suma-mineros-y-csutcb-y-ya-esta-por-llegar-a-la-paz\/#breadcrumb"},"inLanguage":"es","potentialAction":[{"@type":"ReadAction","target":["https:\/\/telocuentavictorhugo.com\/index.php\/2026\/04\/29\/a-la-marcha-indigena-campesina-se-suma-mineros-y-csutcb-y-ya-esta-por-llegar-a-la-paz\/"]}]},{"@type":"ImageObject","inLanguage":"es","@id":"https:\/\/telocuentavictorhugo.com\/index.php\/2026\/04\/29\/a-la-marcha-indigena-campesina-se-suma-mineros-y-csutcb-y-ya-esta-por-llegar-a-la-paz\/#primaryimage","url":"https:\/\/telocuentavictorhugo.com\/wp-content\/uploads\/2026\/04\/15-7.jpg","contentUrl":"https:\/\/telocuentavictorhugo.com\/wp-content\/uploads\/2026\/04\/15-7.jpg","width":1312,"height":730},{"@type":"BreadcrumbList","@id":"https:\/\/telocuentavictorhugo.com\/index.php\/2026\/04\/29\/a-la-marcha-indigena-campesina-se-suma-mineros-y-csutcb-y-ya-esta-por-llegar-a-la-paz\/#breadcrumb","itemListElement":[{"@type":"ListItem","position":1,"name":"Portada","item":"https:\/\/telocuentavictorhugo.com\/"},{"@type":"ListItem","position":2,"name":"A LA MARCHA IND\u00cdGENA-CAMPESINA, SE SUMA MINEROS Y CSUTCB, Y YA EST\u00c1 POR LLEGAR A LA PAZ"}]},{"@type":"WebSite","@id":"https:\/\/telocuentavictorhugo.com\/#website","url":"https:\/\/telocuentavictorhugo.com\/","name":"Te lo Cuenta Victor","description":"","publisher":{"@id":"https:\/\/telocuentavictorhugo.com\/#organization"},"potentialAction":[{"@type":"SearchAction","target":{"@type":"EntryPoint","urlTemplate":"https:\/\/telocuentavictorhugo.com\/?s={search_term_string}"},"query-input":{"@type":"PropertyValueSpecification","valueRequired":true,"valueName":"search_term_string"}}],"inLanguage":"es"},{"@type":"Organization","@id":"https:\/\/telocuentavictorhugo.com\/#organization","name":"Te lo Cuenta Victor","url":"https:\/\/telocuentavictorhugo.com\/","logo":{"@type":"ImageObject","inLanguage":"es","@id":"https:\/\/telocuentavictorhugo.com\/#\/schema\/logo\/image\/","url":"https:\/\/telocuentavictorhugo.com\/wp-content\/uploads\/2023\/12\/Logo.png","contentUrl":"https:\/\/telocuentavictorhugo.com\/wp-content\/uploads\/2023\/12\/Logo.png","width":1080,"height":176,"caption":"Te lo Cuenta Victor"},"image":{"@id":"https:\/\/telocuentavictorhugo.com\/#\/schema\/logo\/image\/"}},{"@type":"Person","@id":"https:\/\/telocuentavictorhugo.com\/#\/schema\/person\/a8307d7271ba2849b49b562ad8602f06","name":"telocuentavictorhugo.com","image":{"@type":"ImageObject","inLanguage":"es","@id":"https:\/\/secure.gravatar.com\/avatar\/da212e7b532df19fd2aea5daf46d8c176abfc85521e4b80ed435d7426ef63eb6?s=96&d=mm&r=g","url":"https:\/\/secure.gravatar.com\/avatar\/da212e7b532df19fd2aea5daf46d8c176abfc85521e4b80ed435d7426ef63eb6?s=96&d=mm&r=g","contentUrl":"https:\/\/secure.gravatar.com\/avatar\/da212e7b532df19fd2aea5daf46d8c176abfc85521e4b80ed435d7426ef63eb6?s=96&d=mm&r=g","caption":"telocuentavictorhugo.com"},"sameAs":["http:\/\/telocuentavictorhugo.com"],"url":"https:\/\/telocuentavictorhugo.com\/index.php\/author\/plustvpress-com\/"}]}},"_links":{"self":[{"href":"https:\/\/telocuentavictorhugo.com\/index.php\/wp-json\/wp\/v2\/posts\/15315","targetHints":{"allow":["GET"]}}],"collection":[{"href":"https:\/\/telocuentavictorhugo.com\/index.php\/wp-json\/wp\/v2\/posts"}],"about":[{"href":"https:\/\/telocuentavictorhugo.com\/index.php\/wp-json\/wp\/v2\/types\/post"}],"author":[{"embeddable":true,"href":"https:\/\/telocuentavictorhugo.com\/index.php\/wp-json\/wp\/v2\/users\/1"}],"replies":[{"embeddable":true,"href":"https:\/\/telocuentavictorhugo.com\/index.php\/wp-json\/wp\/v2\/comments?post=15315"}],"version-history":[{"count":1,"href":"https:\/\/telocuentavictorhugo.com\/index.php\/wp-json\/wp\/v2\/posts\/15315\/revisions"}],"predecessor-version":[{"id":15339,"href":"https:\/\/telocuentavictorhugo.com\/index.php\/wp-json\/wp\/v2\/posts\/15315\/revisions\/15339"}],"wp:featuredmedia":[{"embeddable":true,"href":"https:\/\/telocuentavictorhugo.com\/index.php\/wp-json\/wp\/v2\/media\/15327"}],"wp:attachment":[{"href":"https:\/\/telocuentavictorhugo.com\/index.php\/wp-json\/wp\/v2\/media?parent=15315"}],"wp:term":[{"taxonomy":"category","embeddable":true,"href":"https:\/\/telocuentavictorhugo.com\/index.php\/wp-json\/wp\/v2\/categories?post=15315"},{"taxonomy":"post_tag","embeddable":true,"href":"https:\/\/telocuentavictorhugo.com\/index.php\/wp-json\/wp\/v2\/tags?post=15315"}],"curies":[{"name":"wp","href":"https:\/\/api.w.org\/{rel}","templated":true}]}}