{"id":15290,"date":"2026-04-28T23:24:47","date_gmt":"2026-04-29T03:24:47","guid":{"rendered":"https:\/\/telocuentavictorhugo.com\/?p=15290"},"modified":"2026-04-28T23:24:50","modified_gmt":"2026-04-29T03:24:50","slug":"recuperan-14-armas-robadas-de-la-armada-ya-hay-aprehendidos","status":"publish","type":"post","link":"https:\/\/telocuentavictorhugo.com\/index.php\/2026\/04\/28\/recuperan-14-armas-robadas-de-la-armada-ya-hay-aprehendidos\/","title":{"rendered":"RECUPERAN 14 ARMAS ROBADAS DE LA ARMADA , YA HAY APREHENDIDOS"},"content":{"rendered":"\n<p>La Armada y la Polic\u00eda asestaron este lunes un golpe al crimen tras recuperar 14 de las 17 armas de guerra robadas la madrugada del domingo del Batall\u00f3n de Infanter\u00eda de Marina VI \u201cIndependencia\u201d en Chua Cocani, La Paz. El director de la FELCC, Henry Pinto, confirm\u00f3 que hallaron 10 armas largas y 4 cortas, pero a\u00fan faltan 1 fusil y 2 pistolas. Hay 6 aprehendidos y 3 arrestados, todos ligados a la Armada. El caso explot\u00f3 por la traici\u00f3n desde adentro: un marinero recibi\u00f3 una llamada sospechosa, lleg\u00f3 tarde a su unidad e intent\u00f3 ocultar su celular antes de confesar. La Polic\u00eda revel\u00f3 que el armamento robado ten\u00eda destino sangriento: la miner\u00eda ilegal en Sorata, donde hace d\u00edas se registraron ataques armados. El robo, que vulner\u00f3 un recinto militar, se castiga con hasta 30 a\u00f1os de c\u00e1rcel para uniformados.<\/p>\n\n\n\n<figure class=\"wp-block-embed is-type-video is-provider-youtube wp-block-embed-youtube wp-embed-aspect-16-9 wp-has-aspect-ratio\"><div class=\"wp-block-embed__wrapper\">\n<iframe title=\"RECUPERAN 14 ARMAS ROBADAS DE LA ARMADA , YA HAY APREHENDIDOS \" width=\"800\" height=\"450\" src=\"https:\/\/www.youtube.com\/embed\/9UDaX8NDP5M?feature=oembed\" frameborder=\"0\" allow=\"accelerometer; autoplay; clipboard-write; encrypted-media; gyroscope; picture-in-picture; web-share\" referrerpolicy=\"strict-origin-when-cross-origin\" allowfullscreen><\/iframe>\n<\/div><\/figure>\n","protected":false},"excerpt":{"rendered":"<p>La Armada y la Polic\u00eda asestaron este lunes un golpe al crimen tras recuperar 14 de las 17 armas de guerra robadas la madrugada del domingo del Batall\u00f3n de Infanter\u00eda de Marina VI \u201cIndependencia\u201d en Chua Cocani, La Paz. El director de la FELCC, Henry Pinto, confirm\u00f3 que hallaron 10 armas largas y 4 cortas, [&hellip;]<\/p>\n","protected":false},"author":1,"featured_media":15300,"comment_status":"open","ping_status":"open","sticky":false,"template":"","format":"standard","meta":{"_eb_attr":"","footnotes":""},"categories":[1],"tags":[113,116],"class_list":["post-15290","post","type-post","status-publish","format-standard","has-post-thumbnail","hentry","category-noticias","tag-noticias","tag-seguridad"],"yoast_head":"<!-- This site is optimized with the Yoast SEO plugin v27.4 - https:\/\/yoast.com\/product\/yoast-seo-wordpress\/ -->\n<title>RECUPERAN 14 ARMAS ROBADAS DE LA ARMADA , YA HAY APREHENDIDOS - Te lo Cuenta Victor<\/title>\n<meta name=\"robots\" content=\"index, follow, max-snippet:-1, max-image-preview:large, max-video-preview:-1\" \/>\n<link rel=\"canonical\" href=\"https:\/\/telocuentavictorhugo.com\/index.php\/2026\/04\/28\/recuperan-14-armas-robadas-de-la-armada-ya-hay-aprehendidos\/\" \/>\n<meta property=\"og:locale\" content=\"es_ES\" \/>\n<meta property=\"og:type\" content=\"article\" \/>\n<meta property=\"og:title\" content=\"RECUPERAN 14 ARMAS ROBADAS DE LA ARMADA , YA HAY APREHENDIDOS - Te lo Cuenta Victor\" \/>\n<meta property=\"og:description\" content=\"La Armada y la Polic\u00eda asestaron este lunes un golpe al crimen tras recuperar 14 de las 17 armas de guerra robadas la madrugada del domingo del Batall\u00f3n de Infanter\u00eda de Marina VI \u201cIndependencia\u201d en Chua Cocani, La Paz. El director de la FELCC, Henry Pinto, confirm\u00f3 que hallaron 10 armas largas y 4 cortas, [&hellip;]\" \/>\n<meta property=\"og:url\" content=\"https:\/\/telocuentavictorhugo.com\/index.php\/2026\/04\/28\/recuperan-14-armas-robadas-de-la-armada-ya-hay-aprehendidos\/\" \/>\n<meta property=\"og:site_name\" content=\"Te lo Cuenta Victor\" \/>\n<meta property=\"article:published_time\" content=\"2026-04-29T03:24:47+00:00\" \/>\n<meta property=\"article:modified_time\" content=\"2026-04-29T03:24:50+00:00\" \/>\n<meta property=\"og:image\" content=\"http:\/\/telocuentavictorhugo.com\/wp-content\/uploads\/2026\/04\/10-9.jpg\" \/>\n\t<meta property=\"og:image:width\" content=\"1395\" \/>\n\t<meta property=\"og:image:height\" content=\"775\" \/>\n\t<meta property=\"og:image:type\" content=\"image\/jpeg\" \/>\n<meta name=\"author\" content=\"telocuentavictorhugo.com\" \/>\n<meta name=\"twitter:card\" content=\"summary_large_image\" \/>\n<meta name=\"twitter:label1\" content=\"Escrito por\" \/>\n\t<meta name=\"twitter:data1\" content=\"telocuentavictorhugo.com\" \/>\n\t<meta name=\"twitter:label2\" content=\"Tiempo de lectura\" \/>\n\t<meta name=\"twitter:data2\" content=\"1 minuto\" \/>\n<script type=\"application\/ld+json\" class=\"yoast-schema-graph\">{\"@context\":\"https:\\\/\\\/schema.org\",\"@graph\":[{\"@type\":\"Article\",\"@id\":\"https:\\\/\\\/telocuentavictorhugo.com\\\/index.php\\\/2026\\\/04\\\/28\\\/recuperan-14-armas-robadas-de-la-armada-ya-hay-aprehendidos\\\/#article\",\"isPartOf\":{\"@id\":\"https:\\\/\\\/telocuentavictorhugo.com\\\/index.php\\\/2026\\\/04\\\/28\\\/recuperan-14-armas-robadas-de-la-armada-ya-hay-aprehendidos\\\/\"},\"author\":{\"name\":\"telocuentavictorhugo.com\",\"@id\":\"https:\\\/\\\/telocuentavictorhugo.com\\\/#\\\/schema\\\/person\\\/a8307d7271ba2849b49b562ad8602f06\"},\"headline\":\"RECUPERAN 14 ARMAS ROBADAS DE LA ARMADA , YA HAY APREHENDIDOS\",\"datePublished\":\"2026-04-29T03:24:47+00:00\",\"dateModified\":\"2026-04-29T03:24:50+00:00\",\"mainEntityOfPage\":{\"@id\":\"https:\\\/\\\/telocuentavictorhugo.com\\\/index.php\\\/2026\\\/04\\\/28\\\/recuperan-14-armas-robadas-de-la-armada-ya-hay-aprehendidos\\\/\"},\"wordCount\":157,\"commentCount\":0,\"publisher\":{\"@id\":\"https:\\\/\\\/telocuentavictorhugo.com\\\/#organization\"},\"image\":{\"@id\":\"https:\\\/\\\/telocuentavictorhugo.com\\\/index.php\\\/2026\\\/04\\\/28\\\/recuperan-14-armas-robadas-de-la-armada-ya-hay-aprehendidos\\\/#primaryimage\"},\"thumbnailUrl\":\"https:\\\/\\\/telocuentavictorhugo.com\\\/wp-content\\\/uploads\\\/2026\\\/04\\\/10-9.jpg\",\"keywords\":[\"NOTICIAS\",\"SEGURIDAD\"],\"articleSection\":[\"Noticias\"],\"inLanguage\":\"es\",\"potentialAction\":[{\"@type\":\"CommentAction\",\"name\":\"Comment\",\"target\":[\"https:\\\/\\\/telocuentavictorhugo.com\\\/index.php\\\/2026\\\/04\\\/28\\\/recuperan-14-armas-robadas-de-la-armada-ya-hay-aprehendidos\\\/#respond\"]}]},{\"@type\":\"WebPage\",\"@id\":\"https:\\\/\\\/telocuentavictorhugo.com\\\/index.php\\\/2026\\\/04\\\/28\\\/recuperan-14-armas-robadas-de-la-armada-ya-hay-aprehendidos\\\/\",\"url\":\"https:\\\/\\\/telocuentavictorhugo.com\\\/index.php\\\/2026\\\/04\\\/28\\\/recuperan-14-armas-robadas-de-la-armada-ya-hay-aprehendidos\\\/\",\"name\":\"RECUPERAN 14 ARMAS ROBADAS DE LA ARMADA , YA HAY APREHENDIDOS - Te lo Cuenta Victor\",\"isPartOf\":{\"@id\":\"https:\\\/\\\/telocuentavictorhugo.com\\\/#website\"},\"primaryImageOfPage\":{\"@id\":\"https:\\\/\\\/telocuentavictorhugo.com\\\/index.php\\\/2026\\\/04\\\/28\\\/recuperan-14-armas-robadas-de-la-armada-ya-hay-aprehendidos\\\/#primaryimage\"},\"image\":{\"@id\":\"https:\\\/\\\/telocuentavictorhugo.com\\\/index.php\\\/2026\\\/04\\\/28\\\/recuperan-14-armas-robadas-de-la-armada-ya-hay-aprehendidos\\\/#primaryimage\"},\"thumbnailUrl\":\"https:\\\/\\\/telocuentavictorhugo.com\\\/wp-content\\\/uploads\\\/2026\\\/04\\\/10-9.jpg\",\"datePublished\":\"2026-04-29T03:24:47+00:00\",\"dateModified\":\"2026-04-29T03:24:50+00:00\",\"breadcrumb\":{\"@id\":\"https:\\\/\\\/telocuentavictorhugo.com\\\/index.php\\\/2026\\\/04\\\/28\\\/recuperan-14-armas-robadas-de-la-armada-ya-hay-aprehendidos\\\/#breadcrumb\"},\"inLanguage\":\"es\",\"potentialAction\":[{\"@type\":\"ReadAction\",\"target\":[\"https:\\\/\\\/telocuentavictorhugo.com\\\/index.php\\\/2026\\\/04\\\/28\\\/recuperan-14-armas-robadas-de-la-armada-ya-hay-aprehendidos\\\/\"]}]},{\"@type\":\"ImageObject\",\"inLanguage\":\"es\",\"@id\":\"https:\\\/\\\/telocuentavictorhugo.com\\\/index.php\\\/2026\\\/04\\\/28\\\/recuperan-14-armas-robadas-de-la-armada-ya-hay-aprehendidos\\\/#primaryimage\",\"url\":\"https:\\\/\\\/telocuentavictorhugo.com\\\/wp-content\\\/uploads\\\/2026\\\/04\\\/10-9.jpg\",\"contentUrl\":\"https:\\\/\\\/telocuentavictorhugo.com\\\/wp-content\\\/uploads\\\/2026\\\/04\\\/10-9.jpg\",\"width\":1395,\"height\":775},{\"@type\":\"BreadcrumbList\",\"@id\":\"https:\\\/\\\/telocuentavictorhugo.com\\\/index.php\\\/2026\\\/04\\\/28\\\/recuperan-14-armas-robadas-de-la-armada-ya-hay-aprehendidos\\\/#breadcrumb\",\"itemListElement\":[{\"@type\":\"ListItem\",\"position\":1,\"name\":\"Portada\",\"item\":\"https:\\\/\\\/telocuentavictorhugo.com\\\/\"},{\"@type\":\"ListItem\",\"position\":2,\"name\":\"RECUPERAN 14 ARMAS ROBADAS DE LA ARMADA , YA HAY APREHENDIDOS\"}]},{\"@type\":\"WebSite\",\"@id\":\"https:\\\/\\\/telocuentavictorhugo.com\\\/#website\",\"url\":\"https:\\\/\\\/telocuentavictorhugo.com\\\/\",\"name\":\"Te lo Cuenta Victor\",\"description\":\"\",\"publisher\":{\"@id\":\"https:\\\/\\\/telocuentavictorhugo.com\\\/#organization\"},\"potentialAction\":[{\"@type\":\"SearchAction\",\"target\":{\"@type\":\"EntryPoint\",\"urlTemplate\":\"https:\\\/\\\/telocuentavictorhugo.com\\\/?s={search_term_string}\"},\"query-input\":{\"@type\":\"PropertyValueSpecification\",\"valueRequired\":true,\"valueName\":\"search_term_string\"}}],\"inLanguage\":\"es\"},{\"@type\":\"Organization\",\"@id\":\"https:\\\/\\\/telocuentavictorhugo.com\\\/#organization\",\"name\":\"Te lo Cuenta Victor\",\"url\":\"https:\\\/\\\/telocuentavictorhugo.com\\\/\",\"logo\":{\"@type\":\"ImageObject\",\"inLanguage\":\"es\",\"@id\":\"https:\\\/\\\/telocuentavictorhugo.com\\\/#\\\/schema\\\/logo\\\/image\\\/\",\"url\":\"https:\\\/\\\/telocuentavictorhugo.com\\\/wp-content\\\/uploads\\\/2023\\\/12\\\/Logo.png\",\"contentUrl\":\"https:\\\/\\\/telocuentavictorhugo.com\\\/wp-content\\\/uploads\\\/2023\\\/12\\\/Logo.png\",\"width\":1080,\"height\":176,\"caption\":\"Te lo Cuenta Victor\"},\"image\":{\"@id\":\"https:\\\/\\\/telocuentavictorhugo.com\\\/#\\\/schema\\\/logo\\\/image\\\/\"}},{\"@type\":\"Person\",\"@id\":\"https:\\\/\\\/telocuentavictorhugo.com\\\/#\\\/schema\\\/person\\\/a8307d7271ba2849b49b562ad8602f06\",\"name\":\"telocuentavictorhugo.com\",\"image\":{\"@type\":\"ImageObject\",\"inLanguage\":\"es\",\"@id\":\"https:\\\/\\\/secure.gravatar.com\\\/avatar\\\/da212e7b532df19fd2aea5daf46d8c176abfc85521e4b80ed435d7426ef63eb6?s=96&d=mm&r=g\",\"url\":\"https:\\\/\\\/secure.gravatar.com\\\/avatar\\\/da212e7b532df19fd2aea5daf46d8c176abfc85521e4b80ed435d7426ef63eb6?s=96&d=mm&r=g\",\"contentUrl\":\"https:\\\/\\\/secure.gravatar.com\\\/avatar\\\/da212e7b532df19fd2aea5daf46d8c176abfc85521e4b80ed435d7426ef63eb6?s=96&d=mm&r=g\",\"caption\":\"telocuentavictorhugo.com\"},\"sameAs\":[\"http:\\\/\\\/telocuentavictorhugo.com\"],\"url\":\"https:\\\/\\\/telocuentavictorhugo.com\\\/index.php\\\/author\\\/plustvpress-com\\\/\"}]}<\/script>\n<!-- \/ Yoast SEO plugin. -->","yoast_head_json":{"title":"RECUPERAN 14 ARMAS ROBADAS DE LA ARMADA , YA HAY APREHENDIDOS - Te lo Cuenta Victor","robots":{"index":"index","follow":"follow","max-snippet":"max-snippet:-1","max-image-preview":"max-image-preview:large","max-video-preview":"max-video-preview:-1"},"canonical":"https:\/\/telocuentavictorhugo.com\/index.php\/2026\/04\/28\/recuperan-14-armas-robadas-de-la-armada-ya-hay-aprehendidos\/","og_locale":"es_ES","og_type":"article","og_title":"RECUPERAN 14 ARMAS ROBADAS DE LA ARMADA , YA HAY APREHENDIDOS - Te lo Cuenta Victor","og_description":"La Armada y la Polic\u00eda asestaron este lunes un golpe al crimen tras recuperar 14 de las 17 armas de guerra robadas la madrugada del domingo del Batall\u00f3n de Infanter\u00eda de Marina VI \u201cIndependencia\u201d en Chua Cocani, La Paz. El director de la FELCC, Henry Pinto, confirm\u00f3 que hallaron 10 armas largas y 4 cortas, [&hellip;]","og_url":"https:\/\/telocuentavictorhugo.com\/index.php\/2026\/04\/28\/recuperan-14-armas-robadas-de-la-armada-ya-hay-aprehendidos\/","og_site_name":"Te lo Cuenta Victor","article_published_time":"2026-04-29T03:24:47+00:00","article_modified_time":"2026-04-29T03:24:50+00:00","og_image":[{"width":1395,"height":775,"url":"http:\/\/telocuentavictorhugo.com\/wp-content\/uploads\/2026\/04\/10-9.jpg","type":"image\/jpeg"}],"author":"telocuentavictorhugo.com","twitter_card":"summary_large_image","twitter_misc":{"Escrito por":"telocuentavictorhugo.com","Tiempo de lectura":"1 minuto"},"schema":{"@context":"https:\/\/schema.org","@graph":[{"@type":"Article","@id":"https:\/\/telocuentavictorhugo.com\/index.php\/2026\/04\/28\/recuperan-14-armas-robadas-de-la-armada-ya-hay-aprehendidos\/#article","isPartOf":{"@id":"https:\/\/telocuentavictorhugo.com\/index.php\/2026\/04\/28\/recuperan-14-armas-robadas-de-la-armada-ya-hay-aprehendidos\/"},"author":{"name":"telocuentavictorhugo.com","@id":"https:\/\/telocuentavictorhugo.com\/#\/schema\/person\/a8307d7271ba2849b49b562ad8602f06"},"headline":"RECUPERAN 14 ARMAS ROBADAS DE LA ARMADA , YA HAY APREHENDIDOS","datePublished":"2026-04-29T03:24:47+00:00","dateModified":"2026-04-29T03:24:50+00:00","mainEntityOfPage":{"@id":"https:\/\/telocuentavictorhugo.com\/index.php\/2026\/04\/28\/recuperan-14-armas-robadas-de-la-armada-ya-hay-aprehendidos\/"},"wordCount":157,"commentCount":0,"publisher":{"@id":"https:\/\/telocuentavictorhugo.com\/#organization"},"image":{"@id":"https:\/\/telocuentavictorhugo.com\/index.php\/2026\/04\/28\/recuperan-14-armas-robadas-de-la-armada-ya-hay-aprehendidos\/#primaryimage"},"thumbnailUrl":"https:\/\/telocuentavictorhugo.com\/wp-content\/uploads\/2026\/04\/10-9.jpg","keywords":["NOTICIAS","SEGURIDAD"],"articleSection":["Noticias"],"inLanguage":"es","potentialAction":[{"@type":"CommentAction","name":"Comment","target":["https:\/\/telocuentavictorhugo.com\/index.php\/2026\/04\/28\/recuperan-14-armas-robadas-de-la-armada-ya-hay-aprehendidos\/#respond"]}]},{"@type":"WebPage","@id":"https:\/\/telocuentavictorhugo.com\/index.php\/2026\/04\/28\/recuperan-14-armas-robadas-de-la-armada-ya-hay-aprehendidos\/","url":"https:\/\/telocuentavictorhugo.com\/index.php\/2026\/04\/28\/recuperan-14-armas-robadas-de-la-armada-ya-hay-aprehendidos\/","name":"RECUPERAN 14 ARMAS ROBADAS DE LA ARMADA , YA HAY APREHENDIDOS - Te lo Cuenta Victor","isPartOf":{"@id":"https:\/\/telocuentavictorhugo.com\/#website"},"primaryImageOfPage":{"@id":"https:\/\/telocuentavictorhugo.com\/index.php\/2026\/04\/28\/recuperan-14-armas-robadas-de-la-armada-ya-hay-aprehendidos\/#primaryimage"},"image":{"@id":"https:\/\/telocuentavictorhugo.com\/index.php\/2026\/04\/28\/recuperan-14-armas-robadas-de-la-armada-ya-hay-aprehendidos\/#primaryimage"},"thumbnailUrl":"https:\/\/telocuentavictorhugo.com\/wp-content\/uploads\/2026\/04\/10-9.jpg","datePublished":"2026-04-29T03:24:47+00:00","dateModified":"2026-04-29T03:24:50+00:00","breadcrumb":{"@id":"https:\/\/telocuentavictorhugo.com\/index.php\/2026\/04\/28\/recuperan-14-armas-robadas-de-la-armada-ya-hay-aprehendidos\/#breadcrumb"},"inLanguage":"es","potentialAction":[{"@type":"ReadAction","target":["https:\/\/telocuentavictorhugo.com\/index.php\/2026\/04\/28\/recuperan-14-armas-robadas-de-la-armada-ya-hay-aprehendidos\/"]}]},{"@type":"ImageObject","inLanguage":"es","@id":"https:\/\/telocuentavictorhugo.com\/index.php\/2026\/04\/28\/recuperan-14-armas-robadas-de-la-armada-ya-hay-aprehendidos\/#primaryimage","url":"https:\/\/telocuentavictorhugo.com\/wp-content\/uploads\/2026\/04\/10-9.jpg","contentUrl":"https:\/\/telocuentavictorhugo.com\/wp-content\/uploads\/2026\/04\/10-9.jpg","width":1395,"height":775},{"@type":"BreadcrumbList","@id":"https:\/\/telocuentavictorhugo.com\/index.php\/2026\/04\/28\/recuperan-14-armas-robadas-de-la-armada-ya-hay-aprehendidos\/#breadcrumb","itemListElement":[{"@type":"ListItem","position":1,"name":"Portada","item":"https:\/\/telocuentavictorhugo.com\/"},{"@type":"ListItem","position":2,"name":"RECUPERAN 14 ARMAS ROBADAS DE LA ARMADA , YA HAY APREHENDIDOS"}]},{"@type":"WebSite","@id":"https:\/\/telocuentavictorhugo.com\/#website","url":"https:\/\/telocuentavictorhugo.com\/","name":"Te lo Cuenta Victor","description":"","publisher":{"@id":"https:\/\/telocuentavictorhugo.com\/#organization"},"potentialAction":[{"@type":"SearchAction","target":{"@type":"EntryPoint","urlTemplate":"https:\/\/telocuentavictorhugo.com\/?s={search_term_string}"},"query-input":{"@type":"PropertyValueSpecification","valueRequired":true,"valueName":"search_term_string"}}],"inLanguage":"es"},{"@type":"Organization","@id":"https:\/\/telocuentavictorhugo.com\/#organization","name":"Te lo Cuenta Victor","url":"https:\/\/telocuentavictorhugo.com\/","logo":{"@type":"ImageObject","inLanguage":"es","@id":"https:\/\/telocuentavictorhugo.com\/#\/schema\/logo\/image\/","url":"https:\/\/telocuentavictorhugo.com\/wp-content\/uploads\/2023\/12\/Logo.png","contentUrl":"https:\/\/telocuentavictorhugo.com\/wp-content\/uploads\/2023\/12\/Logo.png","width":1080,"height":176,"caption":"Te lo Cuenta Victor"},"image":{"@id":"https:\/\/telocuentavictorhugo.com\/#\/schema\/logo\/image\/"}},{"@type":"Person","@id":"https:\/\/telocuentavictorhugo.com\/#\/schema\/person\/a8307d7271ba2849b49b562ad8602f06","name":"telocuentavictorhugo.com","image":{"@type":"ImageObject","inLanguage":"es","@id":"https:\/\/secure.gravatar.com\/avatar\/da212e7b532df19fd2aea5daf46d8c176abfc85521e4b80ed435d7426ef63eb6?s=96&d=mm&r=g","url":"https:\/\/secure.gravatar.com\/avatar\/da212e7b532df19fd2aea5daf46d8c176abfc85521e4b80ed435d7426ef63eb6?s=96&d=mm&r=g","contentUrl":"https:\/\/secure.gravatar.com\/avatar\/da212e7b532df19fd2aea5daf46d8c176abfc85521e4b80ed435d7426ef63eb6?s=96&d=mm&r=g","caption":"telocuentavictorhugo.com"},"sameAs":["http:\/\/telocuentavictorhugo.com"],"url":"https:\/\/telocuentavictorhugo.com\/index.php\/author\/plustvpress-com\/"}]}},"_links":{"self":[{"href":"https:\/\/telocuentavictorhugo.com\/index.php\/wp-json\/wp\/v2\/posts\/15290","targetHints":{"allow":["GET"]}}],"collection":[{"href":"https:\/\/telocuentavictorhugo.com\/index.php\/wp-json\/wp\/v2\/posts"}],"about":[{"href":"https:\/\/telocuentavictorhugo.com\/index.php\/wp-json\/wp\/v2\/types\/post"}],"author":[{"embeddable":true,"href":"https:\/\/telocuentavictorhugo.com\/index.php\/wp-json\/wp\/v2\/users\/1"}],"replies":[{"embeddable":true,"href":"https:\/\/telocuentavictorhugo.com\/index.php\/wp-json\/wp\/v2\/comments?post=15290"}],"version-history":[{"count":1,"href":"https:\/\/telocuentavictorhugo.com\/index.php\/wp-json\/wp\/v2\/posts\/15290\/revisions"}],"predecessor-version":[{"id":15310,"href":"https:\/\/telocuentavictorhugo.com\/index.php\/wp-json\/wp\/v2\/posts\/15290\/revisions\/15310"}],"wp:featuredmedia":[{"embeddable":true,"href":"https:\/\/telocuentavictorhugo.com\/index.php\/wp-json\/wp\/v2\/media\/15300"}],"wp:attachment":[{"href":"https:\/\/telocuentavictorhugo.com\/index.php\/wp-json\/wp\/v2\/media?parent=15290"}],"wp:term":[{"taxonomy":"category","embeddable":true,"href":"https:\/\/telocuentavictorhugo.com\/index.php\/wp-json\/wp\/v2\/categories?post=15290"},{"taxonomy":"post_tag","embeddable":true,"href":"https:\/\/telocuentavictorhugo.com\/index.php\/wp-json\/wp\/v2\/tags?post=15290"}],"curies":[{"name":"wp","href":"https:\/\/api.w.org\/{rel}","templated":true}]}}