{"id":15289,"date":"2026-04-28T23:24:46","date_gmt":"2026-04-29T03:24:46","guid":{"rendered":"https:\/\/telocuentavictorhugo.com\/?p=15289"},"modified":"2026-04-28T23:24:48","modified_gmt":"2026-04-29T03:24:48","slug":"el-robo-en-la-casa-de-eva-copa-la-alcaldesa-de-el-alto-pide-dejen-de-politizar-su-dificil-momento","status":"publish","type":"post","link":"https:\/\/telocuentavictorhugo.com\/index.php\/2026\/04\/28\/el-robo-en-la-casa-de-eva-copa-la-alcaldesa-de-el-alto-pide-dejen-de-politizar-su-dificil-momento\/","title":{"rendered":"EL ROBO EN LA CASA DE EVA COPA, LA ALCALDESA DE EL ALTO PIDE DEJEN DE POLITIZAR SU DIF\u00cdCIL MOMENTO"},"content":{"rendered":"\n<p>Acongojada y con la voz quebrada, la alcaldesa de El Alto, Eva Copa, sali\u00f3 este lunes a desmentir a gritos el \u201cshow medi\u00e1tico\u201d armado tras el robo a su vivienda. Neg\u00f3 que se llevaran un cami\u00f3n de cosas, cajas fuertes o relojes de lujo y acus\u00f3 a algunos medios de magnificar montos con titulares de \u201cgran golpe\u201d y \u201crobo millonario\u201d solo para cazar likes en redes. \u201cHablan de cosas que no tienen nada que ver. No soy la \u00fanica que vive ah\u00ed y tampoco todo lo robado era m\u00edo\u201d, dispar\u00f3. Copa confirm\u00f3 que el atraco del fin de semana fue quir\u00fargico: delincuentes vulneraron todo su sistema de seguridad y se llevaron dinero, joyas y objetos de valor mientras su familia estaba ausente. Aunque evit\u00f3 dar cifras para no entorpecer la investigaci\u00f3n, pidi\u00f3 no politizar el caso y denunci\u00f3 una ola de odio en redes donde la etiquetan con sarcasmo. \u201cNo me parece justo lo que se hace con la desgracia de otros\u201d, sentenci\u00f3 tras revelar que la denuncia la hizo un familiar.<\/p>\n\n\n\n<figure class=\"wp-block-embed is-type-video is-provider-youtube wp-block-embed-youtube wp-embed-aspect-16-9 wp-has-aspect-ratio\"><div class=\"wp-block-embed__wrapper\">\n<iframe title=\"EL ROBO EN LA CASA DE EVA COPA, LA ALCALDESA DE EL ALTO PIDE DEJEN DE POLITIZAR SU DIF\u00cdCIL MOMENTO \" width=\"800\" height=\"450\" src=\"https:\/\/www.youtube.com\/embed\/9zeeHbHQJxQ?feature=oembed\" frameborder=\"0\" allow=\"accelerometer; autoplay; clipboard-write; encrypted-media; gyroscope; picture-in-picture; web-share\" referrerpolicy=\"strict-origin-when-cross-origin\" allowfullscreen><\/iframe>\n<\/div><\/figure>\n","protected":false},"excerpt":{"rendered":"<p>Acongojada y con la voz quebrada, la alcaldesa de El Alto, Eva Copa, sali\u00f3 este lunes a desmentir a gritos el \u201cshow medi\u00e1tico\u201d armado tras el robo a su vivienda. Neg\u00f3 que se llevaran un cami\u00f3n de cosas, cajas fuertes o relojes de lujo y acus\u00f3 a algunos medios de magnificar montos con titulares de [&hellip;]<\/p>\n","protected":false},"author":1,"featured_media":15299,"comment_status":"open","ping_status":"open","sticky":false,"template":"","format":"standard","meta":{"_eb_attr":"","footnotes":""},"categories":[1],"tags":[113,114,116],"class_list":["post-15289","post","type-post","status-publish","format-standard","has-post-thumbnail","hentry","category-noticias","tag-noticias","tag-politica","tag-seguridad"],"yoast_head":"<!-- This site is optimized with the Yoast SEO plugin v27.4 - https:\/\/yoast.com\/product\/yoast-seo-wordpress\/ -->\n<title>EL ROBO EN LA CASA DE EVA COPA, LA ALCALDESA DE EL ALTO PIDE DEJEN DE POLITIZAR SU DIF\u00cdCIL MOMENTO - Te lo Cuenta Victor<\/title>\n<meta name=\"robots\" content=\"index, follow, max-snippet:-1, max-image-preview:large, max-video-preview:-1\" \/>\n<link rel=\"canonical\" href=\"https:\/\/telocuentavictorhugo.com\/index.php\/2026\/04\/28\/el-robo-en-la-casa-de-eva-copa-la-alcaldesa-de-el-alto-pide-dejen-de-politizar-su-dificil-momento\/\" \/>\n<meta property=\"og:locale\" content=\"es_ES\" \/>\n<meta property=\"og:type\" content=\"article\" \/>\n<meta property=\"og:title\" content=\"EL ROBO EN LA CASA DE EVA COPA, LA ALCALDESA DE EL ALTO PIDE DEJEN DE POLITIZAR SU DIF\u00cdCIL MOMENTO - Te lo Cuenta Victor\" \/>\n<meta property=\"og:description\" content=\"Acongojada y con la voz quebrada, la alcaldesa de El Alto, Eva Copa, sali\u00f3 este lunes a desmentir a gritos el \u201cshow medi\u00e1tico\u201d armado tras el robo a su vivienda. Neg\u00f3 que se llevaran un cami\u00f3n de cosas, cajas fuertes o relojes de lujo y acus\u00f3 a algunos medios de magnificar montos con titulares de [&hellip;]\" \/>\n<meta property=\"og:url\" content=\"https:\/\/telocuentavictorhugo.com\/index.php\/2026\/04\/28\/el-robo-en-la-casa-de-eva-copa-la-alcaldesa-de-el-alto-pide-dejen-de-politizar-su-dificil-momento\/\" \/>\n<meta property=\"og:site_name\" content=\"Te lo Cuenta Victor\" \/>\n<meta property=\"article:published_time\" content=\"2026-04-29T03:24:46+00:00\" \/>\n<meta property=\"article:modified_time\" content=\"2026-04-29T03:24:48+00:00\" \/>\n<meta property=\"og:image\" content=\"http:\/\/telocuentavictorhugo.com\/wp-content\/uploads\/2026\/04\/9-9.jpg\" \/>\n\t<meta property=\"og:image:width\" content=\"1384\" \/>\n\t<meta property=\"og:image:height\" content=\"765\" \/>\n\t<meta property=\"og:image:type\" content=\"image\/jpeg\" \/>\n<meta name=\"author\" content=\"telocuentavictorhugo.com\" \/>\n<meta name=\"twitter:card\" content=\"summary_large_image\" \/>\n<meta name=\"twitter:label1\" content=\"Escrito por\" \/>\n\t<meta name=\"twitter:data1\" content=\"telocuentavictorhugo.com\" \/>\n\t<meta name=\"twitter:label2\" content=\"Tiempo de lectura\" \/>\n\t<meta name=\"twitter:data2\" content=\"1 minuto\" \/>\n<script type=\"application\/ld+json\" class=\"yoast-schema-graph\">{\"@context\":\"https:\\\/\\\/schema.org\",\"@graph\":[{\"@type\":\"Article\",\"@id\":\"https:\\\/\\\/telocuentavictorhugo.com\\\/index.php\\\/2026\\\/04\\\/28\\\/el-robo-en-la-casa-de-eva-copa-la-alcaldesa-de-el-alto-pide-dejen-de-politizar-su-dificil-momento\\\/#article\",\"isPartOf\":{\"@id\":\"https:\\\/\\\/telocuentavictorhugo.com\\\/index.php\\\/2026\\\/04\\\/28\\\/el-robo-en-la-casa-de-eva-copa-la-alcaldesa-de-el-alto-pide-dejen-de-politizar-su-dificil-momento\\\/\"},\"author\":{\"name\":\"telocuentavictorhugo.com\",\"@id\":\"https:\\\/\\\/telocuentavictorhugo.com\\\/#\\\/schema\\\/person\\\/a8307d7271ba2849b49b562ad8602f06\"},\"headline\":\"EL ROBO EN LA CASA DE EVA COPA, LA ALCALDESA DE EL ALTO PIDE DEJEN DE POLITIZAR SU DIF\u00cdCIL MOMENTO\",\"datePublished\":\"2026-04-29T03:24:46+00:00\",\"dateModified\":\"2026-04-29T03:24:48+00:00\",\"mainEntityOfPage\":{\"@id\":\"https:\\\/\\\/telocuentavictorhugo.com\\\/index.php\\\/2026\\\/04\\\/28\\\/el-robo-en-la-casa-de-eva-copa-la-alcaldesa-de-el-alto-pide-dejen-de-politizar-su-dificil-momento\\\/\"},\"wordCount\":202,\"commentCount\":0,\"publisher\":{\"@id\":\"https:\\\/\\\/telocuentavictorhugo.com\\\/#organization\"},\"image\":{\"@id\":\"https:\\\/\\\/telocuentavictorhugo.com\\\/index.php\\\/2026\\\/04\\\/28\\\/el-robo-en-la-casa-de-eva-copa-la-alcaldesa-de-el-alto-pide-dejen-de-politizar-su-dificil-momento\\\/#primaryimage\"},\"thumbnailUrl\":\"https:\\\/\\\/telocuentavictorhugo.com\\\/wp-content\\\/uploads\\\/2026\\\/04\\\/9-9.jpg\",\"keywords\":[\"NOTICIAS\",\"POL\u00cdTICA\",\"SEGURIDAD\"],\"articleSection\":[\"Noticias\"],\"inLanguage\":\"es\",\"potentialAction\":[{\"@type\":\"CommentAction\",\"name\":\"Comment\",\"target\":[\"https:\\\/\\\/telocuentavictorhugo.com\\\/index.php\\\/2026\\\/04\\\/28\\\/el-robo-en-la-casa-de-eva-copa-la-alcaldesa-de-el-alto-pide-dejen-de-politizar-su-dificil-momento\\\/#respond\"]}]},{\"@type\":\"WebPage\",\"@id\":\"https:\\\/\\\/telocuentavictorhugo.com\\\/index.php\\\/2026\\\/04\\\/28\\\/el-robo-en-la-casa-de-eva-copa-la-alcaldesa-de-el-alto-pide-dejen-de-politizar-su-dificil-momento\\\/\",\"url\":\"https:\\\/\\\/telocuentavictorhugo.com\\\/index.php\\\/2026\\\/04\\\/28\\\/el-robo-en-la-casa-de-eva-copa-la-alcaldesa-de-el-alto-pide-dejen-de-politizar-su-dificil-momento\\\/\",\"name\":\"EL ROBO EN LA CASA DE EVA COPA, LA ALCALDESA DE EL ALTO PIDE DEJEN DE POLITIZAR SU DIF\u00cdCIL MOMENTO - Te lo Cuenta Victor\",\"isPartOf\":{\"@id\":\"https:\\\/\\\/telocuentavictorhugo.com\\\/#website\"},\"primaryImageOfPage\":{\"@id\":\"https:\\\/\\\/telocuentavictorhugo.com\\\/index.php\\\/2026\\\/04\\\/28\\\/el-robo-en-la-casa-de-eva-copa-la-alcaldesa-de-el-alto-pide-dejen-de-politizar-su-dificil-momento\\\/#primaryimage\"},\"image\":{\"@id\":\"https:\\\/\\\/telocuentavictorhugo.com\\\/index.php\\\/2026\\\/04\\\/28\\\/el-robo-en-la-casa-de-eva-copa-la-alcaldesa-de-el-alto-pide-dejen-de-politizar-su-dificil-momento\\\/#primaryimage\"},\"thumbnailUrl\":\"https:\\\/\\\/telocuentavictorhugo.com\\\/wp-content\\\/uploads\\\/2026\\\/04\\\/9-9.jpg\",\"datePublished\":\"2026-04-29T03:24:46+00:00\",\"dateModified\":\"2026-04-29T03:24:48+00:00\",\"breadcrumb\":{\"@id\":\"https:\\\/\\\/telocuentavictorhugo.com\\\/index.php\\\/2026\\\/04\\\/28\\\/el-robo-en-la-casa-de-eva-copa-la-alcaldesa-de-el-alto-pide-dejen-de-politizar-su-dificil-momento\\\/#breadcrumb\"},\"inLanguage\":\"es\",\"potentialAction\":[{\"@type\":\"ReadAction\",\"target\":[\"https:\\\/\\\/telocuentavictorhugo.com\\\/index.php\\\/2026\\\/04\\\/28\\\/el-robo-en-la-casa-de-eva-copa-la-alcaldesa-de-el-alto-pide-dejen-de-politizar-su-dificil-momento\\\/\"]}]},{\"@type\":\"ImageObject\",\"inLanguage\":\"es\",\"@id\":\"https:\\\/\\\/telocuentavictorhugo.com\\\/index.php\\\/2026\\\/04\\\/28\\\/el-robo-en-la-casa-de-eva-copa-la-alcaldesa-de-el-alto-pide-dejen-de-politizar-su-dificil-momento\\\/#primaryimage\",\"url\":\"https:\\\/\\\/telocuentavictorhugo.com\\\/wp-content\\\/uploads\\\/2026\\\/04\\\/9-9.jpg\",\"contentUrl\":\"https:\\\/\\\/telocuentavictorhugo.com\\\/wp-content\\\/uploads\\\/2026\\\/04\\\/9-9.jpg\",\"width\":1384,\"height\":765},{\"@type\":\"BreadcrumbList\",\"@id\":\"https:\\\/\\\/telocuentavictorhugo.com\\\/index.php\\\/2026\\\/04\\\/28\\\/el-robo-en-la-casa-de-eva-copa-la-alcaldesa-de-el-alto-pide-dejen-de-politizar-su-dificil-momento\\\/#breadcrumb\",\"itemListElement\":[{\"@type\":\"ListItem\",\"position\":1,\"name\":\"Portada\",\"item\":\"https:\\\/\\\/telocuentavictorhugo.com\\\/\"},{\"@type\":\"ListItem\",\"position\":2,\"name\":\"EL ROBO EN LA CASA DE EVA COPA, LA ALCALDESA DE EL ALTO PIDE DEJEN DE POLITIZAR SU DIF\u00cdCIL MOMENTO\"}]},{\"@type\":\"WebSite\",\"@id\":\"https:\\\/\\\/telocuentavictorhugo.com\\\/#website\",\"url\":\"https:\\\/\\\/telocuentavictorhugo.com\\\/\",\"name\":\"Te lo Cuenta Victor\",\"description\":\"\",\"publisher\":{\"@id\":\"https:\\\/\\\/telocuentavictorhugo.com\\\/#organization\"},\"potentialAction\":[{\"@type\":\"SearchAction\",\"target\":{\"@type\":\"EntryPoint\",\"urlTemplate\":\"https:\\\/\\\/telocuentavictorhugo.com\\\/?s={search_term_string}\"},\"query-input\":{\"@type\":\"PropertyValueSpecification\",\"valueRequired\":true,\"valueName\":\"search_term_string\"}}],\"inLanguage\":\"es\"},{\"@type\":\"Organization\",\"@id\":\"https:\\\/\\\/telocuentavictorhugo.com\\\/#organization\",\"name\":\"Te lo Cuenta Victor\",\"url\":\"https:\\\/\\\/telocuentavictorhugo.com\\\/\",\"logo\":{\"@type\":\"ImageObject\",\"inLanguage\":\"es\",\"@id\":\"https:\\\/\\\/telocuentavictorhugo.com\\\/#\\\/schema\\\/logo\\\/image\\\/\",\"url\":\"https:\\\/\\\/telocuentavictorhugo.com\\\/wp-content\\\/uploads\\\/2023\\\/12\\\/Logo.png\",\"contentUrl\":\"https:\\\/\\\/telocuentavictorhugo.com\\\/wp-content\\\/uploads\\\/2023\\\/12\\\/Logo.png\",\"width\":1080,\"height\":176,\"caption\":\"Te lo Cuenta Victor\"},\"image\":{\"@id\":\"https:\\\/\\\/telocuentavictorhugo.com\\\/#\\\/schema\\\/logo\\\/image\\\/\"}},{\"@type\":\"Person\",\"@id\":\"https:\\\/\\\/telocuentavictorhugo.com\\\/#\\\/schema\\\/person\\\/a8307d7271ba2849b49b562ad8602f06\",\"name\":\"telocuentavictorhugo.com\",\"image\":{\"@type\":\"ImageObject\",\"inLanguage\":\"es\",\"@id\":\"https:\\\/\\\/secure.gravatar.com\\\/avatar\\\/da212e7b532df19fd2aea5daf46d8c176abfc85521e4b80ed435d7426ef63eb6?s=96&d=mm&r=g\",\"url\":\"https:\\\/\\\/secure.gravatar.com\\\/avatar\\\/da212e7b532df19fd2aea5daf46d8c176abfc85521e4b80ed435d7426ef63eb6?s=96&d=mm&r=g\",\"contentUrl\":\"https:\\\/\\\/secure.gravatar.com\\\/avatar\\\/da212e7b532df19fd2aea5daf46d8c176abfc85521e4b80ed435d7426ef63eb6?s=96&d=mm&r=g\",\"caption\":\"telocuentavictorhugo.com\"},\"sameAs\":[\"http:\\\/\\\/telocuentavictorhugo.com\"],\"url\":\"https:\\\/\\\/telocuentavictorhugo.com\\\/index.php\\\/author\\\/plustvpress-com\\\/\"}]}<\/script>\n<!-- \/ Yoast SEO plugin. -->","yoast_head_json":{"title":"EL ROBO EN LA CASA DE EVA COPA, LA ALCALDESA DE EL ALTO PIDE DEJEN DE POLITIZAR SU DIF\u00cdCIL MOMENTO - Te lo Cuenta Victor","robots":{"index":"index","follow":"follow","max-snippet":"max-snippet:-1","max-image-preview":"max-image-preview:large","max-video-preview":"max-video-preview:-1"},"canonical":"https:\/\/telocuentavictorhugo.com\/index.php\/2026\/04\/28\/el-robo-en-la-casa-de-eva-copa-la-alcaldesa-de-el-alto-pide-dejen-de-politizar-su-dificil-momento\/","og_locale":"es_ES","og_type":"article","og_title":"EL ROBO EN LA CASA DE EVA COPA, LA ALCALDESA DE EL ALTO PIDE DEJEN DE POLITIZAR SU DIF\u00cdCIL MOMENTO - Te lo Cuenta Victor","og_description":"Acongojada y con la voz quebrada, la alcaldesa de El Alto, Eva Copa, sali\u00f3 este lunes a desmentir a gritos el \u201cshow medi\u00e1tico\u201d armado tras el robo a su vivienda. Neg\u00f3 que se llevaran un cami\u00f3n de cosas, cajas fuertes o relojes de lujo y acus\u00f3 a algunos medios de magnificar montos con titulares de [&hellip;]","og_url":"https:\/\/telocuentavictorhugo.com\/index.php\/2026\/04\/28\/el-robo-en-la-casa-de-eva-copa-la-alcaldesa-de-el-alto-pide-dejen-de-politizar-su-dificil-momento\/","og_site_name":"Te lo Cuenta Victor","article_published_time":"2026-04-29T03:24:46+00:00","article_modified_time":"2026-04-29T03:24:48+00:00","og_image":[{"width":1384,"height":765,"url":"http:\/\/telocuentavictorhugo.com\/wp-content\/uploads\/2026\/04\/9-9.jpg","type":"image\/jpeg"}],"author":"telocuentavictorhugo.com","twitter_card":"summary_large_image","twitter_misc":{"Escrito por":"telocuentavictorhugo.com","Tiempo de lectura":"1 minuto"},"schema":{"@context":"https:\/\/schema.org","@graph":[{"@type":"Article","@id":"https:\/\/telocuentavictorhugo.com\/index.php\/2026\/04\/28\/el-robo-en-la-casa-de-eva-copa-la-alcaldesa-de-el-alto-pide-dejen-de-politizar-su-dificil-momento\/#article","isPartOf":{"@id":"https:\/\/telocuentavictorhugo.com\/index.php\/2026\/04\/28\/el-robo-en-la-casa-de-eva-copa-la-alcaldesa-de-el-alto-pide-dejen-de-politizar-su-dificil-momento\/"},"author":{"name":"telocuentavictorhugo.com","@id":"https:\/\/telocuentavictorhugo.com\/#\/schema\/person\/a8307d7271ba2849b49b562ad8602f06"},"headline":"EL ROBO EN LA CASA DE EVA COPA, LA ALCALDESA DE EL ALTO PIDE DEJEN DE POLITIZAR SU DIF\u00cdCIL MOMENTO","datePublished":"2026-04-29T03:24:46+00:00","dateModified":"2026-04-29T03:24:48+00:00","mainEntityOfPage":{"@id":"https:\/\/telocuentavictorhugo.com\/index.php\/2026\/04\/28\/el-robo-en-la-casa-de-eva-copa-la-alcaldesa-de-el-alto-pide-dejen-de-politizar-su-dificil-momento\/"},"wordCount":202,"commentCount":0,"publisher":{"@id":"https:\/\/telocuentavictorhugo.com\/#organization"},"image":{"@id":"https:\/\/telocuentavictorhugo.com\/index.php\/2026\/04\/28\/el-robo-en-la-casa-de-eva-copa-la-alcaldesa-de-el-alto-pide-dejen-de-politizar-su-dificil-momento\/#primaryimage"},"thumbnailUrl":"https:\/\/telocuentavictorhugo.com\/wp-content\/uploads\/2026\/04\/9-9.jpg","keywords":["NOTICIAS","POL\u00cdTICA","SEGURIDAD"],"articleSection":["Noticias"],"inLanguage":"es","potentialAction":[{"@type":"CommentAction","name":"Comment","target":["https:\/\/telocuentavictorhugo.com\/index.php\/2026\/04\/28\/el-robo-en-la-casa-de-eva-copa-la-alcaldesa-de-el-alto-pide-dejen-de-politizar-su-dificil-momento\/#respond"]}]},{"@type":"WebPage","@id":"https:\/\/telocuentavictorhugo.com\/index.php\/2026\/04\/28\/el-robo-en-la-casa-de-eva-copa-la-alcaldesa-de-el-alto-pide-dejen-de-politizar-su-dificil-momento\/","url":"https:\/\/telocuentavictorhugo.com\/index.php\/2026\/04\/28\/el-robo-en-la-casa-de-eva-copa-la-alcaldesa-de-el-alto-pide-dejen-de-politizar-su-dificil-momento\/","name":"EL ROBO EN LA CASA DE EVA COPA, LA ALCALDESA DE EL ALTO PIDE DEJEN DE POLITIZAR SU DIF\u00cdCIL MOMENTO - Te lo Cuenta Victor","isPartOf":{"@id":"https:\/\/telocuentavictorhugo.com\/#website"},"primaryImageOfPage":{"@id":"https:\/\/telocuentavictorhugo.com\/index.php\/2026\/04\/28\/el-robo-en-la-casa-de-eva-copa-la-alcaldesa-de-el-alto-pide-dejen-de-politizar-su-dificil-momento\/#primaryimage"},"image":{"@id":"https:\/\/telocuentavictorhugo.com\/index.php\/2026\/04\/28\/el-robo-en-la-casa-de-eva-copa-la-alcaldesa-de-el-alto-pide-dejen-de-politizar-su-dificil-momento\/#primaryimage"},"thumbnailUrl":"https:\/\/telocuentavictorhugo.com\/wp-content\/uploads\/2026\/04\/9-9.jpg","datePublished":"2026-04-29T03:24:46+00:00","dateModified":"2026-04-29T03:24:48+00:00","breadcrumb":{"@id":"https:\/\/telocuentavictorhugo.com\/index.php\/2026\/04\/28\/el-robo-en-la-casa-de-eva-copa-la-alcaldesa-de-el-alto-pide-dejen-de-politizar-su-dificil-momento\/#breadcrumb"},"inLanguage":"es","potentialAction":[{"@type":"ReadAction","target":["https:\/\/telocuentavictorhugo.com\/index.php\/2026\/04\/28\/el-robo-en-la-casa-de-eva-copa-la-alcaldesa-de-el-alto-pide-dejen-de-politizar-su-dificil-momento\/"]}]},{"@type":"ImageObject","inLanguage":"es","@id":"https:\/\/telocuentavictorhugo.com\/index.php\/2026\/04\/28\/el-robo-en-la-casa-de-eva-copa-la-alcaldesa-de-el-alto-pide-dejen-de-politizar-su-dificil-momento\/#primaryimage","url":"https:\/\/telocuentavictorhugo.com\/wp-content\/uploads\/2026\/04\/9-9.jpg","contentUrl":"https:\/\/telocuentavictorhugo.com\/wp-content\/uploads\/2026\/04\/9-9.jpg","width":1384,"height":765},{"@type":"BreadcrumbList","@id":"https:\/\/telocuentavictorhugo.com\/index.php\/2026\/04\/28\/el-robo-en-la-casa-de-eva-copa-la-alcaldesa-de-el-alto-pide-dejen-de-politizar-su-dificil-momento\/#breadcrumb","itemListElement":[{"@type":"ListItem","position":1,"name":"Portada","item":"https:\/\/telocuentavictorhugo.com\/"},{"@type":"ListItem","position":2,"name":"EL ROBO EN LA CASA DE EVA COPA, LA ALCALDESA DE EL ALTO PIDE DEJEN DE POLITIZAR SU DIF\u00cdCIL MOMENTO"}]},{"@type":"WebSite","@id":"https:\/\/telocuentavictorhugo.com\/#website","url":"https:\/\/telocuentavictorhugo.com\/","name":"Te lo Cuenta Victor","description":"","publisher":{"@id":"https:\/\/telocuentavictorhugo.com\/#organization"},"potentialAction":[{"@type":"SearchAction","target":{"@type":"EntryPoint","urlTemplate":"https:\/\/telocuentavictorhugo.com\/?s={search_term_string}"},"query-input":{"@type":"PropertyValueSpecification","valueRequired":true,"valueName":"search_term_string"}}],"inLanguage":"es"},{"@type":"Organization","@id":"https:\/\/telocuentavictorhugo.com\/#organization","name":"Te lo Cuenta Victor","url":"https:\/\/telocuentavictorhugo.com\/","logo":{"@type":"ImageObject","inLanguage":"es","@id":"https:\/\/telocuentavictorhugo.com\/#\/schema\/logo\/image\/","url":"https:\/\/telocuentavictorhugo.com\/wp-content\/uploads\/2023\/12\/Logo.png","contentUrl":"https:\/\/telocuentavictorhugo.com\/wp-content\/uploads\/2023\/12\/Logo.png","width":1080,"height":176,"caption":"Te lo Cuenta Victor"},"image":{"@id":"https:\/\/telocuentavictorhugo.com\/#\/schema\/logo\/image\/"}},{"@type":"Person","@id":"https:\/\/telocuentavictorhugo.com\/#\/schema\/person\/a8307d7271ba2849b49b562ad8602f06","name":"telocuentavictorhugo.com","image":{"@type":"ImageObject","inLanguage":"es","@id":"https:\/\/secure.gravatar.com\/avatar\/da212e7b532df19fd2aea5daf46d8c176abfc85521e4b80ed435d7426ef63eb6?s=96&d=mm&r=g","url":"https:\/\/secure.gravatar.com\/avatar\/da212e7b532df19fd2aea5daf46d8c176abfc85521e4b80ed435d7426ef63eb6?s=96&d=mm&r=g","contentUrl":"https:\/\/secure.gravatar.com\/avatar\/da212e7b532df19fd2aea5daf46d8c176abfc85521e4b80ed435d7426ef63eb6?s=96&d=mm&r=g","caption":"telocuentavictorhugo.com"},"sameAs":["http:\/\/telocuentavictorhugo.com"],"url":"https:\/\/telocuentavictorhugo.com\/index.php\/author\/plustvpress-com\/"}]}},"_links":{"self":[{"href":"https:\/\/telocuentavictorhugo.com\/index.php\/wp-json\/wp\/v2\/posts\/15289","targetHints":{"allow":["GET"]}}],"collection":[{"href":"https:\/\/telocuentavictorhugo.com\/index.php\/wp-json\/wp\/v2\/posts"}],"about":[{"href":"https:\/\/telocuentavictorhugo.com\/index.php\/wp-json\/wp\/v2\/types\/post"}],"author":[{"embeddable":true,"href":"https:\/\/telocuentavictorhugo.com\/index.php\/wp-json\/wp\/v2\/users\/1"}],"replies":[{"embeddable":true,"href":"https:\/\/telocuentavictorhugo.com\/index.php\/wp-json\/wp\/v2\/comments?post=15289"}],"version-history":[{"count":1,"href":"https:\/\/telocuentavictorhugo.com\/index.php\/wp-json\/wp\/v2\/posts\/15289\/revisions"}],"predecessor-version":[{"id":15309,"href":"https:\/\/telocuentavictorhugo.com\/index.php\/wp-json\/wp\/v2\/posts\/15289\/revisions\/15309"}],"wp:featuredmedia":[{"embeddable":true,"href":"https:\/\/telocuentavictorhugo.com\/index.php\/wp-json\/wp\/v2\/media\/15299"}],"wp:attachment":[{"href":"https:\/\/telocuentavictorhugo.com\/index.php\/wp-json\/wp\/v2\/media?parent=15289"}],"wp:term":[{"taxonomy":"category","embeddable":true,"href":"https:\/\/telocuentavictorhugo.com\/index.php\/wp-json\/wp\/v2\/categories?post=15289"},{"taxonomy":"post_tag","embeddable":true,"href":"https:\/\/telocuentavictorhugo.com\/index.php\/wp-json\/wp\/v2\/tags?post=15289"}],"curies":[{"name":"wp","href":"https:\/\/api.w.org\/{rel}","templated":true}]}}