{"id":15283,"date":"2026-04-28T23:24:34","date_gmt":"2026-04-29T03:24:34","guid":{"rendered":"https:\/\/telocuentavictorhugo.com\/?p=15283"},"modified":"2026-04-28T23:24:34","modified_gmt":"2026-04-29T03:24:34","slug":"policia-presenta-denuncia-a-la-fiscalia-ante-la-recepcion-de-una-nueva-caja-fuerte-en-el-caso-marset","status":"publish","type":"post","link":"https:\/\/telocuentavictorhugo.com\/index.php\/2026\/04\/28\/policia-presenta-denuncia-a-la-fiscalia-ante-la-recepcion-de-una-nueva-caja-fuerte-en-el-caso-marset\/","title":{"rendered":"POLIC\u00cdA PRESENTA DENUNCIA A LA FISCAL\u00cdA ANTE LA RECEPCI\u00d3N DE UNA NUEVA CAJA FUERTE EN EL CASO MARSET"},"content":{"rendered":"\n<p>El caso del narco uruguayo Sebasti\u00e1n Marset vuelve a explotar: el viceministro Hern\u00e1n Paredes confirm\u00f3 este viernes 24 de abril que la Polic\u00eda present\u00f3 una denuncia penal ante el Ministerio P\u00fablico tras la aparici\u00f3n de una nueva caja fuerte que nunca fue reportada. Ya no eran dos, sino cuatro, y en una se hall\u00f3 un bot\u00edn escalofriante: d\u00f3lares, reales, pesos bolivianos, joyas, relojes, tarjetas de cr\u00e9dito, un celular con \u201cmucha informaci\u00f3n\u201d remitida a EEUU y pasaportes falsos de Marset y su pareja. El esc\u00e1ndalo estall\u00f3 luego de que el ministro Marco Antonio Oviedo admitiera que dos cajas se encontraron el 13 de marzo en la casa de Las Palmas en Santa Cruz y otras dos en una hacienda. La Polic\u00eda ahora apunta a funcionarios que \u201cno cumplieron o alteraron la cadena de custodia\u201d y exige investigar qui\u00e9n ocult\u00f3 las cajas. Mientras Marset ya est\u00e1 expulsado a Estados Unidos, la Fiscal\u00eda indaga el contenido y a los responsables del presunto encubrimiento.<\/p>\n\n\n\n<figure class=\"wp-block-embed is-type-video is-provider-youtube wp-block-embed-youtube wp-embed-aspect-16-9 wp-has-aspect-ratio\"><div class=\"wp-block-embed__wrapper\">\n<iframe title=\"POLIC\u00cdA PRESENTA DENUNCIA A LA FISCAL\u00cdA ANTE LA RECEPCI\u00d3N DE UNA NUEVA CAJA FUERTE EN EL CASO MARSET\" width=\"800\" height=\"450\" src=\"https:\/\/www.youtube.com\/embed\/yk6Ou5TAPa8?feature=oembed\" frameborder=\"0\" allow=\"accelerometer; autoplay; clipboard-write; encrypted-media; gyroscope; picture-in-picture; web-share\" referrerpolicy=\"strict-origin-when-cross-origin\" allowfullscreen><\/iframe>\n<\/div><\/figure>\n","protected":false},"excerpt":{"rendered":"<p>El caso del narco uruguayo Sebasti\u00e1n Marset vuelve a explotar: el viceministro Hern\u00e1n Paredes confirm\u00f3 este viernes 24 de abril que la Polic\u00eda present\u00f3 una denuncia penal ante el Ministerio P\u00fablico tras la aparici\u00f3n de una nueva caja fuerte que nunca fue reportada. Ya no eran dos, sino cuatro, y en una se hall\u00f3 un [&hellip;]<\/p>\n","protected":false},"author":1,"featured_media":15293,"comment_status":"open","ping_status":"open","sticky":false,"template":"","format":"standard","meta":{"_eb_attr":"","footnotes":""},"categories":[1],"tags":[113,116],"class_list":["post-15283","post","type-post","status-publish","format-standard","has-post-thumbnail","hentry","category-noticias","tag-noticias","tag-seguridad"],"yoast_head":"<!-- This site is optimized with the Yoast SEO plugin v27.4 - https:\/\/yoast.com\/product\/yoast-seo-wordpress\/ -->\n<title>POLIC\u00cdA PRESENTA DENUNCIA A LA FISCAL\u00cdA ANTE LA RECEPCI\u00d3N DE UNA NUEVA CAJA FUERTE EN EL CASO MARSET - Te lo Cuenta Victor<\/title>\n<meta name=\"robots\" content=\"index, follow, max-snippet:-1, max-image-preview:large, max-video-preview:-1\" \/>\n<link rel=\"canonical\" href=\"https:\/\/telocuentavictorhugo.com\/index.php\/2026\/04\/28\/policia-presenta-denuncia-a-la-fiscalia-ante-la-recepcion-de-una-nueva-caja-fuerte-en-el-caso-marset\/\" \/>\n<meta property=\"og:locale\" content=\"es_ES\" \/>\n<meta property=\"og:type\" content=\"article\" \/>\n<meta property=\"og:title\" content=\"POLIC\u00cdA PRESENTA DENUNCIA A LA FISCAL\u00cdA ANTE LA RECEPCI\u00d3N DE UNA NUEVA CAJA FUERTE EN EL CASO MARSET - Te lo Cuenta Victor\" \/>\n<meta property=\"og:description\" content=\"El caso del narco uruguayo Sebasti\u00e1n Marset vuelve a explotar: el viceministro Hern\u00e1n Paredes confirm\u00f3 este viernes 24 de abril que la Polic\u00eda present\u00f3 una denuncia penal ante el Ministerio P\u00fablico tras la aparici\u00f3n de una nueva caja fuerte que nunca fue reportada. Ya no eran dos, sino cuatro, y en una se hall\u00f3 un [&hellip;]\" \/>\n<meta property=\"og:url\" content=\"https:\/\/telocuentavictorhugo.com\/index.php\/2026\/04\/28\/policia-presenta-denuncia-a-la-fiscalia-ante-la-recepcion-de-una-nueva-caja-fuerte-en-el-caso-marset\/\" \/>\n<meta property=\"og:site_name\" content=\"Te lo Cuenta Victor\" \/>\n<meta property=\"article:published_time\" content=\"2026-04-29T03:24:34+00:00\" \/>\n<meta property=\"og:image\" content=\"http:\/\/telocuentavictorhugo.com\/wp-content\/uploads\/2026\/04\/3-10.jpg\" \/>\n\t<meta property=\"og:image:width\" content=\"1413\" \/>\n\t<meta property=\"og:image:height\" content=\"799\" \/>\n\t<meta property=\"og:image:type\" content=\"image\/jpeg\" \/>\n<meta name=\"author\" content=\"telocuentavictorhugo.com\" \/>\n<meta name=\"twitter:card\" content=\"summary_large_image\" \/>\n<meta name=\"twitter:label1\" content=\"Escrito por\" \/>\n\t<meta name=\"twitter:data1\" content=\"telocuentavictorhugo.com\" \/>\n\t<meta name=\"twitter:label2\" content=\"Tiempo de lectura\" \/>\n\t<meta name=\"twitter:data2\" content=\"1 minuto\" \/>\n<script type=\"application\/ld+json\" class=\"yoast-schema-graph\">{\"@context\":\"https:\\\/\\\/schema.org\",\"@graph\":[{\"@type\":\"Article\",\"@id\":\"https:\\\/\\\/telocuentavictorhugo.com\\\/index.php\\\/2026\\\/04\\\/28\\\/policia-presenta-denuncia-a-la-fiscalia-ante-la-recepcion-de-una-nueva-caja-fuerte-en-el-caso-marset\\\/#article\",\"isPartOf\":{\"@id\":\"https:\\\/\\\/telocuentavictorhugo.com\\\/index.php\\\/2026\\\/04\\\/28\\\/policia-presenta-denuncia-a-la-fiscalia-ante-la-recepcion-de-una-nueva-caja-fuerte-en-el-caso-marset\\\/\"},\"author\":{\"name\":\"telocuentavictorhugo.com\",\"@id\":\"https:\\\/\\\/telocuentavictorhugo.com\\\/#\\\/schema\\\/person\\\/a8307d7271ba2849b49b562ad8602f06\"},\"headline\":\"POLIC\u00cdA PRESENTA DENUNCIA A LA FISCAL\u00cdA ANTE LA RECEPCI\u00d3N DE UNA NUEVA CAJA FUERTE EN EL CASO MARSET\",\"datePublished\":\"2026-04-29T03:24:34+00:00\",\"mainEntityOfPage\":{\"@id\":\"https:\\\/\\\/telocuentavictorhugo.com\\\/index.php\\\/2026\\\/04\\\/28\\\/policia-presenta-denuncia-a-la-fiscalia-ante-la-recepcion-de-una-nueva-caja-fuerte-en-el-caso-marset\\\/\"},\"wordCount\":198,\"commentCount\":0,\"publisher\":{\"@id\":\"https:\\\/\\\/telocuentavictorhugo.com\\\/#organization\"},\"image\":{\"@id\":\"https:\\\/\\\/telocuentavictorhugo.com\\\/index.php\\\/2026\\\/04\\\/28\\\/policia-presenta-denuncia-a-la-fiscalia-ante-la-recepcion-de-una-nueva-caja-fuerte-en-el-caso-marset\\\/#primaryimage\"},\"thumbnailUrl\":\"https:\\\/\\\/telocuentavictorhugo.com\\\/wp-content\\\/uploads\\\/2026\\\/04\\\/3-10.jpg\",\"keywords\":[\"NOTICIAS\",\"SEGURIDAD\"],\"articleSection\":[\"Noticias\"],\"inLanguage\":\"es\",\"potentialAction\":[{\"@type\":\"CommentAction\",\"name\":\"Comment\",\"target\":[\"https:\\\/\\\/telocuentavictorhugo.com\\\/index.php\\\/2026\\\/04\\\/28\\\/policia-presenta-denuncia-a-la-fiscalia-ante-la-recepcion-de-una-nueva-caja-fuerte-en-el-caso-marset\\\/#respond\"]}]},{\"@type\":\"WebPage\",\"@id\":\"https:\\\/\\\/telocuentavictorhugo.com\\\/index.php\\\/2026\\\/04\\\/28\\\/policia-presenta-denuncia-a-la-fiscalia-ante-la-recepcion-de-una-nueva-caja-fuerte-en-el-caso-marset\\\/\",\"url\":\"https:\\\/\\\/telocuentavictorhugo.com\\\/index.php\\\/2026\\\/04\\\/28\\\/policia-presenta-denuncia-a-la-fiscalia-ante-la-recepcion-de-una-nueva-caja-fuerte-en-el-caso-marset\\\/\",\"name\":\"POLIC\u00cdA PRESENTA DENUNCIA A LA FISCAL\u00cdA ANTE LA RECEPCI\u00d3N DE UNA NUEVA CAJA FUERTE EN EL CASO MARSET - Te lo Cuenta Victor\",\"isPartOf\":{\"@id\":\"https:\\\/\\\/telocuentavictorhugo.com\\\/#website\"},\"primaryImageOfPage\":{\"@id\":\"https:\\\/\\\/telocuentavictorhugo.com\\\/index.php\\\/2026\\\/04\\\/28\\\/policia-presenta-denuncia-a-la-fiscalia-ante-la-recepcion-de-una-nueva-caja-fuerte-en-el-caso-marset\\\/#primaryimage\"},\"image\":{\"@id\":\"https:\\\/\\\/telocuentavictorhugo.com\\\/index.php\\\/2026\\\/04\\\/28\\\/policia-presenta-denuncia-a-la-fiscalia-ante-la-recepcion-de-una-nueva-caja-fuerte-en-el-caso-marset\\\/#primaryimage\"},\"thumbnailUrl\":\"https:\\\/\\\/telocuentavictorhugo.com\\\/wp-content\\\/uploads\\\/2026\\\/04\\\/3-10.jpg\",\"datePublished\":\"2026-04-29T03:24:34+00:00\",\"breadcrumb\":{\"@id\":\"https:\\\/\\\/telocuentavictorhugo.com\\\/index.php\\\/2026\\\/04\\\/28\\\/policia-presenta-denuncia-a-la-fiscalia-ante-la-recepcion-de-una-nueva-caja-fuerte-en-el-caso-marset\\\/#breadcrumb\"},\"inLanguage\":\"es\",\"potentialAction\":[{\"@type\":\"ReadAction\",\"target\":[\"https:\\\/\\\/telocuentavictorhugo.com\\\/index.php\\\/2026\\\/04\\\/28\\\/policia-presenta-denuncia-a-la-fiscalia-ante-la-recepcion-de-una-nueva-caja-fuerte-en-el-caso-marset\\\/\"]}]},{\"@type\":\"ImageObject\",\"inLanguage\":\"es\",\"@id\":\"https:\\\/\\\/telocuentavictorhugo.com\\\/index.php\\\/2026\\\/04\\\/28\\\/policia-presenta-denuncia-a-la-fiscalia-ante-la-recepcion-de-una-nueva-caja-fuerte-en-el-caso-marset\\\/#primaryimage\",\"url\":\"https:\\\/\\\/telocuentavictorhugo.com\\\/wp-content\\\/uploads\\\/2026\\\/04\\\/3-10.jpg\",\"contentUrl\":\"https:\\\/\\\/telocuentavictorhugo.com\\\/wp-content\\\/uploads\\\/2026\\\/04\\\/3-10.jpg\",\"width\":1413,\"height\":799},{\"@type\":\"BreadcrumbList\",\"@id\":\"https:\\\/\\\/telocuentavictorhugo.com\\\/index.php\\\/2026\\\/04\\\/28\\\/policia-presenta-denuncia-a-la-fiscalia-ante-la-recepcion-de-una-nueva-caja-fuerte-en-el-caso-marset\\\/#breadcrumb\",\"itemListElement\":[{\"@type\":\"ListItem\",\"position\":1,\"name\":\"Portada\",\"item\":\"https:\\\/\\\/telocuentavictorhugo.com\\\/\"},{\"@type\":\"ListItem\",\"position\":2,\"name\":\"POLIC\u00cdA PRESENTA DENUNCIA A LA FISCAL\u00cdA ANTE LA RECEPCI\u00d3N DE UNA NUEVA CAJA FUERTE EN EL CASO MARSET\"}]},{\"@type\":\"WebSite\",\"@id\":\"https:\\\/\\\/telocuentavictorhugo.com\\\/#website\",\"url\":\"https:\\\/\\\/telocuentavictorhugo.com\\\/\",\"name\":\"Te lo Cuenta Victor\",\"description\":\"\",\"publisher\":{\"@id\":\"https:\\\/\\\/telocuentavictorhugo.com\\\/#organization\"},\"potentialAction\":[{\"@type\":\"SearchAction\",\"target\":{\"@type\":\"EntryPoint\",\"urlTemplate\":\"https:\\\/\\\/telocuentavictorhugo.com\\\/?s={search_term_string}\"},\"query-input\":{\"@type\":\"PropertyValueSpecification\",\"valueRequired\":true,\"valueName\":\"search_term_string\"}}],\"inLanguage\":\"es\"},{\"@type\":\"Organization\",\"@id\":\"https:\\\/\\\/telocuentavictorhugo.com\\\/#organization\",\"name\":\"Te lo Cuenta Victor\",\"url\":\"https:\\\/\\\/telocuentavictorhugo.com\\\/\",\"logo\":{\"@type\":\"ImageObject\",\"inLanguage\":\"es\",\"@id\":\"https:\\\/\\\/telocuentavictorhugo.com\\\/#\\\/schema\\\/logo\\\/image\\\/\",\"url\":\"https:\\\/\\\/telocuentavictorhugo.com\\\/wp-content\\\/uploads\\\/2023\\\/12\\\/Logo.png\",\"contentUrl\":\"https:\\\/\\\/telocuentavictorhugo.com\\\/wp-content\\\/uploads\\\/2023\\\/12\\\/Logo.png\",\"width\":1080,\"height\":176,\"caption\":\"Te lo Cuenta Victor\"},\"image\":{\"@id\":\"https:\\\/\\\/telocuentavictorhugo.com\\\/#\\\/schema\\\/logo\\\/image\\\/\"}},{\"@type\":\"Person\",\"@id\":\"https:\\\/\\\/telocuentavictorhugo.com\\\/#\\\/schema\\\/person\\\/a8307d7271ba2849b49b562ad8602f06\",\"name\":\"telocuentavictorhugo.com\",\"image\":{\"@type\":\"ImageObject\",\"inLanguage\":\"es\",\"@id\":\"https:\\\/\\\/secure.gravatar.com\\\/avatar\\\/da212e7b532df19fd2aea5daf46d8c176abfc85521e4b80ed435d7426ef63eb6?s=96&d=mm&r=g\",\"url\":\"https:\\\/\\\/secure.gravatar.com\\\/avatar\\\/da212e7b532df19fd2aea5daf46d8c176abfc85521e4b80ed435d7426ef63eb6?s=96&d=mm&r=g\",\"contentUrl\":\"https:\\\/\\\/secure.gravatar.com\\\/avatar\\\/da212e7b532df19fd2aea5daf46d8c176abfc85521e4b80ed435d7426ef63eb6?s=96&d=mm&r=g\",\"caption\":\"telocuentavictorhugo.com\"},\"sameAs\":[\"http:\\\/\\\/telocuentavictorhugo.com\"],\"url\":\"https:\\\/\\\/telocuentavictorhugo.com\\\/index.php\\\/author\\\/plustvpress-com\\\/\"}]}<\/script>\n<!-- \/ Yoast SEO plugin. -->","yoast_head_json":{"title":"POLIC\u00cdA PRESENTA DENUNCIA A LA FISCAL\u00cdA ANTE LA RECEPCI\u00d3N DE UNA NUEVA CAJA FUERTE EN EL CASO MARSET - Te lo Cuenta Victor","robots":{"index":"index","follow":"follow","max-snippet":"max-snippet:-1","max-image-preview":"max-image-preview:large","max-video-preview":"max-video-preview:-1"},"canonical":"https:\/\/telocuentavictorhugo.com\/index.php\/2026\/04\/28\/policia-presenta-denuncia-a-la-fiscalia-ante-la-recepcion-de-una-nueva-caja-fuerte-en-el-caso-marset\/","og_locale":"es_ES","og_type":"article","og_title":"POLIC\u00cdA PRESENTA DENUNCIA A LA FISCAL\u00cdA ANTE LA RECEPCI\u00d3N DE UNA NUEVA CAJA FUERTE EN EL CASO MARSET - Te lo Cuenta Victor","og_description":"El caso del narco uruguayo Sebasti\u00e1n Marset vuelve a explotar: el viceministro Hern\u00e1n Paredes confirm\u00f3 este viernes 24 de abril que la Polic\u00eda present\u00f3 una denuncia penal ante el Ministerio P\u00fablico tras la aparici\u00f3n de una nueva caja fuerte que nunca fue reportada. Ya no eran dos, sino cuatro, y en una se hall\u00f3 un [&hellip;]","og_url":"https:\/\/telocuentavictorhugo.com\/index.php\/2026\/04\/28\/policia-presenta-denuncia-a-la-fiscalia-ante-la-recepcion-de-una-nueva-caja-fuerte-en-el-caso-marset\/","og_site_name":"Te lo Cuenta Victor","article_published_time":"2026-04-29T03:24:34+00:00","og_image":[{"width":1413,"height":799,"url":"http:\/\/telocuentavictorhugo.com\/wp-content\/uploads\/2026\/04\/3-10.jpg","type":"image\/jpeg"}],"author":"telocuentavictorhugo.com","twitter_card":"summary_large_image","twitter_misc":{"Escrito por":"telocuentavictorhugo.com","Tiempo de lectura":"1 minuto"},"schema":{"@context":"https:\/\/schema.org","@graph":[{"@type":"Article","@id":"https:\/\/telocuentavictorhugo.com\/index.php\/2026\/04\/28\/policia-presenta-denuncia-a-la-fiscalia-ante-la-recepcion-de-una-nueva-caja-fuerte-en-el-caso-marset\/#article","isPartOf":{"@id":"https:\/\/telocuentavictorhugo.com\/index.php\/2026\/04\/28\/policia-presenta-denuncia-a-la-fiscalia-ante-la-recepcion-de-una-nueva-caja-fuerte-en-el-caso-marset\/"},"author":{"name":"telocuentavictorhugo.com","@id":"https:\/\/telocuentavictorhugo.com\/#\/schema\/person\/a8307d7271ba2849b49b562ad8602f06"},"headline":"POLIC\u00cdA PRESENTA DENUNCIA A LA FISCAL\u00cdA ANTE LA RECEPCI\u00d3N DE UNA NUEVA CAJA FUERTE EN EL CASO MARSET","datePublished":"2026-04-29T03:24:34+00:00","mainEntityOfPage":{"@id":"https:\/\/telocuentavictorhugo.com\/index.php\/2026\/04\/28\/policia-presenta-denuncia-a-la-fiscalia-ante-la-recepcion-de-una-nueva-caja-fuerte-en-el-caso-marset\/"},"wordCount":198,"commentCount":0,"publisher":{"@id":"https:\/\/telocuentavictorhugo.com\/#organization"},"image":{"@id":"https:\/\/telocuentavictorhugo.com\/index.php\/2026\/04\/28\/policia-presenta-denuncia-a-la-fiscalia-ante-la-recepcion-de-una-nueva-caja-fuerte-en-el-caso-marset\/#primaryimage"},"thumbnailUrl":"https:\/\/telocuentavictorhugo.com\/wp-content\/uploads\/2026\/04\/3-10.jpg","keywords":["NOTICIAS","SEGURIDAD"],"articleSection":["Noticias"],"inLanguage":"es","potentialAction":[{"@type":"CommentAction","name":"Comment","target":["https:\/\/telocuentavictorhugo.com\/index.php\/2026\/04\/28\/policia-presenta-denuncia-a-la-fiscalia-ante-la-recepcion-de-una-nueva-caja-fuerte-en-el-caso-marset\/#respond"]}]},{"@type":"WebPage","@id":"https:\/\/telocuentavictorhugo.com\/index.php\/2026\/04\/28\/policia-presenta-denuncia-a-la-fiscalia-ante-la-recepcion-de-una-nueva-caja-fuerte-en-el-caso-marset\/","url":"https:\/\/telocuentavictorhugo.com\/index.php\/2026\/04\/28\/policia-presenta-denuncia-a-la-fiscalia-ante-la-recepcion-de-una-nueva-caja-fuerte-en-el-caso-marset\/","name":"POLIC\u00cdA PRESENTA DENUNCIA A LA FISCAL\u00cdA ANTE LA RECEPCI\u00d3N DE UNA NUEVA CAJA FUERTE EN EL CASO MARSET - Te lo Cuenta Victor","isPartOf":{"@id":"https:\/\/telocuentavictorhugo.com\/#website"},"primaryImageOfPage":{"@id":"https:\/\/telocuentavictorhugo.com\/index.php\/2026\/04\/28\/policia-presenta-denuncia-a-la-fiscalia-ante-la-recepcion-de-una-nueva-caja-fuerte-en-el-caso-marset\/#primaryimage"},"image":{"@id":"https:\/\/telocuentavictorhugo.com\/index.php\/2026\/04\/28\/policia-presenta-denuncia-a-la-fiscalia-ante-la-recepcion-de-una-nueva-caja-fuerte-en-el-caso-marset\/#primaryimage"},"thumbnailUrl":"https:\/\/telocuentavictorhugo.com\/wp-content\/uploads\/2026\/04\/3-10.jpg","datePublished":"2026-04-29T03:24:34+00:00","breadcrumb":{"@id":"https:\/\/telocuentavictorhugo.com\/index.php\/2026\/04\/28\/policia-presenta-denuncia-a-la-fiscalia-ante-la-recepcion-de-una-nueva-caja-fuerte-en-el-caso-marset\/#breadcrumb"},"inLanguage":"es","potentialAction":[{"@type":"ReadAction","target":["https:\/\/telocuentavictorhugo.com\/index.php\/2026\/04\/28\/policia-presenta-denuncia-a-la-fiscalia-ante-la-recepcion-de-una-nueva-caja-fuerte-en-el-caso-marset\/"]}]},{"@type":"ImageObject","inLanguage":"es","@id":"https:\/\/telocuentavictorhugo.com\/index.php\/2026\/04\/28\/policia-presenta-denuncia-a-la-fiscalia-ante-la-recepcion-de-una-nueva-caja-fuerte-en-el-caso-marset\/#primaryimage","url":"https:\/\/telocuentavictorhugo.com\/wp-content\/uploads\/2026\/04\/3-10.jpg","contentUrl":"https:\/\/telocuentavictorhugo.com\/wp-content\/uploads\/2026\/04\/3-10.jpg","width":1413,"height":799},{"@type":"BreadcrumbList","@id":"https:\/\/telocuentavictorhugo.com\/index.php\/2026\/04\/28\/policia-presenta-denuncia-a-la-fiscalia-ante-la-recepcion-de-una-nueva-caja-fuerte-en-el-caso-marset\/#breadcrumb","itemListElement":[{"@type":"ListItem","position":1,"name":"Portada","item":"https:\/\/telocuentavictorhugo.com\/"},{"@type":"ListItem","position":2,"name":"POLIC\u00cdA PRESENTA DENUNCIA A LA FISCAL\u00cdA ANTE LA RECEPCI\u00d3N DE UNA NUEVA CAJA FUERTE EN EL CASO MARSET"}]},{"@type":"WebSite","@id":"https:\/\/telocuentavictorhugo.com\/#website","url":"https:\/\/telocuentavictorhugo.com\/","name":"Te lo Cuenta Victor","description":"","publisher":{"@id":"https:\/\/telocuentavictorhugo.com\/#organization"},"potentialAction":[{"@type":"SearchAction","target":{"@type":"EntryPoint","urlTemplate":"https:\/\/telocuentavictorhugo.com\/?s={search_term_string}"},"query-input":{"@type":"PropertyValueSpecification","valueRequired":true,"valueName":"search_term_string"}}],"inLanguage":"es"},{"@type":"Organization","@id":"https:\/\/telocuentavictorhugo.com\/#organization","name":"Te lo Cuenta Victor","url":"https:\/\/telocuentavictorhugo.com\/","logo":{"@type":"ImageObject","inLanguage":"es","@id":"https:\/\/telocuentavictorhugo.com\/#\/schema\/logo\/image\/","url":"https:\/\/telocuentavictorhugo.com\/wp-content\/uploads\/2023\/12\/Logo.png","contentUrl":"https:\/\/telocuentavictorhugo.com\/wp-content\/uploads\/2023\/12\/Logo.png","width":1080,"height":176,"caption":"Te lo Cuenta Victor"},"image":{"@id":"https:\/\/telocuentavictorhugo.com\/#\/schema\/logo\/image\/"}},{"@type":"Person","@id":"https:\/\/telocuentavictorhugo.com\/#\/schema\/person\/a8307d7271ba2849b49b562ad8602f06","name":"telocuentavictorhugo.com","image":{"@type":"ImageObject","inLanguage":"es","@id":"https:\/\/secure.gravatar.com\/avatar\/da212e7b532df19fd2aea5daf46d8c176abfc85521e4b80ed435d7426ef63eb6?s=96&d=mm&r=g","url":"https:\/\/secure.gravatar.com\/avatar\/da212e7b532df19fd2aea5daf46d8c176abfc85521e4b80ed435d7426ef63eb6?s=96&d=mm&r=g","contentUrl":"https:\/\/secure.gravatar.com\/avatar\/da212e7b532df19fd2aea5daf46d8c176abfc85521e4b80ed435d7426ef63eb6?s=96&d=mm&r=g","caption":"telocuentavictorhugo.com"},"sameAs":["http:\/\/telocuentavictorhugo.com"],"url":"https:\/\/telocuentavictorhugo.com\/index.php\/author\/plustvpress-com\/"}]}},"_links":{"self":[{"href":"https:\/\/telocuentavictorhugo.com\/index.php\/wp-json\/wp\/v2\/posts\/15283","targetHints":{"allow":["GET"]}}],"collection":[{"href":"https:\/\/telocuentavictorhugo.com\/index.php\/wp-json\/wp\/v2\/posts"}],"about":[{"href":"https:\/\/telocuentavictorhugo.com\/index.php\/wp-json\/wp\/v2\/types\/post"}],"author":[{"embeddable":true,"href":"https:\/\/telocuentavictorhugo.com\/index.php\/wp-json\/wp\/v2\/users\/1"}],"replies":[{"embeddable":true,"href":"https:\/\/telocuentavictorhugo.com\/index.php\/wp-json\/wp\/v2\/comments?post=15283"}],"version-history":[{"count":1,"href":"https:\/\/telocuentavictorhugo.com\/index.php\/wp-json\/wp\/v2\/posts\/15283\/revisions"}],"predecessor-version":[{"id":15303,"href":"https:\/\/telocuentavictorhugo.com\/index.php\/wp-json\/wp\/v2\/posts\/15283\/revisions\/15303"}],"wp:featuredmedia":[{"embeddable":true,"href":"https:\/\/telocuentavictorhugo.com\/index.php\/wp-json\/wp\/v2\/media\/15293"}],"wp:attachment":[{"href":"https:\/\/telocuentavictorhugo.com\/index.php\/wp-json\/wp\/v2\/media?parent=15283"}],"wp:term":[{"taxonomy":"category","embeddable":true,"href":"https:\/\/telocuentavictorhugo.com\/index.php\/wp-json\/wp\/v2\/categories?post=15283"},{"taxonomy":"post_tag","embeddable":true,"href":"https:\/\/telocuentavictorhugo.com\/index.php\/wp-json\/wp\/v2\/tags?post=15283"}],"curies":[{"name":"wp","href":"https:\/\/api.w.org\/{rel}","templated":true}]}}