{"id":15192,"date":"2026-04-25T01:30:40","date_gmt":"2026-04-25T05:30:40","guid":{"rendered":"https:\/\/telocuentavictorhugo.com\/?p=15192"},"modified":"2026-04-25T01:30:41","modified_gmt":"2026-04-25T05:30:41","slug":"sebastian-daroca-el-nuevo-presidente-de-ypfb","status":"publish","type":"post","link":"https:\/\/telocuentavictorhugo.com\/index.php\/2026\/04\/25\/sebastian-daroca-el-nuevo-presidente-de-ypfb\/","title":{"rendered":"SEBASTI\u00c1N DAROCA, EL NUEVO PRESIDENTE DE YPFB"},"content":{"rendered":"\n<p>Sebasti\u00e1n Daroca asumi\u00f3 la noche de este jueves la presidencia interina de YPFB con tres misiones urgentes: enterrar de ra\u00edz la crisis de la \u201cgasolina desestabilizada\u201d, pagar el resarcimiento a conductores con veh\u00edculos da\u00f1ados y garantizar el abastecimiento total de di\u00e9sel. \u201cMi prioridad ser\u00e1 solucionar de manera definitiva el problema\u201d, sentenci\u00f3 tras jurar ante el presidente Rodrigo Paz Pereira, en reemplazo de Claudia Cronenbold que renunci\u00f3 por la presi\u00f3n del Ejecutivo. Daroca asegur\u00f3 que ya ejecut\u00f3 medidas para cubrir la sobredemanda de di\u00e9sel en todo el pa\u00eds y reforz\u00f3 controles en la cadena de distribuci\u00f3n. Fue tajante: \u201cGarantizamos que no habr\u00e1 ning\u00fan incremento en los precios establecidos\u201d. El cambio llega tras semanas de esc\u00e1ndalo por gasolina con fallas que da\u00f1\u00f3 motores, en medio de escasez regional, dependencia de importaciones y una reestructuraci\u00f3n profunda exigida por el Gobierno.<\/p>\n\n\n\n<figure class=\"wp-block-embed is-type-video is-provider-youtube wp-block-embed-youtube wp-embed-aspect-16-9 wp-has-aspect-ratio\"><div class=\"wp-block-embed__wrapper\">\n<iframe title=\"SEBASTI\u00c1N DAROCA, EL NUEVO PRESIDENTE DE YPFB\" width=\"800\" height=\"450\" src=\"https:\/\/www.youtube.com\/embed\/RqCNPolbNtE?feature=oembed\" frameborder=\"0\" allow=\"accelerometer; autoplay; clipboard-write; encrypted-media; gyroscope; picture-in-picture; web-share\" referrerpolicy=\"strict-origin-when-cross-origin\" allowfullscreen><\/iframe>\n<\/div><\/figure>\n","protected":false},"excerpt":{"rendered":"<p>Sebasti\u00e1n Daroca asumi\u00f3 la noche de este jueves la presidencia interina de YPFB con tres misiones urgentes: enterrar de ra\u00edz la crisis de la \u201cgasolina desestabilizada\u201d, pagar el resarcimiento a conductores con veh\u00edculos da\u00f1ados y garantizar el abastecimiento total de di\u00e9sel. \u201cMi prioridad ser\u00e1 solucionar de manera definitiva el problema\u201d, sentenci\u00f3 tras jurar ante el [&hellip;]<\/p>\n","protected":false},"author":1,"featured_media":15229,"comment_status":"open","ping_status":"open","sticky":false,"template":"","format":"standard","meta":{"_eb_attr":"","footnotes":""},"categories":[1],"tags":[119,113],"class_list":["post-15192","post","type-post","status-publish","format-standard","has-post-thumbnail","hentry","category-noticias","tag-economia-2","tag-noticias"],"yoast_head":"<!-- This site is optimized with the Yoast SEO plugin v27.4 - https:\/\/yoast.com\/product\/yoast-seo-wordpress\/ -->\n<title>SEBASTI\u00c1N DAROCA, EL NUEVO PRESIDENTE DE YPFB - Te lo Cuenta Victor<\/title>\n<meta name=\"robots\" content=\"index, follow, max-snippet:-1, max-image-preview:large, max-video-preview:-1\" \/>\n<link rel=\"canonical\" href=\"https:\/\/telocuentavictorhugo.com\/index.php\/2026\/04\/25\/sebastian-daroca-el-nuevo-presidente-de-ypfb\/\" \/>\n<meta property=\"og:locale\" content=\"es_ES\" \/>\n<meta property=\"og:type\" content=\"article\" \/>\n<meta property=\"og:title\" content=\"SEBASTI\u00c1N DAROCA, EL NUEVO PRESIDENTE DE YPFB - Te lo Cuenta Victor\" \/>\n<meta property=\"og:description\" content=\"Sebasti\u00e1n Daroca asumi\u00f3 la noche de este jueves la presidencia interina de YPFB con tres misiones urgentes: enterrar de ra\u00edz la crisis de la \u201cgasolina desestabilizada\u201d, pagar el resarcimiento a conductores con veh\u00edculos da\u00f1ados y garantizar el abastecimiento total de di\u00e9sel. \u201cMi prioridad ser\u00e1 solucionar de manera definitiva el problema\u201d, sentenci\u00f3 tras jurar ante el [&hellip;]\" \/>\n<meta property=\"og:url\" content=\"https:\/\/telocuentavictorhugo.com\/index.php\/2026\/04\/25\/sebastian-daroca-el-nuevo-presidente-de-ypfb\/\" \/>\n<meta property=\"og:site_name\" content=\"Te lo Cuenta Victor\" \/>\n<meta property=\"article:published_time\" content=\"2026-04-25T05:30:40+00:00\" \/>\n<meta property=\"article:modified_time\" content=\"2026-04-25T05:30:41+00:00\" \/>\n<meta property=\"og:image\" content=\"http:\/\/telocuentavictorhugo.com\/wp-content\/uploads\/2026\/04\/25-5.jpg\" \/>\n\t<meta property=\"og:image:width\" content=\"1402\" \/>\n\t<meta property=\"og:image:height\" content=\"767\" \/>\n\t<meta property=\"og:image:type\" content=\"image\/jpeg\" \/>\n<meta name=\"author\" content=\"telocuentavictorhugo.com\" \/>\n<meta name=\"twitter:card\" content=\"summary_large_image\" \/>\n<meta name=\"twitter:label1\" content=\"Escrito por\" \/>\n\t<meta name=\"twitter:data1\" content=\"telocuentavictorhugo.com\" \/>\n\t<meta name=\"twitter:label2\" content=\"Tiempo de lectura\" \/>\n\t<meta name=\"twitter:data2\" content=\"1 minuto\" \/>\n<script type=\"application\/ld+json\" class=\"yoast-schema-graph\">{\"@context\":\"https:\\\/\\\/schema.org\",\"@graph\":[{\"@type\":\"Article\",\"@id\":\"https:\\\/\\\/telocuentavictorhugo.com\\\/index.php\\\/2026\\\/04\\\/25\\\/sebastian-daroca-el-nuevo-presidente-de-ypfb\\\/#article\",\"isPartOf\":{\"@id\":\"https:\\\/\\\/telocuentavictorhugo.com\\\/index.php\\\/2026\\\/04\\\/25\\\/sebastian-daroca-el-nuevo-presidente-de-ypfb\\\/\"},\"author\":{\"name\":\"telocuentavictorhugo.com\",\"@id\":\"https:\\\/\\\/telocuentavictorhugo.com\\\/#\\\/schema\\\/person\\\/a8307d7271ba2849b49b562ad8602f06\"},\"headline\":\"SEBASTI\u00c1N DAROCA, EL NUEVO PRESIDENTE DE YPFB\",\"datePublished\":\"2026-04-25T05:30:40+00:00\",\"dateModified\":\"2026-04-25T05:30:41+00:00\",\"mainEntityOfPage\":{\"@id\":\"https:\\\/\\\/telocuentavictorhugo.com\\\/index.php\\\/2026\\\/04\\\/25\\\/sebastian-daroca-el-nuevo-presidente-de-ypfb\\\/\"},\"wordCount\":161,\"commentCount\":0,\"publisher\":{\"@id\":\"https:\\\/\\\/telocuentavictorhugo.com\\\/#organization\"},\"image\":{\"@id\":\"https:\\\/\\\/telocuentavictorhugo.com\\\/index.php\\\/2026\\\/04\\\/25\\\/sebastian-daroca-el-nuevo-presidente-de-ypfb\\\/#primaryimage\"},\"thumbnailUrl\":\"https:\\\/\\\/telocuentavictorhugo.com\\\/wp-content\\\/uploads\\\/2026\\\/04\\\/25-5.jpg\",\"keywords\":[\"ECONOM\u00cdA\",\"NOTICIAS\"],\"articleSection\":[\"Noticias\"],\"inLanguage\":\"es\",\"potentialAction\":[{\"@type\":\"CommentAction\",\"name\":\"Comment\",\"target\":[\"https:\\\/\\\/telocuentavictorhugo.com\\\/index.php\\\/2026\\\/04\\\/25\\\/sebastian-daroca-el-nuevo-presidente-de-ypfb\\\/#respond\"]}]},{\"@type\":\"WebPage\",\"@id\":\"https:\\\/\\\/telocuentavictorhugo.com\\\/index.php\\\/2026\\\/04\\\/25\\\/sebastian-daroca-el-nuevo-presidente-de-ypfb\\\/\",\"url\":\"https:\\\/\\\/telocuentavictorhugo.com\\\/index.php\\\/2026\\\/04\\\/25\\\/sebastian-daroca-el-nuevo-presidente-de-ypfb\\\/\",\"name\":\"SEBASTI\u00c1N DAROCA, EL NUEVO PRESIDENTE DE YPFB - Te lo Cuenta Victor\",\"isPartOf\":{\"@id\":\"https:\\\/\\\/telocuentavictorhugo.com\\\/#website\"},\"primaryImageOfPage\":{\"@id\":\"https:\\\/\\\/telocuentavictorhugo.com\\\/index.php\\\/2026\\\/04\\\/25\\\/sebastian-daroca-el-nuevo-presidente-de-ypfb\\\/#primaryimage\"},\"image\":{\"@id\":\"https:\\\/\\\/telocuentavictorhugo.com\\\/index.php\\\/2026\\\/04\\\/25\\\/sebastian-daroca-el-nuevo-presidente-de-ypfb\\\/#primaryimage\"},\"thumbnailUrl\":\"https:\\\/\\\/telocuentavictorhugo.com\\\/wp-content\\\/uploads\\\/2026\\\/04\\\/25-5.jpg\",\"datePublished\":\"2026-04-25T05:30:40+00:00\",\"dateModified\":\"2026-04-25T05:30:41+00:00\",\"breadcrumb\":{\"@id\":\"https:\\\/\\\/telocuentavictorhugo.com\\\/index.php\\\/2026\\\/04\\\/25\\\/sebastian-daroca-el-nuevo-presidente-de-ypfb\\\/#breadcrumb\"},\"inLanguage\":\"es\",\"potentialAction\":[{\"@type\":\"ReadAction\",\"target\":[\"https:\\\/\\\/telocuentavictorhugo.com\\\/index.php\\\/2026\\\/04\\\/25\\\/sebastian-daroca-el-nuevo-presidente-de-ypfb\\\/\"]}]},{\"@type\":\"ImageObject\",\"inLanguage\":\"es\",\"@id\":\"https:\\\/\\\/telocuentavictorhugo.com\\\/index.php\\\/2026\\\/04\\\/25\\\/sebastian-daroca-el-nuevo-presidente-de-ypfb\\\/#primaryimage\",\"url\":\"https:\\\/\\\/telocuentavictorhugo.com\\\/wp-content\\\/uploads\\\/2026\\\/04\\\/25-5.jpg\",\"contentUrl\":\"https:\\\/\\\/telocuentavictorhugo.com\\\/wp-content\\\/uploads\\\/2026\\\/04\\\/25-5.jpg\",\"width\":1402,\"height\":767},{\"@type\":\"BreadcrumbList\",\"@id\":\"https:\\\/\\\/telocuentavictorhugo.com\\\/index.php\\\/2026\\\/04\\\/25\\\/sebastian-daroca-el-nuevo-presidente-de-ypfb\\\/#breadcrumb\",\"itemListElement\":[{\"@type\":\"ListItem\",\"position\":1,\"name\":\"Portada\",\"item\":\"https:\\\/\\\/telocuentavictorhugo.com\\\/\"},{\"@type\":\"ListItem\",\"position\":2,\"name\":\"SEBASTI\u00c1N DAROCA, EL NUEVO PRESIDENTE DE YPFB\"}]},{\"@type\":\"WebSite\",\"@id\":\"https:\\\/\\\/telocuentavictorhugo.com\\\/#website\",\"url\":\"https:\\\/\\\/telocuentavictorhugo.com\\\/\",\"name\":\"Te lo Cuenta Victor\",\"description\":\"\",\"publisher\":{\"@id\":\"https:\\\/\\\/telocuentavictorhugo.com\\\/#organization\"},\"potentialAction\":[{\"@type\":\"SearchAction\",\"target\":{\"@type\":\"EntryPoint\",\"urlTemplate\":\"https:\\\/\\\/telocuentavictorhugo.com\\\/?s={search_term_string}\"},\"query-input\":{\"@type\":\"PropertyValueSpecification\",\"valueRequired\":true,\"valueName\":\"search_term_string\"}}],\"inLanguage\":\"es\"},{\"@type\":\"Organization\",\"@id\":\"https:\\\/\\\/telocuentavictorhugo.com\\\/#organization\",\"name\":\"Te lo Cuenta Victor\",\"url\":\"https:\\\/\\\/telocuentavictorhugo.com\\\/\",\"logo\":{\"@type\":\"ImageObject\",\"inLanguage\":\"es\",\"@id\":\"https:\\\/\\\/telocuentavictorhugo.com\\\/#\\\/schema\\\/logo\\\/image\\\/\",\"url\":\"https:\\\/\\\/telocuentavictorhugo.com\\\/wp-content\\\/uploads\\\/2023\\\/12\\\/Logo.png\",\"contentUrl\":\"https:\\\/\\\/telocuentavictorhugo.com\\\/wp-content\\\/uploads\\\/2023\\\/12\\\/Logo.png\",\"width\":1080,\"height\":176,\"caption\":\"Te lo Cuenta Victor\"},\"image\":{\"@id\":\"https:\\\/\\\/telocuentavictorhugo.com\\\/#\\\/schema\\\/logo\\\/image\\\/\"}},{\"@type\":\"Person\",\"@id\":\"https:\\\/\\\/telocuentavictorhugo.com\\\/#\\\/schema\\\/person\\\/a8307d7271ba2849b49b562ad8602f06\",\"name\":\"telocuentavictorhugo.com\",\"image\":{\"@type\":\"ImageObject\",\"inLanguage\":\"es\",\"@id\":\"https:\\\/\\\/secure.gravatar.com\\\/avatar\\\/da212e7b532df19fd2aea5daf46d8c176abfc85521e4b80ed435d7426ef63eb6?s=96&d=mm&r=g\",\"url\":\"https:\\\/\\\/secure.gravatar.com\\\/avatar\\\/da212e7b532df19fd2aea5daf46d8c176abfc85521e4b80ed435d7426ef63eb6?s=96&d=mm&r=g\",\"contentUrl\":\"https:\\\/\\\/secure.gravatar.com\\\/avatar\\\/da212e7b532df19fd2aea5daf46d8c176abfc85521e4b80ed435d7426ef63eb6?s=96&d=mm&r=g\",\"caption\":\"telocuentavictorhugo.com\"},\"sameAs\":[\"http:\\\/\\\/telocuentavictorhugo.com\"],\"url\":\"https:\\\/\\\/telocuentavictorhugo.com\\\/index.php\\\/author\\\/plustvpress-com\\\/\"}]}<\/script>\n<!-- \/ Yoast SEO plugin. -->","yoast_head_json":{"title":"SEBASTI\u00c1N DAROCA, EL NUEVO PRESIDENTE DE YPFB - Te lo Cuenta Victor","robots":{"index":"index","follow":"follow","max-snippet":"max-snippet:-1","max-image-preview":"max-image-preview:large","max-video-preview":"max-video-preview:-1"},"canonical":"https:\/\/telocuentavictorhugo.com\/index.php\/2026\/04\/25\/sebastian-daroca-el-nuevo-presidente-de-ypfb\/","og_locale":"es_ES","og_type":"article","og_title":"SEBASTI\u00c1N DAROCA, EL NUEVO PRESIDENTE DE YPFB - Te lo Cuenta Victor","og_description":"Sebasti\u00e1n Daroca asumi\u00f3 la noche de este jueves la presidencia interina de YPFB con tres misiones urgentes: enterrar de ra\u00edz la crisis de la \u201cgasolina desestabilizada\u201d, pagar el resarcimiento a conductores con veh\u00edculos da\u00f1ados y garantizar el abastecimiento total de di\u00e9sel. \u201cMi prioridad ser\u00e1 solucionar de manera definitiva el problema\u201d, sentenci\u00f3 tras jurar ante el [&hellip;]","og_url":"https:\/\/telocuentavictorhugo.com\/index.php\/2026\/04\/25\/sebastian-daroca-el-nuevo-presidente-de-ypfb\/","og_site_name":"Te lo Cuenta Victor","article_published_time":"2026-04-25T05:30:40+00:00","article_modified_time":"2026-04-25T05:30:41+00:00","og_image":[{"width":1402,"height":767,"url":"http:\/\/telocuentavictorhugo.com\/wp-content\/uploads\/2026\/04\/25-5.jpg","type":"image\/jpeg"}],"author":"telocuentavictorhugo.com","twitter_card":"summary_large_image","twitter_misc":{"Escrito por":"telocuentavictorhugo.com","Tiempo de lectura":"1 minuto"},"schema":{"@context":"https:\/\/schema.org","@graph":[{"@type":"Article","@id":"https:\/\/telocuentavictorhugo.com\/index.php\/2026\/04\/25\/sebastian-daroca-el-nuevo-presidente-de-ypfb\/#article","isPartOf":{"@id":"https:\/\/telocuentavictorhugo.com\/index.php\/2026\/04\/25\/sebastian-daroca-el-nuevo-presidente-de-ypfb\/"},"author":{"name":"telocuentavictorhugo.com","@id":"https:\/\/telocuentavictorhugo.com\/#\/schema\/person\/a8307d7271ba2849b49b562ad8602f06"},"headline":"SEBASTI\u00c1N DAROCA, EL NUEVO PRESIDENTE DE YPFB","datePublished":"2026-04-25T05:30:40+00:00","dateModified":"2026-04-25T05:30:41+00:00","mainEntityOfPage":{"@id":"https:\/\/telocuentavictorhugo.com\/index.php\/2026\/04\/25\/sebastian-daroca-el-nuevo-presidente-de-ypfb\/"},"wordCount":161,"commentCount":0,"publisher":{"@id":"https:\/\/telocuentavictorhugo.com\/#organization"},"image":{"@id":"https:\/\/telocuentavictorhugo.com\/index.php\/2026\/04\/25\/sebastian-daroca-el-nuevo-presidente-de-ypfb\/#primaryimage"},"thumbnailUrl":"https:\/\/telocuentavictorhugo.com\/wp-content\/uploads\/2026\/04\/25-5.jpg","keywords":["ECONOM\u00cdA","NOTICIAS"],"articleSection":["Noticias"],"inLanguage":"es","potentialAction":[{"@type":"CommentAction","name":"Comment","target":["https:\/\/telocuentavictorhugo.com\/index.php\/2026\/04\/25\/sebastian-daroca-el-nuevo-presidente-de-ypfb\/#respond"]}]},{"@type":"WebPage","@id":"https:\/\/telocuentavictorhugo.com\/index.php\/2026\/04\/25\/sebastian-daroca-el-nuevo-presidente-de-ypfb\/","url":"https:\/\/telocuentavictorhugo.com\/index.php\/2026\/04\/25\/sebastian-daroca-el-nuevo-presidente-de-ypfb\/","name":"SEBASTI\u00c1N DAROCA, EL NUEVO PRESIDENTE DE YPFB - Te lo Cuenta Victor","isPartOf":{"@id":"https:\/\/telocuentavictorhugo.com\/#website"},"primaryImageOfPage":{"@id":"https:\/\/telocuentavictorhugo.com\/index.php\/2026\/04\/25\/sebastian-daroca-el-nuevo-presidente-de-ypfb\/#primaryimage"},"image":{"@id":"https:\/\/telocuentavictorhugo.com\/index.php\/2026\/04\/25\/sebastian-daroca-el-nuevo-presidente-de-ypfb\/#primaryimage"},"thumbnailUrl":"https:\/\/telocuentavictorhugo.com\/wp-content\/uploads\/2026\/04\/25-5.jpg","datePublished":"2026-04-25T05:30:40+00:00","dateModified":"2026-04-25T05:30:41+00:00","breadcrumb":{"@id":"https:\/\/telocuentavictorhugo.com\/index.php\/2026\/04\/25\/sebastian-daroca-el-nuevo-presidente-de-ypfb\/#breadcrumb"},"inLanguage":"es","potentialAction":[{"@type":"ReadAction","target":["https:\/\/telocuentavictorhugo.com\/index.php\/2026\/04\/25\/sebastian-daroca-el-nuevo-presidente-de-ypfb\/"]}]},{"@type":"ImageObject","inLanguage":"es","@id":"https:\/\/telocuentavictorhugo.com\/index.php\/2026\/04\/25\/sebastian-daroca-el-nuevo-presidente-de-ypfb\/#primaryimage","url":"https:\/\/telocuentavictorhugo.com\/wp-content\/uploads\/2026\/04\/25-5.jpg","contentUrl":"https:\/\/telocuentavictorhugo.com\/wp-content\/uploads\/2026\/04\/25-5.jpg","width":1402,"height":767},{"@type":"BreadcrumbList","@id":"https:\/\/telocuentavictorhugo.com\/index.php\/2026\/04\/25\/sebastian-daroca-el-nuevo-presidente-de-ypfb\/#breadcrumb","itemListElement":[{"@type":"ListItem","position":1,"name":"Portada","item":"https:\/\/telocuentavictorhugo.com\/"},{"@type":"ListItem","position":2,"name":"SEBASTI\u00c1N DAROCA, EL NUEVO PRESIDENTE DE YPFB"}]},{"@type":"WebSite","@id":"https:\/\/telocuentavictorhugo.com\/#website","url":"https:\/\/telocuentavictorhugo.com\/","name":"Te lo Cuenta Victor","description":"","publisher":{"@id":"https:\/\/telocuentavictorhugo.com\/#organization"},"potentialAction":[{"@type":"SearchAction","target":{"@type":"EntryPoint","urlTemplate":"https:\/\/telocuentavictorhugo.com\/?s={search_term_string}"},"query-input":{"@type":"PropertyValueSpecification","valueRequired":true,"valueName":"search_term_string"}}],"inLanguage":"es"},{"@type":"Organization","@id":"https:\/\/telocuentavictorhugo.com\/#organization","name":"Te lo Cuenta Victor","url":"https:\/\/telocuentavictorhugo.com\/","logo":{"@type":"ImageObject","inLanguage":"es","@id":"https:\/\/telocuentavictorhugo.com\/#\/schema\/logo\/image\/","url":"https:\/\/telocuentavictorhugo.com\/wp-content\/uploads\/2023\/12\/Logo.png","contentUrl":"https:\/\/telocuentavictorhugo.com\/wp-content\/uploads\/2023\/12\/Logo.png","width":1080,"height":176,"caption":"Te lo Cuenta Victor"},"image":{"@id":"https:\/\/telocuentavictorhugo.com\/#\/schema\/logo\/image\/"}},{"@type":"Person","@id":"https:\/\/telocuentavictorhugo.com\/#\/schema\/person\/a8307d7271ba2849b49b562ad8602f06","name":"telocuentavictorhugo.com","image":{"@type":"ImageObject","inLanguage":"es","@id":"https:\/\/secure.gravatar.com\/avatar\/da212e7b532df19fd2aea5daf46d8c176abfc85521e4b80ed435d7426ef63eb6?s=96&d=mm&r=g","url":"https:\/\/secure.gravatar.com\/avatar\/da212e7b532df19fd2aea5daf46d8c176abfc85521e4b80ed435d7426ef63eb6?s=96&d=mm&r=g","contentUrl":"https:\/\/secure.gravatar.com\/avatar\/da212e7b532df19fd2aea5daf46d8c176abfc85521e4b80ed435d7426ef63eb6?s=96&d=mm&r=g","caption":"telocuentavictorhugo.com"},"sameAs":["http:\/\/telocuentavictorhugo.com"],"url":"https:\/\/telocuentavictorhugo.com\/index.php\/author\/plustvpress-com\/"}]}},"_links":{"self":[{"href":"https:\/\/telocuentavictorhugo.com\/index.php\/wp-json\/wp\/v2\/posts\/15192","targetHints":{"allow":["GET"]}}],"collection":[{"href":"https:\/\/telocuentavictorhugo.com\/index.php\/wp-json\/wp\/v2\/posts"}],"about":[{"href":"https:\/\/telocuentavictorhugo.com\/index.php\/wp-json\/wp\/v2\/types\/post"}],"author":[{"embeddable":true,"href":"https:\/\/telocuentavictorhugo.com\/index.php\/wp-json\/wp\/v2\/users\/1"}],"replies":[{"embeddable":true,"href":"https:\/\/telocuentavictorhugo.com\/index.php\/wp-json\/wp\/v2\/comments?post=15192"}],"version-history":[{"count":1,"href":"https:\/\/telocuentavictorhugo.com\/index.php\/wp-json\/wp\/v2\/posts\/15192\/revisions"}],"predecessor-version":[{"id":15264,"href":"https:\/\/telocuentavictorhugo.com\/index.php\/wp-json\/wp\/v2\/posts\/15192\/revisions\/15264"}],"wp:featuredmedia":[{"embeddable":true,"href":"https:\/\/telocuentavictorhugo.com\/index.php\/wp-json\/wp\/v2\/media\/15229"}],"wp:attachment":[{"href":"https:\/\/telocuentavictorhugo.com\/index.php\/wp-json\/wp\/v2\/media?parent=15192"}],"wp:term":[{"taxonomy":"category","embeddable":true,"href":"https:\/\/telocuentavictorhugo.com\/index.php\/wp-json\/wp\/v2\/categories?post=15192"},{"taxonomy":"post_tag","embeddable":true,"href":"https:\/\/telocuentavictorhugo.com\/index.php\/wp-json\/wp\/v2\/tags?post=15192"}],"curies":[{"name":"wp","href":"https:\/\/api.w.org\/{rel}","templated":true}]}}