{"id":15191,"date":"2026-04-25T01:30:38","date_gmt":"2026-04-25T05:30:38","guid":{"rendered":"https:\/\/telocuentavictorhugo.com\/?p=15191"},"modified":"2026-04-25T01:30:39","modified_gmt":"2026-04-25T05:30:39","slug":"policia-admite-pequeno-retraso-tras-robo-a-turistas-en-tarija-no-teniamos-autos","status":"publish","type":"post","link":"https:\/\/telocuentavictorhugo.com\/index.php\/2026\/04\/25\/policia-admite-pequeno-retraso-tras-robo-a-turistas-en-tarija-no-teniamos-autos\/","title":{"rendered":"POLIC\u00cdA ADMITE \u201cPEQUE\u00d1O RETRASO\u201d TRAS ROBO A TURISTAS EN TARIJA: \u201cNO TEN\u00cdAMOS AUTOS&#8230;\u00bb"},"content":{"rendered":"\n<p>La Polic\u00eda de Tarija reconoci\u00f3 que \u201ctal vez hubo un peque\u00f1o retraso\u201d al atender a dos turistas de B\u00e9lgica y Alemania que perdieron $us 7.000 en equipos tras el robo de su coche en plaza Uriondo. El director de la FELCC, Rodrigo Flores, justific\u00f3 la demora porque \u201cno se dispon\u00eda de veh\u00edculos en ese momento\u201d ya que \u201cvarios han quedado inoperables\u201d y eso limita la capacidad operativa. Los visitantes, que trabajan en difusi\u00f3n tur\u00edstica, denunciaron que pese a tener la ubicaci\u00f3n GPS de sus laptops y c\u00e1mara profesional robadas, los efectivos \u201cno quer\u00edan moverse\u201d y les dijeron que \u201cno hab\u00eda gasolina\u201d. Tras esperar dos d\u00edas, el dispositivo se apag\u00f3 sin bater\u00eda. Ahora est\u00e1n varados, sin dinero para volver a Europa, y pidieron auxilio al presidente Rodrigo Paz mientras el Ministerio de Turismo interviene.<\/p>\n\n\n\n<figure class=\"wp-block-embed is-type-video is-provider-youtube wp-block-embed-youtube wp-embed-aspect-16-9 wp-has-aspect-ratio\"><div class=\"wp-block-embed__wrapper\">\n<iframe title=\"POLIC\u00cdA ADMITE \u201cPEQUE\u00d1O RETRASO\u201d TRAS ROBO A TURISTAS EN TARIJA: \u201cNO TEN\u00cdAMOS AUTOS...&quot;\" width=\"800\" height=\"450\" src=\"https:\/\/www.youtube.com\/embed\/C3oweN3p2lI?feature=oembed\" frameborder=\"0\" allow=\"accelerometer; autoplay; clipboard-write; encrypted-media; gyroscope; picture-in-picture; web-share\" referrerpolicy=\"strict-origin-when-cross-origin\" allowfullscreen><\/iframe>\n<\/div><\/figure>\n\n\n\n<p><\/p>\n","protected":false},"excerpt":{"rendered":"<p>La Polic\u00eda de Tarija reconoci\u00f3 que \u201ctal vez hubo un peque\u00f1o retraso\u201d al atender a dos turistas de B\u00e9lgica y Alemania que perdieron $us 7.000 en equipos tras el robo de su coche en plaza Uriondo. El director de la FELCC, Rodrigo Flores, justific\u00f3 la demora porque \u201cno se dispon\u00eda de veh\u00edculos en ese momento\u201d [&hellip;]<\/p>\n","protected":false},"author":1,"featured_media":15228,"comment_status":"open","ping_status":"open","sticky":false,"template":"","format":"standard","meta":{"_eb_attr":"","footnotes":""},"categories":[1],"tags":[113,123],"class_list":["post-15191","post","type-post","status-publish","format-standard","has-post-thumbnail","hentry","category-noticias","tag-noticias","tag-sociedad"],"yoast_head":"<!-- This site is optimized with the Yoast SEO plugin v27.4 - https:\/\/yoast.com\/product\/yoast-seo-wordpress\/ -->\n<title>POLIC\u00cdA ADMITE \u201cPEQUE\u00d1O RETRASO\u201d TRAS ROBO A TURISTAS EN TARIJA: \u201cNO TEN\u00cdAMOS AUTOS...&quot; - Te lo Cuenta Victor<\/title>\n<meta name=\"robots\" content=\"index, follow, max-snippet:-1, max-image-preview:large, max-video-preview:-1\" \/>\n<link rel=\"canonical\" href=\"https:\/\/telocuentavictorhugo.com\/index.php\/2026\/04\/25\/policia-admite-pequeno-retraso-tras-robo-a-turistas-en-tarija-no-teniamos-autos\/\" \/>\n<meta property=\"og:locale\" content=\"es_ES\" \/>\n<meta property=\"og:type\" content=\"article\" \/>\n<meta property=\"og:title\" content=\"POLIC\u00cdA ADMITE \u201cPEQUE\u00d1O RETRASO\u201d TRAS ROBO A TURISTAS EN TARIJA: \u201cNO TEN\u00cdAMOS AUTOS...&quot; - Te lo Cuenta Victor\" \/>\n<meta property=\"og:description\" content=\"La Polic\u00eda de Tarija reconoci\u00f3 que \u201ctal vez hubo un peque\u00f1o retraso\u201d al atender a dos turistas de B\u00e9lgica y Alemania que perdieron $us 7.000 en equipos tras el robo de su coche en plaza Uriondo. El director de la FELCC, Rodrigo Flores, justific\u00f3 la demora porque \u201cno se dispon\u00eda de veh\u00edculos en ese momento\u201d [&hellip;]\" \/>\n<meta property=\"og:url\" content=\"https:\/\/telocuentavictorhugo.com\/index.php\/2026\/04\/25\/policia-admite-pequeno-retraso-tras-robo-a-turistas-en-tarija-no-teniamos-autos\/\" \/>\n<meta property=\"og:site_name\" content=\"Te lo Cuenta Victor\" \/>\n<meta property=\"article:published_time\" content=\"2026-04-25T05:30:38+00:00\" \/>\n<meta property=\"article:modified_time\" content=\"2026-04-25T05:30:39+00:00\" \/>\n<meta property=\"og:image\" content=\"http:\/\/telocuentavictorhugo.com\/wp-content\/uploads\/2026\/04\/24-5.jpg\" \/>\n\t<meta property=\"og:image:width\" content=\"1405\" \/>\n\t<meta property=\"og:image:height\" content=\"788\" \/>\n\t<meta property=\"og:image:type\" content=\"image\/jpeg\" \/>\n<meta name=\"author\" content=\"telocuentavictorhugo.com\" \/>\n<meta name=\"twitter:card\" content=\"summary_large_image\" \/>\n<meta name=\"twitter:label1\" content=\"Escrito por\" \/>\n\t<meta name=\"twitter:data1\" content=\"telocuentavictorhugo.com\" \/>\n\t<meta name=\"twitter:label2\" content=\"Tiempo de lectura\" \/>\n\t<meta name=\"twitter:data2\" content=\"1 minuto\" \/>\n<script type=\"application\/ld+json\" class=\"yoast-schema-graph\">{\"@context\":\"https:\\\/\\\/schema.org\",\"@graph\":[{\"@type\":\"Article\",\"@id\":\"https:\\\/\\\/telocuentavictorhugo.com\\\/index.php\\\/2026\\\/04\\\/25\\\/policia-admite-pequeno-retraso-tras-robo-a-turistas-en-tarija-no-teniamos-autos\\\/#article\",\"isPartOf\":{\"@id\":\"https:\\\/\\\/telocuentavictorhugo.com\\\/index.php\\\/2026\\\/04\\\/25\\\/policia-admite-pequeno-retraso-tras-robo-a-turistas-en-tarija-no-teniamos-autos\\\/\"},\"author\":{\"name\":\"telocuentavictorhugo.com\",\"@id\":\"https:\\\/\\\/telocuentavictorhugo.com\\\/#\\\/schema\\\/person\\\/a8307d7271ba2849b49b562ad8602f06\"},\"headline\":\"POLIC\u00cdA ADMITE \u201cPEQUE\u00d1O RETRASO\u201d TRAS ROBO A TURISTAS EN TARIJA: \u201cNO TEN\u00cdAMOS AUTOS&#8230;\u00bb\",\"datePublished\":\"2026-04-25T05:30:38+00:00\",\"dateModified\":\"2026-04-25T05:30:39+00:00\",\"mainEntityOfPage\":{\"@id\":\"https:\\\/\\\/telocuentavictorhugo.com\\\/index.php\\\/2026\\\/04\\\/25\\\/policia-admite-pequeno-retraso-tras-robo-a-turistas-en-tarija-no-teniamos-autos\\\/\"},\"wordCount\":169,\"commentCount\":0,\"publisher\":{\"@id\":\"https:\\\/\\\/telocuentavictorhugo.com\\\/#organization\"},\"image\":{\"@id\":\"https:\\\/\\\/telocuentavictorhugo.com\\\/index.php\\\/2026\\\/04\\\/25\\\/policia-admite-pequeno-retraso-tras-robo-a-turistas-en-tarija-no-teniamos-autos\\\/#primaryimage\"},\"thumbnailUrl\":\"https:\\\/\\\/telocuentavictorhugo.com\\\/wp-content\\\/uploads\\\/2026\\\/04\\\/24-5.jpg\",\"keywords\":[\"NOTICIAS\",\"SOCIEDAD\"],\"articleSection\":[\"Noticias\"],\"inLanguage\":\"es\",\"potentialAction\":[{\"@type\":\"CommentAction\",\"name\":\"Comment\",\"target\":[\"https:\\\/\\\/telocuentavictorhugo.com\\\/index.php\\\/2026\\\/04\\\/25\\\/policia-admite-pequeno-retraso-tras-robo-a-turistas-en-tarija-no-teniamos-autos\\\/#respond\"]}]},{\"@type\":\"WebPage\",\"@id\":\"https:\\\/\\\/telocuentavictorhugo.com\\\/index.php\\\/2026\\\/04\\\/25\\\/policia-admite-pequeno-retraso-tras-robo-a-turistas-en-tarija-no-teniamos-autos\\\/\",\"url\":\"https:\\\/\\\/telocuentavictorhugo.com\\\/index.php\\\/2026\\\/04\\\/25\\\/policia-admite-pequeno-retraso-tras-robo-a-turistas-en-tarija-no-teniamos-autos\\\/\",\"name\":\"POLIC\u00cdA ADMITE \u201cPEQUE\u00d1O RETRASO\u201d TRAS ROBO A TURISTAS EN TARIJA: \u201cNO TEN\u00cdAMOS AUTOS...\\\" - Te lo Cuenta Victor\",\"isPartOf\":{\"@id\":\"https:\\\/\\\/telocuentavictorhugo.com\\\/#website\"},\"primaryImageOfPage\":{\"@id\":\"https:\\\/\\\/telocuentavictorhugo.com\\\/index.php\\\/2026\\\/04\\\/25\\\/policia-admite-pequeno-retraso-tras-robo-a-turistas-en-tarija-no-teniamos-autos\\\/#primaryimage\"},\"image\":{\"@id\":\"https:\\\/\\\/telocuentavictorhugo.com\\\/index.php\\\/2026\\\/04\\\/25\\\/policia-admite-pequeno-retraso-tras-robo-a-turistas-en-tarija-no-teniamos-autos\\\/#primaryimage\"},\"thumbnailUrl\":\"https:\\\/\\\/telocuentavictorhugo.com\\\/wp-content\\\/uploads\\\/2026\\\/04\\\/24-5.jpg\",\"datePublished\":\"2026-04-25T05:30:38+00:00\",\"dateModified\":\"2026-04-25T05:30:39+00:00\",\"breadcrumb\":{\"@id\":\"https:\\\/\\\/telocuentavictorhugo.com\\\/index.php\\\/2026\\\/04\\\/25\\\/policia-admite-pequeno-retraso-tras-robo-a-turistas-en-tarija-no-teniamos-autos\\\/#breadcrumb\"},\"inLanguage\":\"es\",\"potentialAction\":[{\"@type\":\"ReadAction\",\"target\":[\"https:\\\/\\\/telocuentavictorhugo.com\\\/index.php\\\/2026\\\/04\\\/25\\\/policia-admite-pequeno-retraso-tras-robo-a-turistas-en-tarija-no-teniamos-autos\\\/\"]}]},{\"@type\":\"ImageObject\",\"inLanguage\":\"es\",\"@id\":\"https:\\\/\\\/telocuentavictorhugo.com\\\/index.php\\\/2026\\\/04\\\/25\\\/policia-admite-pequeno-retraso-tras-robo-a-turistas-en-tarija-no-teniamos-autos\\\/#primaryimage\",\"url\":\"https:\\\/\\\/telocuentavictorhugo.com\\\/wp-content\\\/uploads\\\/2026\\\/04\\\/24-5.jpg\",\"contentUrl\":\"https:\\\/\\\/telocuentavictorhugo.com\\\/wp-content\\\/uploads\\\/2026\\\/04\\\/24-5.jpg\",\"width\":1405,\"height\":788},{\"@type\":\"BreadcrumbList\",\"@id\":\"https:\\\/\\\/telocuentavictorhugo.com\\\/index.php\\\/2026\\\/04\\\/25\\\/policia-admite-pequeno-retraso-tras-robo-a-turistas-en-tarija-no-teniamos-autos\\\/#breadcrumb\",\"itemListElement\":[{\"@type\":\"ListItem\",\"position\":1,\"name\":\"Portada\",\"item\":\"https:\\\/\\\/telocuentavictorhugo.com\\\/\"},{\"@type\":\"ListItem\",\"position\":2,\"name\":\"POLIC\u00cdA ADMITE \u201cPEQUE\u00d1O RETRASO\u201d TRAS ROBO A TURISTAS EN TARIJA: \u201cNO TEN\u00cdAMOS AUTOS&#8230;\u00bb\"}]},{\"@type\":\"WebSite\",\"@id\":\"https:\\\/\\\/telocuentavictorhugo.com\\\/#website\",\"url\":\"https:\\\/\\\/telocuentavictorhugo.com\\\/\",\"name\":\"Te lo Cuenta Victor\",\"description\":\"\",\"publisher\":{\"@id\":\"https:\\\/\\\/telocuentavictorhugo.com\\\/#organization\"},\"potentialAction\":[{\"@type\":\"SearchAction\",\"target\":{\"@type\":\"EntryPoint\",\"urlTemplate\":\"https:\\\/\\\/telocuentavictorhugo.com\\\/?s={search_term_string}\"},\"query-input\":{\"@type\":\"PropertyValueSpecification\",\"valueRequired\":true,\"valueName\":\"search_term_string\"}}],\"inLanguage\":\"es\"},{\"@type\":\"Organization\",\"@id\":\"https:\\\/\\\/telocuentavictorhugo.com\\\/#organization\",\"name\":\"Te lo Cuenta Victor\",\"url\":\"https:\\\/\\\/telocuentavictorhugo.com\\\/\",\"logo\":{\"@type\":\"ImageObject\",\"inLanguage\":\"es\",\"@id\":\"https:\\\/\\\/telocuentavictorhugo.com\\\/#\\\/schema\\\/logo\\\/image\\\/\",\"url\":\"https:\\\/\\\/telocuentavictorhugo.com\\\/wp-content\\\/uploads\\\/2023\\\/12\\\/Logo.png\",\"contentUrl\":\"https:\\\/\\\/telocuentavictorhugo.com\\\/wp-content\\\/uploads\\\/2023\\\/12\\\/Logo.png\",\"width\":1080,\"height\":176,\"caption\":\"Te lo Cuenta Victor\"},\"image\":{\"@id\":\"https:\\\/\\\/telocuentavictorhugo.com\\\/#\\\/schema\\\/logo\\\/image\\\/\"}},{\"@type\":\"Person\",\"@id\":\"https:\\\/\\\/telocuentavictorhugo.com\\\/#\\\/schema\\\/person\\\/a8307d7271ba2849b49b562ad8602f06\",\"name\":\"telocuentavictorhugo.com\",\"image\":{\"@type\":\"ImageObject\",\"inLanguage\":\"es\",\"@id\":\"https:\\\/\\\/secure.gravatar.com\\\/avatar\\\/da212e7b532df19fd2aea5daf46d8c176abfc85521e4b80ed435d7426ef63eb6?s=96&d=mm&r=g\",\"url\":\"https:\\\/\\\/secure.gravatar.com\\\/avatar\\\/da212e7b532df19fd2aea5daf46d8c176abfc85521e4b80ed435d7426ef63eb6?s=96&d=mm&r=g\",\"contentUrl\":\"https:\\\/\\\/secure.gravatar.com\\\/avatar\\\/da212e7b532df19fd2aea5daf46d8c176abfc85521e4b80ed435d7426ef63eb6?s=96&d=mm&r=g\",\"caption\":\"telocuentavictorhugo.com\"},\"sameAs\":[\"http:\\\/\\\/telocuentavictorhugo.com\"],\"url\":\"https:\\\/\\\/telocuentavictorhugo.com\\\/index.php\\\/author\\\/plustvpress-com\\\/\"}]}<\/script>\n<!-- \/ Yoast SEO plugin. -->","yoast_head_json":{"title":"POLIC\u00cdA ADMITE \u201cPEQUE\u00d1O RETRASO\u201d TRAS ROBO A TURISTAS EN TARIJA: \u201cNO TEN\u00cdAMOS AUTOS...\" - Te lo Cuenta Victor","robots":{"index":"index","follow":"follow","max-snippet":"max-snippet:-1","max-image-preview":"max-image-preview:large","max-video-preview":"max-video-preview:-1"},"canonical":"https:\/\/telocuentavictorhugo.com\/index.php\/2026\/04\/25\/policia-admite-pequeno-retraso-tras-robo-a-turistas-en-tarija-no-teniamos-autos\/","og_locale":"es_ES","og_type":"article","og_title":"POLIC\u00cdA ADMITE \u201cPEQUE\u00d1O RETRASO\u201d TRAS ROBO A TURISTAS EN TARIJA: \u201cNO TEN\u00cdAMOS AUTOS...\" - Te lo Cuenta Victor","og_description":"La Polic\u00eda de Tarija reconoci\u00f3 que \u201ctal vez hubo un peque\u00f1o retraso\u201d al atender a dos turistas de B\u00e9lgica y Alemania que perdieron $us 7.000 en equipos tras el robo de su coche en plaza Uriondo. El director de la FELCC, Rodrigo Flores, justific\u00f3 la demora porque \u201cno se dispon\u00eda de veh\u00edculos en ese momento\u201d [&hellip;]","og_url":"https:\/\/telocuentavictorhugo.com\/index.php\/2026\/04\/25\/policia-admite-pequeno-retraso-tras-robo-a-turistas-en-tarija-no-teniamos-autos\/","og_site_name":"Te lo Cuenta Victor","article_published_time":"2026-04-25T05:30:38+00:00","article_modified_time":"2026-04-25T05:30:39+00:00","og_image":[{"width":1405,"height":788,"url":"http:\/\/telocuentavictorhugo.com\/wp-content\/uploads\/2026\/04\/24-5.jpg","type":"image\/jpeg"}],"author":"telocuentavictorhugo.com","twitter_card":"summary_large_image","twitter_misc":{"Escrito por":"telocuentavictorhugo.com","Tiempo de lectura":"1 minuto"},"schema":{"@context":"https:\/\/schema.org","@graph":[{"@type":"Article","@id":"https:\/\/telocuentavictorhugo.com\/index.php\/2026\/04\/25\/policia-admite-pequeno-retraso-tras-robo-a-turistas-en-tarija-no-teniamos-autos\/#article","isPartOf":{"@id":"https:\/\/telocuentavictorhugo.com\/index.php\/2026\/04\/25\/policia-admite-pequeno-retraso-tras-robo-a-turistas-en-tarija-no-teniamos-autos\/"},"author":{"name":"telocuentavictorhugo.com","@id":"https:\/\/telocuentavictorhugo.com\/#\/schema\/person\/a8307d7271ba2849b49b562ad8602f06"},"headline":"POLIC\u00cdA ADMITE \u201cPEQUE\u00d1O RETRASO\u201d TRAS ROBO A TURISTAS EN TARIJA: \u201cNO TEN\u00cdAMOS AUTOS&#8230;\u00bb","datePublished":"2026-04-25T05:30:38+00:00","dateModified":"2026-04-25T05:30:39+00:00","mainEntityOfPage":{"@id":"https:\/\/telocuentavictorhugo.com\/index.php\/2026\/04\/25\/policia-admite-pequeno-retraso-tras-robo-a-turistas-en-tarija-no-teniamos-autos\/"},"wordCount":169,"commentCount":0,"publisher":{"@id":"https:\/\/telocuentavictorhugo.com\/#organization"},"image":{"@id":"https:\/\/telocuentavictorhugo.com\/index.php\/2026\/04\/25\/policia-admite-pequeno-retraso-tras-robo-a-turistas-en-tarija-no-teniamos-autos\/#primaryimage"},"thumbnailUrl":"https:\/\/telocuentavictorhugo.com\/wp-content\/uploads\/2026\/04\/24-5.jpg","keywords":["NOTICIAS","SOCIEDAD"],"articleSection":["Noticias"],"inLanguage":"es","potentialAction":[{"@type":"CommentAction","name":"Comment","target":["https:\/\/telocuentavictorhugo.com\/index.php\/2026\/04\/25\/policia-admite-pequeno-retraso-tras-robo-a-turistas-en-tarija-no-teniamos-autos\/#respond"]}]},{"@type":"WebPage","@id":"https:\/\/telocuentavictorhugo.com\/index.php\/2026\/04\/25\/policia-admite-pequeno-retraso-tras-robo-a-turistas-en-tarija-no-teniamos-autos\/","url":"https:\/\/telocuentavictorhugo.com\/index.php\/2026\/04\/25\/policia-admite-pequeno-retraso-tras-robo-a-turistas-en-tarija-no-teniamos-autos\/","name":"POLIC\u00cdA ADMITE \u201cPEQUE\u00d1O RETRASO\u201d TRAS ROBO A TURISTAS EN TARIJA: \u201cNO TEN\u00cdAMOS AUTOS...\" - Te lo Cuenta Victor","isPartOf":{"@id":"https:\/\/telocuentavictorhugo.com\/#website"},"primaryImageOfPage":{"@id":"https:\/\/telocuentavictorhugo.com\/index.php\/2026\/04\/25\/policia-admite-pequeno-retraso-tras-robo-a-turistas-en-tarija-no-teniamos-autos\/#primaryimage"},"image":{"@id":"https:\/\/telocuentavictorhugo.com\/index.php\/2026\/04\/25\/policia-admite-pequeno-retraso-tras-robo-a-turistas-en-tarija-no-teniamos-autos\/#primaryimage"},"thumbnailUrl":"https:\/\/telocuentavictorhugo.com\/wp-content\/uploads\/2026\/04\/24-5.jpg","datePublished":"2026-04-25T05:30:38+00:00","dateModified":"2026-04-25T05:30:39+00:00","breadcrumb":{"@id":"https:\/\/telocuentavictorhugo.com\/index.php\/2026\/04\/25\/policia-admite-pequeno-retraso-tras-robo-a-turistas-en-tarija-no-teniamos-autos\/#breadcrumb"},"inLanguage":"es","potentialAction":[{"@type":"ReadAction","target":["https:\/\/telocuentavictorhugo.com\/index.php\/2026\/04\/25\/policia-admite-pequeno-retraso-tras-robo-a-turistas-en-tarija-no-teniamos-autos\/"]}]},{"@type":"ImageObject","inLanguage":"es","@id":"https:\/\/telocuentavictorhugo.com\/index.php\/2026\/04\/25\/policia-admite-pequeno-retraso-tras-robo-a-turistas-en-tarija-no-teniamos-autos\/#primaryimage","url":"https:\/\/telocuentavictorhugo.com\/wp-content\/uploads\/2026\/04\/24-5.jpg","contentUrl":"https:\/\/telocuentavictorhugo.com\/wp-content\/uploads\/2026\/04\/24-5.jpg","width":1405,"height":788},{"@type":"BreadcrumbList","@id":"https:\/\/telocuentavictorhugo.com\/index.php\/2026\/04\/25\/policia-admite-pequeno-retraso-tras-robo-a-turistas-en-tarija-no-teniamos-autos\/#breadcrumb","itemListElement":[{"@type":"ListItem","position":1,"name":"Portada","item":"https:\/\/telocuentavictorhugo.com\/"},{"@type":"ListItem","position":2,"name":"POLIC\u00cdA ADMITE \u201cPEQUE\u00d1O RETRASO\u201d TRAS ROBO A TURISTAS EN TARIJA: \u201cNO TEN\u00cdAMOS AUTOS&#8230;\u00bb"}]},{"@type":"WebSite","@id":"https:\/\/telocuentavictorhugo.com\/#website","url":"https:\/\/telocuentavictorhugo.com\/","name":"Te lo Cuenta Victor","description":"","publisher":{"@id":"https:\/\/telocuentavictorhugo.com\/#organization"},"potentialAction":[{"@type":"SearchAction","target":{"@type":"EntryPoint","urlTemplate":"https:\/\/telocuentavictorhugo.com\/?s={search_term_string}"},"query-input":{"@type":"PropertyValueSpecification","valueRequired":true,"valueName":"search_term_string"}}],"inLanguage":"es"},{"@type":"Organization","@id":"https:\/\/telocuentavictorhugo.com\/#organization","name":"Te lo Cuenta Victor","url":"https:\/\/telocuentavictorhugo.com\/","logo":{"@type":"ImageObject","inLanguage":"es","@id":"https:\/\/telocuentavictorhugo.com\/#\/schema\/logo\/image\/","url":"https:\/\/telocuentavictorhugo.com\/wp-content\/uploads\/2023\/12\/Logo.png","contentUrl":"https:\/\/telocuentavictorhugo.com\/wp-content\/uploads\/2023\/12\/Logo.png","width":1080,"height":176,"caption":"Te lo Cuenta Victor"},"image":{"@id":"https:\/\/telocuentavictorhugo.com\/#\/schema\/logo\/image\/"}},{"@type":"Person","@id":"https:\/\/telocuentavictorhugo.com\/#\/schema\/person\/a8307d7271ba2849b49b562ad8602f06","name":"telocuentavictorhugo.com","image":{"@type":"ImageObject","inLanguage":"es","@id":"https:\/\/secure.gravatar.com\/avatar\/da212e7b532df19fd2aea5daf46d8c176abfc85521e4b80ed435d7426ef63eb6?s=96&d=mm&r=g","url":"https:\/\/secure.gravatar.com\/avatar\/da212e7b532df19fd2aea5daf46d8c176abfc85521e4b80ed435d7426ef63eb6?s=96&d=mm&r=g","contentUrl":"https:\/\/secure.gravatar.com\/avatar\/da212e7b532df19fd2aea5daf46d8c176abfc85521e4b80ed435d7426ef63eb6?s=96&d=mm&r=g","caption":"telocuentavictorhugo.com"},"sameAs":["http:\/\/telocuentavictorhugo.com"],"url":"https:\/\/telocuentavictorhugo.com\/index.php\/author\/plustvpress-com\/"}]}},"_links":{"self":[{"href":"https:\/\/telocuentavictorhugo.com\/index.php\/wp-json\/wp\/v2\/posts\/15191","targetHints":{"allow":["GET"]}}],"collection":[{"href":"https:\/\/telocuentavictorhugo.com\/index.php\/wp-json\/wp\/v2\/posts"}],"about":[{"href":"https:\/\/telocuentavictorhugo.com\/index.php\/wp-json\/wp\/v2\/types\/post"}],"author":[{"embeddable":true,"href":"https:\/\/telocuentavictorhugo.com\/index.php\/wp-json\/wp\/v2\/users\/1"}],"replies":[{"embeddable":true,"href":"https:\/\/telocuentavictorhugo.com\/index.php\/wp-json\/wp\/v2\/comments?post=15191"}],"version-history":[{"count":1,"href":"https:\/\/telocuentavictorhugo.com\/index.php\/wp-json\/wp\/v2\/posts\/15191\/revisions"}],"predecessor-version":[{"id":15263,"href":"https:\/\/telocuentavictorhugo.com\/index.php\/wp-json\/wp\/v2\/posts\/15191\/revisions\/15263"}],"wp:featuredmedia":[{"embeddable":true,"href":"https:\/\/telocuentavictorhugo.com\/index.php\/wp-json\/wp\/v2\/media\/15228"}],"wp:attachment":[{"href":"https:\/\/telocuentavictorhugo.com\/index.php\/wp-json\/wp\/v2\/media?parent=15191"}],"wp:term":[{"taxonomy":"category","embeddable":true,"href":"https:\/\/telocuentavictorhugo.com\/index.php\/wp-json\/wp\/v2\/categories?post=15191"},{"taxonomy":"post_tag","embeddable":true,"href":"https:\/\/telocuentavictorhugo.com\/index.php\/wp-json\/wp\/v2\/tags?post=15191"}],"curies":[{"name":"wp","href":"https:\/\/api.w.org\/{rel}","templated":true}]}}