{"id":15186,"date":"2026-04-25T01:30:26","date_gmt":"2026-04-25T05:30:26","guid":{"rendered":"https:\/\/telocuentavictorhugo.com\/?p=15186"},"modified":"2026-04-25T01:30:29","modified_gmt":"2026-04-25T05:30:29","slug":"marinkovic-pide-privatizar-ypfb-el-estado-es-corrupto-e-incapaz","status":"publish","type":"post","link":"https:\/\/telocuentavictorhugo.com\/index.php\/2026\/04\/25\/marinkovic-pide-privatizar-ypfb-el-estado-es-corrupto-e-incapaz\/","title":{"rendered":"MARINKOVIC PIDE PRIVATIZAR YPFB: \u201cEL ESTADO ES CORRUPTO E INCAPAZ\u201d"},"content":{"rendered":"\n<p>El senador Branko Marinkovic plante\u00f3 privatizar toda la cadena de combustibles ante el desabastecimiento y la gasolina en mal estado que azota al pa\u00eds. \u201cDenme un ejemplo de una empresa estatal que funcione bien\u2026 el Estado es pesado, burocr\u00e1tico, corrupto\u201d, dispar\u00f3. Record\u00f3 que \u201ccuando Bolivia estaba capitalizada, hab\u00eda gas a patadas\u201d y hoy \u201cno hay gas, no hay plata, hay filas\u201d. Propuso abrir a privados la importaci\u00f3n, distribuci\u00f3n y venta de combustibles bajo libre competencia para \u201cacabar con el mal combustible\u201d y que los bolivianos \u201cvivan tranquilos\u201d. Marinkovic extendi\u00f3 la cr\u00edtica a BoA y EMAPA, en plena ola de paros por el di\u00e9sel desestabilizado que da\u00f1a motores en Tarija, valles cruce\u00f1os y La Paz.<\/p>\n\n\n\n<figure class=\"wp-block-embed is-type-video is-provider-youtube wp-block-embed-youtube wp-embed-aspect-16-9 wp-has-aspect-ratio\"><div class=\"wp-block-embed__wrapper\">\n<iframe title=\"MARINKOVIC PIDE PRIVATIZAR YPFB: \u201cEL ESTADO ES CORRUPTO E INCAPAZ\u201d\" width=\"800\" height=\"450\" src=\"https:\/\/www.youtube.com\/embed\/stWDLY4J_nQ?feature=oembed\" frameborder=\"0\" allow=\"accelerometer; autoplay; clipboard-write; encrypted-media; gyroscope; picture-in-picture; web-share\" referrerpolicy=\"strict-origin-when-cross-origin\" allowfullscreen><\/iframe>\n<\/div><\/figure>\n","protected":false},"excerpt":{"rendered":"<p>El senador Branko Marinkovic plante\u00f3 privatizar toda la cadena de combustibles ante el desabastecimiento y la gasolina en mal estado que azota al pa\u00eds. \u201cDenme un ejemplo de una empresa estatal que funcione bien\u2026 el Estado es pesado, burocr\u00e1tico, corrupto\u201d, dispar\u00f3. Record\u00f3 que \u201ccuando Bolivia estaba capitalizada, hab\u00eda gas a patadas\u201d y hoy \u201cno hay [&hellip;]<\/p>\n","protected":false},"author":1,"featured_media":15222,"comment_status":"open","ping_status":"open","sticky":false,"template":"","format":"standard","meta":{"_eb_attr":"","footnotes":""},"categories":[1],"tags":[119,113,114],"class_list":["post-15186","post","type-post","status-publish","format-standard","has-post-thumbnail","hentry","category-noticias","tag-economia-2","tag-noticias","tag-politica"],"yoast_head":"<!-- This site is optimized with the Yoast SEO plugin v27.4 - https:\/\/yoast.com\/product\/yoast-seo-wordpress\/ -->\n<title>MARINKOVIC PIDE PRIVATIZAR YPFB: \u201cEL ESTADO ES CORRUPTO E INCAPAZ\u201d - Te lo Cuenta Victor<\/title>\n<meta name=\"robots\" content=\"index, follow, max-snippet:-1, max-image-preview:large, max-video-preview:-1\" \/>\n<link rel=\"canonical\" href=\"https:\/\/telocuentavictorhugo.com\/index.php\/2026\/04\/25\/marinkovic-pide-privatizar-ypfb-el-estado-es-corrupto-e-incapaz\/\" \/>\n<meta property=\"og:locale\" content=\"es_ES\" \/>\n<meta property=\"og:type\" content=\"article\" \/>\n<meta property=\"og:title\" content=\"MARINKOVIC PIDE PRIVATIZAR YPFB: \u201cEL ESTADO ES CORRUPTO E INCAPAZ\u201d - Te lo Cuenta Victor\" \/>\n<meta property=\"og:description\" content=\"El senador Branko Marinkovic plante\u00f3 privatizar toda la cadena de combustibles ante el desabastecimiento y la gasolina en mal estado que azota al pa\u00eds. \u201cDenme un ejemplo de una empresa estatal que funcione bien\u2026 el Estado es pesado, burocr\u00e1tico, corrupto\u201d, dispar\u00f3. Record\u00f3 que \u201ccuando Bolivia estaba capitalizada, hab\u00eda gas a patadas\u201d y hoy \u201cno hay [&hellip;]\" \/>\n<meta property=\"og:url\" content=\"https:\/\/telocuentavictorhugo.com\/index.php\/2026\/04\/25\/marinkovic-pide-privatizar-ypfb-el-estado-es-corrupto-e-incapaz\/\" \/>\n<meta property=\"og:site_name\" content=\"Te lo Cuenta Victor\" \/>\n<meta property=\"article:published_time\" content=\"2026-04-25T05:30:26+00:00\" \/>\n<meta property=\"article:modified_time\" content=\"2026-04-25T05:30:29+00:00\" \/>\n<meta property=\"og:image\" content=\"http:\/\/telocuentavictorhugo.com\/wp-content\/uploads\/2026\/04\/19-5.jpg\" \/>\n\t<meta property=\"og:image:width\" content=\"1396\" \/>\n\t<meta property=\"og:image:height\" content=\"774\" \/>\n\t<meta property=\"og:image:type\" content=\"image\/jpeg\" \/>\n<meta name=\"author\" content=\"telocuentavictorhugo.com\" \/>\n<meta name=\"twitter:card\" content=\"summary_large_image\" \/>\n<meta name=\"twitter:label1\" content=\"Escrito por\" \/>\n\t<meta name=\"twitter:data1\" content=\"telocuentavictorhugo.com\" \/>\n\t<meta name=\"twitter:label2\" content=\"Tiempo de lectura\" \/>\n\t<meta name=\"twitter:data2\" content=\"1 minuto\" \/>\n<script type=\"application\/ld+json\" class=\"yoast-schema-graph\">{\"@context\":\"https:\\\/\\\/schema.org\",\"@graph\":[{\"@type\":\"Article\",\"@id\":\"https:\\\/\\\/telocuentavictorhugo.com\\\/index.php\\\/2026\\\/04\\\/25\\\/marinkovic-pide-privatizar-ypfb-el-estado-es-corrupto-e-incapaz\\\/#article\",\"isPartOf\":{\"@id\":\"https:\\\/\\\/telocuentavictorhugo.com\\\/index.php\\\/2026\\\/04\\\/25\\\/marinkovic-pide-privatizar-ypfb-el-estado-es-corrupto-e-incapaz\\\/\"},\"author\":{\"name\":\"telocuentavictorhugo.com\",\"@id\":\"https:\\\/\\\/telocuentavictorhugo.com\\\/#\\\/schema\\\/person\\\/a8307d7271ba2849b49b562ad8602f06\"},\"headline\":\"MARINKOVIC PIDE PRIVATIZAR YPFB: \u201cEL ESTADO ES CORRUPTO E INCAPAZ\u201d\",\"datePublished\":\"2026-04-25T05:30:26+00:00\",\"dateModified\":\"2026-04-25T05:30:29+00:00\",\"mainEntityOfPage\":{\"@id\":\"https:\\\/\\\/telocuentavictorhugo.com\\\/index.php\\\/2026\\\/04\\\/25\\\/marinkovic-pide-privatizar-ypfb-el-estado-es-corrupto-e-incapaz\\\/\"},\"wordCount\":139,\"commentCount\":0,\"publisher\":{\"@id\":\"https:\\\/\\\/telocuentavictorhugo.com\\\/#organization\"},\"image\":{\"@id\":\"https:\\\/\\\/telocuentavictorhugo.com\\\/index.php\\\/2026\\\/04\\\/25\\\/marinkovic-pide-privatizar-ypfb-el-estado-es-corrupto-e-incapaz\\\/#primaryimage\"},\"thumbnailUrl\":\"https:\\\/\\\/telocuentavictorhugo.com\\\/wp-content\\\/uploads\\\/2026\\\/04\\\/19-5.jpg\",\"keywords\":[\"ECONOM\u00cdA\",\"NOTICIAS\",\"POL\u00cdTICA\"],\"articleSection\":[\"Noticias\"],\"inLanguage\":\"es\",\"potentialAction\":[{\"@type\":\"CommentAction\",\"name\":\"Comment\",\"target\":[\"https:\\\/\\\/telocuentavictorhugo.com\\\/index.php\\\/2026\\\/04\\\/25\\\/marinkovic-pide-privatizar-ypfb-el-estado-es-corrupto-e-incapaz\\\/#respond\"]}]},{\"@type\":\"WebPage\",\"@id\":\"https:\\\/\\\/telocuentavictorhugo.com\\\/index.php\\\/2026\\\/04\\\/25\\\/marinkovic-pide-privatizar-ypfb-el-estado-es-corrupto-e-incapaz\\\/\",\"url\":\"https:\\\/\\\/telocuentavictorhugo.com\\\/index.php\\\/2026\\\/04\\\/25\\\/marinkovic-pide-privatizar-ypfb-el-estado-es-corrupto-e-incapaz\\\/\",\"name\":\"MARINKOVIC PIDE PRIVATIZAR YPFB: \u201cEL ESTADO ES CORRUPTO E INCAPAZ\u201d - Te lo Cuenta Victor\",\"isPartOf\":{\"@id\":\"https:\\\/\\\/telocuentavictorhugo.com\\\/#website\"},\"primaryImageOfPage\":{\"@id\":\"https:\\\/\\\/telocuentavictorhugo.com\\\/index.php\\\/2026\\\/04\\\/25\\\/marinkovic-pide-privatizar-ypfb-el-estado-es-corrupto-e-incapaz\\\/#primaryimage\"},\"image\":{\"@id\":\"https:\\\/\\\/telocuentavictorhugo.com\\\/index.php\\\/2026\\\/04\\\/25\\\/marinkovic-pide-privatizar-ypfb-el-estado-es-corrupto-e-incapaz\\\/#primaryimage\"},\"thumbnailUrl\":\"https:\\\/\\\/telocuentavictorhugo.com\\\/wp-content\\\/uploads\\\/2026\\\/04\\\/19-5.jpg\",\"datePublished\":\"2026-04-25T05:30:26+00:00\",\"dateModified\":\"2026-04-25T05:30:29+00:00\",\"breadcrumb\":{\"@id\":\"https:\\\/\\\/telocuentavictorhugo.com\\\/index.php\\\/2026\\\/04\\\/25\\\/marinkovic-pide-privatizar-ypfb-el-estado-es-corrupto-e-incapaz\\\/#breadcrumb\"},\"inLanguage\":\"es\",\"potentialAction\":[{\"@type\":\"ReadAction\",\"target\":[\"https:\\\/\\\/telocuentavictorhugo.com\\\/index.php\\\/2026\\\/04\\\/25\\\/marinkovic-pide-privatizar-ypfb-el-estado-es-corrupto-e-incapaz\\\/\"]}]},{\"@type\":\"ImageObject\",\"inLanguage\":\"es\",\"@id\":\"https:\\\/\\\/telocuentavictorhugo.com\\\/index.php\\\/2026\\\/04\\\/25\\\/marinkovic-pide-privatizar-ypfb-el-estado-es-corrupto-e-incapaz\\\/#primaryimage\",\"url\":\"https:\\\/\\\/telocuentavictorhugo.com\\\/wp-content\\\/uploads\\\/2026\\\/04\\\/19-5.jpg\",\"contentUrl\":\"https:\\\/\\\/telocuentavictorhugo.com\\\/wp-content\\\/uploads\\\/2026\\\/04\\\/19-5.jpg\",\"width\":1396,\"height\":774},{\"@type\":\"BreadcrumbList\",\"@id\":\"https:\\\/\\\/telocuentavictorhugo.com\\\/index.php\\\/2026\\\/04\\\/25\\\/marinkovic-pide-privatizar-ypfb-el-estado-es-corrupto-e-incapaz\\\/#breadcrumb\",\"itemListElement\":[{\"@type\":\"ListItem\",\"position\":1,\"name\":\"Portada\",\"item\":\"https:\\\/\\\/telocuentavictorhugo.com\\\/\"},{\"@type\":\"ListItem\",\"position\":2,\"name\":\"MARINKOVIC PIDE PRIVATIZAR YPFB: \u201cEL ESTADO ES CORRUPTO E INCAPAZ\u201d\"}]},{\"@type\":\"WebSite\",\"@id\":\"https:\\\/\\\/telocuentavictorhugo.com\\\/#website\",\"url\":\"https:\\\/\\\/telocuentavictorhugo.com\\\/\",\"name\":\"Te lo Cuenta Victor\",\"description\":\"\",\"publisher\":{\"@id\":\"https:\\\/\\\/telocuentavictorhugo.com\\\/#organization\"},\"potentialAction\":[{\"@type\":\"SearchAction\",\"target\":{\"@type\":\"EntryPoint\",\"urlTemplate\":\"https:\\\/\\\/telocuentavictorhugo.com\\\/?s={search_term_string}\"},\"query-input\":{\"@type\":\"PropertyValueSpecification\",\"valueRequired\":true,\"valueName\":\"search_term_string\"}}],\"inLanguage\":\"es\"},{\"@type\":\"Organization\",\"@id\":\"https:\\\/\\\/telocuentavictorhugo.com\\\/#organization\",\"name\":\"Te lo Cuenta Victor\",\"url\":\"https:\\\/\\\/telocuentavictorhugo.com\\\/\",\"logo\":{\"@type\":\"ImageObject\",\"inLanguage\":\"es\",\"@id\":\"https:\\\/\\\/telocuentavictorhugo.com\\\/#\\\/schema\\\/logo\\\/image\\\/\",\"url\":\"https:\\\/\\\/telocuentavictorhugo.com\\\/wp-content\\\/uploads\\\/2023\\\/12\\\/Logo.png\",\"contentUrl\":\"https:\\\/\\\/telocuentavictorhugo.com\\\/wp-content\\\/uploads\\\/2023\\\/12\\\/Logo.png\",\"width\":1080,\"height\":176,\"caption\":\"Te lo Cuenta Victor\"},\"image\":{\"@id\":\"https:\\\/\\\/telocuentavictorhugo.com\\\/#\\\/schema\\\/logo\\\/image\\\/\"}},{\"@type\":\"Person\",\"@id\":\"https:\\\/\\\/telocuentavictorhugo.com\\\/#\\\/schema\\\/person\\\/a8307d7271ba2849b49b562ad8602f06\",\"name\":\"telocuentavictorhugo.com\",\"image\":{\"@type\":\"ImageObject\",\"inLanguage\":\"es\",\"@id\":\"https:\\\/\\\/secure.gravatar.com\\\/avatar\\\/da212e7b532df19fd2aea5daf46d8c176abfc85521e4b80ed435d7426ef63eb6?s=96&d=mm&r=g\",\"url\":\"https:\\\/\\\/secure.gravatar.com\\\/avatar\\\/da212e7b532df19fd2aea5daf46d8c176abfc85521e4b80ed435d7426ef63eb6?s=96&d=mm&r=g\",\"contentUrl\":\"https:\\\/\\\/secure.gravatar.com\\\/avatar\\\/da212e7b532df19fd2aea5daf46d8c176abfc85521e4b80ed435d7426ef63eb6?s=96&d=mm&r=g\",\"caption\":\"telocuentavictorhugo.com\"},\"sameAs\":[\"http:\\\/\\\/telocuentavictorhugo.com\"],\"url\":\"https:\\\/\\\/telocuentavictorhugo.com\\\/index.php\\\/author\\\/plustvpress-com\\\/\"}]}<\/script>\n<!-- \/ Yoast SEO plugin. -->","yoast_head_json":{"title":"MARINKOVIC PIDE PRIVATIZAR YPFB: \u201cEL ESTADO ES CORRUPTO E INCAPAZ\u201d - Te lo Cuenta Victor","robots":{"index":"index","follow":"follow","max-snippet":"max-snippet:-1","max-image-preview":"max-image-preview:large","max-video-preview":"max-video-preview:-1"},"canonical":"https:\/\/telocuentavictorhugo.com\/index.php\/2026\/04\/25\/marinkovic-pide-privatizar-ypfb-el-estado-es-corrupto-e-incapaz\/","og_locale":"es_ES","og_type":"article","og_title":"MARINKOVIC PIDE PRIVATIZAR YPFB: \u201cEL ESTADO ES CORRUPTO E INCAPAZ\u201d - Te lo Cuenta Victor","og_description":"El senador Branko Marinkovic plante\u00f3 privatizar toda la cadena de combustibles ante el desabastecimiento y la gasolina en mal estado que azota al pa\u00eds. \u201cDenme un ejemplo de una empresa estatal que funcione bien\u2026 el Estado es pesado, burocr\u00e1tico, corrupto\u201d, dispar\u00f3. Record\u00f3 que \u201ccuando Bolivia estaba capitalizada, hab\u00eda gas a patadas\u201d y hoy \u201cno hay [&hellip;]","og_url":"https:\/\/telocuentavictorhugo.com\/index.php\/2026\/04\/25\/marinkovic-pide-privatizar-ypfb-el-estado-es-corrupto-e-incapaz\/","og_site_name":"Te lo Cuenta Victor","article_published_time":"2026-04-25T05:30:26+00:00","article_modified_time":"2026-04-25T05:30:29+00:00","og_image":[{"width":1396,"height":774,"url":"http:\/\/telocuentavictorhugo.com\/wp-content\/uploads\/2026\/04\/19-5.jpg","type":"image\/jpeg"}],"author":"telocuentavictorhugo.com","twitter_card":"summary_large_image","twitter_misc":{"Escrito por":"telocuentavictorhugo.com","Tiempo de lectura":"1 minuto"},"schema":{"@context":"https:\/\/schema.org","@graph":[{"@type":"Article","@id":"https:\/\/telocuentavictorhugo.com\/index.php\/2026\/04\/25\/marinkovic-pide-privatizar-ypfb-el-estado-es-corrupto-e-incapaz\/#article","isPartOf":{"@id":"https:\/\/telocuentavictorhugo.com\/index.php\/2026\/04\/25\/marinkovic-pide-privatizar-ypfb-el-estado-es-corrupto-e-incapaz\/"},"author":{"name":"telocuentavictorhugo.com","@id":"https:\/\/telocuentavictorhugo.com\/#\/schema\/person\/a8307d7271ba2849b49b562ad8602f06"},"headline":"MARINKOVIC PIDE PRIVATIZAR YPFB: \u201cEL ESTADO ES CORRUPTO E INCAPAZ\u201d","datePublished":"2026-04-25T05:30:26+00:00","dateModified":"2026-04-25T05:30:29+00:00","mainEntityOfPage":{"@id":"https:\/\/telocuentavictorhugo.com\/index.php\/2026\/04\/25\/marinkovic-pide-privatizar-ypfb-el-estado-es-corrupto-e-incapaz\/"},"wordCount":139,"commentCount":0,"publisher":{"@id":"https:\/\/telocuentavictorhugo.com\/#organization"},"image":{"@id":"https:\/\/telocuentavictorhugo.com\/index.php\/2026\/04\/25\/marinkovic-pide-privatizar-ypfb-el-estado-es-corrupto-e-incapaz\/#primaryimage"},"thumbnailUrl":"https:\/\/telocuentavictorhugo.com\/wp-content\/uploads\/2026\/04\/19-5.jpg","keywords":["ECONOM\u00cdA","NOTICIAS","POL\u00cdTICA"],"articleSection":["Noticias"],"inLanguage":"es","potentialAction":[{"@type":"CommentAction","name":"Comment","target":["https:\/\/telocuentavictorhugo.com\/index.php\/2026\/04\/25\/marinkovic-pide-privatizar-ypfb-el-estado-es-corrupto-e-incapaz\/#respond"]}]},{"@type":"WebPage","@id":"https:\/\/telocuentavictorhugo.com\/index.php\/2026\/04\/25\/marinkovic-pide-privatizar-ypfb-el-estado-es-corrupto-e-incapaz\/","url":"https:\/\/telocuentavictorhugo.com\/index.php\/2026\/04\/25\/marinkovic-pide-privatizar-ypfb-el-estado-es-corrupto-e-incapaz\/","name":"MARINKOVIC PIDE PRIVATIZAR YPFB: \u201cEL ESTADO ES CORRUPTO E INCAPAZ\u201d - Te lo Cuenta Victor","isPartOf":{"@id":"https:\/\/telocuentavictorhugo.com\/#website"},"primaryImageOfPage":{"@id":"https:\/\/telocuentavictorhugo.com\/index.php\/2026\/04\/25\/marinkovic-pide-privatizar-ypfb-el-estado-es-corrupto-e-incapaz\/#primaryimage"},"image":{"@id":"https:\/\/telocuentavictorhugo.com\/index.php\/2026\/04\/25\/marinkovic-pide-privatizar-ypfb-el-estado-es-corrupto-e-incapaz\/#primaryimage"},"thumbnailUrl":"https:\/\/telocuentavictorhugo.com\/wp-content\/uploads\/2026\/04\/19-5.jpg","datePublished":"2026-04-25T05:30:26+00:00","dateModified":"2026-04-25T05:30:29+00:00","breadcrumb":{"@id":"https:\/\/telocuentavictorhugo.com\/index.php\/2026\/04\/25\/marinkovic-pide-privatizar-ypfb-el-estado-es-corrupto-e-incapaz\/#breadcrumb"},"inLanguage":"es","potentialAction":[{"@type":"ReadAction","target":["https:\/\/telocuentavictorhugo.com\/index.php\/2026\/04\/25\/marinkovic-pide-privatizar-ypfb-el-estado-es-corrupto-e-incapaz\/"]}]},{"@type":"ImageObject","inLanguage":"es","@id":"https:\/\/telocuentavictorhugo.com\/index.php\/2026\/04\/25\/marinkovic-pide-privatizar-ypfb-el-estado-es-corrupto-e-incapaz\/#primaryimage","url":"https:\/\/telocuentavictorhugo.com\/wp-content\/uploads\/2026\/04\/19-5.jpg","contentUrl":"https:\/\/telocuentavictorhugo.com\/wp-content\/uploads\/2026\/04\/19-5.jpg","width":1396,"height":774},{"@type":"BreadcrumbList","@id":"https:\/\/telocuentavictorhugo.com\/index.php\/2026\/04\/25\/marinkovic-pide-privatizar-ypfb-el-estado-es-corrupto-e-incapaz\/#breadcrumb","itemListElement":[{"@type":"ListItem","position":1,"name":"Portada","item":"https:\/\/telocuentavictorhugo.com\/"},{"@type":"ListItem","position":2,"name":"MARINKOVIC PIDE PRIVATIZAR YPFB: \u201cEL ESTADO ES CORRUPTO E INCAPAZ\u201d"}]},{"@type":"WebSite","@id":"https:\/\/telocuentavictorhugo.com\/#website","url":"https:\/\/telocuentavictorhugo.com\/","name":"Te lo Cuenta Victor","description":"","publisher":{"@id":"https:\/\/telocuentavictorhugo.com\/#organization"},"potentialAction":[{"@type":"SearchAction","target":{"@type":"EntryPoint","urlTemplate":"https:\/\/telocuentavictorhugo.com\/?s={search_term_string}"},"query-input":{"@type":"PropertyValueSpecification","valueRequired":true,"valueName":"search_term_string"}}],"inLanguage":"es"},{"@type":"Organization","@id":"https:\/\/telocuentavictorhugo.com\/#organization","name":"Te lo Cuenta Victor","url":"https:\/\/telocuentavictorhugo.com\/","logo":{"@type":"ImageObject","inLanguage":"es","@id":"https:\/\/telocuentavictorhugo.com\/#\/schema\/logo\/image\/","url":"https:\/\/telocuentavictorhugo.com\/wp-content\/uploads\/2023\/12\/Logo.png","contentUrl":"https:\/\/telocuentavictorhugo.com\/wp-content\/uploads\/2023\/12\/Logo.png","width":1080,"height":176,"caption":"Te lo Cuenta Victor"},"image":{"@id":"https:\/\/telocuentavictorhugo.com\/#\/schema\/logo\/image\/"}},{"@type":"Person","@id":"https:\/\/telocuentavictorhugo.com\/#\/schema\/person\/a8307d7271ba2849b49b562ad8602f06","name":"telocuentavictorhugo.com","image":{"@type":"ImageObject","inLanguage":"es","@id":"https:\/\/secure.gravatar.com\/avatar\/da212e7b532df19fd2aea5daf46d8c176abfc85521e4b80ed435d7426ef63eb6?s=96&d=mm&r=g","url":"https:\/\/secure.gravatar.com\/avatar\/da212e7b532df19fd2aea5daf46d8c176abfc85521e4b80ed435d7426ef63eb6?s=96&d=mm&r=g","contentUrl":"https:\/\/secure.gravatar.com\/avatar\/da212e7b532df19fd2aea5daf46d8c176abfc85521e4b80ed435d7426ef63eb6?s=96&d=mm&r=g","caption":"telocuentavictorhugo.com"},"sameAs":["http:\/\/telocuentavictorhugo.com"],"url":"https:\/\/telocuentavictorhugo.com\/index.php\/author\/plustvpress-com\/"}]}},"_links":{"self":[{"href":"https:\/\/telocuentavictorhugo.com\/index.php\/wp-json\/wp\/v2\/posts\/15186","targetHints":{"allow":["GET"]}}],"collection":[{"href":"https:\/\/telocuentavictorhugo.com\/index.php\/wp-json\/wp\/v2\/posts"}],"about":[{"href":"https:\/\/telocuentavictorhugo.com\/index.php\/wp-json\/wp\/v2\/types\/post"}],"author":[{"embeddable":true,"href":"https:\/\/telocuentavictorhugo.com\/index.php\/wp-json\/wp\/v2\/users\/1"}],"replies":[{"embeddable":true,"href":"https:\/\/telocuentavictorhugo.com\/index.php\/wp-json\/wp\/v2\/comments?post=15186"}],"version-history":[{"count":1,"href":"https:\/\/telocuentavictorhugo.com\/index.php\/wp-json\/wp\/v2\/posts\/15186\/revisions"}],"predecessor-version":[{"id":15258,"href":"https:\/\/telocuentavictorhugo.com\/index.php\/wp-json\/wp\/v2\/posts\/15186\/revisions\/15258"}],"wp:featuredmedia":[{"embeddable":true,"href":"https:\/\/telocuentavictorhugo.com\/index.php\/wp-json\/wp\/v2\/media\/15222"}],"wp:attachment":[{"href":"https:\/\/telocuentavictorhugo.com\/index.php\/wp-json\/wp\/v2\/media?parent=15186"}],"wp:term":[{"taxonomy":"category","embeddable":true,"href":"https:\/\/telocuentavictorhugo.com\/index.php\/wp-json\/wp\/v2\/categories?post=15186"},{"taxonomy":"post_tag","embeddable":true,"href":"https:\/\/telocuentavictorhugo.com\/index.php\/wp-json\/wp\/v2\/tags?post=15186"}],"curies":[{"name":"wp","href":"https:\/\/api.w.org\/{rel}","templated":true}]}}