{"id":15183,"date":"2026-04-25T01:30:19","date_gmt":"2026-04-25T05:30:19","guid":{"rendered":"https:\/\/telocuentavictorhugo.com\/?p=15183"},"modified":"2026-04-25T01:30:23","modified_gmt":"2026-04-25T05:30:23","slug":"lluvia-de-pedrones-destroza-motor-de-taxi-y-chofer-exige-que-la-alcaldia-pague","status":"publish","type":"post","link":"https:\/\/telocuentavictorhugo.com\/index.php\/2026\/04\/25\/lluvia-de-pedrones-destroza-motor-de-taxi-y-chofer-exige-que-la-alcaldia-pague\/","title":{"rendered":"LLUVIA DE PEDRONES DESTROZA MOTOR DE TAXI Y CHOFER EXIGE QUE LA ALCALD\u00cdA PAGUE"},"content":{"rendered":"\n<p>Pedrones gigantes cayeron la madrugada de este jueves sobre la avenida Libertador, conexi\u00f3n clave entre el centro y la zona Sur de La Paz, y destrozaron el motor de un taxi que sub\u00eda al aeropuerto. El conductor sali\u00f3 ileso de milagro, pero su veh\u00edculo qued\u00f3 inservible: \u201cOjal\u00e1 que el motor est\u00e9 bien para seguir trabajando porque despu\u00e9s lo dem\u00e1s est\u00e1 fregado, no se puede\u201d, reclam\u00f3.El taxista, que trabaja con aplicaci\u00f3n, exigi\u00f3 resarcimiento a la Alcald\u00eda y denunci\u00f3 que es obligaci\u00f3n del municipio colocar mallas para evitar la ca\u00edda de rocas. Reportes muestran la v\u00eda llena de piedras con autos a\u00fan circulando, mientras obreros llegaron en la ma\u00f1ana a despejar la avenida y restablecer el tr\u00e1fico.<\/p>\n\n\n\n<figure class=\"wp-block-embed is-type-video is-provider-youtube wp-block-embed-youtube wp-embed-aspect-16-9 wp-has-aspect-ratio\"><div class=\"wp-block-embed__wrapper\">\n<iframe title=\"LLUVIA DE PEDRONES DESTROZA MOTOR DE TAXI Y CHOFER EXIGE QUE LA ALCALD\u00cdA PAGUE\" width=\"800\" height=\"450\" src=\"https:\/\/www.youtube.com\/embed\/G8TdroSWYWI?feature=oembed\" frameborder=\"0\" allow=\"accelerometer; autoplay; clipboard-write; encrypted-media; gyroscope; picture-in-picture; web-share\" referrerpolicy=\"strict-origin-when-cross-origin\" allowfullscreen><\/iframe>\n<\/div><\/figure>\n","protected":false},"excerpt":{"rendered":"<p>Pedrones gigantes cayeron la madrugada de este jueves sobre la avenida Libertador, conexi\u00f3n clave entre el centro y la zona Sur de La Paz, y destrozaron el motor de un taxi que sub\u00eda al aeropuerto. El conductor sali\u00f3 ileso de milagro, pero su veh\u00edculo qued\u00f3 inservible: \u201cOjal\u00e1 que el motor est\u00e9 bien para seguir trabajando [&hellip;]<\/p>\n","protected":false},"author":1,"featured_media":15219,"comment_status":"open","ping_status":"open","sticky":false,"template":"","format":"standard","meta":{"_eb_attr":"","footnotes":""},"categories":[1],"tags":[113,123],"class_list":["post-15183","post","type-post","status-publish","format-standard","has-post-thumbnail","hentry","category-noticias","tag-noticias","tag-sociedad"],"yoast_head":"<!-- This site is optimized with the Yoast SEO plugin v27.4 - https:\/\/yoast.com\/product\/yoast-seo-wordpress\/ -->\n<title>LLUVIA DE PEDRONES DESTROZA MOTOR DE TAXI Y CHOFER EXIGE QUE LA ALCALD\u00cdA PAGUE - Te lo Cuenta Victor<\/title>\n<meta name=\"robots\" content=\"index, follow, max-snippet:-1, max-image-preview:large, max-video-preview:-1\" \/>\n<link rel=\"canonical\" href=\"https:\/\/telocuentavictorhugo.com\/index.php\/2026\/04\/25\/lluvia-de-pedrones-destroza-motor-de-taxi-y-chofer-exige-que-la-alcaldia-pague\/\" \/>\n<meta property=\"og:locale\" content=\"es_ES\" \/>\n<meta property=\"og:type\" content=\"article\" \/>\n<meta property=\"og:title\" content=\"LLUVIA DE PEDRONES DESTROZA MOTOR DE TAXI Y CHOFER EXIGE QUE LA ALCALD\u00cdA PAGUE - Te lo Cuenta Victor\" \/>\n<meta property=\"og:description\" content=\"Pedrones gigantes cayeron la madrugada de este jueves sobre la avenida Libertador, conexi\u00f3n clave entre el centro y la zona Sur de La Paz, y destrozaron el motor de un taxi que sub\u00eda al aeropuerto. El conductor sali\u00f3 ileso de milagro, pero su veh\u00edculo qued\u00f3 inservible: \u201cOjal\u00e1 que el motor est\u00e9 bien para seguir trabajando [&hellip;]\" \/>\n<meta property=\"og:url\" content=\"https:\/\/telocuentavictorhugo.com\/index.php\/2026\/04\/25\/lluvia-de-pedrones-destroza-motor-de-taxi-y-chofer-exige-que-la-alcaldia-pague\/\" \/>\n<meta property=\"og:site_name\" content=\"Te lo Cuenta Victor\" \/>\n<meta property=\"article:published_time\" content=\"2026-04-25T05:30:19+00:00\" \/>\n<meta property=\"article:modified_time\" content=\"2026-04-25T05:30:23+00:00\" \/>\n<meta property=\"og:image\" content=\"http:\/\/telocuentavictorhugo.com\/wp-content\/uploads\/2026\/04\/16-6.jpg\" \/>\n\t<meta property=\"og:image:width\" content=\"1402\" \/>\n\t<meta property=\"og:image:height\" content=\"781\" \/>\n\t<meta property=\"og:image:type\" content=\"image\/jpeg\" \/>\n<meta name=\"author\" content=\"telocuentavictorhugo.com\" \/>\n<meta name=\"twitter:card\" content=\"summary_large_image\" \/>\n<meta name=\"twitter:label1\" content=\"Escrito por\" \/>\n\t<meta name=\"twitter:data1\" content=\"telocuentavictorhugo.com\" \/>\n\t<meta name=\"twitter:label2\" content=\"Tiempo de lectura\" \/>\n\t<meta name=\"twitter:data2\" content=\"1 minuto\" \/>\n<script type=\"application\/ld+json\" class=\"yoast-schema-graph\">{\"@context\":\"https:\\\/\\\/schema.org\",\"@graph\":[{\"@type\":\"Article\",\"@id\":\"https:\\\/\\\/telocuentavictorhugo.com\\\/index.php\\\/2026\\\/04\\\/25\\\/lluvia-de-pedrones-destroza-motor-de-taxi-y-chofer-exige-que-la-alcaldia-pague\\\/#article\",\"isPartOf\":{\"@id\":\"https:\\\/\\\/telocuentavictorhugo.com\\\/index.php\\\/2026\\\/04\\\/25\\\/lluvia-de-pedrones-destroza-motor-de-taxi-y-chofer-exige-que-la-alcaldia-pague\\\/\"},\"author\":{\"name\":\"telocuentavictorhugo.com\",\"@id\":\"https:\\\/\\\/telocuentavictorhugo.com\\\/#\\\/schema\\\/person\\\/a8307d7271ba2849b49b562ad8602f06\"},\"headline\":\"LLUVIA DE PEDRONES DESTROZA MOTOR DE TAXI Y CHOFER EXIGE QUE LA ALCALD\u00cdA PAGUE\",\"datePublished\":\"2026-04-25T05:30:19+00:00\",\"dateModified\":\"2026-04-25T05:30:23+00:00\",\"mainEntityOfPage\":{\"@id\":\"https:\\\/\\\/telocuentavictorhugo.com\\\/index.php\\\/2026\\\/04\\\/25\\\/lluvia-de-pedrones-destroza-motor-de-taxi-y-chofer-exige-que-la-alcaldia-pague\\\/\"},\"wordCount\":149,\"commentCount\":0,\"publisher\":{\"@id\":\"https:\\\/\\\/telocuentavictorhugo.com\\\/#organization\"},\"image\":{\"@id\":\"https:\\\/\\\/telocuentavictorhugo.com\\\/index.php\\\/2026\\\/04\\\/25\\\/lluvia-de-pedrones-destroza-motor-de-taxi-y-chofer-exige-que-la-alcaldia-pague\\\/#primaryimage\"},\"thumbnailUrl\":\"https:\\\/\\\/telocuentavictorhugo.com\\\/wp-content\\\/uploads\\\/2026\\\/04\\\/16-6.jpg\",\"keywords\":[\"NOTICIAS\",\"SOCIEDAD\"],\"articleSection\":[\"Noticias\"],\"inLanguage\":\"es\",\"potentialAction\":[{\"@type\":\"CommentAction\",\"name\":\"Comment\",\"target\":[\"https:\\\/\\\/telocuentavictorhugo.com\\\/index.php\\\/2026\\\/04\\\/25\\\/lluvia-de-pedrones-destroza-motor-de-taxi-y-chofer-exige-que-la-alcaldia-pague\\\/#respond\"]}]},{\"@type\":\"WebPage\",\"@id\":\"https:\\\/\\\/telocuentavictorhugo.com\\\/index.php\\\/2026\\\/04\\\/25\\\/lluvia-de-pedrones-destroza-motor-de-taxi-y-chofer-exige-que-la-alcaldia-pague\\\/\",\"url\":\"https:\\\/\\\/telocuentavictorhugo.com\\\/index.php\\\/2026\\\/04\\\/25\\\/lluvia-de-pedrones-destroza-motor-de-taxi-y-chofer-exige-que-la-alcaldia-pague\\\/\",\"name\":\"LLUVIA DE PEDRONES DESTROZA MOTOR DE TAXI Y CHOFER EXIGE QUE LA ALCALD\u00cdA PAGUE - Te lo Cuenta Victor\",\"isPartOf\":{\"@id\":\"https:\\\/\\\/telocuentavictorhugo.com\\\/#website\"},\"primaryImageOfPage\":{\"@id\":\"https:\\\/\\\/telocuentavictorhugo.com\\\/index.php\\\/2026\\\/04\\\/25\\\/lluvia-de-pedrones-destroza-motor-de-taxi-y-chofer-exige-que-la-alcaldia-pague\\\/#primaryimage\"},\"image\":{\"@id\":\"https:\\\/\\\/telocuentavictorhugo.com\\\/index.php\\\/2026\\\/04\\\/25\\\/lluvia-de-pedrones-destroza-motor-de-taxi-y-chofer-exige-que-la-alcaldia-pague\\\/#primaryimage\"},\"thumbnailUrl\":\"https:\\\/\\\/telocuentavictorhugo.com\\\/wp-content\\\/uploads\\\/2026\\\/04\\\/16-6.jpg\",\"datePublished\":\"2026-04-25T05:30:19+00:00\",\"dateModified\":\"2026-04-25T05:30:23+00:00\",\"breadcrumb\":{\"@id\":\"https:\\\/\\\/telocuentavictorhugo.com\\\/index.php\\\/2026\\\/04\\\/25\\\/lluvia-de-pedrones-destroza-motor-de-taxi-y-chofer-exige-que-la-alcaldia-pague\\\/#breadcrumb\"},\"inLanguage\":\"es\",\"potentialAction\":[{\"@type\":\"ReadAction\",\"target\":[\"https:\\\/\\\/telocuentavictorhugo.com\\\/index.php\\\/2026\\\/04\\\/25\\\/lluvia-de-pedrones-destroza-motor-de-taxi-y-chofer-exige-que-la-alcaldia-pague\\\/\"]}]},{\"@type\":\"ImageObject\",\"inLanguage\":\"es\",\"@id\":\"https:\\\/\\\/telocuentavictorhugo.com\\\/index.php\\\/2026\\\/04\\\/25\\\/lluvia-de-pedrones-destroza-motor-de-taxi-y-chofer-exige-que-la-alcaldia-pague\\\/#primaryimage\",\"url\":\"https:\\\/\\\/telocuentavictorhugo.com\\\/wp-content\\\/uploads\\\/2026\\\/04\\\/16-6.jpg\",\"contentUrl\":\"https:\\\/\\\/telocuentavictorhugo.com\\\/wp-content\\\/uploads\\\/2026\\\/04\\\/16-6.jpg\",\"width\":1402,\"height\":781},{\"@type\":\"BreadcrumbList\",\"@id\":\"https:\\\/\\\/telocuentavictorhugo.com\\\/index.php\\\/2026\\\/04\\\/25\\\/lluvia-de-pedrones-destroza-motor-de-taxi-y-chofer-exige-que-la-alcaldia-pague\\\/#breadcrumb\",\"itemListElement\":[{\"@type\":\"ListItem\",\"position\":1,\"name\":\"Portada\",\"item\":\"https:\\\/\\\/telocuentavictorhugo.com\\\/\"},{\"@type\":\"ListItem\",\"position\":2,\"name\":\"LLUVIA DE PEDRONES DESTROZA MOTOR DE TAXI Y CHOFER EXIGE QUE LA ALCALD\u00cdA PAGUE\"}]},{\"@type\":\"WebSite\",\"@id\":\"https:\\\/\\\/telocuentavictorhugo.com\\\/#website\",\"url\":\"https:\\\/\\\/telocuentavictorhugo.com\\\/\",\"name\":\"Te lo Cuenta Victor\",\"description\":\"\",\"publisher\":{\"@id\":\"https:\\\/\\\/telocuentavictorhugo.com\\\/#organization\"},\"potentialAction\":[{\"@type\":\"SearchAction\",\"target\":{\"@type\":\"EntryPoint\",\"urlTemplate\":\"https:\\\/\\\/telocuentavictorhugo.com\\\/?s={search_term_string}\"},\"query-input\":{\"@type\":\"PropertyValueSpecification\",\"valueRequired\":true,\"valueName\":\"search_term_string\"}}],\"inLanguage\":\"es\"},{\"@type\":\"Organization\",\"@id\":\"https:\\\/\\\/telocuentavictorhugo.com\\\/#organization\",\"name\":\"Te lo Cuenta Victor\",\"url\":\"https:\\\/\\\/telocuentavictorhugo.com\\\/\",\"logo\":{\"@type\":\"ImageObject\",\"inLanguage\":\"es\",\"@id\":\"https:\\\/\\\/telocuentavictorhugo.com\\\/#\\\/schema\\\/logo\\\/image\\\/\",\"url\":\"https:\\\/\\\/telocuentavictorhugo.com\\\/wp-content\\\/uploads\\\/2023\\\/12\\\/Logo.png\",\"contentUrl\":\"https:\\\/\\\/telocuentavictorhugo.com\\\/wp-content\\\/uploads\\\/2023\\\/12\\\/Logo.png\",\"width\":1080,\"height\":176,\"caption\":\"Te lo Cuenta Victor\"},\"image\":{\"@id\":\"https:\\\/\\\/telocuentavictorhugo.com\\\/#\\\/schema\\\/logo\\\/image\\\/\"}},{\"@type\":\"Person\",\"@id\":\"https:\\\/\\\/telocuentavictorhugo.com\\\/#\\\/schema\\\/person\\\/a8307d7271ba2849b49b562ad8602f06\",\"name\":\"telocuentavictorhugo.com\",\"image\":{\"@type\":\"ImageObject\",\"inLanguage\":\"es\",\"@id\":\"https:\\\/\\\/secure.gravatar.com\\\/avatar\\\/da212e7b532df19fd2aea5daf46d8c176abfc85521e4b80ed435d7426ef63eb6?s=96&d=mm&r=g\",\"url\":\"https:\\\/\\\/secure.gravatar.com\\\/avatar\\\/da212e7b532df19fd2aea5daf46d8c176abfc85521e4b80ed435d7426ef63eb6?s=96&d=mm&r=g\",\"contentUrl\":\"https:\\\/\\\/secure.gravatar.com\\\/avatar\\\/da212e7b532df19fd2aea5daf46d8c176abfc85521e4b80ed435d7426ef63eb6?s=96&d=mm&r=g\",\"caption\":\"telocuentavictorhugo.com\"},\"sameAs\":[\"http:\\\/\\\/telocuentavictorhugo.com\"],\"url\":\"https:\\\/\\\/telocuentavictorhugo.com\\\/index.php\\\/author\\\/plustvpress-com\\\/\"}]}<\/script>\n<!-- \/ Yoast SEO plugin. -->","yoast_head_json":{"title":"LLUVIA DE PEDRONES DESTROZA MOTOR DE TAXI Y CHOFER EXIGE QUE LA ALCALD\u00cdA PAGUE - Te lo Cuenta Victor","robots":{"index":"index","follow":"follow","max-snippet":"max-snippet:-1","max-image-preview":"max-image-preview:large","max-video-preview":"max-video-preview:-1"},"canonical":"https:\/\/telocuentavictorhugo.com\/index.php\/2026\/04\/25\/lluvia-de-pedrones-destroza-motor-de-taxi-y-chofer-exige-que-la-alcaldia-pague\/","og_locale":"es_ES","og_type":"article","og_title":"LLUVIA DE PEDRONES DESTROZA MOTOR DE TAXI Y CHOFER EXIGE QUE LA ALCALD\u00cdA PAGUE - Te lo Cuenta Victor","og_description":"Pedrones gigantes cayeron la madrugada de este jueves sobre la avenida Libertador, conexi\u00f3n clave entre el centro y la zona Sur de La Paz, y destrozaron el motor de un taxi que sub\u00eda al aeropuerto. El conductor sali\u00f3 ileso de milagro, pero su veh\u00edculo qued\u00f3 inservible: \u201cOjal\u00e1 que el motor est\u00e9 bien para seguir trabajando [&hellip;]","og_url":"https:\/\/telocuentavictorhugo.com\/index.php\/2026\/04\/25\/lluvia-de-pedrones-destroza-motor-de-taxi-y-chofer-exige-que-la-alcaldia-pague\/","og_site_name":"Te lo Cuenta Victor","article_published_time":"2026-04-25T05:30:19+00:00","article_modified_time":"2026-04-25T05:30:23+00:00","og_image":[{"width":1402,"height":781,"url":"http:\/\/telocuentavictorhugo.com\/wp-content\/uploads\/2026\/04\/16-6.jpg","type":"image\/jpeg"}],"author":"telocuentavictorhugo.com","twitter_card":"summary_large_image","twitter_misc":{"Escrito por":"telocuentavictorhugo.com","Tiempo de lectura":"1 minuto"},"schema":{"@context":"https:\/\/schema.org","@graph":[{"@type":"Article","@id":"https:\/\/telocuentavictorhugo.com\/index.php\/2026\/04\/25\/lluvia-de-pedrones-destroza-motor-de-taxi-y-chofer-exige-que-la-alcaldia-pague\/#article","isPartOf":{"@id":"https:\/\/telocuentavictorhugo.com\/index.php\/2026\/04\/25\/lluvia-de-pedrones-destroza-motor-de-taxi-y-chofer-exige-que-la-alcaldia-pague\/"},"author":{"name":"telocuentavictorhugo.com","@id":"https:\/\/telocuentavictorhugo.com\/#\/schema\/person\/a8307d7271ba2849b49b562ad8602f06"},"headline":"LLUVIA DE PEDRONES DESTROZA MOTOR DE TAXI Y CHOFER EXIGE QUE LA ALCALD\u00cdA PAGUE","datePublished":"2026-04-25T05:30:19+00:00","dateModified":"2026-04-25T05:30:23+00:00","mainEntityOfPage":{"@id":"https:\/\/telocuentavictorhugo.com\/index.php\/2026\/04\/25\/lluvia-de-pedrones-destroza-motor-de-taxi-y-chofer-exige-que-la-alcaldia-pague\/"},"wordCount":149,"commentCount":0,"publisher":{"@id":"https:\/\/telocuentavictorhugo.com\/#organization"},"image":{"@id":"https:\/\/telocuentavictorhugo.com\/index.php\/2026\/04\/25\/lluvia-de-pedrones-destroza-motor-de-taxi-y-chofer-exige-que-la-alcaldia-pague\/#primaryimage"},"thumbnailUrl":"https:\/\/telocuentavictorhugo.com\/wp-content\/uploads\/2026\/04\/16-6.jpg","keywords":["NOTICIAS","SOCIEDAD"],"articleSection":["Noticias"],"inLanguage":"es","potentialAction":[{"@type":"CommentAction","name":"Comment","target":["https:\/\/telocuentavictorhugo.com\/index.php\/2026\/04\/25\/lluvia-de-pedrones-destroza-motor-de-taxi-y-chofer-exige-que-la-alcaldia-pague\/#respond"]}]},{"@type":"WebPage","@id":"https:\/\/telocuentavictorhugo.com\/index.php\/2026\/04\/25\/lluvia-de-pedrones-destroza-motor-de-taxi-y-chofer-exige-que-la-alcaldia-pague\/","url":"https:\/\/telocuentavictorhugo.com\/index.php\/2026\/04\/25\/lluvia-de-pedrones-destroza-motor-de-taxi-y-chofer-exige-que-la-alcaldia-pague\/","name":"LLUVIA DE PEDRONES DESTROZA MOTOR DE TAXI Y CHOFER EXIGE QUE LA ALCALD\u00cdA PAGUE - Te lo Cuenta Victor","isPartOf":{"@id":"https:\/\/telocuentavictorhugo.com\/#website"},"primaryImageOfPage":{"@id":"https:\/\/telocuentavictorhugo.com\/index.php\/2026\/04\/25\/lluvia-de-pedrones-destroza-motor-de-taxi-y-chofer-exige-que-la-alcaldia-pague\/#primaryimage"},"image":{"@id":"https:\/\/telocuentavictorhugo.com\/index.php\/2026\/04\/25\/lluvia-de-pedrones-destroza-motor-de-taxi-y-chofer-exige-que-la-alcaldia-pague\/#primaryimage"},"thumbnailUrl":"https:\/\/telocuentavictorhugo.com\/wp-content\/uploads\/2026\/04\/16-6.jpg","datePublished":"2026-04-25T05:30:19+00:00","dateModified":"2026-04-25T05:30:23+00:00","breadcrumb":{"@id":"https:\/\/telocuentavictorhugo.com\/index.php\/2026\/04\/25\/lluvia-de-pedrones-destroza-motor-de-taxi-y-chofer-exige-que-la-alcaldia-pague\/#breadcrumb"},"inLanguage":"es","potentialAction":[{"@type":"ReadAction","target":["https:\/\/telocuentavictorhugo.com\/index.php\/2026\/04\/25\/lluvia-de-pedrones-destroza-motor-de-taxi-y-chofer-exige-que-la-alcaldia-pague\/"]}]},{"@type":"ImageObject","inLanguage":"es","@id":"https:\/\/telocuentavictorhugo.com\/index.php\/2026\/04\/25\/lluvia-de-pedrones-destroza-motor-de-taxi-y-chofer-exige-que-la-alcaldia-pague\/#primaryimage","url":"https:\/\/telocuentavictorhugo.com\/wp-content\/uploads\/2026\/04\/16-6.jpg","contentUrl":"https:\/\/telocuentavictorhugo.com\/wp-content\/uploads\/2026\/04\/16-6.jpg","width":1402,"height":781},{"@type":"BreadcrumbList","@id":"https:\/\/telocuentavictorhugo.com\/index.php\/2026\/04\/25\/lluvia-de-pedrones-destroza-motor-de-taxi-y-chofer-exige-que-la-alcaldia-pague\/#breadcrumb","itemListElement":[{"@type":"ListItem","position":1,"name":"Portada","item":"https:\/\/telocuentavictorhugo.com\/"},{"@type":"ListItem","position":2,"name":"LLUVIA DE PEDRONES DESTROZA MOTOR DE TAXI Y CHOFER EXIGE QUE LA ALCALD\u00cdA PAGUE"}]},{"@type":"WebSite","@id":"https:\/\/telocuentavictorhugo.com\/#website","url":"https:\/\/telocuentavictorhugo.com\/","name":"Te lo Cuenta Victor","description":"","publisher":{"@id":"https:\/\/telocuentavictorhugo.com\/#organization"},"potentialAction":[{"@type":"SearchAction","target":{"@type":"EntryPoint","urlTemplate":"https:\/\/telocuentavictorhugo.com\/?s={search_term_string}"},"query-input":{"@type":"PropertyValueSpecification","valueRequired":true,"valueName":"search_term_string"}}],"inLanguage":"es"},{"@type":"Organization","@id":"https:\/\/telocuentavictorhugo.com\/#organization","name":"Te lo Cuenta Victor","url":"https:\/\/telocuentavictorhugo.com\/","logo":{"@type":"ImageObject","inLanguage":"es","@id":"https:\/\/telocuentavictorhugo.com\/#\/schema\/logo\/image\/","url":"https:\/\/telocuentavictorhugo.com\/wp-content\/uploads\/2023\/12\/Logo.png","contentUrl":"https:\/\/telocuentavictorhugo.com\/wp-content\/uploads\/2023\/12\/Logo.png","width":1080,"height":176,"caption":"Te lo Cuenta Victor"},"image":{"@id":"https:\/\/telocuentavictorhugo.com\/#\/schema\/logo\/image\/"}},{"@type":"Person","@id":"https:\/\/telocuentavictorhugo.com\/#\/schema\/person\/a8307d7271ba2849b49b562ad8602f06","name":"telocuentavictorhugo.com","image":{"@type":"ImageObject","inLanguage":"es","@id":"https:\/\/secure.gravatar.com\/avatar\/da212e7b532df19fd2aea5daf46d8c176abfc85521e4b80ed435d7426ef63eb6?s=96&d=mm&r=g","url":"https:\/\/secure.gravatar.com\/avatar\/da212e7b532df19fd2aea5daf46d8c176abfc85521e4b80ed435d7426ef63eb6?s=96&d=mm&r=g","contentUrl":"https:\/\/secure.gravatar.com\/avatar\/da212e7b532df19fd2aea5daf46d8c176abfc85521e4b80ed435d7426ef63eb6?s=96&d=mm&r=g","caption":"telocuentavictorhugo.com"},"sameAs":["http:\/\/telocuentavictorhugo.com"],"url":"https:\/\/telocuentavictorhugo.com\/index.php\/author\/plustvpress-com\/"}]}},"_links":{"self":[{"href":"https:\/\/telocuentavictorhugo.com\/index.php\/wp-json\/wp\/v2\/posts\/15183","targetHints":{"allow":["GET"]}}],"collection":[{"href":"https:\/\/telocuentavictorhugo.com\/index.php\/wp-json\/wp\/v2\/posts"}],"about":[{"href":"https:\/\/telocuentavictorhugo.com\/index.php\/wp-json\/wp\/v2\/types\/post"}],"author":[{"embeddable":true,"href":"https:\/\/telocuentavictorhugo.com\/index.php\/wp-json\/wp\/v2\/users\/1"}],"replies":[{"embeddable":true,"href":"https:\/\/telocuentavictorhugo.com\/index.php\/wp-json\/wp\/v2\/comments?post=15183"}],"version-history":[{"count":1,"href":"https:\/\/telocuentavictorhugo.com\/index.php\/wp-json\/wp\/v2\/posts\/15183\/revisions"}],"predecessor-version":[{"id":15255,"href":"https:\/\/telocuentavictorhugo.com\/index.php\/wp-json\/wp\/v2\/posts\/15183\/revisions\/15255"}],"wp:featuredmedia":[{"embeddable":true,"href":"https:\/\/telocuentavictorhugo.com\/index.php\/wp-json\/wp\/v2\/media\/15219"}],"wp:attachment":[{"href":"https:\/\/telocuentavictorhugo.com\/index.php\/wp-json\/wp\/v2\/media?parent=15183"}],"wp:term":[{"taxonomy":"category","embeddable":true,"href":"https:\/\/telocuentavictorhugo.com\/index.php\/wp-json\/wp\/v2\/categories?post=15183"},{"taxonomy":"post_tag","embeddable":true,"href":"https:\/\/telocuentavictorhugo.com\/index.php\/wp-json\/wp\/v2\/tags?post=15183"}],"curies":[{"name":"wp","href":"https:\/\/api.w.org\/{rel}","templated":true}]}}