{"id":15180,"date":"2026-04-25T01:30:12","date_gmt":"2026-04-25T05:30:12","guid":{"rendered":"https:\/\/telocuentavictorhugo.com\/?p=15180"},"modified":"2026-04-25T01:30:14","modified_gmt":"2026-04-25T05:30:14","slug":"fiscalia-devuelve-15-vehiculos-tras-tragedia-aerea-3-quedaron-hechos-chatarra","status":"publish","type":"post","link":"https:\/\/telocuentavictorhugo.com\/index.php\/2026\/04\/25\/fiscalia-devuelve-15-vehiculos-tras-tragedia-aerea-3-quedaron-hechos-chatarra\/","title":{"rendered":"FISCAL\u00cdA DEVUELVE 15 VEH\u00cdCULOS TRAS TRAGEDIA A\u00c9REA: 3 QUEDARON HECHOS CHATARRA"},"content":{"rendered":"\n<p>La Fiscal\u00eda Departamental de La Paz comenz\u00f3 a liberar los 15 veh\u00edculos secuestrados tras el siniestro del avi\u00f3n H\u00e9rcules del 27 de febrero de 2026 en El Alto, luego de concluir las pericias de criminal\u00edstica. De los motorizados afectados, 3 quedaron totalmente destrozados al punto de no poder confirmar ni su n\u00famero de placa, mientras los 12 restantes ya tienen memoriales atendidos hasta el 22 de abril. Los autos estaban retenidos en garajes policiales de La Paz y El Alto para la investigaci\u00f3n. Ahora el Transporte A\u00e9reo Boliviano y el seguro eval\u00faan el resarcimiento, que incluye arreglo o reposici\u00f3n total de los veh\u00edculos da\u00f1ados por la tragedia que dej\u00f3 23 muertos y m\u00e1s de 40 heridos.<\/p>\n\n\n\n<figure class=\"wp-block-embed is-type-video is-provider-youtube wp-block-embed-youtube wp-embed-aspect-16-9 wp-has-aspect-ratio\"><div class=\"wp-block-embed__wrapper\">\n<iframe title=\"FISCAL\u00cdA DEVUELVE 15 VEH\u00cdCULOS TRAS TRAGEDIA A\u00c9REA: 3 QUEDARON HECHOS CHATARRA\" width=\"800\" height=\"450\" src=\"https:\/\/www.youtube.com\/embed\/WjpnEVTSDao?feature=oembed\" frameborder=\"0\" allow=\"accelerometer; autoplay; clipboard-write; encrypted-media; gyroscope; picture-in-picture; web-share\" referrerpolicy=\"strict-origin-when-cross-origin\" allowfullscreen><\/iframe>\n<\/div><\/figure>\n","protected":false},"excerpt":{"rendered":"<p>La Fiscal\u00eda Departamental de La Paz comenz\u00f3 a liberar los 15 veh\u00edculos secuestrados tras el siniestro del avi\u00f3n H\u00e9rcules del 27 de febrero de 2026 en El Alto, luego de concluir las pericias de criminal\u00edstica. De los motorizados afectados, 3 quedaron totalmente destrozados al punto de no poder confirmar ni su n\u00famero de placa, mientras [&hellip;]<\/p>\n","protected":false},"author":1,"featured_media":15216,"comment_status":"open","ping_status":"open","sticky":false,"template":"","format":"standard","meta":{"_eb_attr":"","footnotes":""},"categories":[1],"tags":[113,116],"class_list":["post-15180","post","type-post","status-publish","format-standard","has-post-thumbnail","hentry","category-noticias","tag-noticias","tag-seguridad"],"yoast_head":"<!-- This site is optimized with the Yoast SEO plugin v27.4 - https:\/\/yoast.com\/product\/yoast-seo-wordpress\/ -->\n<title>FISCAL\u00cdA DEVUELVE 15 VEH\u00cdCULOS TRAS TRAGEDIA A\u00c9REA: 3 QUEDARON HECHOS CHATARRA - Te lo Cuenta Victor<\/title>\n<meta name=\"robots\" content=\"index, follow, max-snippet:-1, max-image-preview:large, max-video-preview:-1\" \/>\n<link rel=\"canonical\" href=\"https:\/\/telocuentavictorhugo.com\/index.php\/2026\/04\/25\/fiscalia-devuelve-15-vehiculos-tras-tragedia-aerea-3-quedaron-hechos-chatarra\/\" \/>\n<meta property=\"og:locale\" content=\"es_ES\" \/>\n<meta property=\"og:type\" content=\"article\" \/>\n<meta property=\"og:title\" content=\"FISCAL\u00cdA DEVUELVE 15 VEH\u00cdCULOS TRAS TRAGEDIA A\u00c9REA: 3 QUEDARON HECHOS CHATARRA - Te lo Cuenta Victor\" \/>\n<meta property=\"og:description\" content=\"La Fiscal\u00eda Departamental de La Paz comenz\u00f3 a liberar los 15 veh\u00edculos secuestrados tras el siniestro del avi\u00f3n H\u00e9rcules del 27 de febrero de 2026 en El Alto, luego de concluir las pericias de criminal\u00edstica. De los motorizados afectados, 3 quedaron totalmente destrozados al punto de no poder confirmar ni su n\u00famero de placa, mientras [&hellip;]\" \/>\n<meta property=\"og:url\" content=\"https:\/\/telocuentavictorhugo.com\/index.php\/2026\/04\/25\/fiscalia-devuelve-15-vehiculos-tras-tragedia-aerea-3-quedaron-hechos-chatarra\/\" \/>\n<meta property=\"og:site_name\" content=\"Te lo Cuenta Victor\" \/>\n<meta property=\"article:published_time\" content=\"2026-04-25T05:30:12+00:00\" \/>\n<meta property=\"article:modified_time\" content=\"2026-04-25T05:30:14+00:00\" \/>\n<meta property=\"og:image\" content=\"http:\/\/telocuentavictorhugo.com\/wp-content\/uploads\/2026\/04\/13-7.jpg\" \/>\n\t<meta property=\"og:image:width\" content=\"1396\" \/>\n\t<meta property=\"og:image:height\" content=\"788\" \/>\n\t<meta property=\"og:image:type\" content=\"image\/jpeg\" \/>\n<meta name=\"author\" content=\"telocuentavictorhugo.com\" \/>\n<meta name=\"twitter:card\" content=\"summary_large_image\" \/>\n<meta name=\"twitter:label1\" content=\"Escrito por\" \/>\n\t<meta name=\"twitter:data1\" content=\"telocuentavictorhugo.com\" \/>\n\t<meta name=\"twitter:label2\" content=\"Tiempo de lectura\" \/>\n\t<meta name=\"twitter:data2\" content=\"1 minuto\" \/>\n<script type=\"application\/ld+json\" class=\"yoast-schema-graph\">{\"@context\":\"https:\\\/\\\/schema.org\",\"@graph\":[{\"@type\":\"Article\",\"@id\":\"https:\\\/\\\/telocuentavictorhugo.com\\\/index.php\\\/2026\\\/04\\\/25\\\/fiscalia-devuelve-15-vehiculos-tras-tragedia-aerea-3-quedaron-hechos-chatarra\\\/#article\",\"isPartOf\":{\"@id\":\"https:\\\/\\\/telocuentavictorhugo.com\\\/index.php\\\/2026\\\/04\\\/25\\\/fiscalia-devuelve-15-vehiculos-tras-tragedia-aerea-3-quedaron-hechos-chatarra\\\/\"},\"author\":{\"name\":\"telocuentavictorhugo.com\",\"@id\":\"https:\\\/\\\/telocuentavictorhugo.com\\\/#\\\/schema\\\/person\\\/a8307d7271ba2849b49b562ad8602f06\"},\"headline\":\"FISCAL\u00cdA DEVUELVE 15 VEH\u00cdCULOS TRAS TRAGEDIA A\u00c9REA: 3 QUEDARON HECHOS CHATARRA\",\"datePublished\":\"2026-04-25T05:30:12+00:00\",\"dateModified\":\"2026-04-25T05:30:14+00:00\",\"mainEntityOfPage\":{\"@id\":\"https:\\\/\\\/telocuentavictorhugo.com\\\/index.php\\\/2026\\\/04\\\/25\\\/fiscalia-devuelve-15-vehiculos-tras-tragedia-aerea-3-quedaron-hechos-chatarra\\\/\"},\"wordCount\":137,\"commentCount\":0,\"publisher\":{\"@id\":\"https:\\\/\\\/telocuentavictorhugo.com\\\/#organization\"},\"image\":{\"@id\":\"https:\\\/\\\/telocuentavictorhugo.com\\\/index.php\\\/2026\\\/04\\\/25\\\/fiscalia-devuelve-15-vehiculos-tras-tragedia-aerea-3-quedaron-hechos-chatarra\\\/#primaryimage\"},\"thumbnailUrl\":\"https:\\\/\\\/telocuentavictorhugo.com\\\/wp-content\\\/uploads\\\/2026\\\/04\\\/13-7.jpg\",\"keywords\":[\"NOTICIAS\",\"SEGURIDAD\"],\"articleSection\":[\"Noticias\"],\"inLanguage\":\"es\",\"potentialAction\":[{\"@type\":\"CommentAction\",\"name\":\"Comment\",\"target\":[\"https:\\\/\\\/telocuentavictorhugo.com\\\/index.php\\\/2026\\\/04\\\/25\\\/fiscalia-devuelve-15-vehiculos-tras-tragedia-aerea-3-quedaron-hechos-chatarra\\\/#respond\"]}]},{\"@type\":\"WebPage\",\"@id\":\"https:\\\/\\\/telocuentavictorhugo.com\\\/index.php\\\/2026\\\/04\\\/25\\\/fiscalia-devuelve-15-vehiculos-tras-tragedia-aerea-3-quedaron-hechos-chatarra\\\/\",\"url\":\"https:\\\/\\\/telocuentavictorhugo.com\\\/index.php\\\/2026\\\/04\\\/25\\\/fiscalia-devuelve-15-vehiculos-tras-tragedia-aerea-3-quedaron-hechos-chatarra\\\/\",\"name\":\"FISCAL\u00cdA DEVUELVE 15 VEH\u00cdCULOS TRAS TRAGEDIA A\u00c9REA: 3 QUEDARON HECHOS CHATARRA - Te lo Cuenta Victor\",\"isPartOf\":{\"@id\":\"https:\\\/\\\/telocuentavictorhugo.com\\\/#website\"},\"primaryImageOfPage\":{\"@id\":\"https:\\\/\\\/telocuentavictorhugo.com\\\/index.php\\\/2026\\\/04\\\/25\\\/fiscalia-devuelve-15-vehiculos-tras-tragedia-aerea-3-quedaron-hechos-chatarra\\\/#primaryimage\"},\"image\":{\"@id\":\"https:\\\/\\\/telocuentavictorhugo.com\\\/index.php\\\/2026\\\/04\\\/25\\\/fiscalia-devuelve-15-vehiculos-tras-tragedia-aerea-3-quedaron-hechos-chatarra\\\/#primaryimage\"},\"thumbnailUrl\":\"https:\\\/\\\/telocuentavictorhugo.com\\\/wp-content\\\/uploads\\\/2026\\\/04\\\/13-7.jpg\",\"datePublished\":\"2026-04-25T05:30:12+00:00\",\"dateModified\":\"2026-04-25T05:30:14+00:00\",\"breadcrumb\":{\"@id\":\"https:\\\/\\\/telocuentavictorhugo.com\\\/index.php\\\/2026\\\/04\\\/25\\\/fiscalia-devuelve-15-vehiculos-tras-tragedia-aerea-3-quedaron-hechos-chatarra\\\/#breadcrumb\"},\"inLanguage\":\"es\",\"potentialAction\":[{\"@type\":\"ReadAction\",\"target\":[\"https:\\\/\\\/telocuentavictorhugo.com\\\/index.php\\\/2026\\\/04\\\/25\\\/fiscalia-devuelve-15-vehiculos-tras-tragedia-aerea-3-quedaron-hechos-chatarra\\\/\"]}]},{\"@type\":\"ImageObject\",\"inLanguage\":\"es\",\"@id\":\"https:\\\/\\\/telocuentavictorhugo.com\\\/index.php\\\/2026\\\/04\\\/25\\\/fiscalia-devuelve-15-vehiculos-tras-tragedia-aerea-3-quedaron-hechos-chatarra\\\/#primaryimage\",\"url\":\"https:\\\/\\\/telocuentavictorhugo.com\\\/wp-content\\\/uploads\\\/2026\\\/04\\\/13-7.jpg\",\"contentUrl\":\"https:\\\/\\\/telocuentavictorhugo.com\\\/wp-content\\\/uploads\\\/2026\\\/04\\\/13-7.jpg\",\"width\":1396,\"height\":788},{\"@type\":\"BreadcrumbList\",\"@id\":\"https:\\\/\\\/telocuentavictorhugo.com\\\/index.php\\\/2026\\\/04\\\/25\\\/fiscalia-devuelve-15-vehiculos-tras-tragedia-aerea-3-quedaron-hechos-chatarra\\\/#breadcrumb\",\"itemListElement\":[{\"@type\":\"ListItem\",\"position\":1,\"name\":\"Portada\",\"item\":\"https:\\\/\\\/telocuentavictorhugo.com\\\/\"},{\"@type\":\"ListItem\",\"position\":2,\"name\":\"FISCAL\u00cdA DEVUELVE 15 VEH\u00cdCULOS TRAS TRAGEDIA A\u00c9REA: 3 QUEDARON HECHOS CHATARRA\"}]},{\"@type\":\"WebSite\",\"@id\":\"https:\\\/\\\/telocuentavictorhugo.com\\\/#website\",\"url\":\"https:\\\/\\\/telocuentavictorhugo.com\\\/\",\"name\":\"Te lo Cuenta Victor\",\"description\":\"\",\"publisher\":{\"@id\":\"https:\\\/\\\/telocuentavictorhugo.com\\\/#organization\"},\"potentialAction\":[{\"@type\":\"SearchAction\",\"target\":{\"@type\":\"EntryPoint\",\"urlTemplate\":\"https:\\\/\\\/telocuentavictorhugo.com\\\/?s={search_term_string}\"},\"query-input\":{\"@type\":\"PropertyValueSpecification\",\"valueRequired\":true,\"valueName\":\"search_term_string\"}}],\"inLanguage\":\"es\"},{\"@type\":\"Organization\",\"@id\":\"https:\\\/\\\/telocuentavictorhugo.com\\\/#organization\",\"name\":\"Te lo Cuenta Victor\",\"url\":\"https:\\\/\\\/telocuentavictorhugo.com\\\/\",\"logo\":{\"@type\":\"ImageObject\",\"inLanguage\":\"es\",\"@id\":\"https:\\\/\\\/telocuentavictorhugo.com\\\/#\\\/schema\\\/logo\\\/image\\\/\",\"url\":\"https:\\\/\\\/telocuentavictorhugo.com\\\/wp-content\\\/uploads\\\/2023\\\/12\\\/Logo.png\",\"contentUrl\":\"https:\\\/\\\/telocuentavictorhugo.com\\\/wp-content\\\/uploads\\\/2023\\\/12\\\/Logo.png\",\"width\":1080,\"height\":176,\"caption\":\"Te lo Cuenta Victor\"},\"image\":{\"@id\":\"https:\\\/\\\/telocuentavictorhugo.com\\\/#\\\/schema\\\/logo\\\/image\\\/\"}},{\"@type\":\"Person\",\"@id\":\"https:\\\/\\\/telocuentavictorhugo.com\\\/#\\\/schema\\\/person\\\/a8307d7271ba2849b49b562ad8602f06\",\"name\":\"telocuentavictorhugo.com\",\"image\":{\"@type\":\"ImageObject\",\"inLanguage\":\"es\",\"@id\":\"https:\\\/\\\/secure.gravatar.com\\\/avatar\\\/da212e7b532df19fd2aea5daf46d8c176abfc85521e4b80ed435d7426ef63eb6?s=96&d=mm&r=g\",\"url\":\"https:\\\/\\\/secure.gravatar.com\\\/avatar\\\/da212e7b532df19fd2aea5daf46d8c176abfc85521e4b80ed435d7426ef63eb6?s=96&d=mm&r=g\",\"contentUrl\":\"https:\\\/\\\/secure.gravatar.com\\\/avatar\\\/da212e7b532df19fd2aea5daf46d8c176abfc85521e4b80ed435d7426ef63eb6?s=96&d=mm&r=g\",\"caption\":\"telocuentavictorhugo.com\"},\"sameAs\":[\"http:\\\/\\\/telocuentavictorhugo.com\"],\"url\":\"https:\\\/\\\/telocuentavictorhugo.com\\\/index.php\\\/author\\\/plustvpress-com\\\/\"}]}<\/script>\n<!-- \/ Yoast SEO plugin. -->","yoast_head_json":{"title":"FISCAL\u00cdA DEVUELVE 15 VEH\u00cdCULOS TRAS TRAGEDIA A\u00c9REA: 3 QUEDARON HECHOS CHATARRA - Te lo Cuenta Victor","robots":{"index":"index","follow":"follow","max-snippet":"max-snippet:-1","max-image-preview":"max-image-preview:large","max-video-preview":"max-video-preview:-1"},"canonical":"https:\/\/telocuentavictorhugo.com\/index.php\/2026\/04\/25\/fiscalia-devuelve-15-vehiculos-tras-tragedia-aerea-3-quedaron-hechos-chatarra\/","og_locale":"es_ES","og_type":"article","og_title":"FISCAL\u00cdA DEVUELVE 15 VEH\u00cdCULOS TRAS TRAGEDIA A\u00c9REA: 3 QUEDARON HECHOS CHATARRA - Te lo Cuenta Victor","og_description":"La Fiscal\u00eda Departamental de La Paz comenz\u00f3 a liberar los 15 veh\u00edculos secuestrados tras el siniestro del avi\u00f3n H\u00e9rcules del 27 de febrero de 2026 en El Alto, luego de concluir las pericias de criminal\u00edstica. De los motorizados afectados, 3 quedaron totalmente destrozados al punto de no poder confirmar ni su n\u00famero de placa, mientras [&hellip;]","og_url":"https:\/\/telocuentavictorhugo.com\/index.php\/2026\/04\/25\/fiscalia-devuelve-15-vehiculos-tras-tragedia-aerea-3-quedaron-hechos-chatarra\/","og_site_name":"Te lo Cuenta Victor","article_published_time":"2026-04-25T05:30:12+00:00","article_modified_time":"2026-04-25T05:30:14+00:00","og_image":[{"width":1396,"height":788,"url":"http:\/\/telocuentavictorhugo.com\/wp-content\/uploads\/2026\/04\/13-7.jpg","type":"image\/jpeg"}],"author":"telocuentavictorhugo.com","twitter_card":"summary_large_image","twitter_misc":{"Escrito por":"telocuentavictorhugo.com","Tiempo de lectura":"1 minuto"},"schema":{"@context":"https:\/\/schema.org","@graph":[{"@type":"Article","@id":"https:\/\/telocuentavictorhugo.com\/index.php\/2026\/04\/25\/fiscalia-devuelve-15-vehiculos-tras-tragedia-aerea-3-quedaron-hechos-chatarra\/#article","isPartOf":{"@id":"https:\/\/telocuentavictorhugo.com\/index.php\/2026\/04\/25\/fiscalia-devuelve-15-vehiculos-tras-tragedia-aerea-3-quedaron-hechos-chatarra\/"},"author":{"name":"telocuentavictorhugo.com","@id":"https:\/\/telocuentavictorhugo.com\/#\/schema\/person\/a8307d7271ba2849b49b562ad8602f06"},"headline":"FISCAL\u00cdA DEVUELVE 15 VEH\u00cdCULOS TRAS TRAGEDIA A\u00c9REA: 3 QUEDARON HECHOS CHATARRA","datePublished":"2026-04-25T05:30:12+00:00","dateModified":"2026-04-25T05:30:14+00:00","mainEntityOfPage":{"@id":"https:\/\/telocuentavictorhugo.com\/index.php\/2026\/04\/25\/fiscalia-devuelve-15-vehiculos-tras-tragedia-aerea-3-quedaron-hechos-chatarra\/"},"wordCount":137,"commentCount":0,"publisher":{"@id":"https:\/\/telocuentavictorhugo.com\/#organization"},"image":{"@id":"https:\/\/telocuentavictorhugo.com\/index.php\/2026\/04\/25\/fiscalia-devuelve-15-vehiculos-tras-tragedia-aerea-3-quedaron-hechos-chatarra\/#primaryimage"},"thumbnailUrl":"https:\/\/telocuentavictorhugo.com\/wp-content\/uploads\/2026\/04\/13-7.jpg","keywords":["NOTICIAS","SEGURIDAD"],"articleSection":["Noticias"],"inLanguage":"es","potentialAction":[{"@type":"CommentAction","name":"Comment","target":["https:\/\/telocuentavictorhugo.com\/index.php\/2026\/04\/25\/fiscalia-devuelve-15-vehiculos-tras-tragedia-aerea-3-quedaron-hechos-chatarra\/#respond"]}]},{"@type":"WebPage","@id":"https:\/\/telocuentavictorhugo.com\/index.php\/2026\/04\/25\/fiscalia-devuelve-15-vehiculos-tras-tragedia-aerea-3-quedaron-hechos-chatarra\/","url":"https:\/\/telocuentavictorhugo.com\/index.php\/2026\/04\/25\/fiscalia-devuelve-15-vehiculos-tras-tragedia-aerea-3-quedaron-hechos-chatarra\/","name":"FISCAL\u00cdA DEVUELVE 15 VEH\u00cdCULOS TRAS TRAGEDIA A\u00c9REA: 3 QUEDARON HECHOS CHATARRA - Te lo Cuenta Victor","isPartOf":{"@id":"https:\/\/telocuentavictorhugo.com\/#website"},"primaryImageOfPage":{"@id":"https:\/\/telocuentavictorhugo.com\/index.php\/2026\/04\/25\/fiscalia-devuelve-15-vehiculos-tras-tragedia-aerea-3-quedaron-hechos-chatarra\/#primaryimage"},"image":{"@id":"https:\/\/telocuentavictorhugo.com\/index.php\/2026\/04\/25\/fiscalia-devuelve-15-vehiculos-tras-tragedia-aerea-3-quedaron-hechos-chatarra\/#primaryimage"},"thumbnailUrl":"https:\/\/telocuentavictorhugo.com\/wp-content\/uploads\/2026\/04\/13-7.jpg","datePublished":"2026-04-25T05:30:12+00:00","dateModified":"2026-04-25T05:30:14+00:00","breadcrumb":{"@id":"https:\/\/telocuentavictorhugo.com\/index.php\/2026\/04\/25\/fiscalia-devuelve-15-vehiculos-tras-tragedia-aerea-3-quedaron-hechos-chatarra\/#breadcrumb"},"inLanguage":"es","potentialAction":[{"@type":"ReadAction","target":["https:\/\/telocuentavictorhugo.com\/index.php\/2026\/04\/25\/fiscalia-devuelve-15-vehiculos-tras-tragedia-aerea-3-quedaron-hechos-chatarra\/"]}]},{"@type":"ImageObject","inLanguage":"es","@id":"https:\/\/telocuentavictorhugo.com\/index.php\/2026\/04\/25\/fiscalia-devuelve-15-vehiculos-tras-tragedia-aerea-3-quedaron-hechos-chatarra\/#primaryimage","url":"https:\/\/telocuentavictorhugo.com\/wp-content\/uploads\/2026\/04\/13-7.jpg","contentUrl":"https:\/\/telocuentavictorhugo.com\/wp-content\/uploads\/2026\/04\/13-7.jpg","width":1396,"height":788},{"@type":"BreadcrumbList","@id":"https:\/\/telocuentavictorhugo.com\/index.php\/2026\/04\/25\/fiscalia-devuelve-15-vehiculos-tras-tragedia-aerea-3-quedaron-hechos-chatarra\/#breadcrumb","itemListElement":[{"@type":"ListItem","position":1,"name":"Portada","item":"https:\/\/telocuentavictorhugo.com\/"},{"@type":"ListItem","position":2,"name":"FISCAL\u00cdA DEVUELVE 15 VEH\u00cdCULOS TRAS TRAGEDIA A\u00c9REA: 3 QUEDARON HECHOS CHATARRA"}]},{"@type":"WebSite","@id":"https:\/\/telocuentavictorhugo.com\/#website","url":"https:\/\/telocuentavictorhugo.com\/","name":"Te lo Cuenta Victor","description":"","publisher":{"@id":"https:\/\/telocuentavictorhugo.com\/#organization"},"potentialAction":[{"@type":"SearchAction","target":{"@type":"EntryPoint","urlTemplate":"https:\/\/telocuentavictorhugo.com\/?s={search_term_string}"},"query-input":{"@type":"PropertyValueSpecification","valueRequired":true,"valueName":"search_term_string"}}],"inLanguage":"es"},{"@type":"Organization","@id":"https:\/\/telocuentavictorhugo.com\/#organization","name":"Te lo Cuenta Victor","url":"https:\/\/telocuentavictorhugo.com\/","logo":{"@type":"ImageObject","inLanguage":"es","@id":"https:\/\/telocuentavictorhugo.com\/#\/schema\/logo\/image\/","url":"https:\/\/telocuentavictorhugo.com\/wp-content\/uploads\/2023\/12\/Logo.png","contentUrl":"https:\/\/telocuentavictorhugo.com\/wp-content\/uploads\/2023\/12\/Logo.png","width":1080,"height":176,"caption":"Te lo Cuenta Victor"},"image":{"@id":"https:\/\/telocuentavictorhugo.com\/#\/schema\/logo\/image\/"}},{"@type":"Person","@id":"https:\/\/telocuentavictorhugo.com\/#\/schema\/person\/a8307d7271ba2849b49b562ad8602f06","name":"telocuentavictorhugo.com","image":{"@type":"ImageObject","inLanguage":"es","@id":"https:\/\/secure.gravatar.com\/avatar\/da212e7b532df19fd2aea5daf46d8c176abfc85521e4b80ed435d7426ef63eb6?s=96&d=mm&r=g","url":"https:\/\/secure.gravatar.com\/avatar\/da212e7b532df19fd2aea5daf46d8c176abfc85521e4b80ed435d7426ef63eb6?s=96&d=mm&r=g","contentUrl":"https:\/\/secure.gravatar.com\/avatar\/da212e7b532df19fd2aea5daf46d8c176abfc85521e4b80ed435d7426ef63eb6?s=96&d=mm&r=g","caption":"telocuentavictorhugo.com"},"sameAs":["http:\/\/telocuentavictorhugo.com"],"url":"https:\/\/telocuentavictorhugo.com\/index.php\/author\/plustvpress-com\/"}]}},"_links":{"self":[{"href":"https:\/\/telocuentavictorhugo.com\/index.php\/wp-json\/wp\/v2\/posts\/15180","targetHints":{"allow":["GET"]}}],"collection":[{"href":"https:\/\/telocuentavictorhugo.com\/index.php\/wp-json\/wp\/v2\/posts"}],"about":[{"href":"https:\/\/telocuentavictorhugo.com\/index.php\/wp-json\/wp\/v2\/types\/post"}],"author":[{"embeddable":true,"href":"https:\/\/telocuentavictorhugo.com\/index.php\/wp-json\/wp\/v2\/users\/1"}],"replies":[{"embeddable":true,"href":"https:\/\/telocuentavictorhugo.com\/index.php\/wp-json\/wp\/v2\/comments?post=15180"}],"version-history":[{"count":1,"href":"https:\/\/telocuentavictorhugo.com\/index.php\/wp-json\/wp\/v2\/posts\/15180\/revisions"}],"predecessor-version":[{"id":15252,"href":"https:\/\/telocuentavictorhugo.com\/index.php\/wp-json\/wp\/v2\/posts\/15180\/revisions\/15252"}],"wp:featuredmedia":[{"embeddable":true,"href":"https:\/\/telocuentavictorhugo.com\/index.php\/wp-json\/wp\/v2\/media\/15216"}],"wp:attachment":[{"href":"https:\/\/telocuentavictorhugo.com\/index.php\/wp-json\/wp\/v2\/media?parent=15180"}],"wp:term":[{"taxonomy":"category","embeddable":true,"href":"https:\/\/telocuentavictorhugo.com\/index.php\/wp-json\/wp\/v2\/categories?post=15180"},{"taxonomy":"post_tag","embeddable":true,"href":"https:\/\/telocuentavictorhugo.com\/index.php\/wp-json\/wp\/v2\/tags?post=15180"}],"curies":[{"name":"wp","href":"https:\/\/api.w.org\/{rel}","templated":true}]}}