{"id":15175,"date":"2026-04-25T01:30:01","date_gmt":"2026-04-25T05:30:01","guid":{"rendered":"https:\/\/telocuentavictorhugo.com\/?p=15175"},"modified":"2026-04-25T01:30:04","modified_gmt":"2026-04-25T05:30:04","slug":"presidenta-de-ypfb-renuncio-a-menos-de-un-mes-en-el-cargo-la-empresa-esta-peor-de-lo-que-creiamos","status":"publish","type":"post","link":"https:\/\/telocuentavictorhugo.com\/index.php\/2026\/04\/25\/presidenta-de-ypfb-renuncio-a-menos-de-un-mes-en-el-cargo-la-empresa-esta-peor-de-lo-que-creiamos\/","title":{"rendered":"PRESIDENTA DE YPFB RENUNCI\u00d3 A MENOS DE UN MES EN EL CARGO: \u201cLA EMPRESA EST\u00c1 PEOR DE LO QUE CRE\u00cdAMOS\u201d"},"content":{"rendered":"\n<p>Claudia Cronenbold tir\u00f3 la toalla y present\u00f3 su renuncia \u201cirrevocable e inmediata\u201d a la presidencia de YPFB este mi\u00e9rcoles, a solo 23 d\u00edas de asumir, en medio del esc\u00e1ndalo por la gasolina con goma y manganeso que da\u00f1\u00f3 miles de autos. En su carta al presidente Rodrigo Paz y al ministro Mauricio Medinaceli, admiti\u00f3 que el \u201cdiagn\u00f3stico t\u00e9cnico y administrativo\u201d revel\u00f3 un estado institucional \u201csignificativamente m\u00e1s deteriorado de lo previsto\u201d, con una \u201carquitectura perniciosa\u201d y \u201ccandados\u201d heredados de 20 a\u00f1os de gestiones de Evo Morales y Luis Arce. Cronenbold, que reemplaz\u00f3 a Yussef Akly tras la huelga de transportistas en La Paz y El Alto, dijo que YPFB necesita \u201creingenier\u00eda legal y administrativa de largo aliento\u201d, incompatible con la urgencia que exige el Gobierno. La crisis estall\u00f3 tras quitarse la subvenci\u00f3n en diciembre de 2025: hasta ahora se pagaron m\u00e1s de $us 2 millones por da\u00f1os a 7.161 veh\u00edculos, mientras el SREC sigue recibiendo casos.<\/p>\n\n\n\n<figure class=\"wp-block-embed is-type-video is-provider-youtube wp-block-embed-youtube wp-embed-aspect-16-9 wp-has-aspect-ratio\"><div class=\"wp-block-embed__wrapper\">\n<iframe title=\"PRESIDENTA DE YPFB RENUNCI\u00d3 A MENOS DE UN MES EN EL CARGO: \u201cLA EMPRESA EST\u00c1 PEOR DE LO QUE CRE\u00cdAMOS\u201d\" width=\"800\" height=\"450\" src=\"https:\/\/www.youtube.com\/embed\/zDu-8Ksmb34?feature=oembed\" frameborder=\"0\" allow=\"accelerometer; autoplay; clipboard-write; encrypted-media; gyroscope; picture-in-picture; web-share\" referrerpolicy=\"strict-origin-when-cross-origin\" allowfullscreen><\/iframe>\n<\/div><\/figure>\n\n\n\n<p><\/p>\n","protected":false},"excerpt":{"rendered":"<p>Claudia Cronenbold tir\u00f3 la toalla y present\u00f3 su renuncia \u201cirrevocable e inmediata\u201d a la presidencia de YPFB este mi\u00e9rcoles, a solo 23 d\u00edas de asumir, en medio del esc\u00e1ndalo por la gasolina con goma y manganeso que da\u00f1\u00f3 miles de autos. En su carta al presidente Rodrigo Paz y al ministro Mauricio Medinaceli, admiti\u00f3 que [&hellip;]<\/p>\n","protected":false},"author":1,"featured_media":15211,"comment_status":"open","ping_status":"open","sticky":false,"template":"","format":"standard","meta":{"_eb_attr":"","footnotes":""},"categories":[1],"tags":[119,113],"class_list":["post-15175","post","type-post","status-publish","format-standard","has-post-thumbnail","hentry","category-noticias","tag-economia-2","tag-noticias"],"yoast_head":"<!-- This site is optimized with the Yoast SEO plugin v27.4 - https:\/\/yoast.com\/product\/yoast-seo-wordpress\/ -->\n<title>PRESIDENTA DE YPFB RENUNCI\u00d3 A MENOS DE UN MES EN EL CARGO: \u201cLA EMPRESA EST\u00c1 PEOR DE LO QUE CRE\u00cdAMOS\u201d - Te lo Cuenta Victor<\/title>\n<meta name=\"robots\" content=\"index, follow, max-snippet:-1, max-image-preview:large, max-video-preview:-1\" \/>\n<link rel=\"canonical\" href=\"https:\/\/telocuentavictorhugo.com\/index.php\/2026\/04\/25\/presidenta-de-ypfb-renuncio-a-menos-de-un-mes-en-el-cargo-la-empresa-esta-peor-de-lo-que-creiamos\/\" \/>\n<meta property=\"og:locale\" content=\"es_ES\" \/>\n<meta property=\"og:type\" content=\"article\" \/>\n<meta property=\"og:title\" content=\"PRESIDENTA DE YPFB RENUNCI\u00d3 A MENOS DE UN MES EN EL CARGO: \u201cLA EMPRESA EST\u00c1 PEOR DE LO QUE CRE\u00cdAMOS\u201d - Te lo Cuenta Victor\" \/>\n<meta property=\"og:description\" content=\"Claudia Cronenbold tir\u00f3 la toalla y present\u00f3 su renuncia \u201cirrevocable e inmediata\u201d a la presidencia de YPFB este mi\u00e9rcoles, a solo 23 d\u00edas de asumir, en medio del esc\u00e1ndalo por la gasolina con goma y manganeso que da\u00f1\u00f3 miles de autos. En su carta al presidente Rodrigo Paz y al ministro Mauricio Medinaceli, admiti\u00f3 que [&hellip;]\" \/>\n<meta property=\"og:url\" content=\"https:\/\/telocuentavictorhugo.com\/index.php\/2026\/04\/25\/presidenta-de-ypfb-renuncio-a-menos-de-un-mes-en-el-cargo-la-empresa-esta-peor-de-lo-que-creiamos\/\" \/>\n<meta property=\"og:site_name\" content=\"Te lo Cuenta Victor\" \/>\n<meta property=\"article:published_time\" content=\"2026-04-25T05:30:01+00:00\" \/>\n<meta property=\"article:modified_time\" content=\"2026-04-25T05:30:04+00:00\" \/>\n<meta property=\"og:image\" content=\"http:\/\/telocuentavictorhugo.com\/wp-content\/uploads\/2026\/04\/9-8.jpg\" \/>\n\t<meta property=\"og:image:width\" content=\"1401\" \/>\n\t<meta property=\"og:image:height\" content=\"735\" \/>\n\t<meta property=\"og:image:type\" content=\"image\/jpeg\" \/>\n<meta name=\"author\" content=\"telocuentavictorhugo.com\" \/>\n<meta name=\"twitter:card\" content=\"summary_large_image\" \/>\n<meta name=\"twitter:label1\" content=\"Escrito por\" \/>\n\t<meta name=\"twitter:data1\" content=\"telocuentavictorhugo.com\" \/>\n\t<meta name=\"twitter:label2\" content=\"Tiempo de lectura\" \/>\n\t<meta name=\"twitter:data2\" content=\"1 minuto\" \/>\n<script type=\"application\/ld+json\" class=\"yoast-schema-graph\">{\"@context\":\"https:\\\/\\\/schema.org\",\"@graph\":[{\"@type\":\"Article\",\"@id\":\"https:\\\/\\\/telocuentavictorhugo.com\\\/index.php\\\/2026\\\/04\\\/25\\\/presidenta-de-ypfb-renuncio-a-menos-de-un-mes-en-el-cargo-la-empresa-esta-peor-de-lo-que-creiamos\\\/#article\",\"isPartOf\":{\"@id\":\"https:\\\/\\\/telocuentavictorhugo.com\\\/index.php\\\/2026\\\/04\\\/25\\\/presidenta-de-ypfb-renuncio-a-menos-de-un-mes-en-el-cargo-la-empresa-esta-peor-de-lo-que-creiamos\\\/\"},\"author\":{\"name\":\"telocuentavictorhugo.com\",\"@id\":\"https:\\\/\\\/telocuentavictorhugo.com\\\/#\\\/schema\\\/person\\\/a8307d7271ba2849b49b562ad8602f06\"},\"headline\":\"PRESIDENTA DE YPFB RENUNCI\u00d3 A MENOS DE UN MES EN EL CARGO: \u201cLA EMPRESA EST\u00c1 PEOR DE LO QUE CRE\u00cdAMOS\u201d\",\"datePublished\":\"2026-04-25T05:30:01+00:00\",\"dateModified\":\"2026-04-25T05:30:04+00:00\",\"mainEntityOfPage\":{\"@id\":\"https:\\\/\\\/telocuentavictorhugo.com\\\/index.php\\\/2026\\\/04\\\/25\\\/presidenta-de-ypfb-renuncio-a-menos-de-un-mes-en-el-cargo-la-empresa-esta-peor-de-lo-que-creiamos\\\/\"},\"wordCount\":188,\"commentCount\":0,\"publisher\":{\"@id\":\"https:\\\/\\\/telocuentavictorhugo.com\\\/#organization\"},\"image\":{\"@id\":\"https:\\\/\\\/telocuentavictorhugo.com\\\/index.php\\\/2026\\\/04\\\/25\\\/presidenta-de-ypfb-renuncio-a-menos-de-un-mes-en-el-cargo-la-empresa-esta-peor-de-lo-que-creiamos\\\/#primaryimage\"},\"thumbnailUrl\":\"https:\\\/\\\/telocuentavictorhugo.com\\\/wp-content\\\/uploads\\\/2026\\\/04\\\/9-8.jpg\",\"keywords\":[\"ECONOM\u00cdA\",\"NOTICIAS\"],\"articleSection\":[\"Noticias\"],\"inLanguage\":\"es\",\"potentialAction\":[{\"@type\":\"CommentAction\",\"name\":\"Comment\",\"target\":[\"https:\\\/\\\/telocuentavictorhugo.com\\\/index.php\\\/2026\\\/04\\\/25\\\/presidenta-de-ypfb-renuncio-a-menos-de-un-mes-en-el-cargo-la-empresa-esta-peor-de-lo-que-creiamos\\\/#respond\"]}]},{\"@type\":\"WebPage\",\"@id\":\"https:\\\/\\\/telocuentavictorhugo.com\\\/index.php\\\/2026\\\/04\\\/25\\\/presidenta-de-ypfb-renuncio-a-menos-de-un-mes-en-el-cargo-la-empresa-esta-peor-de-lo-que-creiamos\\\/\",\"url\":\"https:\\\/\\\/telocuentavictorhugo.com\\\/index.php\\\/2026\\\/04\\\/25\\\/presidenta-de-ypfb-renuncio-a-menos-de-un-mes-en-el-cargo-la-empresa-esta-peor-de-lo-que-creiamos\\\/\",\"name\":\"PRESIDENTA DE YPFB RENUNCI\u00d3 A MENOS DE UN MES EN EL CARGO: \u201cLA EMPRESA EST\u00c1 PEOR DE LO QUE CRE\u00cdAMOS\u201d - Te lo Cuenta Victor\",\"isPartOf\":{\"@id\":\"https:\\\/\\\/telocuentavictorhugo.com\\\/#website\"},\"primaryImageOfPage\":{\"@id\":\"https:\\\/\\\/telocuentavictorhugo.com\\\/index.php\\\/2026\\\/04\\\/25\\\/presidenta-de-ypfb-renuncio-a-menos-de-un-mes-en-el-cargo-la-empresa-esta-peor-de-lo-que-creiamos\\\/#primaryimage\"},\"image\":{\"@id\":\"https:\\\/\\\/telocuentavictorhugo.com\\\/index.php\\\/2026\\\/04\\\/25\\\/presidenta-de-ypfb-renuncio-a-menos-de-un-mes-en-el-cargo-la-empresa-esta-peor-de-lo-que-creiamos\\\/#primaryimage\"},\"thumbnailUrl\":\"https:\\\/\\\/telocuentavictorhugo.com\\\/wp-content\\\/uploads\\\/2026\\\/04\\\/9-8.jpg\",\"datePublished\":\"2026-04-25T05:30:01+00:00\",\"dateModified\":\"2026-04-25T05:30:04+00:00\",\"breadcrumb\":{\"@id\":\"https:\\\/\\\/telocuentavictorhugo.com\\\/index.php\\\/2026\\\/04\\\/25\\\/presidenta-de-ypfb-renuncio-a-menos-de-un-mes-en-el-cargo-la-empresa-esta-peor-de-lo-que-creiamos\\\/#breadcrumb\"},\"inLanguage\":\"es\",\"potentialAction\":[{\"@type\":\"ReadAction\",\"target\":[\"https:\\\/\\\/telocuentavictorhugo.com\\\/index.php\\\/2026\\\/04\\\/25\\\/presidenta-de-ypfb-renuncio-a-menos-de-un-mes-en-el-cargo-la-empresa-esta-peor-de-lo-que-creiamos\\\/\"]}]},{\"@type\":\"ImageObject\",\"inLanguage\":\"es\",\"@id\":\"https:\\\/\\\/telocuentavictorhugo.com\\\/index.php\\\/2026\\\/04\\\/25\\\/presidenta-de-ypfb-renuncio-a-menos-de-un-mes-en-el-cargo-la-empresa-esta-peor-de-lo-que-creiamos\\\/#primaryimage\",\"url\":\"https:\\\/\\\/telocuentavictorhugo.com\\\/wp-content\\\/uploads\\\/2026\\\/04\\\/9-8.jpg\",\"contentUrl\":\"https:\\\/\\\/telocuentavictorhugo.com\\\/wp-content\\\/uploads\\\/2026\\\/04\\\/9-8.jpg\",\"width\":1401,\"height\":735},{\"@type\":\"BreadcrumbList\",\"@id\":\"https:\\\/\\\/telocuentavictorhugo.com\\\/index.php\\\/2026\\\/04\\\/25\\\/presidenta-de-ypfb-renuncio-a-menos-de-un-mes-en-el-cargo-la-empresa-esta-peor-de-lo-que-creiamos\\\/#breadcrumb\",\"itemListElement\":[{\"@type\":\"ListItem\",\"position\":1,\"name\":\"Portada\",\"item\":\"https:\\\/\\\/telocuentavictorhugo.com\\\/\"},{\"@type\":\"ListItem\",\"position\":2,\"name\":\"PRESIDENTA DE YPFB RENUNCI\u00d3 A MENOS DE UN MES EN EL CARGO: \u201cLA EMPRESA EST\u00c1 PEOR DE LO QUE CRE\u00cdAMOS\u201d\"}]},{\"@type\":\"WebSite\",\"@id\":\"https:\\\/\\\/telocuentavictorhugo.com\\\/#website\",\"url\":\"https:\\\/\\\/telocuentavictorhugo.com\\\/\",\"name\":\"Te lo Cuenta Victor\",\"description\":\"\",\"publisher\":{\"@id\":\"https:\\\/\\\/telocuentavictorhugo.com\\\/#organization\"},\"potentialAction\":[{\"@type\":\"SearchAction\",\"target\":{\"@type\":\"EntryPoint\",\"urlTemplate\":\"https:\\\/\\\/telocuentavictorhugo.com\\\/?s={search_term_string}\"},\"query-input\":{\"@type\":\"PropertyValueSpecification\",\"valueRequired\":true,\"valueName\":\"search_term_string\"}}],\"inLanguage\":\"es\"},{\"@type\":\"Organization\",\"@id\":\"https:\\\/\\\/telocuentavictorhugo.com\\\/#organization\",\"name\":\"Te lo Cuenta Victor\",\"url\":\"https:\\\/\\\/telocuentavictorhugo.com\\\/\",\"logo\":{\"@type\":\"ImageObject\",\"inLanguage\":\"es\",\"@id\":\"https:\\\/\\\/telocuentavictorhugo.com\\\/#\\\/schema\\\/logo\\\/image\\\/\",\"url\":\"https:\\\/\\\/telocuentavictorhugo.com\\\/wp-content\\\/uploads\\\/2023\\\/12\\\/Logo.png\",\"contentUrl\":\"https:\\\/\\\/telocuentavictorhugo.com\\\/wp-content\\\/uploads\\\/2023\\\/12\\\/Logo.png\",\"width\":1080,\"height\":176,\"caption\":\"Te lo Cuenta Victor\"},\"image\":{\"@id\":\"https:\\\/\\\/telocuentavictorhugo.com\\\/#\\\/schema\\\/logo\\\/image\\\/\"}},{\"@type\":\"Person\",\"@id\":\"https:\\\/\\\/telocuentavictorhugo.com\\\/#\\\/schema\\\/person\\\/a8307d7271ba2849b49b562ad8602f06\",\"name\":\"telocuentavictorhugo.com\",\"image\":{\"@type\":\"ImageObject\",\"inLanguage\":\"es\",\"@id\":\"https:\\\/\\\/secure.gravatar.com\\\/avatar\\\/da212e7b532df19fd2aea5daf46d8c176abfc85521e4b80ed435d7426ef63eb6?s=96&d=mm&r=g\",\"url\":\"https:\\\/\\\/secure.gravatar.com\\\/avatar\\\/da212e7b532df19fd2aea5daf46d8c176abfc85521e4b80ed435d7426ef63eb6?s=96&d=mm&r=g\",\"contentUrl\":\"https:\\\/\\\/secure.gravatar.com\\\/avatar\\\/da212e7b532df19fd2aea5daf46d8c176abfc85521e4b80ed435d7426ef63eb6?s=96&d=mm&r=g\",\"caption\":\"telocuentavictorhugo.com\"},\"sameAs\":[\"http:\\\/\\\/telocuentavictorhugo.com\"],\"url\":\"https:\\\/\\\/telocuentavictorhugo.com\\\/index.php\\\/author\\\/plustvpress-com\\\/\"}]}<\/script>\n<!-- \/ Yoast SEO plugin. -->","yoast_head_json":{"title":"PRESIDENTA DE YPFB RENUNCI\u00d3 A MENOS DE UN MES EN EL CARGO: \u201cLA EMPRESA EST\u00c1 PEOR DE LO QUE CRE\u00cdAMOS\u201d - Te lo Cuenta Victor","robots":{"index":"index","follow":"follow","max-snippet":"max-snippet:-1","max-image-preview":"max-image-preview:large","max-video-preview":"max-video-preview:-1"},"canonical":"https:\/\/telocuentavictorhugo.com\/index.php\/2026\/04\/25\/presidenta-de-ypfb-renuncio-a-menos-de-un-mes-en-el-cargo-la-empresa-esta-peor-de-lo-que-creiamos\/","og_locale":"es_ES","og_type":"article","og_title":"PRESIDENTA DE YPFB RENUNCI\u00d3 A MENOS DE UN MES EN EL CARGO: \u201cLA EMPRESA EST\u00c1 PEOR DE LO QUE CRE\u00cdAMOS\u201d - Te lo Cuenta Victor","og_description":"Claudia Cronenbold tir\u00f3 la toalla y present\u00f3 su renuncia \u201cirrevocable e inmediata\u201d a la presidencia de YPFB este mi\u00e9rcoles, a solo 23 d\u00edas de asumir, en medio del esc\u00e1ndalo por la gasolina con goma y manganeso que da\u00f1\u00f3 miles de autos. En su carta al presidente Rodrigo Paz y al ministro Mauricio Medinaceli, admiti\u00f3 que [&hellip;]","og_url":"https:\/\/telocuentavictorhugo.com\/index.php\/2026\/04\/25\/presidenta-de-ypfb-renuncio-a-menos-de-un-mes-en-el-cargo-la-empresa-esta-peor-de-lo-que-creiamos\/","og_site_name":"Te lo Cuenta Victor","article_published_time":"2026-04-25T05:30:01+00:00","article_modified_time":"2026-04-25T05:30:04+00:00","og_image":[{"width":1401,"height":735,"url":"http:\/\/telocuentavictorhugo.com\/wp-content\/uploads\/2026\/04\/9-8.jpg","type":"image\/jpeg"}],"author":"telocuentavictorhugo.com","twitter_card":"summary_large_image","twitter_misc":{"Escrito por":"telocuentavictorhugo.com","Tiempo de lectura":"1 minuto"},"schema":{"@context":"https:\/\/schema.org","@graph":[{"@type":"Article","@id":"https:\/\/telocuentavictorhugo.com\/index.php\/2026\/04\/25\/presidenta-de-ypfb-renuncio-a-menos-de-un-mes-en-el-cargo-la-empresa-esta-peor-de-lo-que-creiamos\/#article","isPartOf":{"@id":"https:\/\/telocuentavictorhugo.com\/index.php\/2026\/04\/25\/presidenta-de-ypfb-renuncio-a-menos-de-un-mes-en-el-cargo-la-empresa-esta-peor-de-lo-que-creiamos\/"},"author":{"name":"telocuentavictorhugo.com","@id":"https:\/\/telocuentavictorhugo.com\/#\/schema\/person\/a8307d7271ba2849b49b562ad8602f06"},"headline":"PRESIDENTA DE YPFB RENUNCI\u00d3 A MENOS DE UN MES EN EL CARGO: \u201cLA EMPRESA EST\u00c1 PEOR DE LO QUE CRE\u00cdAMOS\u201d","datePublished":"2026-04-25T05:30:01+00:00","dateModified":"2026-04-25T05:30:04+00:00","mainEntityOfPage":{"@id":"https:\/\/telocuentavictorhugo.com\/index.php\/2026\/04\/25\/presidenta-de-ypfb-renuncio-a-menos-de-un-mes-en-el-cargo-la-empresa-esta-peor-de-lo-que-creiamos\/"},"wordCount":188,"commentCount":0,"publisher":{"@id":"https:\/\/telocuentavictorhugo.com\/#organization"},"image":{"@id":"https:\/\/telocuentavictorhugo.com\/index.php\/2026\/04\/25\/presidenta-de-ypfb-renuncio-a-menos-de-un-mes-en-el-cargo-la-empresa-esta-peor-de-lo-que-creiamos\/#primaryimage"},"thumbnailUrl":"https:\/\/telocuentavictorhugo.com\/wp-content\/uploads\/2026\/04\/9-8.jpg","keywords":["ECONOM\u00cdA","NOTICIAS"],"articleSection":["Noticias"],"inLanguage":"es","potentialAction":[{"@type":"CommentAction","name":"Comment","target":["https:\/\/telocuentavictorhugo.com\/index.php\/2026\/04\/25\/presidenta-de-ypfb-renuncio-a-menos-de-un-mes-en-el-cargo-la-empresa-esta-peor-de-lo-que-creiamos\/#respond"]}]},{"@type":"WebPage","@id":"https:\/\/telocuentavictorhugo.com\/index.php\/2026\/04\/25\/presidenta-de-ypfb-renuncio-a-menos-de-un-mes-en-el-cargo-la-empresa-esta-peor-de-lo-que-creiamos\/","url":"https:\/\/telocuentavictorhugo.com\/index.php\/2026\/04\/25\/presidenta-de-ypfb-renuncio-a-menos-de-un-mes-en-el-cargo-la-empresa-esta-peor-de-lo-que-creiamos\/","name":"PRESIDENTA DE YPFB RENUNCI\u00d3 A MENOS DE UN MES EN EL CARGO: \u201cLA EMPRESA EST\u00c1 PEOR DE LO QUE CRE\u00cdAMOS\u201d - Te lo Cuenta Victor","isPartOf":{"@id":"https:\/\/telocuentavictorhugo.com\/#website"},"primaryImageOfPage":{"@id":"https:\/\/telocuentavictorhugo.com\/index.php\/2026\/04\/25\/presidenta-de-ypfb-renuncio-a-menos-de-un-mes-en-el-cargo-la-empresa-esta-peor-de-lo-que-creiamos\/#primaryimage"},"image":{"@id":"https:\/\/telocuentavictorhugo.com\/index.php\/2026\/04\/25\/presidenta-de-ypfb-renuncio-a-menos-de-un-mes-en-el-cargo-la-empresa-esta-peor-de-lo-que-creiamos\/#primaryimage"},"thumbnailUrl":"https:\/\/telocuentavictorhugo.com\/wp-content\/uploads\/2026\/04\/9-8.jpg","datePublished":"2026-04-25T05:30:01+00:00","dateModified":"2026-04-25T05:30:04+00:00","breadcrumb":{"@id":"https:\/\/telocuentavictorhugo.com\/index.php\/2026\/04\/25\/presidenta-de-ypfb-renuncio-a-menos-de-un-mes-en-el-cargo-la-empresa-esta-peor-de-lo-que-creiamos\/#breadcrumb"},"inLanguage":"es","potentialAction":[{"@type":"ReadAction","target":["https:\/\/telocuentavictorhugo.com\/index.php\/2026\/04\/25\/presidenta-de-ypfb-renuncio-a-menos-de-un-mes-en-el-cargo-la-empresa-esta-peor-de-lo-que-creiamos\/"]}]},{"@type":"ImageObject","inLanguage":"es","@id":"https:\/\/telocuentavictorhugo.com\/index.php\/2026\/04\/25\/presidenta-de-ypfb-renuncio-a-menos-de-un-mes-en-el-cargo-la-empresa-esta-peor-de-lo-que-creiamos\/#primaryimage","url":"https:\/\/telocuentavictorhugo.com\/wp-content\/uploads\/2026\/04\/9-8.jpg","contentUrl":"https:\/\/telocuentavictorhugo.com\/wp-content\/uploads\/2026\/04\/9-8.jpg","width":1401,"height":735},{"@type":"BreadcrumbList","@id":"https:\/\/telocuentavictorhugo.com\/index.php\/2026\/04\/25\/presidenta-de-ypfb-renuncio-a-menos-de-un-mes-en-el-cargo-la-empresa-esta-peor-de-lo-que-creiamos\/#breadcrumb","itemListElement":[{"@type":"ListItem","position":1,"name":"Portada","item":"https:\/\/telocuentavictorhugo.com\/"},{"@type":"ListItem","position":2,"name":"PRESIDENTA DE YPFB RENUNCI\u00d3 A MENOS DE UN MES EN EL CARGO: \u201cLA EMPRESA EST\u00c1 PEOR DE LO QUE CRE\u00cdAMOS\u201d"}]},{"@type":"WebSite","@id":"https:\/\/telocuentavictorhugo.com\/#website","url":"https:\/\/telocuentavictorhugo.com\/","name":"Te lo Cuenta Victor","description":"","publisher":{"@id":"https:\/\/telocuentavictorhugo.com\/#organization"},"potentialAction":[{"@type":"SearchAction","target":{"@type":"EntryPoint","urlTemplate":"https:\/\/telocuentavictorhugo.com\/?s={search_term_string}"},"query-input":{"@type":"PropertyValueSpecification","valueRequired":true,"valueName":"search_term_string"}}],"inLanguage":"es"},{"@type":"Organization","@id":"https:\/\/telocuentavictorhugo.com\/#organization","name":"Te lo Cuenta Victor","url":"https:\/\/telocuentavictorhugo.com\/","logo":{"@type":"ImageObject","inLanguage":"es","@id":"https:\/\/telocuentavictorhugo.com\/#\/schema\/logo\/image\/","url":"https:\/\/telocuentavictorhugo.com\/wp-content\/uploads\/2023\/12\/Logo.png","contentUrl":"https:\/\/telocuentavictorhugo.com\/wp-content\/uploads\/2023\/12\/Logo.png","width":1080,"height":176,"caption":"Te lo Cuenta Victor"},"image":{"@id":"https:\/\/telocuentavictorhugo.com\/#\/schema\/logo\/image\/"}},{"@type":"Person","@id":"https:\/\/telocuentavictorhugo.com\/#\/schema\/person\/a8307d7271ba2849b49b562ad8602f06","name":"telocuentavictorhugo.com","image":{"@type":"ImageObject","inLanguage":"es","@id":"https:\/\/secure.gravatar.com\/avatar\/da212e7b532df19fd2aea5daf46d8c176abfc85521e4b80ed435d7426ef63eb6?s=96&d=mm&r=g","url":"https:\/\/secure.gravatar.com\/avatar\/da212e7b532df19fd2aea5daf46d8c176abfc85521e4b80ed435d7426ef63eb6?s=96&d=mm&r=g","contentUrl":"https:\/\/secure.gravatar.com\/avatar\/da212e7b532df19fd2aea5daf46d8c176abfc85521e4b80ed435d7426ef63eb6?s=96&d=mm&r=g","caption":"telocuentavictorhugo.com"},"sameAs":["http:\/\/telocuentavictorhugo.com"],"url":"https:\/\/telocuentavictorhugo.com\/index.php\/author\/plustvpress-com\/"}]}},"_links":{"self":[{"href":"https:\/\/telocuentavictorhugo.com\/index.php\/wp-json\/wp\/v2\/posts\/15175","targetHints":{"allow":["GET"]}}],"collection":[{"href":"https:\/\/telocuentavictorhugo.com\/index.php\/wp-json\/wp\/v2\/posts"}],"about":[{"href":"https:\/\/telocuentavictorhugo.com\/index.php\/wp-json\/wp\/v2\/types\/post"}],"author":[{"embeddable":true,"href":"https:\/\/telocuentavictorhugo.com\/index.php\/wp-json\/wp\/v2\/users\/1"}],"replies":[{"embeddable":true,"href":"https:\/\/telocuentavictorhugo.com\/index.php\/wp-json\/wp\/v2\/comments?post=15175"}],"version-history":[{"count":1,"href":"https:\/\/telocuentavictorhugo.com\/index.php\/wp-json\/wp\/v2\/posts\/15175\/revisions"}],"predecessor-version":[{"id":15248,"href":"https:\/\/telocuentavictorhugo.com\/index.php\/wp-json\/wp\/v2\/posts\/15175\/revisions\/15248"}],"wp:featuredmedia":[{"embeddable":true,"href":"https:\/\/telocuentavictorhugo.com\/index.php\/wp-json\/wp\/v2\/media\/15211"}],"wp:attachment":[{"href":"https:\/\/telocuentavictorhugo.com\/index.php\/wp-json\/wp\/v2\/media?parent=15175"}],"wp:term":[{"taxonomy":"category","embeddable":true,"href":"https:\/\/telocuentavictorhugo.com\/index.php\/wp-json\/wp\/v2\/categories?post=15175"},{"taxonomy":"post_tag","embeddable":true,"href":"https:\/\/telocuentavictorhugo.com\/index.php\/wp-json\/wp\/v2\/tags?post=15175"}],"curies":[{"name":"wp","href":"https:\/\/api.w.org\/{rel}","templated":true}]}}