{"id":15174,"date":"2026-04-25T01:29:58","date_gmt":"2026-04-25T05:29:58","guid":{"rendered":"https:\/\/telocuentavictorhugo.com\/?p=15174"},"modified":"2026-04-25T01:30:02","modified_gmt":"2026-04-25T05:30:02","slug":"diputada-bilbao-respalda-proyecto-de-rodrigo-paz-exige-reestructuracion-en-ypfb","status":"publish","type":"post","link":"https:\/\/telocuentavictorhugo.com\/index.php\/2026\/04\/25\/diputada-bilbao-respalda-proyecto-de-rodrigo-paz-exige-reestructuracion-en-ypfb\/","title":{"rendered":"DIPUTADA BILBAO RESPALDA PROYECTO DE RODRIGO PAZ, EXIGE REESTRUCTURACI\u00d3N EN YPFB"},"content":{"rendered":"\n<p>CLAUDIA BILBAO RESPALDA PROYECTO DE RODRIGO PAZ, EXIGE REESTRUCTURACI\u00d3N EN YPFB Y ASEGURA QUE LOS DIPUTADOS YA NO SON \u00abFLOREROS\u00bb La diputada del PDC, Claudia Bilbao, manifest\u00f3 su respaldo al proyecto del presidente Rodrigo Paz, destacando que el pa\u00eds inicia una etapa de reactivaci\u00f3n econ\u00f3mica pese a la reducci\u00f3n del presupuesto estatal. Por otra parte, Bilbao ponder\u00f3 la labor del Ministro de Gobierno en la captura de Sebasti\u00e1n Marset, contrast\u00e1ndola con tres a\u00f1os de supuesto encubrimiento en la gesti\u00f3n anterior; no obstante, exigi\u00f3 una \u00abreestructuraci\u00f3n\u00bb profunda en YPFB para purgar a funcionarios del antiguo gobierno y garantizar la exploraci\u00f3n e inversi\u00f3n. Asimismo, la legisladora defendi\u00f3 el rol fiscalizador de la actual Asamblea, asegurando que los diputados \u00abya no son floreros\u00bb y que se mantienen contratos de combustible heredados \u00fanicamente para evitar el desabastecimiento cr\u00edtico.<\/p>\n\n\n\n<figure class=\"wp-block-embed is-type-video is-provider-youtube wp-block-embed-youtube wp-embed-aspect-16-9 wp-has-aspect-ratio\"><div class=\"wp-block-embed__wrapper\">\n<iframe title=\"DIPUTADA BILBAO RESPALDA PROYECTO DE RODRIGO PAZ, EXIGE REESTRUCTURACI\u00d3N EN YPFB \" width=\"800\" height=\"450\" src=\"https:\/\/www.youtube.com\/embed\/2tp4uYpOPQc?feature=oembed\" frameborder=\"0\" allow=\"accelerometer; autoplay; clipboard-write; encrypted-media; gyroscope; picture-in-picture; web-share\" referrerpolicy=\"strict-origin-when-cross-origin\" allowfullscreen><\/iframe>\n<\/div><\/figure>\n","protected":false},"excerpt":{"rendered":"<p>CLAUDIA BILBAO RESPALDA PROYECTO DE RODRIGO PAZ, EXIGE REESTRUCTURACI\u00d3N EN YPFB Y ASEGURA QUE LOS DIPUTADOS YA NO SON \u00abFLOREROS\u00bb La diputada del PDC, Claudia Bilbao, manifest\u00f3 su respaldo al proyecto del presidente Rodrigo Paz, destacando que el pa\u00eds inicia una etapa de reactivaci\u00f3n econ\u00f3mica pese a la reducci\u00f3n del presupuesto estatal. Por otra parte, [&hellip;]<\/p>\n","protected":false},"author":1,"featured_media":15210,"comment_status":"open","ping_status":"open","sticky":false,"template":"","format":"standard","meta":{"_eb_attr":"","footnotes":""},"categories":[1],"tags":[113,114],"class_list":["post-15174","post","type-post","status-publish","format-standard","has-post-thumbnail","hentry","category-noticias","tag-noticias","tag-politica"],"yoast_head":"<!-- This site is optimized with the Yoast SEO plugin v27.4 - https:\/\/yoast.com\/product\/yoast-seo-wordpress\/ -->\n<title>DIPUTADA BILBAO RESPALDA PROYECTO DE RODRIGO PAZ, EXIGE REESTRUCTURACI\u00d3N EN YPFB - Te lo Cuenta Victor<\/title>\n<meta name=\"robots\" content=\"index, follow, max-snippet:-1, max-image-preview:large, max-video-preview:-1\" \/>\n<link rel=\"canonical\" href=\"https:\/\/telocuentavictorhugo.com\/index.php\/2026\/04\/25\/diputada-bilbao-respalda-proyecto-de-rodrigo-paz-exige-reestructuracion-en-ypfb\/\" \/>\n<meta property=\"og:locale\" content=\"es_ES\" \/>\n<meta property=\"og:type\" content=\"article\" \/>\n<meta property=\"og:title\" content=\"DIPUTADA BILBAO RESPALDA PROYECTO DE RODRIGO PAZ, EXIGE REESTRUCTURACI\u00d3N EN YPFB - Te lo Cuenta Victor\" \/>\n<meta property=\"og:description\" content=\"CLAUDIA BILBAO RESPALDA PROYECTO DE RODRIGO PAZ, EXIGE REESTRUCTURACI\u00d3N EN YPFB Y ASEGURA QUE LOS DIPUTADOS YA NO SON \u00abFLOREROS\u00bb La diputada del PDC, Claudia Bilbao, manifest\u00f3 su respaldo al proyecto del presidente Rodrigo Paz, destacando que el pa\u00eds inicia una etapa de reactivaci\u00f3n econ\u00f3mica pese a la reducci\u00f3n del presupuesto estatal. Por otra parte, [&hellip;]\" \/>\n<meta property=\"og:url\" content=\"https:\/\/telocuentavictorhugo.com\/index.php\/2026\/04\/25\/diputada-bilbao-respalda-proyecto-de-rodrigo-paz-exige-reestructuracion-en-ypfb\/\" \/>\n<meta property=\"og:site_name\" content=\"Te lo Cuenta Victor\" \/>\n<meta property=\"article:published_time\" content=\"2026-04-25T05:29:58+00:00\" \/>\n<meta property=\"article:modified_time\" content=\"2026-04-25T05:30:02+00:00\" \/>\n<meta property=\"og:image\" content=\"http:\/\/telocuentavictorhugo.com\/wp-content\/uploads\/2026\/04\/8-8.jpg\" \/>\n\t<meta property=\"og:image:width\" content=\"1408\" \/>\n\t<meta property=\"og:image:height\" content=\"786\" \/>\n\t<meta property=\"og:image:type\" content=\"image\/jpeg\" \/>\n<meta name=\"author\" content=\"telocuentavictorhugo.com\" \/>\n<meta name=\"twitter:card\" content=\"summary_large_image\" \/>\n<meta name=\"twitter:label1\" content=\"Escrito por\" \/>\n\t<meta name=\"twitter:data1\" content=\"telocuentavictorhugo.com\" \/>\n\t<meta name=\"twitter:label2\" content=\"Tiempo de lectura\" \/>\n\t<meta name=\"twitter:data2\" content=\"1 minuto\" \/>\n<script type=\"application\/ld+json\" class=\"yoast-schema-graph\">{\"@context\":\"https:\\\/\\\/schema.org\",\"@graph\":[{\"@type\":\"Article\",\"@id\":\"https:\\\/\\\/telocuentavictorhugo.com\\\/index.php\\\/2026\\\/04\\\/25\\\/diputada-bilbao-respalda-proyecto-de-rodrigo-paz-exige-reestructuracion-en-ypfb\\\/#article\",\"isPartOf\":{\"@id\":\"https:\\\/\\\/telocuentavictorhugo.com\\\/index.php\\\/2026\\\/04\\\/25\\\/diputada-bilbao-respalda-proyecto-de-rodrigo-paz-exige-reestructuracion-en-ypfb\\\/\"},\"author\":{\"name\":\"telocuentavictorhugo.com\",\"@id\":\"https:\\\/\\\/telocuentavictorhugo.com\\\/#\\\/schema\\\/person\\\/a8307d7271ba2849b49b562ad8602f06\"},\"headline\":\"DIPUTADA BILBAO RESPALDA PROYECTO DE RODRIGO PAZ, EXIGE REESTRUCTURACI\u00d3N EN YPFB\",\"datePublished\":\"2026-04-25T05:29:58+00:00\",\"dateModified\":\"2026-04-25T05:30:02+00:00\",\"mainEntityOfPage\":{\"@id\":\"https:\\\/\\\/telocuentavictorhugo.com\\\/index.php\\\/2026\\\/04\\\/25\\\/diputada-bilbao-respalda-proyecto-de-rodrigo-paz-exige-reestructuracion-en-ypfb\\\/\"},\"wordCount\":164,\"commentCount\":0,\"publisher\":{\"@id\":\"https:\\\/\\\/telocuentavictorhugo.com\\\/#organization\"},\"image\":{\"@id\":\"https:\\\/\\\/telocuentavictorhugo.com\\\/index.php\\\/2026\\\/04\\\/25\\\/diputada-bilbao-respalda-proyecto-de-rodrigo-paz-exige-reestructuracion-en-ypfb\\\/#primaryimage\"},\"thumbnailUrl\":\"https:\\\/\\\/telocuentavictorhugo.com\\\/wp-content\\\/uploads\\\/2026\\\/04\\\/8-8.jpg\",\"keywords\":[\"NOTICIAS\",\"POL\u00cdTICA\"],\"articleSection\":[\"Noticias\"],\"inLanguage\":\"es\",\"potentialAction\":[{\"@type\":\"CommentAction\",\"name\":\"Comment\",\"target\":[\"https:\\\/\\\/telocuentavictorhugo.com\\\/index.php\\\/2026\\\/04\\\/25\\\/diputada-bilbao-respalda-proyecto-de-rodrigo-paz-exige-reestructuracion-en-ypfb\\\/#respond\"]}]},{\"@type\":\"WebPage\",\"@id\":\"https:\\\/\\\/telocuentavictorhugo.com\\\/index.php\\\/2026\\\/04\\\/25\\\/diputada-bilbao-respalda-proyecto-de-rodrigo-paz-exige-reestructuracion-en-ypfb\\\/\",\"url\":\"https:\\\/\\\/telocuentavictorhugo.com\\\/index.php\\\/2026\\\/04\\\/25\\\/diputada-bilbao-respalda-proyecto-de-rodrigo-paz-exige-reestructuracion-en-ypfb\\\/\",\"name\":\"DIPUTADA BILBAO RESPALDA PROYECTO DE RODRIGO PAZ, EXIGE REESTRUCTURACI\u00d3N EN YPFB - Te lo Cuenta Victor\",\"isPartOf\":{\"@id\":\"https:\\\/\\\/telocuentavictorhugo.com\\\/#website\"},\"primaryImageOfPage\":{\"@id\":\"https:\\\/\\\/telocuentavictorhugo.com\\\/index.php\\\/2026\\\/04\\\/25\\\/diputada-bilbao-respalda-proyecto-de-rodrigo-paz-exige-reestructuracion-en-ypfb\\\/#primaryimage\"},\"image\":{\"@id\":\"https:\\\/\\\/telocuentavictorhugo.com\\\/index.php\\\/2026\\\/04\\\/25\\\/diputada-bilbao-respalda-proyecto-de-rodrigo-paz-exige-reestructuracion-en-ypfb\\\/#primaryimage\"},\"thumbnailUrl\":\"https:\\\/\\\/telocuentavictorhugo.com\\\/wp-content\\\/uploads\\\/2026\\\/04\\\/8-8.jpg\",\"datePublished\":\"2026-04-25T05:29:58+00:00\",\"dateModified\":\"2026-04-25T05:30:02+00:00\",\"breadcrumb\":{\"@id\":\"https:\\\/\\\/telocuentavictorhugo.com\\\/index.php\\\/2026\\\/04\\\/25\\\/diputada-bilbao-respalda-proyecto-de-rodrigo-paz-exige-reestructuracion-en-ypfb\\\/#breadcrumb\"},\"inLanguage\":\"es\",\"potentialAction\":[{\"@type\":\"ReadAction\",\"target\":[\"https:\\\/\\\/telocuentavictorhugo.com\\\/index.php\\\/2026\\\/04\\\/25\\\/diputada-bilbao-respalda-proyecto-de-rodrigo-paz-exige-reestructuracion-en-ypfb\\\/\"]}]},{\"@type\":\"ImageObject\",\"inLanguage\":\"es\",\"@id\":\"https:\\\/\\\/telocuentavictorhugo.com\\\/index.php\\\/2026\\\/04\\\/25\\\/diputada-bilbao-respalda-proyecto-de-rodrigo-paz-exige-reestructuracion-en-ypfb\\\/#primaryimage\",\"url\":\"https:\\\/\\\/telocuentavictorhugo.com\\\/wp-content\\\/uploads\\\/2026\\\/04\\\/8-8.jpg\",\"contentUrl\":\"https:\\\/\\\/telocuentavictorhugo.com\\\/wp-content\\\/uploads\\\/2026\\\/04\\\/8-8.jpg\",\"width\":1408,\"height\":786},{\"@type\":\"BreadcrumbList\",\"@id\":\"https:\\\/\\\/telocuentavictorhugo.com\\\/index.php\\\/2026\\\/04\\\/25\\\/diputada-bilbao-respalda-proyecto-de-rodrigo-paz-exige-reestructuracion-en-ypfb\\\/#breadcrumb\",\"itemListElement\":[{\"@type\":\"ListItem\",\"position\":1,\"name\":\"Portada\",\"item\":\"https:\\\/\\\/telocuentavictorhugo.com\\\/\"},{\"@type\":\"ListItem\",\"position\":2,\"name\":\"DIPUTADA BILBAO RESPALDA PROYECTO DE RODRIGO PAZ, EXIGE REESTRUCTURACI\u00d3N EN YPFB\"}]},{\"@type\":\"WebSite\",\"@id\":\"https:\\\/\\\/telocuentavictorhugo.com\\\/#website\",\"url\":\"https:\\\/\\\/telocuentavictorhugo.com\\\/\",\"name\":\"Te lo Cuenta Victor\",\"description\":\"\",\"publisher\":{\"@id\":\"https:\\\/\\\/telocuentavictorhugo.com\\\/#organization\"},\"potentialAction\":[{\"@type\":\"SearchAction\",\"target\":{\"@type\":\"EntryPoint\",\"urlTemplate\":\"https:\\\/\\\/telocuentavictorhugo.com\\\/?s={search_term_string}\"},\"query-input\":{\"@type\":\"PropertyValueSpecification\",\"valueRequired\":true,\"valueName\":\"search_term_string\"}}],\"inLanguage\":\"es\"},{\"@type\":\"Organization\",\"@id\":\"https:\\\/\\\/telocuentavictorhugo.com\\\/#organization\",\"name\":\"Te lo Cuenta Victor\",\"url\":\"https:\\\/\\\/telocuentavictorhugo.com\\\/\",\"logo\":{\"@type\":\"ImageObject\",\"inLanguage\":\"es\",\"@id\":\"https:\\\/\\\/telocuentavictorhugo.com\\\/#\\\/schema\\\/logo\\\/image\\\/\",\"url\":\"https:\\\/\\\/telocuentavictorhugo.com\\\/wp-content\\\/uploads\\\/2023\\\/12\\\/Logo.png\",\"contentUrl\":\"https:\\\/\\\/telocuentavictorhugo.com\\\/wp-content\\\/uploads\\\/2023\\\/12\\\/Logo.png\",\"width\":1080,\"height\":176,\"caption\":\"Te lo Cuenta Victor\"},\"image\":{\"@id\":\"https:\\\/\\\/telocuentavictorhugo.com\\\/#\\\/schema\\\/logo\\\/image\\\/\"}},{\"@type\":\"Person\",\"@id\":\"https:\\\/\\\/telocuentavictorhugo.com\\\/#\\\/schema\\\/person\\\/a8307d7271ba2849b49b562ad8602f06\",\"name\":\"telocuentavictorhugo.com\",\"image\":{\"@type\":\"ImageObject\",\"inLanguage\":\"es\",\"@id\":\"https:\\\/\\\/secure.gravatar.com\\\/avatar\\\/da212e7b532df19fd2aea5daf46d8c176abfc85521e4b80ed435d7426ef63eb6?s=96&d=mm&r=g\",\"url\":\"https:\\\/\\\/secure.gravatar.com\\\/avatar\\\/da212e7b532df19fd2aea5daf46d8c176abfc85521e4b80ed435d7426ef63eb6?s=96&d=mm&r=g\",\"contentUrl\":\"https:\\\/\\\/secure.gravatar.com\\\/avatar\\\/da212e7b532df19fd2aea5daf46d8c176abfc85521e4b80ed435d7426ef63eb6?s=96&d=mm&r=g\",\"caption\":\"telocuentavictorhugo.com\"},\"sameAs\":[\"http:\\\/\\\/telocuentavictorhugo.com\"],\"url\":\"https:\\\/\\\/telocuentavictorhugo.com\\\/index.php\\\/author\\\/plustvpress-com\\\/\"}]}<\/script>\n<!-- \/ Yoast SEO plugin. -->","yoast_head_json":{"title":"DIPUTADA BILBAO RESPALDA PROYECTO DE RODRIGO PAZ, EXIGE REESTRUCTURACI\u00d3N EN YPFB - Te lo Cuenta Victor","robots":{"index":"index","follow":"follow","max-snippet":"max-snippet:-1","max-image-preview":"max-image-preview:large","max-video-preview":"max-video-preview:-1"},"canonical":"https:\/\/telocuentavictorhugo.com\/index.php\/2026\/04\/25\/diputada-bilbao-respalda-proyecto-de-rodrigo-paz-exige-reestructuracion-en-ypfb\/","og_locale":"es_ES","og_type":"article","og_title":"DIPUTADA BILBAO RESPALDA PROYECTO DE RODRIGO PAZ, EXIGE REESTRUCTURACI\u00d3N EN YPFB - Te lo Cuenta Victor","og_description":"CLAUDIA BILBAO RESPALDA PROYECTO DE RODRIGO PAZ, EXIGE REESTRUCTURACI\u00d3N EN YPFB Y ASEGURA QUE LOS DIPUTADOS YA NO SON \u00abFLOREROS\u00bb La diputada del PDC, Claudia Bilbao, manifest\u00f3 su respaldo al proyecto del presidente Rodrigo Paz, destacando que el pa\u00eds inicia una etapa de reactivaci\u00f3n econ\u00f3mica pese a la reducci\u00f3n del presupuesto estatal. Por otra parte, [&hellip;]","og_url":"https:\/\/telocuentavictorhugo.com\/index.php\/2026\/04\/25\/diputada-bilbao-respalda-proyecto-de-rodrigo-paz-exige-reestructuracion-en-ypfb\/","og_site_name":"Te lo Cuenta Victor","article_published_time":"2026-04-25T05:29:58+00:00","article_modified_time":"2026-04-25T05:30:02+00:00","og_image":[{"width":1408,"height":786,"url":"http:\/\/telocuentavictorhugo.com\/wp-content\/uploads\/2026\/04\/8-8.jpg","type":"image\/jpeg"}],"author":"telocuentavictorhugo.com","twitter_card":"summary_large_image","twitter_misc":{"Escrito por":"telocuentavictorhugo.com","Tiempo de lectura":"1 minuto"},"schema":{"@context":"https:\/\/schema.org","@graph":[{"@type":"Article","@id":"https:\/\/telocuentavictorhugo.com\/index.php\/2026\/04\/25\/diputada-bilbao-respalda-proyecto-de-rodrigo-paz-exige-reestructuracion-en-ypfb\/#article","isPartOf":{"@id":"https:\/\/telocuentavictorhugo.com\/index.php\/2026\/04\/25\/diputada-bilbao-respalda-proyecto-de-rodrigo-paz-exige-reestructuracion-en-ypfb\/"},"author":{"name":"telocuentavictorhugo.com","@id":"https:\/\/telocuentavictorhugo.com\/#\/schema\/person\/a8307d7271ba2849b49b562ad8602f06"},"headline":"DIPUTADA BILBAO RESPALDA PROYECTO DE RODRIGO PAZ, EXIGE REESTRUCTURACI\u00d3N EN YPFB","datePublished":"2026-04-25T05:29:58+00:00","dateModified":"2026-04-25T05:30:02+00:00","mainEntityOfPage":{"@id":"https:\/\/telocuentavictorhugo.com\/index.php\/2026\/04\/25\/diputada-bilbao-respalda-proyecto-de-rodrigo-paz-exige-reestructuracion-en-ypfb\/"},"wordCount":164,"commentCount":0,"publisher":{"@id":"https:\/\/telocuentavictorhugo.com\/#organization"},"image":{"@id":"https:\/\/telocuentavictorhugo.com\/index.php\/2026\/04\/25\/diputada-bilbao-respalda-proyecto-de-rodrigo-paz-exige-reestructuracion-en-ypfb\/#primaryimage"},"thumbnailUrl":"https:\/\/telocuentavictorhugo.com\/wp-content\/uploads\/2026\/04\/8-8.jpg","keywords":["NOTICIAS","POL\u00cdTICA"],"articleSection":["Noticias"],"inLanguage":"es","potentialAction":[{"@type":"CommentAction","name":"Comment","target":["https:\/\/telocuentavictorhugo.com\/index.php\/2026\/04\/25\/diputada-bilbao-respalda-proyecto-de-rodrigo-paz-exige-reestructuracion-en-ypfb\/#respond"]}]},{"@type":"WebPage","@id":"https:\/\/telocuentavictorhugo.com\/index.php\/2026\/04\/25\/diputada-bilbao-respalda-proyecto-de-rodrigo-paz-exige-reestructuracion-en-ypfb\/","url":"https:\/\/telocuentavictorhugo.com\/index.php\/2026\/04\/25\/diputada-bilbao-respalda-proyecto-de-rodrigo-paz-exige-reestructuracion-en-ypfb\/","name":"DIPUTADA BILBAO RESPALDA PROYECTO DE RODRIGO PAZ, EXIGE REESTRUCTURACI\u00d3N EN YPFB - Te lo Cuenta Victor","isPartOf":{"@id":"https:\/\/telocuentavictorhugo.com\/#website"},"primaryImageOfPage":{"@id":"https:\/\/telocuentavictorhugo.com\/index.php\/2026\/04\/25\/diputada-bilbao-respalda-proyecto-de-rodrigo-paz-exige-reestructuracion-en-ypfb\/#primaryimage"},"image":{"@id":"https:\/\/telocuentavictorhugo.com\/index.php\/2026\/04\/25\/diputada-bilbao-respalda-proyecto-de-rodrigo-paz-exige-reestructuracion-en-ypfb\/#primaryimage"},"thumbnailUrl":"https:\/\/telocuentavictorhugo.com\/wp-content\/uploads\/2026\/04\/8-8.jpg","datePublished":"2026-04-25T05:29:58+00:00","dateModified":"2026-04-25T05:30:02+00:00","breadcrumb":{"@id":"https:\/\/telocuentavictorhugo.com\/index.php\/2026\/04\/25\/diputada-bilbao-respalda-proyecto-de-rodrigo-paz-exige-reestructuracion-en-ypfb\/#breadcrumb"},"inLanguage":"es","potentialAction":[{"@type":"ReadAction","target":["https:\/\/telocuentavictorhugo.com\/index.php\/2026\/04\/25\/diputada-bilbao-respalda-proyecto-de-rodrigo-paz-exige-reestructuracion-en-ypfb\/"]}]},{"@type":"ImageObject","inLanguage":"es","@id":"https:\/\/telocuentavictorhugo.com\/index.php\/2026\/04\/25\/diputada-bilbao-respalda-proyecto-de-rodrigo-paz-exige-reestructuracion-en-ypfb\/#primaryimage","url":"https:\/\/telocuentavictorhugo.com\/wp-content\/uploads\/2026\/04\/8-8.jpg","contentUrl":"https:\/\/telocuentavictorhugo.com\/wp-content\/uploads\/2026\/04\/8-8.jpg","width":1408,"height":786},{"@type":"BreadcrumbList","@id":"https:\/\/telocuentavictorhugo.com\/index.php\/2026\/04\/25\/diputada-bilbao-respalda-proyecto-de-rodrigo-paz-exige-reestructuracion-en-ypfb\/#breadcrumb","itemListElement":[{"@type":"ListItem","position":1,"name":"Portada","item":"https:\/\/telocuentavictorhugo.com\/"},{"@type":"ListItem","position":2,"name":"DIPUTADA BILBAO RESPALDA PROYECTO DE RODRIGO PAZ, EXIGE REESTRUCTURACI\u00d3N EN YPFB"}]},{"@type":"WebSite","@id":"https:\/\/telocuentavictorhugo.com\/#website","url":"https:\/\/telocuentavictorhugo.com\/","name":"Te lo Cuenta Victor","description":"","publisher":{"@id":"https:\/\/telocuentavictorhugo.com\/#organization"},"potentialAction":[{"@type":"SearchAction","target":{"@type":"EntryPoint","urlTemplate":"https:\/\/telocuentavictorhugo.com\/?s={search_term_string}"},"query-input":{"@type":"PropertyValueSpecification","valueRequired":true,"valueName":"search_term_string"}}],"inLanguage":"es"},{"@type":"Organization","@id":"https:\/\/telocuentavictorhugo.com\/#organization","name":"Te lo Cuenta Victor","url":"https:\/\/telocuentavictorhugo.com\/","logo":{"@type":"ImageObject","inLanguage":"es","@id":"https:\/\/telocuentavictorhugo.com\/#\/schema\/logo\/image\/","url":"https:\/\/telocuentavictorhugo.com\/wp-content\/uploads\/2023\/12\/Logo.png","contentUrl":"https:\/\/telocuentavictorhugo.com\/wp-content\/uploads\/2023\/12\/Logo.png","width":1080,"height":176,"caption":"Te lo Cuenta Victor"},"image":{"@id":"https:\/\/telocuentavictorhugo.com\/#\/schema\/logo\/image\/"}},{"@type":"Person","@id":"https:\/\/telocuentavictorhugo.com\/#\/schema\/person\/a8307d7271ba2849b49b562ad8602f06","name":"telocuentavictorhugo.com","image":{"@type":"ImageObject","inLanguage":"es","@id":"https:\/\/secure.gravatar.com\/avatar\/da212e7b532df19fd2aea5daf46d8c176abfc85521e4b80ed435d7426ef63eb6?s=96&d=mm&r=g","url":"https:\/\/secure.gravatar.com\/avatar\/da212e7b532df19fd2aea5daf46d8c176abfc85521e4b80ed435d7426ef63eb6?s=96&d=mm&r=g","contentUrl":"https:\/\/secure.gravatar.com\/avatar\/da212e7b532df19fd2aea5daf46d8c176abfc85521e4b80ed435d7426ef63eb6?s=96&d=mm&r=g","caption":"telocuentavictorhugo.com"},"sameAs":["http:\/\/telocuentavictorhugo.com"],"url":"https:\/\/telocuentavictorhugo.com\/index.php\/author\/plustvpress-com\/"}]}},"_links":{"self":[{"href":"https:\/\/telocuentavictorhugo.com\/index.php\/wp-json\/wp\/v2\/posts\/15174","targetHints":{"allow":["GET"]}}],"collection":[{"href":"https:\/\/telocuentavictorhugo.com\/index.php\/wp-json\/wp\/v2\/posts"}],"about":[{"href":"https:\/\/telocuentavictorhugo.com\/index.php\/wp-json\/wp\/v2\/types\/post"}],"author":[{"embeddable":true,"href":"https:\/\/telocuentavictorhugo.com\/index.php\/wp-json\/wp\/v2\/users\/1"}],"replies":[{"embeddable":true,"href":"https:\/\/telocuentavictorhugo.com\/index.php\/wp-json\/wp\/v2\/comments?post=15174"}],"version-history":[{"count":1,"href":"https:\/\/telocuentavictorhugo.com\/index.php\/wp-json\/wp\/v2\/posts\/15174\/revisions"}],"predecessor-version":[{"id":15247,"href":"https:\/\/telocuentavictorhugo.com\/index.php\/wp-json\/wp\/v2\/posts\/15174\/revisions\/15247"}],"wp:featuredmedia":[{"embeddable":true,"href":"https:\/\/telocuentavictorhugo.com\/index.php\/wp-json\/wp\/v2\/media\/15210"}],"wp:attachment":[{"href":"https:\/\/telocuentavictorhugo.com\/index.php\/wp-json\/wp\/v2\/media?parent=15174"}],"wp:term":[{"taxonomy":"category","embeddable":true,"href":"https:\/\/telocuentavictorhugo.com\/index.php\/wp-json\/wp\/v2\/categories?post=15174"},{"taxonomy":"post_tag","embeddable":true,"href":"https:\/\/telocuentavictorhugo.com\/index.php\/wp-json\/wp\/v2\/tags?post=15174"}],"curies":[{"name":"wp","href":"https:\/\/api.w.org\/{rel}","templated":true}]}}