{"id":15171,"date":"2026-04-25T01:29:52","date_gmt":"2026-04-25T05:29:52","guid":{"rendered":"https:\/\/telocuentavictorhugo.com\/?p=15171"},"modified":"2026-04-25T01:29:54","modified_gmt":"2026-04-25T05:29:54","slug":"fiscalia-pide-10-anos-de-carcel-para-exministro-siles-por-armar-consorcios","status":"publish","type":"post","link":"https:\/\/telocuentavictorhugo.com\/index.php\/2026\/04\/25\/fiscalia-pide-10-anos-de-carcel-para-exministro-siles-por-armar-consorcios\/","title":{"rendered":"FISCAL\u00cdA PIDE 10 A\u00d1OS DE C\u00c1RCEL PARA EXMINISTRO SILES POR ARMAR CONSORCIOS"},"content":{"rendered":"\n<p>La Fiscal\u00eda de La Paz present\u00f3 acusaci\u00f3n formal contra el exministro de Justicia, C\u00e9sar Siles, exvocales Yv\u00e1n C\u00f3rdova, Claudia Castro, el magistrado suplente Iv\u00e1n Campero y otros implicados por tr\u00e1fico de influencias, consorcio judicial y organizaci\u00f3n criminal. El fiscal Miguel Cardozo solicit\u00f3 la pena m\u00e1xima de 10 a\u00f1os de c\u00e1rcel, tras peritar el audio clave donde Siles ofrece garant\u00edas al juez de Coroico, Fernando Lea Plaza, para destituir a la magistrada del TSJ, Fanny Coaquira. El caso estall\u00f3 en 2025 al descubrirse el plan para sacar a Coaquira mediante una acci\u00f3n de cumplimiento y que asuma Campero. Meses despu\u00e9s, el juez Lea Plaza se quit\u00f3 la vida. Siles y C\u00f3rdova intentaron un acuerdo confidencial de reparaci\u00f3n con la magistrada, pero fue rechazado por falta de firma de la v\u00edctima. De los acusados, solo la exvocal Castro est\u00e1 en Obrajes; Antonio Amelunge sigue pr\u00f3fugo.<\/p>\n\n\n\n<figure class=\"wp-block-embed is-type-video is-provider-youtube wp-block-embed-youtube wp-embed-aspect-16-9 wp-has-aspect-ratio\"><div class=\"wp-block-embed__wrapper\">\n<iframe title=\"FISCAL\u00cdA PIDE 10 A\u00d1OS DE C\u00c1RCEL PARA EXMINISTRO SILES POR ARMAR CONSORCIOS\" width=\"800\" height=\"450\" src=\"https:\/\/www.youtube.com\/embed\/stSkf2LTj9g?feature=oembed\" frameborder=\"0\" allow=\"accelerometer; autoplay; clipboard-write; encrypted-media; gyroscope; picture-in-picture; web-share\" referrerpolicy=\"strict-origin-when-cross-origin\" allowfullscreen><\/iframe>\n<\/div><\/figure>\n","protected":false},"excerpt":{"rendered":"<p>La Fiscal\u00eda de La Paz present\u00f3 acusaci\u00f3n formal contra el exministro de Justicia, C\u00e9sar Siles, exvocales Yv\u00e1n C\u00f3rdova, Claudia Castro, el magistrado suplente Iv\u00e1n Campero y otros implicados por tr\u00e1fico de influencias, consorcio judicial y organizaci\u00f3n criminal. El fiscal Miguel Cardozo solicit\u00f3 la pena m\u00e1xima de 10 a\u00f1os de c\u00e1rcel, tras peritar el audio clave [&hellip;]<\/p>\n","protected":false},"author":1,"featured_media":15207,"comment_status":"open","ping_status":"open","sticky":false,"template":"","format":"standard","meta":{"_eb_attr":"","footnotes":""},"categories":[1],"tags":[113,114],"class_list":["post-15171","post","type-post","status-publish","format-standard","has-post-thumbnail","hentry","category-noticias","tag-noticias","tag-politica"],"yoast_head":"<!-- This site is optimized with the Yoast SEO plugin v27.4 - https:\/\/yoast.com\/product\/yoast-seo-wordpress\/ -->\n<title>FISCAL\u00cdA PIDE 10 A\u00d1OS DE C\u00c1RCEL PARA EXMINISTRO SILES POR ARMAR CONSORCIOS - Te lo Cuenta Victor<\/title>\n<meta name=\"robots\" content=\"index, follow, max-snippet:-1, max-image-preview:large, max-video-preview:-1\" \/>\n<link rel=\"canonical\" href=\"https:\/\/telocuentavictorhugo.com\/index.php\/2026\/04\/25\/fiscalia-pide-10-anos-de-carcel-para-exministro-siles-por-armar-consorcios\/\" \/>\n<meta property=\"og:locale\" content=\"es_ES\" \/>\n<meta property=\"og:type\" content=\"article\" \/>\n<meta property=\"og:title\" content=\"FISCAL\u00cdA PIDE 10 A\u00d1OS DE C\u00c1RCEL PARA EXMINISTRO SILES POR ARMAR CONSORCIOS - Te lo Cuenta Victor\" \/>\n<meta property=\"og:description\" content=\"La Fiscal\u00eda de La Paz present\u00f3 acusaci\u00f3n formal contra el exministro de Justicia, C\u00e9sar Siles, exvocales Yv\u00e1n C\u00f3rdova, Claudia Castro, el magistrado suplente Iv\u00e1n Campero y otros implicados por tr\u00e1fico de influencias, consorcio judicial y organizaci\u00f3n criminal. El fiscal Miguel Cardozo solicit\u00f3 la pena m\u00e1xima de 10 a\u00f1os de c\u00e1rcel, tras peritar el audio clave [&hellip;]\" \/>\n<meta property=\"og:url\" content=\"https:\/\/telocuentavictorhugo.com\/index.php\/2026\/04\/25\/fiscalia-pide-10-anos-de-carcel-para-exministro-siles-por-armar-consorcios\/\" \/>\n<meta property=\"og:site_name\" content=\"Te lo Cuenta Victor\" \/>\n<meta property=\"article:published_time\" content=\"2026-04-25T05:29:52+00:00\" \/>\n<meta property=\"article:modified_time\" content=\"2026-04-25T05:29:54+00:00\" \/>\n<meta property=\"og:image\" content=\"http:\/\/telocuentavictorhugo.com\/wp-content\/uploads\/2026\/04\/5-9.jpg\" \/>\n\t<meta property=\"og:image:width\" content=\"1401\" \/>\n\t<meta property=\"og:image:height\" content=\"783\" \/>\n\t<meta property=\"og:image:type\" content=\"image\/jpeg\" \/>\n<meta name=\"author\" content=\"telocuentavictorhugo.com\" \/>\n<meta name=\"twitter:card\" content=\"summary_large_image\" \/>\n<meta name=\"twitter:label1\" content=\"Escrito por\" \/>\n\t<meta name=\"twitter:data1\" content=\"telocuentavictorhugo.com\" \/>\n\t<meta name=\"twitter:label2\" content=\"Tiempo de lectura\" \/>\n\t<meta name=\"twitter:data2\" content=\"1 minuto\" \/>\n<script type=\"application\/ld+json\" class=\"yoast-schema-graph\">{\"@context\":\"https:\\\/\\\/schema.org\",\"@graph\":[{\"@type\":\"Article\",\"@id\":\"https:\\\/\\\/telocuentavictorhugo.com\\\/index.php\\\/2026\\\/04\\\/25\\\/fiscalia-pide-10-anos-de-carcel-para-exministro-siles-por-armar-consorcios\\\/#article\",\"isPartOf\":{\"@id\":\"https:\\\/\\\/telocuentavictorhugo.com\\\/index.php\\\/2026\\\/04\\\/25\\\/fiscalia-pide-10-anos-de-carcel-para-exministro-siles-por-armar-consorcios\\\/\"},\"author\":{\"name\":\"telocuentavictorhugo.com\",\"@id\":\"https:\\\/\\\/telocuentavictorhugo.com\\\/#\\\/schema\\\/person\\\/a8307d7271ba2849b49b562ad8602f06\"},\"headline\":\"FISCAL\u00cdA PIDE 10 A\u00d1OS DE C\u00c1RCEL PARA EXMINISTRO SILES POR ARMAR CONSORCIOS\",\"datePublished\":\"2026-04-25T05:29:52+00:00\",\"dateModified\":\"2026-04-25T05:29:54+00:00\",\"mainEntityOfPage\":{\"@id\":\"https:\\\/\\\/telocuentavictorhugo.com\\\/index.php\\\/2026\\\/04\\\/25\\\/fiscalia-pide-10-anos-de-carcel-para-exministro-siles-por-armar-consorcios\\\/\"},\"wordCount\":179,\"commentCount\":0,\"publisher\":{\"@id\":\"https:\\\/\\\/telocuentavictorhugo.com\\\/#organization\"},\"image\":{\"@id\":\"https:\\\/\\\/telocuentavictorhugo.com\\\/index.php\\\/2026\\\/04\\\/25\\\/fiscalia-pide-10-anos-de-carcel-para-exministro-siles-por-armar-consorcios\\\/#primaryimage\"},\"thumbnailUrl\":\"https:\\\/\\\/telocuentavictorhugo.com\\\/wp-content\\\/uploads\\\/2026\\\/04\\\/5-9.jpg\",\"keywords\":[\"NOTICIAS\",\"POL\u00cdTICA\"],\"articleSection\":[\"Noticias\"],\"inLanguage\":\"es\",\"potentialAction\":[{\"@type\":\"CommentAction\",\"name\":\"Comment\",\"target\":[\"https:\\\/\\\/telocuentavictorhugo.com\\\/index.php\\\/2026\\\/04\\\/25\\\/fiscalia-pide-10-anos-de-carcel-para-exministro-siles-por-armar-consorcios\\\/#respond\"]}]},{\"@type\":\"WebPage\",\"@id\":\"https:\\\/\\\/telocuentavictorhugo.com\\\/index.php\\\/2026\\\/04\\\/25\\\/fiscalia-pide-10-anos-de-carcel-para-exministro-siles-por-armar-consorcios\\\/\",\"url\":\"https:\\\/\\\/telocuentavictorhugo.com\\\/index.php\\\/2026\\\/04\\\/25\\\/fiscalia-pide-10-anos-de-carcel-para-exministro-siles-por-armar-consorcios\\\/\",\"name\":\"FISCAL\u00cdA PIDE 10 A\u00d1OS DE C\u00c1RCEL PARA EXMINISTRO SILES POR ARMAR CONSORCIOS - Te lo Cuenta Victor\",\"isPartOf\":{\"@id\":\"https:\\\/\\\/telocuentavictorhugo.com\\\/#website\"},\"primaryImageOfPage\":{\"@id\":\"https:\\\/\\\/telocuentavictorhugo.com\\\/index.php\\\/2026\\\/04\\\/25\\\/fiscalia-pide-10-anos-de-carcel-para-exministro-siles-por-armar-consorcios\\\/#primaryimage\"},\"image\":{\"@id\":\"https:\\\/\\\/telocuentavictorhugo.com\\\/index.php\\\/2026\\\/04\\\/25\\\/fiscalia-pide-10-anos-de-carcel-para-exministro-siles-por-armar-consorcios\\\/#primaryimage\"},\"thumbnailUrl\":\"https:\\\/\\\/telocuentavictorhugo.com\\\/wp-content\\\/uploads\\\/2026\\\/04\\\/5-9.jpg\",\"datePublished\":\"2026-04-25T05:29:52+00:00\",\"dateModified\":\"2026-04-25T05:29:54+00:00\",\"breadcrumb\":{\"@id\":\"https:\\\/\\\/telocuentavictorhugo.com\\\/index.php\\\/2026\\\/04\\\/25\\\/fiscalia-pide-10-anos-de-carcel-para-exministro-siles-por-armar-consorcios\\\/#breadcrumb\"},\"inLanguage\":\"es\",\"potentialAction\":[{\"@type\":\"ReadAction\",\"target\":[\"https:\\\/\\\/telocuentavictorhugo.com\\\/index.php\\\/2026\\\/04\\\/25\\\/fiscalia-pide-10-anos-de-carcel-para-exministro-siles-por-armar-consorcios\\\/\"]}]},{\"@type\":\"ImageObject\",\"inLanguage\":\"es\",\"@id\":\"https:\\\/\\\/telocuentavictorhugo.com\\\/index.php\\\/2026\\\/04\\\/25\\\/fiscalia-pide-10-anos-de-carcel-para-exministro-siles-por-armar-consorcios\\\/#primaryimage\",\"url\":\"https:\\\/\\\/telocuentavictorhugo.com\\\/wp-content\\\/uploads\\\/2026\\\/04\\\/5-9.jpg\",\"contentUrl\":\"https:\\\/\\\/telocuentavictorhugo.com\\\/wp-content\\\/uploads\\\/2026\\\/04\\\/5-9.jpg\",\"width\":1401,\"height\":783},{\"@type\":\"BreadcrumbList\",\"@id\":\"https:\\\/\\\/telocuentavictorhugo.com\\\/index.php\\\/2026\\\/04\\\/25\\\/fiscalia-pide-10-anos-de-carcel-para-exministro-siles-por-armar-consorcios\\\/#breadcrumb\",\"itemListElement\":[{\"@type\":\"ListItem\",\"position\":1,\"name\":\"Portada\",\"item\":\"https:\\\/\\\/telocuentavictorhugo.com\\\/\"},{\"@type\":\"ListItem\",\"position\":2,\"name\":\"FISCAL\u00cdA PIDE 10 A\u00d1OS DE C\u00c1RCEL PARA EXMINISTRO SILES POR ARMAR CONSORCIOS\"}]},{\"@type\":\"WebSite\",\"@id\":\"https:\\\/\\\/telocuentavictorhugo.com\\\/#website\",\"url\":\"https:\\\/\\\/telocuentavictorhugo.com\\\/\",\"name\":\"Te lo Cuenta Victor\",\"description\":\"\",\"publisher\":{\"@id\":\"https:\\\/\\\/telocuentavictorhugo.com\\\/#organization\"},\"potentialAction\":[{\"@type\":\"SearchAction\",\"target\":{\"@type\":\"EntryPoint\",\"urlTemplate\":\"https:\\\/\\\/telocuentavictorhugo.com\\\/?s={search_term_string}\"},\"query-input\":{\"@type\":\"PropertyValueSpecification\",\"valueRequired\":true,\"valueName\":\"search_term_string\"}}],\"inLanguage\":\"es\"},{\"@type\":\"Organization\",\"@id\":\"https:\\\/\\\/telocuentavictorhugo.com\\\/#organization\",\"name\":\"Te lo Cuenta Victor\",\"url\":\"https:\\\/\\\/telocuentavictorhugo.com\\\/\",\"logo\":{\"@type\":\"ImageObject\",\"inLanguage\":\"es\",\"@id\":\"https:\\\/\\\/telocuentavictorhugo.com\\\/#\\\/schema\\\/logo\\\/image\\\/\",\"url\":\"https:\\\/\\\/telocuentavictorhugo.com\\\/wp-content\\\/uploads\\\/2023\\\/12\\\/Logo.png\",\"contentUrl\":\"https:\\\/\\\/telocuentavictorhugo.com\\\/wp-content\\\/uploads\\\/2023\\\/12\\\/Logo.png\",\"width\":1080,\"height\":176,\"caption\":\"Te lo Cuenta Victor\"},\"image\":{\"@id\":\"https:\\\/\\\/telocuentavictorhugo.com\\\/#\\\/schema\\\/logo\\\/image\\\/\"}},{\"@type\":\"Person\",\"@id\":\"https:\\\/\\\/telocuentavictorhugo.com\\\/#\\\/schema\\\/person\\\/a8307d7271ba2849b49b562ad8602f06\",\"name\":\"telocuentavictorhugo.com\",\"image\":{\"@type\":\"ImageObject\",\"inLanguage\":\"es\",\"@id\":\"https:\\\/\\\/secure.gravatar.com\\\/avatar\\\/da212e7b532df19fd2aea5daf46d8c176abfc85521e4b80ed435d7426ef63eb6?s=96&d=mm&r=g\",\"url\":\"https:\\\/\\\/secure.gravatar.com\\\/avatar\\\/da212e7b532df19fd2aea5daf46d8c176abfc85521e4b80ed435d7426ef63eb6?s=96&d=mm&r=g\",\"contentUrl\":\"https:\\\/\\\/secure.gravatar.com\\\/avatar\\\/da212e7b532df19fd2aea5daf46d8c176abfc85521e4b80ed435d7426ef63eb6?s=96&d=mm&r=g\",\"caption\":\"telocuentavictorhugo.com\"},\"sameAs\":[\"http:\\\/\\\/telocuentavictorhugo.com\"],\"url\":\"https:\\\/\\\/telocuentavictorhugo.com\\\/index.php\\\/author\\\/plustvpress-com\\\/\"}]}<\/script>\n<!-- \/ Yoast SEO plugin. -->","yoast_head_json":{"title":"FISCAL\u00cdA PIDE 10 A\u00d1OS DE C\u00c1RCEL PARA EXMINISTRO SILES POR ARMAR CONSORCIOS - Te lo Cuenta Victor","robots":{"index":"index","follow":"follow","max-snippet":"max-snippet:-1","max-image-preview":"max-image-preview:large","max-video-preview":"max-video-preview:-1"},"canonical":"https:\/\/telocuentavictorhugo.com\/index.php\/2026\/04\/25\/fiscalia-pide-10-anos-de-carcel-para-exministro-siles-por-armar-consorcios\/","og_locale":"es_ES","og_type":"article","og_title":"FISCAL\u00cdA PIDE 10 A\u00d1OS DE C\u00c1RCEL PARA EXMINISTRO SILES POR ARMAR CONSORCIOS - Te lo Cuenta Victor","og_description":"La Fiscal\u00eda de La Paz present\u00f3 acusaci\u00f3n formal contra el exministro de Justicia, C\u00e9sar Siles, exvocales Yv\u00e1n C\u00f3rdova, Claudia Castro, el magistrado suplente Iv\u00e1n Campero y otros implicados por tr\u00e1fico de influencias, consorcio judicial y organizaci\u00f3n criminal. El fiscal Miguel Cardozo solicit\u00f3 la pena m\u00e1xima de 10 a\u00f1os de c\u00e1rcel, tras peritar el audio clave [&hellip;]","og_url":"https:\/\/telocuentavictorhugo.com\/index.php\/2026\/04\/25\/fiscalia-pide-10-anos-de-carcel-para-exministro-siles-por-armar-consorcios\/","og_site_name":"Te lo Cuenta Victor","article_published_time":"2026-04-25T05:29:52+00:00","article_modified_time":"2026-04-25T05:29:54+00:00","og_image":[{"width":1401,"height":783,"url":"http:\/\/telocuentavictorhugo.com\/wp-content\/uploads\/2026\/04\/5-9.jpg","type":"image\/jpeg"}],"author":"telocuentavictorhugo.com","twitter_card":"summary_large_image","twitter_misc":{"Escrito por":"telocuentavictorhugo.com","Tiempo de lectura":"1 minuto"},"schema":{"@context":"https:\/\/schema.org","@graph":[{"@type":"Article","@id":"https:\/\/telocuentavictorhugo.com\/index.php\/2026\/04\/25\/fiscalia-pide-10-anos-de-carcel-para-exministro-siles-por-armar-consorcios\/#article","isPartOf":{"@id":"https:\/\/telocuentavictorhugo.com\/index.php\/2026\/04\/25\/fiscalia-pide-10-anos-de-carcel-para-exministro-siles-por-armar-consorcios\/"},"author":{"name":"telocuentavictorhugo.com","@id":"https:\/\/telocuentavictorhugo.com\/#\/schema\/person\/a8307d7271ba2849b49b562ad8602f06"},"headline":"FISCAL\u00cdA PIDE 10 A\u00d1OS DE C\u00c1RCEL PARA EXMINISTRO SILES POR ARMAR CONSORCIOS","datePublished":"2026-04-25T05:29:52+00:00","dateModified":"2026-04-25T05:29:54+00:00","mainEntityOfPage":{"@id":"https:\/\/telocuentavictorhugo.com\/index.php\/2026\/04\/25\/fiscalia-pide-10-anos-de-carcel-para-exministro-siles-por-armar-consorcios\/"},"wordCount":179,"commentCount":0,"publisher":{"@id":"https:\/\/telocuentavictorhugo.com\/#organization"},"image":{"@id":"https:\/\/telocuentavictorhugo.com\/index.php\/2026\/04\/25\/fiscalia-pide-10-anos-de-carcel-para-exministro-siles-por-armar-consorcios\/#primaryimage"},"thumbnailUrl":"https:\/\/telocuentavictorhugo.com\/wp-content\/uploads\/2026\/04\/5-9.jpg","keywords":["NOTICIAS","POL\u00cdTICA"],"articleSection":["Noticias"],"inLanguage":"es","potentialAction":[{"@type":"CommentAction","name":"Comment","target":["https:\/\/telocuentavictorhugo.com\/index.php\/2026\/04\/25\/fiscalia-pide-10-anos-de-carcel-para-exministro-siles-por-armar-consorcios\/#respond"]}]},{"@type":"WebPage","@id":"https:\/\/telocuentavictorhugo.com\/index.php\/2026\/04\/25\/fiscalia-pide-10-anos-de-carcel-para-exministro-siles-por-armar-consorcios\/","url":"https:\/\/telocuentavictorhugo.com\/index.php\/2026\/04\/25\/fiscalia-pide-10-anos-de-carcel-para-exministro-siles-por-armar-consorcios\/","name":"FISCAL\u00cdA PIDE 10 A\u00d1OS DE C\u00c1RCEL PARA EXMINISTRO SILES POR ARMAR CONSORCIOS - Te lo Cuenta Victor","isPartOf":{"@id":"https:\/\/telocuentavictorhugo.com\/#website"},"primaryImageOfPage":{"@id":"https:\/\/telocuentavictorhugo.com\/index.php\/2026\/04\/25\/fiscalia-pide-10-anos-de-carcel-para-exministro-siles-por-armar-consorcios\/#primaryimage"},"image":{"@id":"https:\/\/telocuentavictorhugo.com\/index.php\/2026\/04\/25\/fiscalia-pide-10-anos-de-carcel-para-exministro-siles-por-armar-consorcios\/#primaryimage"},"thumbnailUrl":"https:\/\/telocuentavictorhugo.com\/wp-content\/uploads\/2026\/04\/5-9.jpg","datePublished":"2026-04-25T05:29:52+00:00","dateModified":"2026-04-25T05:29:54+00:00","breadcrumb":{"@id":"https:\/\/telocuentavictorhugo.com\/index.php\/2026\/04\/25\/fiscalia-pide-10-anos-de-carcel-para-exministro-siles-por-armar-consorcios\/#breadcrumb"},"inLanguage":"es","potentialAction":[{"@type":"ReadAction","target":["https:\/\/telocuentavictorhugo.com\/index.php\/2026\/04\/25\/fiscalia-pide-10-anos-de-carcel-para-exministro-siles-por-armar-consorcios\/"]}]},{"@type":"ImageObject","inLanguage":"es","@id":"https:\/\/telocuentavictorhugo.com\/index.php\/2026\/04\/25\/fiscalia-pide-10-anos-de-carcel-para-exministro-siles-por-armar-consorcios\/#primaryimage","url":"https:\/\/telocuentavictorhugo.com\/wp-content\/uploads\/2026\/04\/5-9.jpg","contentUrl":"https:\/\/telocuentavictorhugo.com\/wp-content\/uploads\/2026\/04\/5-9.jpg","width":1401,"height":783},{"@type":"BreadcrumbList","@id":"https:\/\/telocuentavictorhugo.com\/index.php\/2026\/04\/25\/fiscalia-pide-10-anos-de-carcel-para-exministro-siles-por-armar-consorcios\/#breadcrumb","itemListElement":[{"@type":"ListItem","position":1,"name":"Portada","item":"https:\/\/telocuentavictorhugo.com\/"},{"@type":"ListItem","position":2,"name":"FISCAL\u00cdA PIDE 10 A\u00d1OS DE C\u00c1RCEL PARA EXMINISTRO SILES POR ARMAR CONSORCIOS"}]},{"@type":"WebSite","@id":"https:\/\/telocuentavictorhugo.com\/#website","url":"https:\/\/telocuentavictorhugo.com\/","name":"Te lo Cuenta Victor","description":"","publisher":{"@id":"https:\/\/telocuentavictorhugo.com\/#organization"},"potentialAction":[{"@type":"SearchAction","target":{"@type":"EntryPoint","urlTemplate":"https:\/\/telocuentavictorhugo.com\/?s={search_term_string}"},"query-input":{"@type":"PropertyValueSpecification","valueRequired":true,"valueName":"search_term_string"}}],"inLanguage":"es"},{"@type":"Organization","@id":"https:\/\/telocuentavictorhugo.com\/#organization","name":"Te lo Cuenta Victor","url":"https:\/\/telocuentavictorhugo.com\/","logo":{"@type":"ImageObject","inLanguage":"es","@id":"https:\/\/telocuentavictorhugo.com\/#\/schema\/logo\/image\/","url":"https:\/\/telocuentavictorhugo.com\/wp-content\/uploads\/2023\/12\/Logo.png","contentUrl":"https:\/\/telocuentavictorhugo.com\/wp-content\/uploads\/2023\/12\/Logo.png","width":1080,"height":176,"caption":"Te lo Cuenta Victor"},"image":{"@id":"https:\/\/telocuentavictorhugo.com\/#\/schema\/logo\/image\/"}},{"@type":"Person","@id":"https:\/\/telocuentavictorhugo.com\/#\/schema\/person\/a8307d7271ba2849b49b562ad8602f06","name":"telocuentavictorhugo.com","image":{"@type":"ImageObject","inLanguage":"es","@id":"https:\/\/secure.gravatar.com\/avatar\/da212e7b532df19fd2aea5daf46d8c176abfc85521e4b80ed435d7426ef63eb6?s=96&d=mm&r=g","url":"https:\/\/secure.gravatar.com\/avatar\/da212e7b532df19fd2aea5daf46d8c176abfc85521e4b80ed435d7426ef63eb6?s=96&d=mm&r=g","contentUrl":"https:\/\/secure.gravatar.com\/avatar\/da212e7b532df19fd2aea5daf46d8c176abfc85521e4b80ed435d7426ef63eb6?s=96&d=mm&r=g","caption":"telocuentavictorhugo.com"},"sameAs":["http:\/\/telocuentavictorhugo.com"],"url":"https:\/\/telocuentavictorhugo.com\/index.php\/author\/plustvpress-com\/"}]}},"_links":{"self":[{"href":"https:\/\/telocuentavictorhugo.com\/index.php\/wp-json\/wp\/v2\/posts\/15171","targetHints":{"allow":["GET"]}}],"collection":[{"href":"https:\/\/telocuentavictorhugo.com\/index.php\/wp-json\/wp\/v2\/posts"}],"about":[{"href":"https:\/\/telocuentavictorhugo.com\/index.php\/wp-json\/wp\/v2\/types\/post"}],"author":[{"embeddable":true,"href":"https:\/\/telocuentavictorhugo.com\/index.php\/wp-json\/wp\/v2\/users\/1"}],"replies":[{"embeddable":true,"href":"https:\/\/telocuentavictorhugo.com\/index.php\/wp-json\/wp\/v2\/comments?post=15171"}],"version-history":[{"count":1,"href":"https:\/\/telocuentavictorhugo.com\/index.php\/wp-json\/wp\/v2\/posts\/15171\/revisions"}],"predecessor-version":[{"id":15244,"href":"https:\/\/telocuentavictorhugo.com\/index.php\/wp-json\/wp\/v2\/posts\/15171\/revisions\/15244"}],"wp:featuredmedia":[{"embeddable":true,"href":"https:\/\/telocuentavictorhugo.com\/index.php\/wp-json\/wp\/v2\/media\/15207"}],"wp:attachment":[{"href":"https:\/\/telocuentavictorhugo.com\/index.php\/wp-json\/wp\/v2\/media?parent=15171"}],"wp:term":[{"taxonomy":"category","embeddable":true,"href":"https:\/\/telocuentavictorhugo.com\/index.php\/wp-json\/wp\/v2\/categories?post=15171"},{"taxonomy":"post_tag","embeddable":true,"href":"https:\/\/telocuentavictorhugo.com\/index.php\/wp-json\/wp\/v2\/tags?post=15171"}],"curies":[{"name":"wp","href":"https:\/\/api.w.org\/{rel}","templated":true}]}}