{"id":15170,"date":"2026-04-25T01:29:49","date_gmt":"2026-04-25T05:29:49","guid":{"rendered":"https:\/\/telocuentavictorhugo.com\/?p=15170"},"modified":"2026-04-25T01:29:52","modified_gmt":"2026-04-25T05:29:52","slug":"senadora-mallon-califica-de-mago-al-ministro-de-gobierno-por-aparicion-de-caja-fuerte","status":"publish","type":"post","link":"https:\/\/telocuentavictorhugo.com\/index.php\/2026\/04\/25\/senadora-mallon-califica-de-mago-al-ministro-de-gobierno-por-aparicion-de-caja-fuerte\/","title":{"rendered":"SENADORA MALL\u00d3N CALIFICA DE \u00abMAGO\u00bb AL MINISTRO DE GOBIERNO POR APARICI\u00d3N DE CAJA FUERTE"},"content":{"rendered":"\n<p>SENADORA MALL\u00d3N CALIFICA DE \u00abMAGO\u00bb AL MINISTRO DE GOBIERNO POR APARICI\u00d3N DE CAJA FUERTE Y CRITICA OBJETIVOS DEL GABINETE DE PAZ La senadora de APB-S\u00famate, Claudia Mall\u00f3n, calific\u00f3 de \u00abmago\u00bb al ministro de Gobierno, Marco Antonio Oviedo, tras la sorpresiva aparici\u00f3n de una tercera caja fuerte en el caso Marset, denunciando versiones contradictorias que han fracturado la relaci\u00f3n con el Ministerio P\u00fablico. Mall\u00f3n se\u00f1al\u00f3 que el ministro hace aparecer pruebas de forma \u00abdescarada\u00bb luego de semanas de asegurar que los cofres estaban vac\u00edos, y advirti\u00f3 que estas irregularidades demuestran que el gabinete del presidente Rodrigo Paz carece de objetivos claros y transparencia en la conducci\u00f3n de la seguridad del Estado.<\/p>\n\n\n\n<figure class=\"wp-block-embed is-type-video is-provider-youtube wp-block-embed-youtube wp-embed-aspect-16-9 wp-has-aspect-ratio\"><div class=\"wp-block-embed__wrapper\">\n<iframe title=\"SENADORA MALL\u00d3N CALIFICA DE &quot;MAGO&quot; AL MINISTRO DE GOBIERNO POR APARICI\u00d3N DE CAJA FUERTE \" width=\"800\" height=\"450\" src=\"https:\/\/www.youtube.com\/embed\/WPLbPLciDxg?feature=oembed\" frameborder=\"0\" allow=\"accelerometer; autoplay; clipboard-write; encrypted-media; gyroscope; picture-in-picture; web-share\" referrerpolicy=\"strict-origin-when-cross-origin\" allowfullscreen><\/iframe>\n<\/div><\/figure>\n","protected":false},"excerpt":{"rendered":"<p>SENADORA MALL\u00d3N CALIFICA DE \u00abMAGO\u00bb AL MINISTRO DE GOBIERNO POR APARICI\u00d3N DE CAJA FUERTE Y CRITICA OBJETIVOS DEL GABINETE DE PAZ La senadora de APB-S\u00famate, Claudia Mall\u00f3n, calific\u00f3 de \u00abmago\u00bb al ministro de Gobierno, Marco Antonio Oviedo, tras la sorpresiva aparici\u00f3n de una tercera caja fuerte en el caso Marset, denunciando versiones contradictorias que han [&hellip;]<\/p>\n","protected":false},"author":1,"featured_media":15206,"comment_status":"open","ping_status":"open","sticky":false,"template":"","format":"standard","meta":{"_eb_attr":"","footnotes":""},"categories":[1],"tags":[113,114],"class_list":["post-15170","post","type-post","status-publish","format-standard","has-post-thumbnail","hentry","category-noticias","tag-noticias","tag-politica"],"yoast_head":"<!-- This site is optimized with the Yoast SEO plugin v27.4 - https:\/\/yoast.com\/product\/yoast-seo-wordpress\/ -->\n<title>SENADORA MALL\u00d3N CALIFICA DE &quot;MAGO&quot; AL MINISTRO DE GOBIERNO POR APARICI\u00d3N DE CAJA FUERTE - Te lo Cuenta Victor<\/title>\n<meta name=\"robots\" content=\"index, follow, max-snippet:-1, max-image-preview:large, max-video-preview:-1\" \/>\n<link rel=\"canonical\" href=\"https:\/\/telocuentavictorhugo.com\/index.php\/2026\/04\/25\/senadora-mallon-califica-de-mago-al-ministro-de-gobierno-por-aparicion-de-caja-fuerte\/\" \/>\n<meta property=\"og:locale\" content=\"es_ES\" \/>\n<meta property=\"og:type\" content=\"article\" \/>\n<meta property=\"og:title\" content=\"SENADORA MALL\u00d3N CALIFICA DE &quot;MAGO&quot; AL MINISTRO DE GOBIERNO POR APARICI\u00d3N DE CAJA FUERTE - Te lo Cuenta Victor\" \/>\n<meta property=\"og:description\" content=\"SENADORA MALL\u00d3N CALIFICA DE \u00abMAGO\u00bb AL MINISTRO DE GOBIERNO POR APARICI\u00d3N DE CAJA FUERTE Y CRITICA OBJETIVOS DEL GABINETE DE PAZ La senadora de APB-S\u00famate, Claudia Mall\u00f3n, calific\u00f3 de \u00abmago\u00bb al ministro de Gobierno, Marco Antonio Oviedo, tras la sorpresiva aparici\u00f3n de una tercera caja fuerte en el caso Marset, denunciando versiones contradictorias que han [&hellip;]\" \/>\n<meta property=\"og:url\" content=\"https:\/\/telocuentavictorhugo.com\/index.php\/2026\/04\/25\/senadora-mallon-califica-de-mago-al-ministro-de-gobierno-por-aparicion-de-caja-fuerte\/\" \/>\n<meta property=\"og:site_name\" content=\"Te lo Cuenta Victor\" \/>\n<meta property=\"article:published_time\" content=\"2026-04-25T05:29:49+00:00\" \/>\n<meta property=\"article:modified_time\" content=\"2026-04-25T05:29:52+00:00\" \/>\n<meta property=\"og:image\" content=\"http:\/\/telocuentavictorhugo.com\/wp-content\/uploads\/2026\/04\/4-9.jpg\" \/>\n\t<meta property=\"og:image:width\" content=\"1417\" \/>\n\t<meta property=\"og:image:height\" content=\"774\" \/>\n\t<meta property=\"og:image:type\" content=\"image\/jpeg\" \/>\n<meta name=\"author\" content=\"telocuentavictorhugo.com\" \/>\n<meta name=\"twitter:card\" content=\"summary_large_image\" \/>\n<meta name=\"twitter:label1\" content=\"Escrito por\" \/>\n\t<meta name=\"twitter:data1\" content=\"telocuentavictorhugo.com\" \/>\n\t<meta name=\"twitter:label2\" content=\"Tiempo de lectura\" \/>\n\t<meta name=\"twitter:data2\" content=\"1 minuto\" \/>\n<script type=\"application\/ld+json\" class=\"yoast-schema-graph\">{\"@context\":\"https:\\\/\\\/schema.org\",\"@graph\":[{\"@type\":\"Article\",\"@id\":\"https:\\\/\\\/telocuentavictorhugo.com\\\/index.php\\\/2026\\\/04\\\/25\\\/senadora-mallon-califica-de-mago-al-ministro-de-gobierno-por-aparicion-de-caja-fuerte\\\/#article\",\"isPartOf\":{\"@id\":\"https:\\\/\\\/telocuentavictorhugo.com\\\/index.php\\\/2026\\\/04\\\/25\\\/senadora-mallon-califica-de-mago-al-ministro-de-gobierno-por-aparicion-de-caja-fuerte\\\/\"},\"author\":{\"name\":\"telocuentavictorhugo.com\",\"@id\":\"https:\\\/\\\/telocuentavictorhugo.com\\\/#\\\/schema\\\/person\\\/a8307d7271ba2849b49b562ad8602f06\"},\"headline\":\"SENADORA MALL\u00d3N CALIFICA DE \u00abMAGO\u00bb AL MINISTRO DE GOBIERNO POR APARICI\u00d3N DE CAJA FUERTE\",\"datePublished\":\"2026-04-25T05:29:49+00:00\",\"dateModified\":\"2026-04-25T05:29:52+00:00\",\"mainEntityOfPage\":{\"@id\":\"https:\\\/\\\/telocuentavictorhugo.com\\\/index.php\\\/2026\\\/04\\\/25\\\/senadora-mallon-califica-de-mago-al-ministro-de-gobierno-por-aparicion-de-caja-fuerte\\\/\"},\"wordCount\":141,\"commentCount\":0,\"publisher\":{\"@id\":\"https:\\\/\\\/telocuentavictorhugo.com\\\/#organization\"},\"image\":{\"@id\":\"https:\\\/\\\/telocuentavictorhugo.com\\\/index.php\\\/2026\\\/04\\\/25\\\/senadora-mallon-califica-de-mago-al-ministro-de-gobierno-por-aparicion-de-caja-fuerte\\\/#primaryimage\"},\"thumbnailUrl\":\"https:\\\/\\\/telocuentavictorhugo.com\\\/wp-content\\\/uploads\\\/2026\\\/04\\\/4-9.jpg\",\"keywords\":[\"NOTICIAS\",\"POL\u00cdTICA\"],\"articleSection\":[\"Noticias\"],\"inLanguage\":\"es\",\"potentialAction\":[{\"@type\":\"CommentAction\",\"name\":\"Comment\",\"target\":[\"https:\\\/\\\/telocuentavictorhugo.com\\\/index.php\\\/2026\\\/04\\\/25\\\/senadora-mallon-califica-de-mago-al-ministro-de-gobierno-por-aparicion-de-caja-fuerte\\\/#respond\"]}]},{\"@type\":\"WebPage\",\"@id\":\"https:\\\/\\\/telocuentavictorhugo.com\\\/index.php\\\/2026\\\/04\\\/25\\\/senadora-mallon-califica-de-mago-al-ministro-de-gobierno-por-aparicion-de-caja-fuerte\\\/\",\"url\":\"https:\\\/\\\/telocuentavictorhugo.com\\\/index.php\\\/2026\\\/04\\\/25\\\/senadora-mallon-califica-de-mago-al-ministro-de-gobierno-por-aparicion-de-caja-fuerte\\\/\",\"name\":\"SENADORA MALL\u00d3N CALIFICA DE \\\"MAGO\\\" AL MINISTRO DE GOBIERNO POR APARICI\u00d3N DE CAJA FUERTE - Te lo Cuenta Victor\",\"isPartOf\":{\"@id\":\"https:\\\/\\\/telocuentavictorhugo.com\\\/#website\"},\"primaryImageOfPage\":{\"@id\":\"https:\\\/\\\/telocuentavictorhugo.com\\\/index.php\\\/2026\\\/04\\\/25\\\/senadora-mallon-califica-de-mago-al-ministro-de-gobierno-por-aparicion-de-caja-fuerte\\\/#primaryimage\"},\"image\":{\"@id\":\"https:\\\/\\\/telocuentavictorhugo.com\\\/index.php\\\/2026\\\/04\\\/25\\\/senadora-mallon-califica-de-mago-al-ministro-de-gobierno-por-aparicion-de-caja-fuerte\\\/#primaryimage\"},\"thumbnailUrl\":\"https:\\\/\\\/telocuentavictorhugo.com\\\/wp-content\\\/uploads\\\/2026\\\/04\\\/4-9.jpg\",\"datePublished\":\"2026-04-25T05:29:49+00:00\",\"dateModified\":\"2026-04-25T05:29:52+00:00\",\"breadcrumb\":{\"@id\":\"https:\\\/\\\/telocuentavictorhugo.com\\\/index.php\\\/2026\\\/04\\\/25\\\/senadora-mallon-califica-de-mago-al-ministro-de-gobierno-por-aparicion-de-caja-fuerte\\\/#breadcrumb\"},\"inLanguage\":\"es\",\"potentialAction\":[{\"@type\":\"ReadAction\",\"target\":[\"https:\\\/\\\/telocuentavictorhugo.com\\\/index.php\\\/2026\\\/04\\\/25\\\/senadora-mallon-califica-de-mago-al-ministro-de-gobierno-por-aparicion-de-caja-fuerte\\\/\"]}]},{\"@type\":\"ImageObject\",\"inLanguage\":\"es\",\"@id\":\"https:\\\/\\\/telocuentavictorhugo.com\\\/index.php\\\/2026\\\/04\\\/25\\\/senadora-mallon-califica-de-mago-al-ministro-de-gobierno-por-aparicion-de-caja-fuerte\\\/#primaryimage\",\"url\":\"https:\\\/\\\/telocuentavictorhugo.com\\\/wp-content\\\/uploads\\\/2026\\\/04\\\/4-9.jpg\",\"contentUrl\":\"https:\\\/\\\/telocuentavictorhugo.com\\\/wp-content\\\/uploads\\\/2026\\\/04\\\/4-9.jpg\",\"width\":1417,\"height\":774},{\"@type\":\"BreadcrumbList\",\"@id\":\"https:\\\/\\\/telocuentavictorhugo.com\\\/index.php\\\/2026\\\/04\\\/25\\\/senadora-mallon-califica-de-mago-al-ministro-de-gobierno-por-aparicion-de-caja-fuerte\\\/#breadcrumb\",\"itemListElement\":[{\"@type\":\"ListItem\",\"position\":1,\"name\":\"Portada\",\"item\":\"https:\\\/\\\/telocuentavictorhugo.com\\\/\"},{\"@type\":\"ListItem\",\"position\":2,\"name\":\"SENADORA MALL\u00d3N CALIFICA DE \u00abMAGO\u00bb AL MINISTRO DE GOBIERNO POR APARICI\u00d3N DE CAJA FUERTE\"}]},{\"@type\":\"WebSite\",\"@id\":\"https:\\\/\\\/telocuentavictorhugo.com\\\/#website\",\"url\":\"https:\\\/\\\/telocuentavictorhugo.com\\\/\",\"name\":\"Te lo Cuenta Victor\",\"description\":\"\",\"publisher\":{\"@id\":\"https:\\\/\\\/telocuentavictorhugo.com\\\/#organization\"},\"potentialAction\":[{\"@type\":\"SearchAction\",\"target\":{\"@type\":\"EntryPoint\",\"urlTemplate\":\"https:\\\/\\\/telocuentavictorhugo.com\\\/?s={search_term_string}\"},\"query-input\":{\"@type\":\"PropertyValueSpecification\",\"valueRequired\":true,\"valueName\":\"search_term_string\"}}],\"inLanguage\":\"es\"},{\"@type\":\"Organization\",\"@id\":\"https:\\\/\\\/telocuentavictorhugo.com\\\/#organization\",\"name\":\"Te lo Cuenta Victor\",\"url\":\"https:\\\/\\\/telocuentavictorhugo.com\\\/\",\"logo\":{\"@type\":\"ImageObject\",\"inLanguage\":\"es\",\"@id\":\"https:\\\/\\\/telocuentavictorhugo.com\\\/#\\\/schema\\\/logo\\\/image\\\/\",\"url\":\"https:\\\/\\\/telocuentavictorhugo.com\\\/wp-content\\\/uploads\\\/2023\\\/12\\\/Logo.png\",\"contentUrl\":\"https:\\\/\\\/telocuentavictorhugo.com\\\/wp-content\\\/uploads\\\/2023\\\/12\\\/Logo.png\",\"width\":1080,\"height\":176,\"caption\":\"Te lo Cuenta Victor\"},\"image\":{\"@id\":\"https:\\\/\\\/telocuentavictorhugo.com\\\/#\\\/schema\\\/logo\\\/image\\\/\"}},{\"@type\":\"Person\",\"@id\":\"https:\\\/\\\/telocuentavictorhugo.com\\\/#\\\/schema\\\/person\\\/a8307d7271ba2849b49b562ad8602f06\",\"name\":\"telocuentavictorhugo.com\",\"image\":{\"@type\":\"ImageObject\",\"inLanguage\":\"es\",\"@id\":\"https:\\\/\\\/secure.gravatar.com\\\/avatar\\\/da212e7b532df19fd2aea5daf46d8c176abfc85521e4b80ed435d7426ef63eb6?s=96&d=mm&r=g\",\"url\":\"https:\\\/\\\/secure.gravatar.com\\\/avatar\\\/da212e7b532df19fd2aea5daf46d8c176abfc85521e4b80ed435d7426ef63eb6?s=96&d=mm&r=g\",\"contentUrl\":\"https:\\\/\\\/secure.gravatar.com\\\/avatar\\\/da212e7b532df19fd2aea5daf46d8c176abfc85521e4b80ed435d7426ef63eb6?s=96&d=mm&r=g\",\"caption\":\"telocuentavictorhugo.com\"},\"sameAs\":[\"http:\\\/\\\/telocuentavictorhugo.com\"],\"url\":\"https:\\\/\\\/telocuentavictorhugo.com\\\/index.php\\\/author\\\/plustvpress-com\\\/\"}]}<\/script>\n<!-- \/ Yoast SEO plugin. -->","yoast_head_json":{"title":"SENADORA MALL\u00d3N CALIFICA DE \"MAGO\" AL MINISTRO DE GOBIERNO POR APARICI\u00d3N DE CAJA FUERTE - Te lo Cuenta Victor","robots":{"index":"index","follow":"follow","max-snippet":"max-snippet:-1","max-image-preview":"max-image-preview:large","max-video-preview":"max-video-preview:-1"},"canonical":"https:\/\/telocuentavictorhugo.com\/index.php\/2026\/04\/25\/senadora-mallon-califica-de-mago-al-ministro-de-gobierno-por-aparicion-de-caja-fuerte\/","og_locale":"es_ES","og_type":"article","og_title":"SENADORA MALL\u00d3N CALIFICA DE \"MAGO\" AL MINISTRO DE GOBIERNO POR APARICI\u00d3N DE CAJA FUERTE - Te lo Cuenta Victor","og_description":"SENADORA MALL\u00d3N CALIFICA DE \u00abMAGO\u00bb AL MINISTRO DE GOBIERNO POR APARICI\u00d3N DE CAJA FUERTE Y CRITICA OBJETIVOS DEL GABINETE DE PAZ La senadora de APB-S\u00famate, Claudia Mall\u00f3n, calific\u00f3 de \u00abmago\u00bb al ministro de Gobierno, Marco Antonio Oviedo, tras la sorpresiva aparici\u00f3n de una tercera caja fuerte en el caso Marset, denunciando versiones contradictorias que han [&hellip;]","og_url":"https:\/\/telocuentavictorhugo.com\/index.php\/2026\/04\/25\/senadora-mallon-califica-de-mago-al-ministro-de-gobierno-por-aparicion-de-caja-fuerte\/","og_site_name":"Te lo Cuenta Victor","article_published_time":"2026-04-25T05:29:49+00:00","article_modified_time":"2026-04-25T05:29:52+00:00","og_image":[{"width":1417,"height":774,"url":"http:\/\/telocuentavictorhugo.com\/wp-content\/uploads\/2026\/04\/4-9.jpg","type":"image\/jpeg"}],"author":"telocuentavictorhugo.com","twitter_card":"summary_large_image","twitter_misc":{"Escrito por":"telocuentavictorhugo.com","Tiempo de lectura":"1 minuto"},"schema":{"@context":"https:\/\/schema.org","@graph":[{"@type":"Article","@id":"https:\/\/telocuentavictorhugo.com\/index.php\/2026\/04\/25\/senadora-mallon-califica-de-mago-al-ministro-de-gobierno-por-aparicion-de-caja-fuerte\/#article","isPartOf":{"@id":"https:\/\/telocuentavictorhugo.com\/index.php\/2026\/04\/25\/senadora-mallon-califica-de-mago-al-ministro-de-gobierno-por-aparicion-de-caja-fuerte\/"},"author":{"name":"telocuentavictorhugo.com","@id":"https:\/\/telocuentavictorhugo.com\/#\/schema\/person\/a8307d7271ba2849b49b562ad8602f06"},"headline":"SENADORA MALL\u00d3N CALIFICA DE \u00abMAGO\u00bb AL MINISTRO DE GOBIERNO POR APARICI\u00d3N DE CAJA FUERTE","datePublished":"2026-04-25T05:29:49+00:00","dateModified":"2026-04-25T05:29:52+00:00","mainEntityOfPage":{"@id":"https:\/\/telocuentavictorhugo.com\/index.php\/2026\/04\/25\/senadora-mallon-califica-de-mago-al-ministro-de-gobierno-por-aparicion-de-caja-fuerte\/"},"wordCount":141,"commentCount":0,"publisher":{"@id":"https:\/\/telocuentavictorhugo.com\/#organization"},"image":{"@id":"https:\/\/telocuentavictorhugo.com\/index.php\/2026\/04\/25\/senadora-mallon-califica-de-mago-al-ministro-de-gobierno-por-aparicion-de-caja-fuerte\/#primaryimage"},"thumbnailUrl":"https:\/\/telocuentavictorhugo.com\/wp-content\/uploads\/2026\/04\/4-9.jpg","keywords":["NOTICIAS","POL\u00cdTICA"],"articleSection":["Noticias"],"inLanguage":"es","potentialAction":[{"@type":"CommentAction","name":"Comment","target":["https:\/\/telocuentavictorhugo.com\/index.php\/2026\/04\/25\/senadora-mallon-califica-de-mago-al-ministro-de-gobierno-por-aparicion-de-caja-fuerte\/#respond"]}]},{"@type":"WebPage","@id":"https:\/\/telocuentavictorhugo.com\/index.php\/2026\/04\/25\/senadora-mallon-califica-de-mago-al-ministro-de-gobierno-por-aparicion-de-caja-fuerte\/","url":"https:\/\/telocuentavictorhugo.com\/index.php\/2026\/04\/25\/senadora-mallon-califica-de-mago-al-ministro-de-gobierno-por-aparicion-de-caja-fuerte\/","name":"SENADORA MALL\u00d3N CALIFICA DE \"MAGO\" AL MINISTRO DE GOBIERNO POR APARICI\u00d3N DE CAJA FUERTE - Te lo Cuenta Victor","isPartOf":{"@id":"https:\/\/telocuentavictorhugo.com\/#website"},"primaryImageOfPage":{"@id":"https:\/\/telocuentavictorhugo.com\/index.php\/2026\/04\/25\/senadora-mallon-califica-de-mago-al-ministro-de-gobierno-por-aparicion-de-caja-fuerte\/#primaryimage"},"image":{"@id":"https:\/\/telocuentavictorhugo.com\/index.php\/2026\/04\/25\/senadora-mallon-califica-de-mago-al-ministro-de-gobierno-por-aparicion-de-caja-fuerte\/#primaryimage"},"thumbnailUrl":"https:\/\/telocuentavictorhugo.com\/wp-content\/uploads\/2026\/04\/4-9.jpg","datePublished":"2026-04-25T05:29:49+00:00","dateModified":"2026-04-25T05:29:52+00:00","breadcrumb":{"@id":"https:\/\/telocuentavictorhugo.com\/index.php\/2026\/04\/25\/senadora-mallon-califica-de-mago-al-ministro-de-gobierno-por-aparicion-de-caja-fuerte\/#breadcrumb"},"inLanguage":"es","potentialAction":[{"@type":"ReadAction","target":["https:\/\/telocuentavictorhugo.com\/index.php\/2026\/04\/25\/senadora-mallon-califica-de-mago-al-ministro-de-gobierno-por-aparicion-de-caja-fuerte\/"]}]},{"@type":"ImageObject","inLanguage":"es","@id":"https:\/\/telocuentavictorhugo.com\/index.php\/2026\/04\/25\/senadora-mallon-califica-de-mago-al-ministro-de-gobierno-por-aparicion-de-caja-fuerte\/#primaryimage","url":"https:\/\/telocuentavictorhugo.com\/wp-content\/uploads\/2026\/04\/4-9.jpg","contentUrl":"https:\/\/telocuentavictorhugo.com\/wp-content\/uploads\/2026\/04\/4-9.jpg","width":1417,"height":774},{"@type":"BreadcrumbList","@id":"https:\/\/telocuentavictorhugo.com\/index.php\/2026\/04\/25\/senadora-mallon-califica-de-mago-al-ministro-de-gobierno-por-aparicion-de-caja-fuerte\/#breadcrumb","itemListElement":[{"@type":"ListItem","position":1,"name":"Portada","item":"https:\/\/telocuentavictorhugo.com\/"},{"@type":"ListItem","position":2,"name":"SENADORA MALL\u00d3N CALIFICA DE \u00abMAGO\u00bb AL MINISTRO DE GOBIERNO POR APARICI\u00d3N DE CAJA FUERTE"}]},{"@type":"WebSite","@id":"https:\/\/telocuentavictorhugo.com\/#website","url":"https:\/\/telocuentavictorhugo.com\/","name":"Te lo Cuenta Victor","description":"","publisher":{"@id":"https:\/\/telocuentavictorhugo.com\/#organization"},"potentialAction":[{"@type":"SearchAction","target":{"@type":"EntryPoint","urlTemplate":"https:\/\/telocuentavictorhugo.com\/?s={search_term_string}"},"query-input":{"@type":"PropertyValueSpecification","valueRequired":true,"valueName":"search_term_string"}}],"inLanguage":"es"},{"@type":"Organization","@id":"https:\/\/telocuentavictorhugo.com\/#organization","name":"Te lo Cuenta Victor","url":"https:\/\/telocuentavictorhugo.com\/","logo":{"@type":"ImageObject","inLanguage":"es","@id":"https:\/\/telocuentavictorhugo.com\/#\/schema\/logo\/image\/","url":"https:\/\/telocuentavictorhugo.com\/wp-content\/uploads\/2023\/12\/Logo.png","contentUrl":"https:\/\/telocuentavictorhugo.com\/wp-content\/uploads\/2023\/12\/Logo.png","width":1080,"height":176,"caption":"Te lo Cuenta Victor"},"image":{"@id":"https:\/\/telocuentavictorhugo.com\/#\/schema\/logo\/image\/"}},{"@type":"Person","@id":"https:\/\/telocuentavictorhugo.com\/#\/schema\/person\/a8307d7271ba2849b49b562ad8602f06","name":"telocuentavictorhugo.com","image":{"@type":"ImageObject","inLanguage":"es","@id":"https:\/\/secure.gravatar.com\/avatar\/da212e7b532df19fd2aea5daf46d8c176abfc85521e4b80ed435d7426ef63eb6?s=96&d=mm&r=g","url":"https:\/\/secure.gravatar.com\/avatar\/da212e7b532df19fd2aea5daf46d8c176abfc85521e4b80ed435d7426ef63eb6?s=96&d=mm&r=g","contentUrl":"https:\/\/secure.gravatar.com\/avatar\/da212e7b532df19fd2aea5daf46d8c176abfc85521e4b80ed435d7426ef63eb6?s=96&d=mm&r=g","caption":"telocuentavictorhugo.com"},"sameAs":["http:\/\/telocuentavictorhugo.com"],"url":"https:\/\/telocuentavictorhugo.com\/index.php\/author\/plustvpress-com\/"}]}},"_links":{"self":[{"href":"https:\/\/telocuentavictorhugo.com\/index.php\/wp-json\/wp\/v2\/posts\/15170","targetHints":{"allow":["GET"]}}],"collection":[{"href":"https:\/\/telocuentavictorhugo.com\/index.php\/wp-json\/wp\/v2\/posts"}],"about":[{"href":"https:\/\/telocuentavictorhugo.com\/index.php\/wp-json\/wp\/v2\/types\/post"}],"author":[{"embeddable":true,"href":"https:\/\/telocuentavictorhugo.com\/index.php\/wp-json\/wp\/v2\/users\/1"}],"replies":[{"embeddable":true,"href":"https:\/\/telocuentavictorhugo.com\/index.php\/wp-json\/wp\/v2\/comments?post=15170"}],"version-history":[{"count":1,"href":"https:\/\/telocuentavictorhugo.com\/index.php\/wp-json\/wp\/v2\/posts\/15170\/revisions"}],"predecessor-version":[{"id":15243,"href":"https:\/\/telocuentavictorhugo.com\/index.php\/wp-json\/wp\/v2\/posts\/15170\/revisions\/15243"}],"wp:featuredmedia":[{"embeddable":true,"href":"https:\/\/telocuentavictorhugo.com\/index.php\/wp-json\/wp\/v2\/media\/15206"}],"wp:attachment":[{"href":"https:\/\/telocuentavictorhugo.com\/index.php\/wp-json\/wp\/v2\/media?parent=15170"}],"wp:term":[{"taxonomy":"category","embeddable":true,"href":"https:\/\/telocuentavictorhugo.com\/index.php\/wp-json\/wp\/v2\/categories?post=15170"},{"taxonomy":"post_tag","embeddable":true,"href":"https:\/\/telocuentavictorhugo.com\/index.php\/wp-json\/wp\/v2\/tags?post=15170"}],"curies":[{"name":"wp","href":"https:\/\/api.w.org\/{rel}","templated":true}]}}