{"id":15169,"date":"2026-04-25T01:29:47","date_gmt":"2026-04-25T05:29:47","guid":{"rendered":"https:\/\/telocuentavictorhugo.com\/?p=15169"},"modified":"2026-04-25T01:29:48","modified_gmt":"2026-04-25T05:29:48","slug":"juez-zeballos-frena-a-oviedo-no-dejara-meter-la-nueva-caja-de-marset-sin-cadena-de-custodia","status":"publish","type":"post","link":"https:\/\/telocuentavictorhugo.com\/index.php\/2026\/04\/25\/juez-zeballos-frena-a-oviedo-no-dejara-meter-la-nueva-caja-de-marset-sin-cadena-de-custodia\/","title":{"rendered":"JUEZ ZEBALLOS FRENA A OVIEDO: NO DEJAR\u00c1 METER LA NUEVA CAJA DE MARSET SIN CADENA DE CUSTODIA"},"content":{"rendered":"\n<p>El fiscal departamental de Santa Cruz, Alberto Zeballos, lanz\u00f3 una dura advertencia tras la sorpresiva aparici\u00f3n de una cuarta caja fuerte de Sebasti\u00e1n Marset: el Ministerio P\u00fablico no permitir\u00e1 que se incorporen elementos \u201cque no fueron validados ni siguieron la cadena de custodia\u201d. Cuestion\u00f3 que el ministro de Gobierno, Marco Antonio Oviedo, reci\u00e9n revele 40 d\u00edas despu\u00e9s de la captura que hallaron d\u00f3lares, euros, reales, bolivianos, pasaportes, tarjetas y relojes de alto valor. Zeballos afirm\u00f3 que una comisi\u00f3n de fiscales revisar\u00e1 si la caja fue incorporada l\u00edcitamente al proceso y remarc\u00f3 que no hubo requerimientos de cooperaci\u00f3n internacional para pericias, pese a que el celular hallado fue enviado a Estados Unidos. La tensi\u00f3n crece mientras hay nueve procesos abiertos contra el narco uruguayo.<\/p>\n\n\n\n<figure class=\"wp-block-embed is-type-video is-provider-youtube wp-block-embed-youtube wp-embed-aspect-16-9 wp-has-aspect-ratio\"><div class=\"wp-block-embed__wrapper\">\n<iframe title=\"JUEZ ZEBALLOS FRENA A OVIEDO: NO DEJAR\u00c1 METER LA NUEVA CAJA DE MARSET SIN CADENA DE CUSTODIA\" width=\"800\" height=\"450\" src=\"https:\/\/www.youtube.com\/embed\/AMyOYobNAJs?feature=oembed\" frameborder=\"0\" allow=\"accelerometer; autoplay; clipboard-write; encrypted-media; gyroscope; picture-in-picture; web-share\" referrerpolicy=\"strict-origin-when-cross-origin\" allowfullscreen><\/iframe>\n<\/div><\/figure>\n","protected":false},"excerpt":{"rendered":"<p>El fiscal departamental de Santa Cruz, Alberto Zeballos, lanz\u00f3 una dura advertencia tras la sorpresiva aparici\u00f3n de una cuarta caja fuerte de Sebasti\u00e1n Marset: el Ministerio P\u00fablico no permitir\u00e1 que se incorporen elementos \u201cque no fueron validados ni siguieron la cadena de custodia\u201d. Cuestion\u00f3 que el ministro de Gobierno, Marco Antonio Oviedo, reci\u00e9n revele 40 [&hellip;]<\/p>\n","protected":false},"author":1,"featured_media":15205,"comment_status":"open","ping_status":"open","sticky":false,"template":"","format":"standard","meta":{"_eb_attr":"","footnotes":""},"categories":[1],"tags":[113,116],"class_list":["post-15169","post","type-post","status-publish","format-standard","has-post-thumbnail","hentry","category-noticias","tag-noticias","tag-seguridad"],"yoast_head":"<!-- This site is optimized with the Yoast SEO plugin v27.4 - https:\/\/yoast.com\/product\/yoast-seo-wordpress\/ -->\n<title>JUEZ ZEBALLOS FRENA A OVIEDO: NO DEJAR\u00c1 METER LA NUEVA CAJA DE MARSET SIN CADENA DE CUSTODIA - Te lo Cuenta Victor<\/title>\n<meta name=\"robots\" content=\"index, follow, max-snippet:-1, max-image-preview:large, max-video-preview:-1\" \/>\n<link rel=\"canonical\" href=\"https:\/\/telocuentavictorhugo.com\/index.php\/2026\/04\/25\/juez-zeballos-frena-a-oviedo-no-dejara-meter-la-nueva-caja-de-marset-sin-cadena-de-custodia\/\" \/>\n<meta property=\"og:locale\" content=\"es_ES\" \/>\n<meta property=\"og:type\" content=\"article\" \/>\n<meta property=\"og:title\" content=\"JUEZ ZEBALLOS FRENA A OVIEDO: NO DEJAR\u00c1 METER LA NUEVA CAJA DE MARSET SIN CADENA DE CUSTODIA - Te lo Cuenta Victor\" \/>\n<meta property=\"og:description\" content=\"El fiscal departamental de Santa Cruz, Alberto Zeballos, lanz\u00f3 una dura advertencia tras la sorpresiva aparici\u00f3n de una cuarta caja fuerte de Sebasti\u00e1n Marset: el Ministerio P\u00fablico no permitir\u00e1 que se incorporen elementos \u201cque no fueron validados ni siguieron la cadena de custodia\u201d. Cuestion\u00f3 que el ministro de Gobierno, Marco Antonio Oviedo, reci\u00e9n revele 40 [&hellip;]\" \/>\n<meta property=\"og:url\" content=\"https:\/\/telocuentavictorhugo.com\/index.php\/2026\/04\/25\/juez-zeballos-frena-a-oviedo-no-dejara-meter-la-nueva-caja-de-marset-sin-cadena-de-custodia\/\" \/>\n<meta property=\"og:site_name\" content=\"Te lo Cuenta Victor\" \/>\n<meta property=\"article:published_time\" content=\"2026-04-25T05:29:47+00:00\" \/>\n<meta property=\"article:modified_time\" content=\"2026-04-25T05:29:48+00:00\" \/>\n<meta property=\"og:image\" content=\"http:\/\/telocuentavictorhugo.com\/wp-content\/uploads\/2026\/04\/3-9.jpg\" \/>\n\t<meta property=\"og:image:width\" content=\"1394\" \/>\n\t<meta property=\"og:image:height\" content=\"780\" \/>\n\t<meta property=\"og:image:type\" content=\"image\/jpeg\" \/>\n<meta name=\"author\" content=\"telocuentavictorhugo.com\" \/>\n<meta name=\"twitter:card\" content=\"summary_large_image\" \/>\n<meta name=\"twitter:label1\" content=\"Escrito por\" \/>\n\t<meta name=\"twitter:data1\" content=\"telocuentavictorhugo.com\" \/>\n\t<meta name=\"twitter:label2\" content=\"Tiempo de lectura\" \/>\n\t<meta name=\"twitter:data2\" content=\"1 minuto\" \/>\n<script type=\"application\/ld+json\" class=\"yoast-schema-graph\">{\"@context\":\"https:\\\/\\\/schema.org\",\"@graph\":[{\"@type\":\"Article\",\"@id\":\"https:\\\/\\\/telocuentavictorhugo.com\\\/index.php\\\/2026\\\/04\\\/25\\\/juez-zeballos-frena-a-oviedo-no-dejara-meter-la-nueva-caja-de-marset-sin-cadena-de-custodia\\\/#article\",\"isPartOf\":{\"@id\":\"https:\\\/\\\/telocuentavictorhugo.com\\\/index.php\\\/2026\\\/04\\\/25\\\/juez-zeballos-frena-a-oviedo-no-dejara-meter-la-nueva-caja-de-marset-sin-cadena-de-custodia\\\/\"},\"author\":{\"name\":\"telocuentavictorhugo.com\",\"@id\":\"https:\\\/\\\/telocuentavictorhugo.com\\\/#\\\/schema\\\/person\\\/a8307d7271ba2849b49b562ad8602f06\"},\"headline\":\"JUEZ ZEBALLOS FRENA A OVIEDO: NO DEJAR\u00c1 METER LA NUEVA CAJA DE MARSET SIN CADENA DE CUSTODIA\",\"datePublished\":\"2026-04-25T05:29:47+00:00\",\"dateModified\":\"2026-04-25T05:29:48+00:00\",\"mainEntityOfPage\":{\"@id\":\"https:\\\/\\\/telocuentavictorhugo.com\\\/index.php\\\/2026\\\/04\\\/25\\\/juez-zeballos-frena-a-oviedo-no-dejara-meter-la-nueva-caja-de-marset-sin-cadena-de-custodia\\\/\"},\"wordCount\":154,\"commentCount\":0,\"publisher\":{\"@id\":\"https:\\\/\\\/telocuentavictorhugo.com\\\/#organization\"},\"image\":{\"@id\":\"https:\\\/\\\/telocuentavictorhugo.com\\\/index.php\\\/2026\\\/04\\\/25\\\/juez-zeballos-frena-a-oviedo-no-dejara-meter-la-nueva-caja-de-marset-sin-cadena-de-custodia\\\/#primaryimage\"},\"thumbnailUrl\":\"https:\\\/\\\/telocuentavictorhugo.com\\\/wp-content\\\/uploads\\\/2026\\\/04\\\/3-9.jpg\",\"keywords\":[\"NOTICIAS\",\"SEGURIDAD\"],\"articleSection\":[\"Noticias\"],\"inLanguage\":\"es\",\"potentialAction\":[{\"@type\":\"CommentAction\",\"name\":\"Comment\",\"target\":[\"https:\\\/\\\/telocuentavictorhugo.com\\\/index.php\\\/2026\\\/04\\\/25\\\/juez-zeballos-frena-a-oviedo-no-dejara-meter-la-nueva-caja-de-marset-sin-cadena-de-custodia\\\/#respond\"]}]},{\"@type\":\"WebPage\",\"@id\":\"https:\\\/\\\/telocuentavictorhugo.com\\\/index.php\\\/2026\\\/04\\\/25\\\/juez-zeballos-frena-a-oviedo-no-dejara-meter-la-nueva-caja-de-marset-sin-cadena-de-custodia\\\/\",\"url\":\"https:\\\/\\\/telocuentavictorhugo.com\\\/index.php\\\/2026\\\/04\\\/25\\\/juez-zeballos-frena-a-oviedo-no-dejara-meter-la-nueva-caja-de-marset-sin-cadena-de-custodia\\\/\",\"name\":\"JUEZ ZEBALLOS FRENA A OVIEDO: NO DEJAR\u00c1 METER LA NUEVA CAJA DE MARSET SIN CADENA DE CUSTODIA - Te lo Cuenta Victor\",\"isPartOf\":{\"@id\":\"https:\\\/\\\/telocuentavictorhugo.com\\\/#website\"},\"primaryImageOfPage\":{\"@id\":\"https:\\\/\\\/telocuentavictorhugo.com\\\/index.php\\\/2026\\\/04\\\/25\\\/juez-zeballos-frena-a-oviedo-no-dejara-meter-la-nueva-caja-de-marset-sin-cadena-de-custodia\\\/#primaryimage\"},\"image\":{\"@id\":\"https:\\\/\\\/telocuentavictorhugo.com\\\/index.php\\\/2026\\\/04\\\/25\\\/juez-zeballos-frena-a-oviedo-no-dejara-meter-la-nueva-caja-de-marset-sin-cadena-de-custodia\\\/#primaryimage\"},\"thumbnailUrl\":\"https:\\\/\\\/telocuentavictorhugo.com\\\/wp-content\\\/uploads\\\/2026\\\/04\\\/3-9.jpg\",\"datePublished\":\"2026-04-25T05:29:47+00:00\",\"dateModified\":\"2026-04-25T05:29:48+00:00\",\"breadcrumb\":{\"@id\":\"https:\\\/\\\/telocuentavictorhugo.com\\\/index.php\\\/2026\\\/04\\\/25\\\/juez-zeballos-frena-a-oviedo-no-dejara-meter-la-nueva-caja-de-marset-sin-cadena-de-custodia\\\/#breadcrumb\"},\"inLanguage\":\"es\",\"potentialAction\":[{\"@type\":\"ReadAction\",\"target\":[\"https:\\\/\\\/telocuentavictorhugo.com\\\/index.php\\\/2026\\\/04\\\/25\\\/juez-zeballos-frena-a-oviedo-no-dejara-meter-la-nueva-caja-de-marset-sin-cadena-de-custodia\\\/\"]}]},{\"@type\":\"ImageObject\",\"inLanguage\":\"es\",\"@id\":\"https:\\\/\\\/telocuentavictorhugo.com\\\/index.php\\\/2026\\\/04\\\/25\\\/juez-zeballos-frena-a-oviedo-no-dejara-meter-la-nueva-caja-de-marset-sin-cadena-de-custodia\\\/#primaryimage\",\"url\":\"https:\\\/\\\/telocuentavictorhugo.com\\\/wp-content\\\/uploads\\\/2026\\\/04\\\/3-9.jpg\",\"contentUrl\":\"https:\\\/\\\/telocuentavictorhugo.com\\\/wp-content\\\/uploads\\\/2026\\\/04\\\/3-9.jpg\",\"width\":1394,\"height\":780},{\"@type\":\"BreadcrumbList\",\"@id\":\"https:\\\/\\\/telocuentavictorhugo.com\\\/index.php\\\/2026\\\/04\\\/25\\\/juez-zeballos-frena-a-oviedo-no-dejara-meter-la-nueva-caja-de-marset-sin-cadena-de-custodia\\\/#breadcrumb\",\"itemListElement\":[{\"@type\":\"ListItem\",\"position\":1,\"name\":\"Portada\",\"item\":\"https:\\\/\\\/telocuentavictorhugo.com\\\/\"},{\"@type\":\"ListItem\",\"position\":2,\"name\":\"JUEZ ZEBALLOS FRENA A OVIEDO: NO DEJAR\u00c1 METER LA NUEVA CAJA DE MARSET SIN CADENA DE CUSTODIA\"}]},{\"@type\":\"WebSite\",\"@id\":\"https:\\\/\\\/telocuentavictorhugo.com\\\/#website\",\"url\":\"https:\\\/\\\/telocuentavictorhugo.com\\\/\",\"name\":\"Te lo Cuenta Victor\",\"description\":\"\",\"publisher\":{\"@id\":\"https:\\\/\\\/telocuentavictorhugo.com\\\/#organization\"},\"potentialAction\":[{\"@type\":\"SearchAction\",\"target\":{\"@type\":\"EntryPoint\",\"urlTemplate\":\"https:\\\/\\\/telocuentavictorhugo.com\\\/?s={search_term_string}\"},\"query-input\":{\"@type\":\"PropertyValueSpecification\",\"valueRequired\":true,\"valueName\":\"search_term_string\"}}],\"inLanguage\":\"es\"},{\"@type\":\"Organization\",\"@id\":\"https:\\\/\\\/telocuentavictorhugo.com\\\/#organization\",\"name\":\"Te lo Cuenta Victor\",\"url\":\"https:\\\/\\\/telocuentavictorhugo.com\\\/\",\"logo\":{\"@type\":\"ImageObject\",\"inLanguage\":\"es\",\"@id\":\"https:\\\/\\\/telocuentavictorhugo.com\\\/#\\\/schema\\\/logo\\\/image\\\/\",\"url\":\"https:\\\/\\\/telocuentavictorhugo.com\\\/wp-content\\\/uploads\\\/2023\\\/12\\\/Logo.png\",\"contentUrl\":\"https:\\\/\\\/telocuentavictorhugo.com\\\/wp-content\\\/uploads\\\/2023\\\/12\\\/Logo.png\",\"width\":1080,\"height\":176,\"caption\":\"Te lo Cuenta Victor\"},\"image\":{\"@id\":\"https:\\\/\\\/telocuentavictorhugo.com\\\/#\\\/schema\\\/logo\\\/image\\\/\"}},{\"@type\":\"Person\",\"@id\":\"https:\\\/\\\/telocuentavictorhugo.com\\\/#\\\/schema\\\/person\\\/a8307d7271ba2849b49b562ad8602f06\",\"name\":\"telocuentavictorhugo.com\",\"image\":{\"@type\":\"ImageObject\",\"inLanguage\":\"es\",\"@id\":\"https:\\\/\\\/secure.gravatar.com\\\/avatar\\\/da212e7b532df19fd2aea5daf46d8c176abfc85521e4b80ed435d7426ef63eb6?s=96&d=mm&r=g\",\"url\":\"https:\\\/\\\/secure.gravatar.com\\\/avatar\\\/da212e7b532df19fd2aea5daf46d8c176abfc85521e4b80ed435d7426ef63eb6?s=96&d=mm&r=g\",\"contentUrl\":\"https:\\\/\\\/secure.gravatar.com\\\/avatar\\\/da212e7b532df19fd2aea5daf46d8c176abfc85521e4b80ed435d7426ef63eb6?s=96&d=mm&r=g\",\"caption\":\"telocuentavictorhugo.com\"},\"sameAs\":[\"http:\\\/\\\/telocuentavictorhugo.com\"],\"url\":\"https:\\\/\\\/telocuentavictorhugo.com\\\/index.php\\\/author\\\/plustvpress-com\\\/\"}]}<\/script>\n<!-- \/ Yoast SEO plugin. -->","yoast_head_json":{"title":"JUEZ ZEBALLOS FRENA A OVIEDO: NO DEJAR\u00c1 METER LA NUEVA CAJA DE MARSET SIN CADENA DE CUSTODIA - Te lo Cuenta Victor","robots":{"index":"index","follow":"follow","max-snippet":"max-snippet:-1","max-image-preview":"max-image-preview:large","max-video-preview":"max-video-preview:-1"},"canonical":"https:\/\/telocuentavictorhugo.com\/index.php\/2026\/04\/25\/juez-zeballos-frena-a-oviedo-no-dejara-meter-la-nueva-caja-de-marset-sin-cadena-de-custodia\/","og_locale":"es_ES","og_type":"article","og_title":"JUEZ ZEBALLOS FRENA A OVIEDO: NO DEJAR\u00c1 METER LA NUEVA CAJA DE MARSET SIN CADENA DE CUSTODIA - Te lo Cuenta Victor","og_description":"El fiscal departamental de Santa Cruz, Alberto Zeballos, lanz\u00f3 una dura advertencia tras la sorpresiva aparici\u00f3n de una cuarta caja fuerte de Sebasti\u00e1n Marset: el Ministerio P\u00fablico no permitir\u00e1 que se incorporen elementos \u201cque no fueron validados ni siguieron la cadena de custodia\u201d. Cuestion\u00f3 que el ministro de Gobierno, Marco Antonio Oviedo, reci\u00e9n revele 40 [&hellip;]","og_url":"https:\/\/telocuentavictorhugo.com\/index.php\/2026\/04\/25\/juez-zeballos-frena-a-oviedo-no-dejara-meter-la-nueva-caja-de-marset-sin-cadena-de-custodia\/","og_site_name":"Te lo Cuenta Victor","article_published_time":"2026-04-25T05:29:47+00:00","article_modified_time":"2026-04-25T05:29:48+00:00","og_image":[{"width":1394,"height":780,"url":"http:\/\/telocuentavictorhugo.com\/wp-content\/uploads\/2026\/04\/3-9.jpg","type":"image\/jpeg"}],"author":"telocuentavictorhugo.com","twitter_card":"summary_large_image","twitter_misc":{"Escrito por":"telocuentavictorhugo.com","Tiempo de lectura":"1 minuto"},"schema":{"@context":"https:\/\/schema.org","@graph":[{"@type":"Article","@id":"https:\/\/telocuentavictorhugo.com\/index.php\/2026\/04\/25\/juez-zeballos-frena-a-oviedo-no-dejara-meter-la-nueva-caja-de-marset-sin-cadena-de-custodia\/#article","isPartOf":{"@id":"https:\/\/telocuentavictorhugo.com\/index.php\/2026\/04\/25\/juez-zeballos-frena-a-oviedo-no-dejara-meter-la-nueva-caja-de-marset-sin-cadena-de-custodia\/"},"author":{"name":"telocuentavictorhugo.com","@id":"https:\/\/telocuentavictorhugo.com\/#\/schema\/person\/a8307d7271ba2849b49b562ad8602f06"},"headline":"JUEZ ZEBALLOS FRENA A OVIEDO: NO DEJAR\u00c1 METER LA NUEVA CAJA DE MARSET SIN CADENA DE CUSTODIA","datePublished":"2026-04-25T05:29:47+00:00","dateModified":"2026-04-25T05:29:48+00:00","mainEntityOfPage":{"@id":"https:\/\/telocuentavictorhugo.com\/index.php\/2026\/04\/25\/juez-zeballos-frena-a-oviedo-no-dejara-meter-la-nueva-caja-de-marset-sin-cadena-de-custodia\/"},"wordCount":154,"commentCount":0,"publisher":{"@id":"https:\/\/telocuentavictorhugo.com\/#organization"},"image":{"@id":"https:\/\/telocuentavictorhugo.com\/index.php\/2026\/04\/25\/juez-zeballos-frena-a-oviedo-no-dejara-meter-la-nueva-caja-de-marset-sin-cadena-de-custodia\/#primaryimage"},"thumbnailUrl":"https:\/\/telocuentavictorhugo.com\/wp-content\/uploads\/2026\/04\/3-9.jpg","keywords":["NOTICIAS","SEGURIDAD"],"articleSection":["Noticias"],"inLanguage":"es","potentialAction":[{"@type":"CommentAction","name":"Comment","target":["https:\/\/telocuentavictorhugo.com\/index.php\/2026\/04\/25\/juez-zeballos-frena-a-oviedo-no-dejara-meter-la-nueva-caja-de-marset-sin-cadena-de-custodia\/#respond"]}]},{"@type":"WebPage","@id":"https:\/\/telocuentavictorhugo.com\/index.php\/2026\/04\/25\/juez-zeballos-frena-a-oviedo-no-dejara-meter-la-nueva-caja-de-marset-sin-cadena-de-custodia\/","url":"https:\/\/telocuentavictorhugo.com\/index.php\/2026\/04\/25\/juez-zeballos-frena-a-oviedo-no-dejara-meter-la-nueva-caja-de-marset-sin-cadena-de-custodia\/","name":"JUEZ ZEBALLOS FRENA A OVIEDO: NO DEJAR\u00c1 METER LA NUEVA CAJA DE MARSET SIN CADENA DE CUSTODIA - Te lo Cuenta Victor","isPartOf":{"@id":"https:\/\/telocuentavictorhugo.com\/#website"},"primaryImageOfPage":{"@id":"https:\/\/telocuentavictorhugo.com\/index.php\/2026\/04\/25\/juez-zeballos-frena-a-oviedo-no-dejara-meter-la-nueva-caja-de-marset-sin-cadena-de-custodia\/#primaryimage"},"image":{"@id":"https:\/\/telocuentavictorhugo.com\/index.php\/2026\/04\/25\/juez-zeballos-frena-a-oviedo-no-dejara-meter-la-nueva-caja-de-marset-sin-cadena-de-custodia\/#primaryimage"},"thumbnailUrl":"https:\/\/telocuentavictorhugo.com\/wp-content\/uploads\/2026\/04\/3-9.jpg","datePublished":"2026-04-25T05:29:47+00:00","dateModified":"2026-04-25T05:29:48+00:00","breadcrumb":{"@id":"https:\/\/telocuentavictorhugo.com\/index.php\/2026\/04\/25\/juez-zeballos-frena-a-oviedo-no-dejara-meter-la-nueva-caja-de-marset-sin-cadena-de-custodia\/#breadcrumb"},"inLanguage":"es","potentialAction":[{"@type":"ReadAction","target":["https:\/\/telocuentavictorhugo.com\/index.php\/2026\/04\/25\/juez-zeballos-frena-a-oviedo-no-dejara-meter-la-nueva-caja-de-marset-sin-cadena-de-custodia\/"]}]},{"@type":"ImageObject","inLanguage":"es","@id":"https:\/\/telocuentavictorhugo.com\/index.php\/2026\/04\/25\/juez-zeballos-frena-a-oviedo-no-dejara-meter-la-nueva-caja-de-marset-sin-cadena-de-custodia\/#primaryimage","url":"https:\/\/telocuentavictorhugo.com\/wp-content\/uploads\/2026\/04\/3-9.jpg","contentUrl":"https:\/\/telocuentavictorhugo.com\/wp-content\/uploads\/2026\/04\/3-9.jpg","width":1394,"height":780},{"@type":"BreadcrumbList","@id":"https:\/\/telocuentavictorhugo.com\/index.php\/2026\/04\/25\/juez-zeballos-frena-a-oviedo-no-dejara-meter-la-nueva-caja-de-marset-sin-cadena-de-custodia\/#breadcrumb","itemListElement":[{"@type":"ListItem","position":1,"name":"Portada","item":"https:\/\/telocuentavictorhugo.com\/"},{"@type":"ListItem","position":2,"name":"JUEZ ZEBALLOS FRENA A OVIEDO: NO DEJAR\u00c1 METER LA NUEVA CAJA DE MARSET SIN CADENA DE CUSTODIA"}]},{"@type":"WebSite","@id":"https:\/\/telocuentavictorhugo.com\/#website","url":"https:\/\/telocuentavictorhugo.com\/","name":"Te lo Cuenta Victor","description":"","publisher":{"@id":"https:\/\/telocuentavictorhugo.com\/#organization"},"potentialAction":[{"@type":"SearchAction","target":{"@type":"EntryPoint","urlTemplate":"https:\/\/telocuentavictorhugo.com\/?s={search_term_string}"},"query-input":{"@type":"PropertyValueSpecification","valueRequired":true,"valueName":"search_term_string"}}],"inLanguage":"es"},{"@type":"Organization","@id":"https:\/\/telocuentavictorhugo.com\/#organization","name":"Te lo Cuenta Victor","url":"https:\/\/telocuentavictorhugo.com\/","logo":{"@type":"ImageObject","inLanguage":"es","@id":"https:\/\/telocuentavictorhugo.com\/#\/schema\/logo\/image\/","url":"https:\/\/telocuentavictorhugo.com\/wp-content\/uploads\/2023\/12\/Logo.png","contentUrl":"https:\/\/telocuentavictorhugo.com\/wp-content\/uploads\/2023\/12\/Logo.png","width":1080,"height":176,"caption":"Te lo Cuenta Victor"},"image":{"@id":"https:\/\/telocuentavictorhugo.com\/#\/schema\/logo\/image\/"}},{"@type":"Person","@id":"https:\/\/telocuentavictorhugo.com\/#\/schema\/person\/a8307d7271ba2849b49b562ad8602f06","name":"telocuentavictorhugo.com","image":{"@type":"ImageObject","inLanguage":"es","@id":"https:\/\/secure.gravatar.com\/avatar\/da212e7b532df19fd2aea5daf46d8c176abfc85521e4b80ed435d7426ef63eb6?s=96&d=mm&r=g","url":"https:\/\/secure.gravatar.com\/avatar\/da212e7b532df19fd2aea5daf46d8c176abfc85521e4b80ed435d7426ef63eb6?s=96&d=mm&r=g","contentUrl":"https:\/\/secure.gravatar.com\/avatar\/da212e7b532df19fd2aea5daf46d8c176abfc85521e4b80ed435d7426ef63eb6?s=96&d=mm&r=g","caption":"telocuentavictorhugo.com"},"sameAs":["http:\/\/telocuentavictorhugo.com"],"url":"https:\/\/telocuentavictorhugo.com\/index.php\/author\/plustvpress-com\/"}]}},"_links":{"self":[{"href":"https:\/\/telocuentavictorhugo.com\/index.php\/wp-json\/wp\/v2\/posts\/15169","targetHints":{"allow":["GET"]}}],"collection":[{"href":"https:\/\/telocuentavictorhugo.com\/index.php\/wp-json\/wp\/v2\/posts"}],"about":[{"href":"https:\/\/telocuentavictorhugo.com\/index.php\/wp-json\/wp\/v2\/types\/post"}],"author":[{"embeddable":true,"href":"https:\/\/telocuentavictorhugo.com\/index.php\/wp-json\/wp\/v2\/users\/1"}],"replies":[{"embeddable":true,"href":"https:\/\/telocuentavictorhugo.com\/index.php\/wp-json\/wp\/v2\/comments?post=15169"}],"version-history":[{"count":1,"href":"https:\/\/telocuentavictorhugo.com\/index.php\/wp-json\/wp\/v2\/posts\/15169\/revisions"}],"predecessor-version":[{"id":15242,"href":"https:\/\/telocuentavictorhugo.com\/index.php\/wp-json\/wp\/v2\/posts\/15169\/revisions\/15242"}],"wp:featuredmedia":[{"embeddable":true,"href":"https:\/\/telocuentavictorhugo.com\/index.php\/wp-json\/wp\/v2\/media\/15205"}],"wp:attachment":[{"href":"https:\/\/telocuentavictorhugo.com\/index.php\/wp-json\/wp\/v2\/media?parent=15169"}],"wp:term":[{"taxonomy":"category","embeddable":true,"href":"https:\/\/telocuentavictorhugo.com\/index.php\/wp-json\/wp\/v2\/categories?post=15169"},{"taxonomy":"post_tag","embeddable":true,"href":"https:\/\/telocuentavictorhugo.com\/index.php\/wp-json\/wp\/v2\/tags?post=15169"}],"curies":[{"name":"wp","href":"https:\/\/api.w.org\/{rel}","templated":true}]}}