{"id":11156,"date":"2025-11-22T17:56:05","date_gmt":"2025-11-22T21:56:05","guid":{"rendered":"https:\/\/telocuentavictorhugo.com\/?p=11156"},"modified":"2025-11-22T17:56:06","modified_gmt":"2025-11-22T21:56:06","slug":"ronaldo-en-la-casa-blanca-la-cena-que-fortalecio-su-vinculo-con-trump","status":"publish","type":"post","link":"https:\/\/telocuentavictorhugo.com\/index.php\/2025\/11\/22\/ronaldo-en-la-casa-blanca-la-cena-que-fortalecio-su-vinculo-con-trump\/","title":{"rendered":"RONALDO EN LA CASA BLANCA: LA CENA QUE FORTALECI\u00d3 SU V\u00cdNCULO CON TRUMP"},"content":{"rendered":"\n<p>Cristiano Ronaldo vuelve a pisar suelo estadounidense tras m\u00e1s de una d\u00e9cada en un evento que combina f\u00fatbol, pol\u00edtica y diplomacia. El capit\u00e1n de Portugal y estrella del Al-Nassr FC fue parte de una cena de gala en la Casa Blanca, invitado por el expresidente Donald Trump como parte de la delegaci\u00f3n que acompa\u00f1a al pr\u00edncipe heredero de Arabia Saud\u00ed, Mohammed bin Salman, en su visita de Estado a Washington. En una noche marcada por encuentros con figuras internacionales, el futbolista acudi\u00f3 acompa\u00f1ado de Georgina Rodr\u00edguez, en una velada que cont\u00f3 con la presencia de l\u00edderes mundiales, empresarios y personalidades del deporte, en medio de una lluvia que oblig\u00f3 a cubrir la alfombra roja. La reuni\u00f3n, que sirvi\u00f3 para fortalecer lazos diplom\u00e1ticos y promover los intereses saud\u00edes en la esfera cultural y deportiva, tambi\u00e9n fue testigo de elogios de Trump hacia el pr\u00edncipe heredero y de una imagen compartida en redes sociales por Ronaldo, quien no pronunci\u00f3 discurso pero fue ubicado en una posici\u00f3n privilegiada en el sal\u00f3n principal.<\/p>\n\n\n\n<figure class=\"wp-block-embed is-type-video is-provider-youtube wp-block-embed-youtube wp-embed-aspect-16-9 wp-has-aspect-ratio\"><div class=\"wp-block-embed__wrapper\">\n<iframe title=\"RONALDO EN LA CASA BLANCA: LA CENA QUE FORTALECI\u00d3 SU V\u00cdNCULO CON TRUMP\" width=\"800\" height=\"450\" src=\"https:\/\/www.youtube.com\/embed\/eBUgeQeUF-c?feature=oembed\" frameborder=\"0\" allow=\"accelerometer; autoplay; clipboard-write; encrypted-media; gyroscope; picture-in-picture; web-share\" referrerpolicy=\"strict-origin-when-cross-origin\" allowfullscreen><\/iframe>\n<\/div><\/figure>\n","protected":false},"excerpt":{"rendered":"<p>Cristiano Ronaldo vuelve a pisar suelo estadounidense tras m\u00e1s de una d\u00e9cada en un evento que combina f\u00fatbol, pol\u00edtica y diplomacia. El capit\u00e1n de Portugal y estrella del Al-Nassr FC fue parte de una cena de gala en la Casa Blanca, invitado por el expresidente Donald Trump como parte de la delegaci\u00f3n que acompa\u00f1a al [&hellip;]<\/p>\n","protected":false},"author":1,"featured_media":11177,"comment_status":"open","ping_status":"open","sticky":false,"template":"","format":"standard","meta":{"_eb_attr":"","footnotes":""},"categories":[45,46,1],"tags":[],"class_list":["post-11156","post","type-post","status-publish","format-standard","has-post-thumbnail","hentry","category-deporte","category-internacional","category-noticias"],"yoast_head":"<!-- This site is optimized with the Yoast SEO plugin v27.4 - https:\/\/yoast.com\/product\/yoast-seo-wordpress\/ -->\n<title>RONALDO EN LA CASA BLANCA: LA CENA QUE FORTALECI\u00d3 SU V\u00cdNCULO CON TRUMP - Te lo Cuenta Victor<\/title>\n<meta name=\"robots\" content=\"index, follow, max-snippet:-1, max-image-preview:large, max-video-preview:-1\" \/>\n<link rel=\"canonical\" href=\"https:\/\/telocuentavictorhugo.com\/index.php\/2025\/11\/22\/ronaldo-en-la-casa-blanca-la-cena-que-fortalecio-su-vinculo-con-trump\/\" \/>\n<meta property=\"og:locale\" content=\"es_ES\" \/>\n<meta property=\"og:type\" content=\"article\" \/>\n<meta property=\"og:title\" content=\"RONALDO EN LA CASA BLANCA: LA CENA QUE FORTALECI\u00d3 SU V\u00cdNCULO CON TRUMP - Te lo Cuenta Victor\" \/>\n<meta property=\"og:description\" content=\"Cristiano Ronaldo vuelve a pisar suelo estadounidense tras m\u00e1s de una d\u00e9cada en un evento que combina f\u00fatbol, pol\u00edtica y diplomacia. El capit\u00e1n de Portugal y estrella del Al-Nassr FC fue parte de una cena de gala en la Casa Blanca, invitado por el expresidente Donald Trump como parte de la delegaci\u00f3n que acompa\u00f1a al [&hellip;]\" \/>\n<meta property=\"og:url\" content=\"https:\/\/telocuentavictorhugo.com\/index.php\/2025\/11\/22\/ronaldo-en-la-casa-blanca-la-cena-que-fortalecio-su-vinculo-con-trump\/\" \/>\n<meta property=\"og:site_name\" content=\"Te lo Cuenta Victor\" \/>\n<meta property=\"article:published_time\" content=\"2025-11-22T21:56:05+00:00\" \/>\n<meta property=\"article:modified_time\" content=\"2025-11-22T21:56:06+00:00\" \/>\n<meta property=\"og:image\" content=\"http:\/\/telocuentavictorhugo.com\/wp-content\/uploads\/2025\/11\/14-4.jpg\" \/>\n\t<meta property=\"og:image:width\" content=\"868\" \/>\n\t<meta property=\"og:image:height\" content=\"473\" \/>\n\t<meta property=\"og:image:type\" content=\"image\/jpeg\" \/>\n<meta name=\"author\" content=\"telocuentavictorhugo.com\" \/>\n<meta name=\"twitter:card\" content=\"summary_large_image\" \/>\n<meta name=\"twitter:label1\" content=\"Escrito por\" \/>\n\t<meta name=\"twitter:data1\" content=\"telocuentavictorhugo.com\" \/>\n\t<meta name=\"twitter:label2\" content=\"Tiempo de lectura\" \/>\n\t<meta name=\"twitter:data2\" content=\"1 minuto\" \/>\n<script type=\"application\/ld+json\" class=\"yoast-schema-graph\">{\"@context\":\"https:\\\/\\\/schema.org\",\"@graph\":[{\"@type\":\"Article\",\"@id\":\"https:\\\/\\\/telocuentavictorhugo.com\\\/index.php\\\/2025\\\/11\\\/22\\\/ronaldo-en-la-casa-blanca-la-cena-que-fortalecio-su-vinculo-con-trump\\\/#article\",\"isPartOf\":{\"@id\":\"https:\\\/\\\/telocuentavictorhugo.com\\\/index.php\\\/2025\\\/11\\\/22\\\/ronaldo-en-la-casa-blanca-la-cena-que-fortalecio-su-vinculo-con-trump\\\/\"},\"author\":{\"name\":\"telocuentavictorhugo.com\",\"@id\":\"https:\\\/\\\/telocuentavictorhugo.com\\\/#\\\/schema\\\/person\\\/a8307d7271ba2849b49b562ad8602f06\"},\"headline\":\"RONALDO EN LA CASA BLANCA: LA CENA QUE FORTALECI\u00d3 SU V\u00cdNCULO CON TRUMP\",\"datePublished\":\"2025-11-22T21:56:05+00:00\",\"dateModified\":\"2025-11-22T21:56:06+00:00\",\"mainEntityOfPage\":{\"@id\":\"https:\\\/\\\/telocuentavictorhugo.com\\\/index.php\\\/2025\\\/11\\\/22\\\/ronaldo-en-la-casa-blanca-la-cena-que-fortalecio-su-vinculo-con-trump\\\/\"},\"wordCount\":205,\"commentCount\":0,\"publisher\":{\"@id\":\"https:\\\/\\\/telocuentavictorhugo.com\\\/#organization\"},\"image\":{\"@id\":\"https:\\\/\\\/telocuentavictorhugo.com\\\/index.php\\\/2025\\\/11\\\/22\\\/ronaldo-en-la-casa-blanca-la-cena-que-fortalecio-su-vinculo-con-trump\\\/#primaryimage\"},\"thumbnailUrl\":\"https:\\\/\\\/telocuentavictorhugo.com\\\/wp-content\\\/uploads\\\/2025\\\/11\\\/14-4.jpg\",\"articleSection\":[\"Deporte\",\"Internacional\",\"Noticias\"],\"inLanguage\":\"es\",\"potentialAction\":[{\"@type\":\"CommentAction\",\"name\":\"Comment\",\"target\":[\"https:\\\/\\\/telocuentavictorhugo.com\\\/index.php\\\/2025\\\/11\\\/22\\\/ronaldo-en-la-casa-blanca-la-cena-que-fortalecio-su-vinculo-con-trump\\\/#respond\"]}]},{\"@type\":\"WebPage\",\"@id\":\"https:\\\/\\\/telocuentavictorhugo.com\\\/index.php\\\/2025\\\/11\\\/22\\\/ronaldo-en-la-casa-blanca-la-cena-que-fortalecio-su-vinculo-con-trump\\\/\",\"url\":\"https:\\\/\\\/telocuentavictorhugo.com\\\/index.php\\\/2025\\\/11\\\/22\\\/ronaldo-en-la-casa-blanca-la-cena-que-fortalecio-su-vinculo-con-trump\\\/\",\"name\":\"RONALDO EN LA CASA BLANCA: LA CENA QUE FORTALECI\u00d3 SU V\u00cdNCULO CON TRUMP - Te lo Cuenta Victor\",\"isPartOf\":{\"@id\":\"https:\\\/\\\/telocuentavictorhugo.com\\\/#website\"},\"primaryImageOfPage\":{\"@id\":\"https:\\\/\\\/telocuentavictorhugo.com\\\/index.php\\\/2025\\\/11\\\/22\\\/ronaldo-en-la-casa-blanca-la-cena-que-fortalecio-su-vinculo-con-trump\\\/#primaryimage\"},\"image\":{\"@id\":\"https:\\\/\\\/telocuentavictorhugo.com\\\/index.php\\\/2025\\\/11\\\/22\\\/ronaldo-en-la-casa-blanca-la-cena-que-fortalecio-su-vinculo-con-trump\\\/#primaryimage\"},\"thumbnailUrl\":\"https:\\\/\\\/telocuentavictorhugo.com\\\/wp-content\\\/uploads\\\/2025\\\/11\\\/14-4.jpg\",\"datePublished\":\"2025-11-22T21:56:05+00:00\",\"dateModified\":\"2025-11-22T21:56:06+00:00\",\"breadcrumb\":{\"@id\":\"https:\\\/\\\/telocuentavictorhugo.com\\\/index.php\\\/2025\\\/11\\\/22\\\/ronaldo-en-la-casa-blanca-la-cena-que-fortalecio-su-vinculo-con-trump\\\/#breadcrumb\"},\"inLanguage\":\"es\",\"potentialAction\":[{\"@type\":\"ReadAction\",\"target\":[\"https:\\\/\\\/telocuentavictorhugo.com\\\/index.php\\\/2025\\\/11\\\/22\\\/ronaldo-en-la-casa-blanca-la-cena-que-fortalecio-su-vinculo-con-trump\\\/\"]}]},{\"@type\":\"ImageObject\",\"inLanguage\":\"es\",\"@id\":\"https:\\\/\\\/telocuentavictorhugo.com\\\/index.php\\\/2025\\\/11\\\/22\\\/ronaldo-en-la-casa-blanca-la-cena-que-fortalecio-su-vinculo-con-trump\\\/#primaryimage\",\"url\":\"https:\\\/\\\/telocuentavictorhugo.com\\\/wp-content\\\/uploads\\\/2025\\\/11\\\/14-4.jpg\",\"contentUrl\":\"https:\\\/\\\/telocuentavictorhugo.com\\\/wp-content\\\/uploads\\\/2025\\\/11\\\/14-4.jpg\",\"width\":868,\"height\":473},{\"@type\":\"BreadcrumbList\",\"@id\":\"https:\\\/\\\/telocuentavictorhugo.com\\\/index.php\\\/2025\\\/11\\\/22\\\/ronaldo-en-la-casa-blanca-la-cena-que-fortalecio-su-vinculo-con-trump\\\/#breadcrumb\",\"itemListElement\":[{\"@type\":\"ListItem\",\"position\":1,\"name\":\"Portada\",\"item\":\"https:\\\/\\\/telocuentavictorhugo.com\\\/\"},{\"@type\":\"ListItem\",\"position\":2,\"name\":\"RONALDO EN LA CASA BLANCA: LA CENA QUE FORTALECI\u00d3 SU V\u00cdNCULO CON TRUMP\"}]},{\"@type\":\"WebSite\",\"@id\":\"https:\\\/\\\/telocuentavictorhugo.com\\\/#website\",\"url\":\"https:\\\/\\\/telocuentavictorhugo.com\\\/\",\"name\":\"Te lo Cuenta Victor\",\"description\":\"\",\"publisher\":{\"@id\":\"https:\\\/\\\/telocuentavictorhugo.com\\\/#organization\"},\"potentialAction\":[{\"@type\":\"SearchAction\",\"target\":{\"@type\":\"EntryPoint\",\"urlTemplate\":\"https:\\\/\\\/telocuentavictorhugo.com\\\/?s={search_term_string}\"},\"query-input\":{\"@type\":\"PropertyValueSpecification\",\"valueRequired\":true,\"valueName\":\"search_term_string\"}}],\"inLanguage\":\"es\"},{\"@type\":\"Organization\",\"@id\":\"https:\\\/\\\/telocuentavictorhugo.com\\\/#organization\",\"name\":\"Te lo Cuenta Victor\",\"url\":\"https:\\\/\\\/telocuentavictorhugo.com\\\/\",\"logo\":{\"@type\":\"ImageObject\",\"inLanguage\":\"es\",\"@id\":\"https:\\\/\\\/telocuentavictorhugo.com\\\/#\\\/schema\\\/logo\\\/image\\\/\",\"url\":\"https:\\\/\\\/telocuentavictorhugo.com\\\/wp-content\\\/uploads\\\/2023\\\/12\\\/Logo.png\",\"contentUrl\":\"https:\\\/\\\/telocuentavictorhugo.com\\\/wp-content\\\/uploads\\\/2023\\\/12\\\/Logo.png\",\"width\":1080,\"height\":176,\"caption\":\"Te lo Cuenta Victor\"},\"image\":{\"@id\":\"https:\\\/\\\/telocuentavictorhugo.com\\\/#\\\/schema\\\/logo\\\/image\\\/\"}},{\"@type\":\"Person\",\"@id\":\"https:\\\/\\\/telocuentavictorhugo.com\\\/#\\\/schema\\\/person\\\/a8307d7271ba2849b49b562ad8602f06\",\"name\":\"telocuentavictorhugo.com\",\"image\":{\"@type\":\"ImageObject\",\"inLanguage\":\"es\",\"@id\":\"https:\\\/\\\/secure.gravatar.com\\\/avatar\\\/da212e7b532df19fd2aea5daf46d8c176abfc85521e4b80ed435d7426ef63eb6?s=96&d=mm&r=g\",\"url\":\"https:\\\/\\\/secure.gravatar.com\\\/avatar\\\/da212e7b532df19fd2aea5daf46d8c176abfc85521e4b80ed435d7426ef63eb6?s=96&d=mm&r=g\",\"contentUrl\":\"https:\\\/\\\/secure.gravatar.com\\\/avatar\\\/da212e7b532df19fd2aea5daf46d8c176abfc85521e4b80ed435d7426ef63eb6?s=96&d=mm&r=g\",\"caption\":\"telocuentavictorhugo.com\"},\"sameAs\":[\"http:\\\/\\\/telocuentavictorhugo.com\"],\"url\":\"https:\\\/\\\/telocuentavictorhugo.com\\\/index.php\\\/author\\\/plustvpress-com\\\/\"}]}<\/script>\n<!-- \/ Yoast SEO plugin. -->","yoast_head_json":{"title":"RONALDO EN LA CASA BLANCA: LA CENA QUE FORTALECI\u00d3 SU V\u00cdNCULO CON TRUMP - Te lo Cuenta Victor","robots":{"index":"index","follow":"follow","max-snippet":"max-snippet:-1","max-image-preview":"max-image-preview:large","max-video-preview":"max-video-preview:-1"},"canonical":"https:\/\/telocuentavictorhugo.com\/index.php\/2025\/11\/22\/ronaldo-en-la-casa-blanca-la-cena-que-fortalecio-su-vinculo-con-trump\/","og_locale":"es_ES","og_type":"article","og_title":"RONALDO EN LA CASA BLANCA: LA CENA QUE FORTALECI\u00d3 SU V\u00cdNCULO CON TRUMP - Te lo Cuenta Victor","og_description":"Cristiano Ronaldo vuelve a pisar suelo estadounidense tras m\u00e1s de una d\u00e9cada en un evento que combina f\u00fatbol, pol\u00edtica y diplomacia. El capit\u00e1n de Portugal y estrella del Al-Nassr FC fue parte de una cena de gala en la Casa Blanca, invitado por el expresidente Donald Trump como parte de la delegaci\u00f3n que acompa\u00f1a al [&hellip;]","og_url":"https:\/\/telocuentavictorhugo.com\/index.php\/2025\/11\/22\/ronaldo-en-la-casa-blanca-la-cena-que-fortalecio-su-vinculo-con-trump\/","og_site_name":"Te lo Cuenta Victor","article_published_time":"2025-11-22T21:56:05+00:00","article_modified_time":"2025-11-22T21:56:06+00:00","og_image":[{"width":868,"height":473,"url":"http:\/\/telocuentavictorhugo.com\/wp-content\/uploads\/2025\/11\/14-4.jpg","type":"image\/jpeg"}],"author":"telocuentavictorhugo.com","twitter_card":"summary_large_image","twitter_misc":{"Escrito por":"telocuentavictorhugo.com","Tiempo de lectura":"1 minuto"},"schema":{"@context":"https:\/\/schema.org","@graph":[{"@type":"Article","@id":"https:\/\/telocuentavictorhugo.com\/index.php\/2025\/11\/22\/ronaldo-en-la-casa-blanca-la-cena-que-fortalecio-su-vinculo-con-trump\/#article","isPartOf":{"@id":"https:\/\/telocuentavictorhugo.com\/index.php\/2025\/11\/22\/ronaldo-en-la-casa-blanca-la-cena-que-fortalecio-su-vinculo-con-trump\/"},"author":{"name":"telocuentavictorhugo.com","@id":"https:\/\/telocuentavictorhugo.com\/#\/schema\/person\/a8307d7271ba2849b49b562ad8602f06"},"headline":"RONALDO EN LA CASA BLANCA: LA CENA QUE FORTALECI\u00d3 SU V\u00cdNCULO CON TRUMP","datePublished":"2025-11-22T21:56:05+00:00","dateModified":"2025-11-22T21:56:06+00:00","mainEntityOfPage":{"@id":"https:\/\/telocuentavictorhugo.com\/index.php\/2025\/11\/22\/ronaldo-en-la-casa-blanca-la-cena-que-fortalecio-su-vinculo-con-trump\/"},"wordCount":205,"commentCount":0,"publisher":{"@id":"https:\/\/telocuentavictorhugo.com\/#organization"},"image":{"@id":"https:\/\/telocuentavictorhugo.com\/index.php\/2025\/11\/22\/ronaldo-en-la-casa-blanca-la-cena-que-fortalecio-su-vinculo-con-trump\/#primaryimage"},"thumbnailUrl":"https:\/\/telocuentavictorhugo.com\/wp-content\/uploads\/2025\/11\/14-4.jpg","articleSection":["Deporte","Internacional","Noticias"],"inLanguage":"es","potentialAction":[{"@type":"CommentAction","name":"Comment","target":["https:\/\/telocuentavictorhugo.com\/index.php\/2025\/11\/22\/ronaldo-en-la-casa-blanca-la-cena-que-fortalecio-su-vinculo-con-trump\/#respond"]}]},{"@type":"WebPage","@id":"https:\/\/telocuentavictorhugo.com\/index.php\/2025\/11\/22\/ronaldo-en-la-casa-blanca-la-cena-que-fortalecio-su-vinculo-con-trump\/","url":"https:\/\/telocuentavictorhugo.com\/index.php\/2025\/11\/22\/ronaldo-en-la-casa-blanca-la-cena-que-fortalecio-su-vinculo-con-trump\/","name":"RONALDO EN LA CASA BLANCA: LA CENA QUE FORTALECI\u00d3 SU V\u00cdNCULO CON TRUMP - Te lo Cuenta Victor","isPartOf":{"@id":"https:\/\/telocuentavictorhugo.com\/#website"},"primaryImageOfPage":{"@id":"https:\/\/telocuentavictorhugo.com\/index.php\/2025\/11\/22\/ronaldo-en-la-casa-blanca-la-cena-que-fortalecio-su-vinculo-con-trump\/#primaryimage"},"image":{"@id":"https:\/\/telocuentavictorhugo.com\/index.php\/2025\/11\/22\/ronaldo-en-la-casa-blanca-la-cena-que-fortalecio-su-vinculo-con-trump\/#primaryimage"},"thumbnailUrl":"https:\/\/telocuentavictorhugo.com\/wp-content\/uploads\/2025\/11\/14-4.jpg","datePublished":"2025-11-22T21:56:05+00:00","dateModified":"2025-11-22T21:56:06+00:00","breadcrumb":{"@id":"https:\/\/telocuentavictorhugo.com\/index.php\/2025\/11\/22\/ronaldo-en-la-casa-blanca-la-cena-que-fortalecio-su-vinculo-con-trump\/#breadcrumb"},"inLanguage":"es","potentialAction":[{"@type":"ReadAction","target":["https:\/\/telocuentavictorhugo.com\/index.php\/2025\/11\/22\/ronaldo-en-la-casa-blanca-la-cena-que-fortalecio-su-vinculo-con-trump\/"]}]},{"@type":"ImageObject","inLanguage":"es","@id":"https:\/\/telocuentavictorhugo.com\/index.php\/2025\/11\/22\/ronaldo-en-la-casa-blanca-la-cena-que-fortalecio-su-vinculo-con-trump\/#primaryimage","url":"https:\/\/telocuentavictorhugo.com\/wp-content\/uploads\/2025\/11\/14-4.jpg","contentUrl":"https:\/\/telocuentavictorhugo.com\/wp-content\/uploads\/2025\/11\/14-4.jpg","width":868,"height":473},{"@type":"BreadcrumbList","@id":"https:\/\/telocuentavictorhugo.com\/index.php\/2025\/11\/22\/ronaldo-en-la-casa-blanca-la-cena-que-fortalecio-su-vinculo-con-trump\/#breadcrumb","itemListElement":[{"@type":"ListItem","position":1,"name":"Portada","item":"https:\/\/telocuentavictorhugo.com\/"},{"@type":"ListItem","position":2,"name":"RONALDO EN LA CASA BLANCA: LA CENA QUE FORTALECI\u00d3 SU V\u00cdNCULO CON TRUMP"}]},{"@type":"WebSite","@id":"https:\/\/telocuentavictorhugo.com\/#website","url":"https:\/\/telocuentavictorhugo.com\/","name":"Te lo Cuenta Victor","description":"","publisher":{"@id":"https:\/\/telocuentavictorhugo.com\/#organization"},"potentialAction":[{"@type":"SearchAction","target":{"@type":"EntryPoint","urlTemplate":"https:\/\/telocuentavictorhugo.com\/?s={search_term_string}"},"query-input":{"@type":"PropertyValueSpecification","valueRequired":true,"valueName":"search_term_string"}}],"inLanguage":"es"},{"@type":"Organization","@id":"https:\/\/telocuentavictorhugo.com\/#organization","name":"Te lo Cuenta Victor","url":"https:\/\/telocuentavictorhugo.com\/","logo":{"@type":"ImageObject","inLanguage":"es","@id":"https:\/\/telocuentavictorhugo.com\/#\/schema\/logo\/image\/","url":"https:\/\/telocuentavictorhugo.com\/wp-content\/uploads\/2023\/12\/Logo.png","contentUrl":"https:\/\/telocuentavictorhugo.com\/wp-content\/uploads\/2023\/12\/Logo.png","width":1080,"height":176,"caption":"Te lo Cuenta Victor"},"image":{"@id":"https:\/\/telocuentavictorhugo.com\/#\/schema\/logo\/image\/"}},{"@type":"Person","@id":"https:\/\/telocuentavictorhugo.com\/#\/schema\/person\/a8307d7271ba2849b49b562ad8602f06","name":"telocuentavictorhugo.com","image":{"@type":"ImageObject","inLanguage":"es","@id":"https:\/\/secure.gravatar.com\/avatar\/da212e7b532df19fd2aea5daf46d8c176abfc85521e4b80ed435d7426ef63eb6?s=96&d=mm&r=g","url":"https:\/\/secure.gravatar.com\/avatar\/da212e7b532df19fd2aea5daf46d8c176abfc85521e4b80ed435d7426ef63eb6?s=96&d=mm&r=g","contentUrl":"https:\/\/secure.gravatar.com\/avatar\/da212e7b532df19fd2aea5daf46d8c176abfc85521e4b80ed435d7426ef63eb6?s=96&d=mm&r=g","caption":"telocuentavictorhugo.com"},"sameAs":["http:\/\/telocuentavictorhugo.com"],"url":"https:\/\/telocuentavictorhugo.com\/index.php\/author\/plustvpress-com\/"}]}},"_links":{"self":[{"href":"https:\/\/telocuentavictorhugo.com\/index.php\/wp-json\/wp\/v2\/posts\/11156","targetHints":{"allow":["GET"]}}],"collection":[{"href":"https:\/\/telocuentavictorhugo.com\/index.php\/wp-json\/wp\/v2\/posts"}],"about":[{"href":"https:\/\/telocuentavictorhugo.com\/index.php\/wp-json\/wp\/v2\/types\/post"}],"author":[{"embeddable":true,"href":"https:\/\/telocuentavictorhugo.com\/index.php\/wp-json\/wp\/v2\/users\/1"}],"replies":[{"embeddable":true,"href":"https:\/\/telocuentavictorhugo.com\/index.php\/wp-json\/wp\/v2\/comments?post=11156"}],"version-history":[{"count":1,"href":"https:\/\/telocuentavictorhugo.com\/index.php\/wp-json\/wp\/v2\/posts\/11156\/revisions"}],"predecessor-version":[{"id":11197,"href":"https:\/\/telocuentavictorhugo.com\/index.php\/wp-json\/wp\/v2\/posts\/11156\/revisions\/11197"}],"wp:featuredmedia":[{"embeddable":true,"href":"https:\/\/telocuentavictorhugo.com\/index.php\/wp-json\/wp\/v2\/media\/11177"}],"wp:attachment":[{"href":"https:\/\/telocuentavictorhugo.com\/index.php\/wp-json\/wp\/v2\/media?parent=11156"}],"wp:term":[{"taxonomy":"category","embeddable":true,"href":"https:\/\/telocuentavictorhugo.com\/index.php\/wp-json\/wp\/v2\/categories?post=11156"},{"taxonomy":"post_tag","embeddable":true,"href":"https:\/\/telocuentavictorhugo.com\/index.php\/wp-json\/wp\/v2\/tags?post=11156"}],"curies":[{"name":"wp","href":"https:\/\/api.w.org\/{rel}","templated":true}]}}