{"id":11079,"date":"2025-11-13T20:02:23","date_gmt":"2025-11-14T00:02:23","guid":{"rendered":"https:\/\/telocuentavictorhugo.com\/?p=11079"},"modified":"2025-11-13T20:02:25","modified_gmt":"2025-11-14T00:02:25","slug":"nueva-era-en-la-policia-lara-recibe-directriz-de-paz","status":"publish","type":"post","link":"https:\/\/telocuentavictorhugo.com\/index.php\/2025\/11\/13\/nueva-era-en-la-policia-lara-recibe-directriz-de-paz\/","title":{"rendered":"NUEVA ERA EN LA POLIC\u00cdA: LARA RECIBE DIRECTRIZ DE PAZ"},"content":{"rendered":"\n<p>El vicepresidente del Estado, Edmand Lara, revel\u00f3 este mi\u00e9rcoles que recibi\u00f3 instrucciones directas del presidente Rodrigo Paz para liderar una profunda reestructuraci\u00f3n en la Polic\u00eda Boliviana, espec\u00edficamente en el cambio del alto mando policial. La orden fue formalizada tras una reuni\u00f3n de gabinete, en la cual Lara solicit\u00f3 la necesidad de renovar la c\u00fapula policial, justificando su postura ante el mandatario y coordinando acciones con el ministro de Gobierno, Marco Antonio Oviedo. Lara asegur\u00f3 que convocar\u00e1 nuevamente al ministro para avanzar en la implementaci\u00f3n de esta reforma, advirtiendo que mientras no se realice el cambio en la direcci\u00f3n policial, la corrupci\u00f3n persistir\u00e1.<\/p>\n\n\n\n<figure class=\"wp-block-embed is-type-video is-provider-youtube wp-block-embed-youtube wp-embed-aspect-16-9 wp-has-aspect-ratio\"><div class=\"wp-block-embed__wrapper\">\n<iframe title=\"NUEVA ERA EN LA POLIC\u00cdA: LARA RECIBE DIRECTRIZ DE PAZ\" width=\"800\" height=\"450\" src=\"https:\/\/www.youtube.com\/embed\/cjj4HkZkKvc?feature=oembed\" frameborder=\"0\" allow=\"accelerometer; autoplay; clipboard-write; encrypted-media; gyroscope; picture-in-picture; web-share\" referrerpolicy=\"strict-origin-when-cross-origin\" allowfullscreen><\/iframe>\n<\/div><\/figure>\n","protected":false},"excerpt":{"rendered":"<p>El vicepresidente del Estado, Edmand Lara, revel\u00f3 este mi\u00e9rcoles que recibi\u00f3 instrucciones directas del presidente Rodrigo Paz para liderar una profunda reestructuraci\u00f3n en la Polic\u00eda Boliviana, espec\u00edficamente en el cambio del alto mando policial. La orden fue formalizada tras una reuni\u00f3n de gabinete, en la cual Lara solicit\u00f3 la necesidad de renovar la c\u00fapula policial, [&hellip;]<\/p>\n","protected":false},"author":1,"featured_media":11090,"comment_status":"open","ping_status":"open","sticky":false,"template":"","format":"standard","meta":{"_eb_attr":"","footnotes":""},"categories":[1,42],"tags":[],"class_list":["post-11079","post","type-post","status-publish","format-standard","has-post-thumbnail","hentry","category-noticias","category-politica"],"yoast_head":"<!-- This site is optimized with the Yoast SEO plugin v27.4 - https:\/\/yoast.com\/product\/yoast-seo-wordpress\/ -->\n<title>NUEVA ERA EN LA POLIC\u00cdA: LARA RECIBE DIRECTRIZ DE PAZ - Te lo Cuenta Victor<\/title>\n<meta name=\"robots\" content=\"index, follow, max-snippet:-1, max-image-preview:large, max-video-preview:-1\" \/>\n<link rel=\"canonical\" href=\"https:\/\/telocuentavictorhugo.com\/index.php\/2025\/11\/13\/nueva-era-en-la-policia-lara-recibe-directriz-de-paz\/\" \/>\n<meta property=\"og:locale\" content=\"es_ES\" \/>\n<meta property=\"og:type\" content=\"article\" \/>\n<meta property=\"og:title\" content=\"NUEVA ERA EN LA POLIC\u00cdA: LARA RECIBE DIRECTRIZ DE PAZ - Te lo Cuenta Victor\" \/>\n<meta property=\"og:description\" content=\"El vicepresidente del Estado, Edmand Lara, revel\u00f3 este mi\u00e9rcoles que recibi\u00f3 instrucciones directas del presidente Rodrigo Paz para liderar una profunda reestructuraci\u00f3n en la Polic\u00eda Boliviana, espec\u00edficamente en el cambio del alto mando policial. La orden fue formalizada tras una reuni\u00f3n de gabinete, en la cual Lara solicit\u00f3 la necesidad de renovar la c\u00fapula policial, [&hellip;]\" \/>\n<meta property=\"og:url\" content=\"https:\/\/telocuentavictorhugo.com\/index.php\/2025\/11\/13\/nueva-era-en-la-policia-lara-recibe-directriz-de-paz\/\" \/>\n<meta property=\"og:site_name\" content=\"Te lo Cuenta Victor\" \/>\n<meta property=\"article:published_time\" content=\"2025-11-14T00:02:23+00:00\" \/>\n<meta property=\"article:modified_time\" content=\"2025-11-14T00:02:25+00:00\" \/>\n<meta property=\"og:image\" content=\"http:\/\/telocuentavictorhugo.com\/wp-content\/uploads\/2025\/11\/6-4.jpg\" \/>\n\t<meta property=\"og:image:width\" content=\"846\" \/>\n\t<meta property=\"og:image:height\" content=\"466\" \/>\n\t<meta property=\"og:image:type\" content=\"image\/jpeg\" \/>\n<meta name=\"author\" content=\"telocuentavictorhugo.com\" \/>\n<meta name=\"twitter:card\" content=\"summary_large_image\" \/>\n<meta name=\"twitter:label1\" content=\"Escrito por\" \/>\n\t<meta name=\"twitter:data1\" content=\"telocuentavictorhugo.com\" \/>\n\t<meta name=\"twitter:label2\" content=\"Tiempo de lectura\" \/>\n\t<meta name=\"twitter:data2\" content=\"1 minuto\" \/>\n<script type=\"application\/ld+json\" class=\"yoast-schema-graph\">{\"@context\":\"https:\\\/\\\/schema.org\",\"@graph\":[{\"@type\":\"Article\",\"@id\":\"https:\\\/\\\/telocuentavictorhugo.com\\\/index.php\\\/2025\\\/11\\\/13\\\/nueva-era-en-la-policia-lara-recibe-directriz-de-paz\\\/#article\",\"isPartOf\":{\"@id\":\"https:\\\/\\\/telocuentavictorhugo.com\\\/index.php\\\/2025\\\/11\\\/13\\\/nueva-era-en-la-policia-lara-recibe-directriz-de-paz\\\/\"},\"author\":{\"name\":\"telocuentavictorhugo.com\",\"@id\":\"https:\\\/\\\/telocuentavictorhugo.com\\\/#\\\/schema\\\/person\\\/a8307d7271ba2849b49b562ad8602f06\"},\"headline\":\"NUEVA ERA EN LA POLIC\u00cdA: LARA RECIBE DIRECTRIZ DE PAZ\",\"datePublished\":\"2025-11-14T00:02:23+00:00\",\"dateModified\":\"2025-11-14T00:02:25+00:00\",\"mainEntityOfPage\":{\"@id\":\"https:\\\/\\\/telocuentavictorhugo.com\\\/index.php\\\/2025\\\/11\\\/13\\\/nueva-era-en-la-policia-lara-recibe-directriz-de-paz\\\/\"},\"wordCount\":127,\"commentCount\":0,\"publisher\":{\"@id\":\"https:\\\/\\\/telocuentavictorhugo.com\\\/#organization\"},\"image\":{\"@id\":\"https:\\\/\\\/telocuentavictorhugo.com\\\/index.php\\\/2025\\\/11\\\/13\\\/nueva-era-en-la-policia-lara-recibe-directriz-de-paz\\\/#primaryimage\"},\"thumbnailUrl\":\"https:\\\/\\\/telocuentavictorhugo.com\\\/wp-content\\\/uploads\\\/2025\\\/11\\\/6-4.jpg\",\"articleSection\":[\"Noticias\",\"Pol\u00edtica\"],\"inLanguage\":\"es\",\"potentialAction\":[{\"@type\":\"CommentAction\",\"name\":\"Comment\",\"target\":[\"https:\\\/\\\/telocuentavictorhugo.com\\\/index.php\\\/2025\\\/11\\\/13\\\/nueva-era-en-la-policia-lara-recibe-directriz-de-paz\\\/#respond\"]}]},{\"@type\":\"WebPage\",\"@id\":\"https:\\\/\\\/telocuentavictorhugo.com\\\/index.php\\\/2025\\\/11\\\/13\\\/nueva-era-en-la-policia-lara-recibe-directriz-de-paz\\\/\",\"url\":\"https:\\\/\\\/telocuentavictorhugo.com\\\/index.php\\\/2025\\\/11\\\/13\\\/nueva-era-en-la-policia-lara-recibe-directriz-de-paz\\\/\",\"name\":\"NUEVA ERA EN LA POLIC\u00cdA: LARA RECIBE DIRECTRIZ DE PAZ - Te lo Cuenta Victor\",\"isPartOf\":{\"@id\":\"https:\\\/\\\/telocuentavictorhugo.com\\\/#website\"},\"primaryImageOfPage\":{\"@id\":\"https:\\\/\\\/telocuentavictorhugo.com\\\/index.php\\\/2025\\\/11\\\/13\\\/nueva-era-en-la-policia-lara-recibe-directriz-de-paz\\\/#primaryimage\"},\"image\":{\"@id\":\"https:\\\/\\\/telocuentavictorhugo.com\\\/index.php\\\/2025\\\/11\\\/13\\\/nueva-era-en-la-policia-lara-recibe-directriz-de-paz\\\/#primaryimage\"},\"thumbnailUrl\":\"https:\\\/\\\/telocuentavictorhugo.com\\\/wp-content\\\/uploads\\\/2025\\\/11\\\/6-4.jpg\",\"datePublished\":\"2025-11-14T00:02:23+00:00\",\"dateModified\":\"2025-11-14T00:02:25+00:00\",\"breadcrumb\":{\"@id\":\"https:\\\/\\\/telocuentavictorhugo.com\\\/index.php\\\/2025\\\/11\\\/13\\\/nueva-era-en-la-policia-lara-recibe-directriz-de-paz\\\/#breadcrumb\"},\"inLanguage\":\"es\",\"potentialAction\":[{\"@type\":\"ReadAction\",\"target\":[\"https:\\\/\\\/telocuentavictorhugo.com\\\/index.php\\\/2025\\\/11\\\/13\\\/nueva-era-en-la-policia-lara-recibe-directriz-de-paz\\\/\"]}]},{\"@type\":\"ImageObject\",\"inLanguage\":\"es\",\"@id\":\"https:\\\/\\\/telocuentavictorhugo.com\\\/index.php\\\/2025\\\/11\\\/13\\\/nueva-era-en-la-policia-lara-recibe-directriz-de-paz\\\/#primaryimage\",\"url\":\"https:\\\/\\\/telocuentavictorhugo.com\\\/wp-content\\\/uploads\\\/2025\\\/11\\\/6-4.jpg\",\"contentUrl\":\"https:\\\/\\\/telocuentavictorhugo.com\\\/wp-content\\\/uploads\\\/2025\\\/11\\\/6-4.jpg\",\"width\":846,\"height\":466},{\"@type\":\"BreadcrumbList\",\"@id\":\"https:\\\/\\\/telocuentavictorhugo.com\\\/index.php\\\/2025\\\/11\\\/13\\\/nueva-era-en-la-policia-lara-recibe-directriz-de-paz\\\/#breadcrumb\",\"itemListElement\":[{\"@type\":\"ListItem\",\"position\":1,\"name\":\"Portada\",\"item\":\"https:\\\/\\\/telocuentavictorhugo.com\\\/\"},{\"@type\":\"ListItem\",\"position\":2,\"name\":\"NUEVA ERA EN LA POLIC\u00cdA: LARA RECIBE DIRECTRIZ DE PAZ\"}]},{\"@type\":\"WebSite\",\"@id\":\"https:\\\/\\\/telocuentavictorhugo.com\\\/#website\",\"url\":\"https:\\\/\\\/telocuentavictorhugo.com\\\/\",\"name\":\"Te lo Cuenta Victor\",\"description\":\"\",\"publisher\":{\"@id\":\"https:\\\/\\\/telocuentavictorhugo.com\\\/#organization\"},\"potentialAction\":[{\"@type\":\"SearchAction\",\"target\":{\"@type\":\"EntryPoint\",\"urlTemplate\":\"https:\\\/\\\/telocuentavictorhugo.com\\\/?s={search_term_string}\"},\"query-input\":{\"@type\":\"PropertyValueSpecification\",\"valueRequired\":true,\"valueName\":\"search_term_string\"}}],\"inLanguage\":\"es\"},{\"@type\":\"Organization\",\"@id\":\"https:\\\/\\\/telocuentavictorhugo.com\\\/#organization\",\"name\":\"Te lo Cuenta Victor\",\"url\":\"https:\\\/\\\/telocuentavictorhugo.com\\\/\",\"logo\":{\"@type\":\"ImageObject\",\"inLanguage\":\"es\",\"@id\":\"https:\\\/\\\/telocuentavictorhugo.com\\\/#\\\/schema\\\/logo\\\/image\\\/\",\"url\":\"https:\\\/\\\/telocuentavictorhugo.com\\\/wp-content\\\/uploads\\\/2023\\\/12\\\/Logo.png\",\"contentUrl\":\"https:\\\/\\\/telocuentavictorhugo.com\\\/wp-content\\\/uploads\\\/2023\\\/12\\\/Logo.png\",\"width\":1080,\"height\":176,\"caption\":\"Te lo Cuenta Victor\"},\"image\":{\"@id\":\"https:\\\/\\\/telocuentavictorhugo.com\\\/#\\\/schema\\\/logo\\\/image\\\/\"}},{\"@type\":\"Person\",\"@id\":\"https:\\\/\\\/telocuentavictorhugo.com\\\/#\\\/schema\\\/person\\\/a8307d7271ba2849b49b562ad8602f06\",\"name\":\"telocuentavictorhugo.com\",\"image\":{\"@type\":\"ImageObject\",\"inLanguage\":\"es\",\"@id\":\"https:\\\/\\\/secure.gravatar.com\\\/avatar\\\/da212e7b532df19fd2aea5daf46d8c176abfc85521e4b80ed435d7426ef63eb6?s=96&d=mm&r=g\",\"url\":\"https:\\\/\\\/secure.gravatar.com\\\/avatar\\\/da212e7b532df19fd2aea5daf46d8c176abfc85521e4b80ed435d7426ef63eb6?s=96&d=mm&r=g\",\"contentUrl\":\"https:\\\/\\\/secure.gravatar.com\\\/avatar\\\/da212e7b532df19fd2aea5daf46d8c176abfc85521e4b80ed435d7426ef63eb6?s=96&d=mm&r=g\",\"caption\":\"telocuentavictorhugo.com\"},\"sameAs\":[\"http:\\\/\\\/telocuentavictorhugo.com\"],\"url\":\"https:\\\/\\\/telocuentavictorhugo.com\\\/index.php\\\/author\\\/plustvpress-com\\\/\"}]}<\/script>\n<!-- \/ Yoast SEO plugin. -->","yoast_head_json":{"title":"NUEVA ERA EN LA POLIC\u00cdA: LARA RECIBE DIRECTRIZ DE PAZ - Te lo Cuenta Victor","robots":{"index":"index","follow":"follow","max-snippet":"max-snippet:-1","max-image-preview":"max-image-preview:large","max-video-preview":"max-video-preview:-1"},"canonical":"https:\/\/telocuentavictorhugo.com\/index.php\/2025\/11\/13\/nueva-era-en-la-policia-lara-recibe-directriz-de-paz\/","og_locale":"es_ES","og_type":"article","og_title":"NUEVA ERA EN LA POLIC\u00cdA: LARA RECIBE DIRECTRIZ DE PAZ - Te lo Cuenta Victor","og_description":"El vicepresidente del Estado, Edmand Lara, revel\u00f3 este mi\u00e9rcoles que recibi\u00f3 instrucciones directas del presidente Rodrigo Paz para liderar una profunda reestructuraci\u00f3n en la Polic\u00eda Boliviana, espec\u00edficamente en el cambio del alto mando policial. La orden fue formalizada tras una reuni\u00f3n de gabinete, en la cual Lara solicit\u00f3 la necesidad de renovar la c\u00fapula policial, [&hellip;]","og_url":"https:\/\/telocuentavictorhugo.com\/index.php\/2025\/11\/13\/nueva-era-en-la-policia-lara-recibe-directriz-de-paz\/","og_site_name":"Te lo Cuenta Victor","article_published_time":"2025-11-14T00:02:23+00:00","article_modified_time":"2025-11-14T00:02:25+00:00","og_image":[{"width":846,"height":466,"url":"http:\/\/telocuentavictorhugo.com\/wp-content\/uploads\/2025\/11\/6-4.jpg","type":"image\/jpeg"}],"author":"telocuentavictorhugo.com","twitter_card":"summary_large_image","twitter_misc":{"Escrito por":"telocuentavictorhugo.com","Tiempo de lectura":"1 minuto"},"schema":{"@context":"https:\/\/schema.org","@graph":[{"@type":"Article","@id":"https:\/\/telocuentavictorhugo.com\/index.php\/2025\/11\/13\/nueva-era-en-la-policia-lara-recibe-directriz-de-paz\/#article","isPartOf":{"@id":"https:\/\/telocuentavictorhugo.com\/index.php\/2025\/11\/13\/nueva-era-en-la-policia-lara-recibe-directriz-de-paz\/"},"author":{"name":"telocuentavictorhugo.com","@id":"https:\/\/telocuentavictorhugo.com\/#\/schema\/person\/a8307d7271ba2849b49b562ad8602f06"},"headline":"NUEVA ERA EN LA POLIC\u00cdA: LARA RECIBE DIRECTRIZ DE PAZ","datePublished":"2025-11-14T00:02:23+00:00","dateModified":"2025-11-14T00:02:25+00:00","mainEntityOfPage":{"@id":"https:\/\/telocuentavictorhugo.com\/index.php\/2025\/11\/13\/nueva-era-en-la-policia-lara-recibe-directriz-de-paz\/"},"wordCount":127,"commentCount":0,"publisher":{"@id":"https:\/\/telocuentavictorhugo.com\/#organization"},"image":{"@id":"https:\/\/telocuentavictorhugo.com\/index.php\/2025\/11\/13\/nueva-era-en-la-policia-lara-recibe-directriz-de-paz\/#primaryimage"},"thumbnailUrl":"https:\/\/telocuentavictorhugo.com\/wp-content\/uploads\/2025\/11\/6-4.jpg","articleSection":["Noticias","Pol\u00edtica"],"inLanguage":"es","potentialAction":[{"@type":"CommentAction","name":"Comment","target":["https:\/\/telocuentavictorhugo.com\/index.php\/2025\/11\/13\/nueva-era-en-la-policia-lara-recibe-directriz-de-paz\/#respond"]}]},{"@type":"WebPage","@id":"https:\/\/telocuentavictorhugo.com\/index.php\/2025\/11\/13\/nueva-era-en-la-policia-lara-recibe-directriz-de-paz\/","url":"https:\/\/telocuentavictorhugo.com\/index.php\/2025\/11\/13\/nueva-era-en-la-policia-lara-recibe-directriz-de-paz\/","name":"NUEVA ERA EN LA POLIC\u00cdA: LARA RECIBE DIRECTRIZ DE PAZ - Te lo Cuenta Victor","isPartOf":{"@id":"https:\/\/telocuentavictorhugo.com\/#website"},"primaryImageOfPage":{"@id":"https:\/\/telocuentavictorhugo.com\/index.php\/2025\/11\/13\/nueva-era-en-la-policia-lara-recibe-directriz-de-paz\/#primaryimage"},"image":{"@id":"https:\/\/telocuentavictorhugo.com\/index.php\/2025\/11\/13\/nueva-era-en-la-policia-lara-recibe-directriz-de-paz\/#primaryimage"},"thumbnailUrl":"https:\/\/telocuentavictorhugo.com\/wp-content\/uploads\/2025\/11\/6-4.jpg","datePublished":"2025-11-14T00:02:23+00:00","dateModified":"2025-11-14T00:02:25+00:00","breadcrumb":{"@id":"https:\/\/telocuentavictorhugo.com\/index.php\/2025\/11\/13\/nueva-era-en-la-policia-lara-recibe-directriz-de-paz\/#breadcrumb"},"inLanguage":"es","potentialAction":[{"@type":"ReadAction","target":["https:\/\/telocuentavictorhugo.com\/index.php\/2025\/11\/13\/nueva-era-en-la-policia-lara-recibe-directriz-de-paz\/"]}]},{"@type":"ImageObject","inLanguage":"es","@id":"https:\/\/telocuentavictorhugo.com\/index.php\/2025\/11\/13\/nueva-era-en-la-policia-lara-recibe-directriz-de-paz\/#primaryimage","url":"https:\/\/telocuentavictorhugo.com\/wp-content\/uploads\/2025\/11\/6-4.jpg","contentUrl":"https:\/\/telocuentavictorhugo.com\/wp-content\/uploads\/2025\/11\/6-4.jpg","width":846,"height":466},{"@type":"BreadcrumbList","@id":"https:\/\/telocuentavictorhugo.com\/index.php\/2025\/11\/13\/nueva-era-en-la-policia-lara-recibe-directriz-de-paz\/#breadcrumb","itemListElement":[{"@type":"ListItem","position":1,"name":"Portada","item":"https:\/\/telocuentavictorhugo.com\/"},{"@type":"ListItem","position":2,"name":"NUEVA ERA EN LA POLIC\u00cdA: LARA RECIBE DIRECTRIZ DE PAZ"}]},{"@type":"WebSite","@id":"https:\/\/telocuentavictorhugo.com\/#website","url":"https:\/\/telocuentavictorhugo.com\/","name":"Te lo Cuenta Victor","description":"","publisher":{"@id":"https:\/\/telocuentavictorhugo.com\/#organization"},"potentialAction":[{"@type":"SearchAction","target":{"@type":"EntryPoint","urlTemplate":"https:\/\/telocuentavictorhugo.com\/?s={search_term_string}"},"query-input":{"@type":"PropertyValueSpecification","valueRequired":true,"valueName":"search_term_string"}}],"inLanguage":"es"},{"@type":"Organization","@id":"https:\/\/telocuentavictorhugo.com\/#organization","name":"Te lo Cuenta Victor","url":"https:\/\/telocuentavictorhugo.com\/","logo":{"@type":"ImageObject","inLanguage":"es","@id":"https:\/\/telocuentavictorhugo.com\/#\/schema\/logo\/image\/","url":"https:\/\/telocuentavictorhugo.com\/wp-content\/uploads\/2023\/12\/Logo.png","contentUrl":"https:\/\/telocuentavictorhugo.com\/wp-content\/uploads\/2023\/12\/Logo.png","width":1080,"height":176,"caption":"Te lo Cuenta Victor"},"image":{"@id":"https:\/\/telocuentavictorhugo.com\/#\/schema\/logo\/image\/"}},{"@type":"Person","@id":"https:\/\/telocuentavictorhugo.com\/#\/schema\/person\/a8307d7271ba2849b49b562ad8602f06","name":"telocuentavictorhugo.com","image":{"@type":"ImageObject","inLanguage":"es","@id":"https:\/\/secure.gravatar.com\/avatar\/da212e7b532df19fd2aea5daf46d8c176abfc85521e4b80ed435d7426ef63eb6?s=96&d=mm&r=g","url":"https:\/\/secure.gravatar.com\/avatar\/da212e7b532df19fd2aea5daf46d8c176abfc85521e4b80ed435d7426ef63eb6?s=96&d=mm&r=g","contentUrl":"https:\/\/secure.gravatar.com\/avatar\/da212e7b532df19fd2aea5daf46d8c176abfc85521e4b80ed435d7426ef63eb6?s=96&d=mm&r=g","caption":"telocuentavictorhugo.com"},"sameAs":["http:\/\/telocuentavictorhugo.com"],"url":"https:\/\/telocuentavictorhugo.com\/index.php\/author\/plustvpress-com\/"}]}},"_links":{"self":[{"href":"https:\/\/telocuentavictorhugo.com\/index.php\/wp-json\/wp\/v2\/posts\/11079","targetHints":{"allow":["GET"]}}],"collection":[{"href":"https:\/\/telocuentavictorhugo.com\/index.php\/wp-json\/wp\/v2\/posts"}],"about":[{"href":"https:\/\/telocuentavictorhugo.com\/index.php\/wp-json\/wp\/v2\/types\/post"}],"author":[{"embeddable":true,"href":"https:\/\/telocuentavictorhugo.com\/index.php\/wp-json\/wp\/v2\/users\/1"}],"replies":[{"embeddable":true,"href":"https:\/\/telocuentavictorhugo.com\/index.php\/wp-json\/wp\/v2\/comments?post=11079"}],"version-history":[{"count":1,"href":"https:\/\/telocuentavictorhugo.com\/index.php\/wp-json\/wp\/v2\/posts\/11079\/revisions"}],"predecessor-version":[{"id":11101,"href":"https:\/\/telocuentavictorhugo.com\/index.php\/wp-json\/wp\/v2\/posts\/11079\/revisions\/11101"}],"wp:featuredmedia":[{"embeddable":true,"href":"https:\/\/telocuentavictorhugo.com\/index.php\/wp-json\/wp\/v2\/media\/11090"}],"wp:attachment":[{"href":"https:\/\/telocuentavictorhugo.com\/index.php\/wp-json\/wp\/v2\/media?parent=11079"}],"wp:term":[{"taxonomy":"category","embeddable":true,"href":"https:\/\/telocuentavictorhugo.com\/index.php\/wp-json\/wp\/v2\/categories?post=11079"},{"taxonomy":"post_tag","embeddable":true,"href":"https:\/\/telocuentavictorhugo.com\/index.php\/wp-json\/wp\/v2\/tags?post=11079"}],"curies":[{"name":"wp","href":"https:\/\/api.w.org\/{rel}","templated":true}]}}