{"id":11075,"date":"2025-11-13T20:02:15","date_gmt":"2025-11-14T00:02:15","guid":{"rendered":"https:\/\/telocuentavictorhugo.com\/?p=11075"},"modified":"2025-11-13T20:02:16","modified_gmt":"2025-11-14T00:02:16","slug":"el-mas-abre-la-puerta-a-evo-y-andronico-tras-expulsion-de-arce","status":"publish","type":"post","link":"https:\/\/telocuentavictorhugo.com\/index.php\/2025\/11\/13\/el-mas-abre-la-puerta-a-evo-y-andronico-tras-expulsion-de-arce\/","title":{"rendered":"EL MAS ABRE LA PUERTA A EVO Y ANDR\u00d3NICO TRAS EXPULSI\u00d3N DE ARCE"},"content":{"rendered":"\n<p>El Movimiento al Socialismo (MAS) busca consolidar su unidad interna tras recientes fracturas, dejando entrever la posibilidad de la reincorporaci\u00f3n de figuras clave como Evo Morales y Andr\u00f3nico Rodr\u00edguez. As\u00ed lo afirm\u00f3 el presidente del partido, Grover Garc\u00eda, quien asegur\u00f3 que tanto Morales como Rodr\u00edguez tienen las puertas abiertas para regresar al instrumento pol\u00edtico. Garc\u00eda destac\u00f3 que la dirigencia y los movimientos sociales del MAS est\u00e1n trabajando en la \u201cunidad de la izquierda\u201d, y que la decisi\u00f3n de volver ser\u00e1 personal. La semana pasada, la organizaci\u00f3n expuls\u00f3 a Luis Arce, acus\u00e1ndolo de desviar recursos y traicionar los ideales del partido en medio de un proceso de reconfiguraci\u00f3n interna<\/p>\n\n\n\n<figure class=\"wp-block-embed is-type-video is-provider-youtube wp-block-embed-youtube wp-embed-aspect-16-9 wp-has-aspect-ratio\"><div class=\"wp-block-embed__wrapper\">\n<iframe title=\"EL MAS ABRE LA PUERTA A EVO Y ANDR\u00d3NICO TRAS EXPULSI\u00d3N DE ARCE\" width=\"800\" height=\"450\" src=\"https:\/\/www.youtube.com\/embed\/8FrAZnU-ObI?feature=oembed\" frameborder=\"0\" allow=\"accelerometer; autoplay; clipboard-write; encrypted-media; gyroscope; picture-in-picture; web-share\" referrerpolicy=\"strict-origin-when-cross-origin\" allowfullscreen><\/iframe>\n<\/div><\/figure>\n","protected":false},"excerpt":{"rendered":"<p>El Movimiento al Socialismo (MAS) busca consolidar su unidad interna tras recientes fracturas, dejando entrever la posibilidad de la reincorporaci\u00f3n de figuras clave como Evo Morales y Andr\u00f3nico Rodr\u00edguez. As\u00ed lo afirm\u00f3 el presidente del partido, Grover Garc\u00eda, quien asegur\u00f3 que tanto Morales como Rodr\u00edguez tienen las puertas abiertas para regresar al instrumento pol\u00edtico. Garc\u00eda [&hellip;]<\/p>\n","protected":false},"author":1,"featured_media":11084,"comment_status":"open","ping_status":"open","sticky":false,"template":"","format":"standard","meta":{"_eb_attr":"","footnotes":""},"categories":[1,42],"tags":[],"class_list":["post-11075","post","type-post","status-publish","format-standard","has-post-thumbnail","hentry","category-noticias","category-politica"],"yoast_head":"<!-- This site is optimized with the Yoast SEO plugin v27.4 - https:\/\/yoast.com\/product\/yoast-seo-wordpress\/ -->\n<title>EL MAS ABRE LA PUERTA A EVO Y ANDR\u00d3NICO TRAS EXPULSI\u00d3N DE ARCE - Te lo Cuenta Victor<\/title>\n<meta name=\"robots\" content=\"index, follow, max-snippet:-1, max-image-preview:large, max-video-preview:-1\" \/>\n<link rel=\"canonical\" href=\"https:\/\/telocuentavictorhugo.com\/index.php\/2025\/11\/13\/el-mas-abre-la-puerta-a-evo-y-andronico-tras-expulsion-de-arce\/\" \/>\n<meta property=\"og:locale\" content=\"es_ES\" \/>\n<meta property=\"og:type\" content=\"article\" \/>\n<meta property=\"og:title\" content=\"EL MAS ABRE LA PUERTA A EVO Y ANDR\u00d3NICO TRAS EXPULSI\u00d3N DE ARCE - Te lo Cuenta Victor\" \/>\n<meta property=\"og:description\" content=\"El Movimiento al Socialismo (MAS) busca consolidar su unidad interna tras recientes fracturas, dejando entrever la posibilidad de la reincorporaci\u00f3n de figuras clave como Evo Morales y Andr\u00f3nico Rodr\u00edguez. As\u00ed lo afirm\u00f3 el presidente del partido, Grover Garc\u00eda, quien asegur\u00f3 que tanto Morales como Rodr\u00edguez tienen las puertas abiertas para regresar al instrumento pol\u00edtico. Garc\u00eda [&hellip;]\" \/>\n<meta property=\"og:url\" content=\"https:\/\/telocuentavictorhugo.com\/index.php\/2025\/11\/13\/el-mas-abre-la-puerta-a-evo-y-andronico-tras-expulsion-de-arce\/\" \/>\n<meta property=\"og:site_name\" content=\"Te lo Cuenta Victor\" \/>\n<meta property=\"article:published_time\" content=\"2025-11-14T00:02:15+00:00\" \/>\n<meta property=\"article:modified_time\" content=\"2025-11-14T00:02:16+00:00\" \/>\n<meta property=\"og:image\" content=\"http:\/\/telocuentavictorhugo.com\/wp-content\/uploads\/2025\/11\/2-3.jpg\" \/>\n\t<meta property=\"og:image:width\" content=\"847\" \/>\n\t<meta property=\"og:image:height\" content=\"415\" \/>\n\t<meta property=\"og:image:type\" content=\"image\/jpeg\" \/>\n<meta name=\"author\" content=\"telocuentavictorhugo.com\" \/>\n<meta name=\"twitter:card\" content=\"summary_large_image\" \/>\n<meta name=\"twitter:label1\" content=\"Escrito por\" \/>\n\t<meta name=\"twitter:data1\" content=\"telocuentavictorhugo.com\" \/>\n\t<meta name=\"twitter:label2\" content=\"Tiempo de lectura\" \/>\n\t<meta name=\"twitter:data2\" content=\"1 minuto\" \/>\n<script type=\"application\/ld+json\" class=\"yoast-schema-graph\">{\"@context\":\"https:\\\/\\\/schema.org\",\"@graph\":[{\"@type\":\"Article\",\"@id\":\"https:\\\/\\\/telocuentavictorhugo.com\\\/index.php\\\/2025\\\/11\\\/13\\\/el-mas-abre-la-puerta-a-evo-y-andronico-tras-expulsion-de-arce\\\/#article\",\"isPartOf\":{\"@id\":\"https:\\\/\\\/telocuentavictorhugo.com\\\/index.php\\\/2025\\\/11\\\/13\\\/el-mas-abre-la-puerta-a-evo-y-andronico-tras-expulsion-de-arce\\\/\"},\"author\":{\"name\":\"telocuentavictorhugo.com\",\"@id\":\"https:\\\/\\\/telocuentavictorhugo.com\\\/#\\\/schema\\\/person\\\/a8307d7271ba2849b49b562ad8602f06\"},\"headline\":\"EL MAS ABRE LA PUERTA A EVO Y ANDR\u00d3NICO TRAS EXPULSI\u00d3N DE ARCE\",\"datePublished\":\"2025-11-14T00:02:15+00:00\",\"dateModified\":\"2025-11-14T00:02:16+00:00\",\"mainEntityOfPage\":{\"@id\":\"https:\\\/\\\/telocuentavictorhugo.com\\\/index.php\\\/2025\\\/11\\\/13\\\/el-mas-abre-la-puerta-a-evo-y-andronico-tras-expulsion-de-arce\\\/\"},\"wordCount\":139,\"commentCount\":0,\"publisher\":{\"@id\":\"https:\\\/\\\/telocuentavictorhugo.com\\\/#organization\"},\"image\":{\"@id\":\"https:\\\/\\\/telocuentavictorhugo.com\\\/index.php\\\/2025\\\/11\\\/13\\\/el-mas-abre-la-puerta-a-evo-y-andronico-tras-expulsion-de-arce\\\/#primaryimage\"},\"thumbnailUrl\":\"https:\\\/\\\/telocuentavictorhugo.com\\\/wp-content\\\/uploads\\\/2025\\\/11\\\/2-3.jpg\",\"articleSection\":[\"Noticias\",\"Pol\u00edtica\"],\"inLanguage\":\"es\",\"potentialAction\":[{\"@type\":\"CommentAction\",\"name\":\"Comment\",\"target\":[\"https:\\\/\\\/telocuentavictorhugo.com\\\/index.php\\\/2025\\\/11\\\/13\\\/el-mas-abre-la-puerta-a-evo-y-andronico-tras-expulsion-de-arce\\\/#respond\"]}]},{\"@type\":\"WebPage\",\"@id\":\"https:\\\/\\\/telocuentavictorhugo.com\\\/index.php\\\/2025\\\/11\\\/13\\\/el-mas-abre-la-puerta-a-evo-y-andronico-tras-expulsion-de-arce\\\/\",\"url\":\"https:\\\/\\\/telocuentavictorhugo.com\\\/index.php\\\/2025\\\/11\\\/13\\\/el-mas-abre-la-puerta-a-evo-y-andronico-tras-expulsion-de-arce\\\/\",\"name\":\"EL MAS ABRE LA PUERTA A EVO Y ANDR\u00d3NICO TRAS EXPULSI\u00d3N DE ARCE - Te lo Cuenta Victor\",\"isPartOf\":{\"@id\":\"https:\\\/\\\/telocuentavictorhugo.com\\\/#website\"},\"primaryImageOfPage\":{\"@id\":\"https:\\\/\\\/telocuentavictorhugo.com\\\/index.php\\\/2025\\\/11\\\/13\\\/el-mas-abre-la-puerta-a-evo-y-andronico-tras-expulsion-de-arce\\\/#primaryimage\"},\"image\":{\"@id\":\"https:\\\/\\\/telocuentavictorhugo.com\\\/index.php\\\/2025\\\/11\\\/13\\\/el-mas-abre-la-puerta-a-evo-y-andronico-tras-expulsion-de-arce\\\/#primaryimage\"},\"thumbnailUrl\":\"https:\\\/\\\/telocuentavictorhugo.com\\\/wp-content\\\/uploads\\\/2025\\\/11\\\/2-3.jpg\",\"datePublished\":\"2025-11-14T00:02:15+00:00\",\"dateModified\":\"2025-11-14T00:02:16+00:00\",\"breadcrumb\":{\"@id\":\"https:\\\/\\\/telocuentavictorhugo.com\\\/index.php\\\/2025\\\/11\\\/13\\\/el-mas-abre-la-puerta-a-evo-y-andronico-tras-expulsion-de-arce\\\/#breadcrumb\"},\"inLanguage\":\"es\",\"potentialAction\":[{\"@type\":\"ReadAction\",\"target\":[\"https:\\\/\\\/telocuentavictorhugo.com\\\/index.php\\\/2025\\\/11\\\/13\\\/el-mas-abre-la-puerta-a-evo-y-andronico-tras-expulsion-de-arce\\\/\"]}]},{\"@type\":\"ImageObject\",\"inLanguage\":\"es\",\"@id\":\"https:\\\/\\\/telocuentavictorhugo.com\\\/index.php\\\/2025\\\/11\\\/13\\\/el-mas-abre-la-puerta-a-evo-y-andronico-tras-expulsion-de-arce\\\/#primaryimage\",\"url\":\"https:\\\/\\\/telocuentavictorhugo.com\\\/wp-content\\\/uploads\\\/2025\\\/11\\\/2-3.jpg\",\"contentUrl\":\"https:\\\/\\\/telocuentavictorhugo.com\\\/wp-content\\\/uploads\\\/2025\\\/11\\\/2-3.jpg\",\"width\":847,\"height\":415},{\"@type\":\"BreadcrumbList\",\"@id\":\"https:\\\/\\\/telocuentavictorhugo.com\\\/index.php\\\/2025\\\/11\\\/13\\\/el-mas-abre-la-puerta-a-evo-y-andronico-tras-expulsion-de-arce\\\/#breadcrumb\",\"itemListElement\":[{\"@type\":\"ListItem\",\"position\":1,\"name\":\"Portada\",\"item\":\"https:\\\/\\\/telocuentavictorhugo.com\\\/\"},{\"@type\":\"ListItem\",\"position\":2,\"name\":\"EL MAS ABRE LA PUERTA A EVO Y ANDR\u00d3NICO TRAS EXPULSI\u00d3N DE ARCE\"}]},{\"@type\":\"WebSite\",\"@id\":\"https:\\\/\\\/telocuentavictorhugo.com\\\/#website\",\"url\":\"https:\\\/\\\/telocuentavictorhugo.com\\\/\",\"name\":\"Te lo Cuenta Victor\",\"description\":\"\",\"publisher\":{\"@id\":\"https:\\\/\\\/telocuentavictorhugo.com\\\/#organization\"},\"potentialAction\":[{\"@type\":\"SearchAction\",\"target\":{\"@type\":\"EntryPoint\",\"urlTemplate\":\"https:\\\/\\\/telocuentavictorhugo.com\\\/?s={search_term_string}\"},\"query-input\":{\"@type\":\"PropertyValueSpecification\",\"valueRequired\":true,\"valueName\":\"search_term_string\"}}],\"inLanguage\":\"es\"},{\"@type\":\"Organization\",\"@id\":\"https:\\\/\\\/telocuentavictorhugo.com\\\/#organization\",\"name\":\"Te lo Cuenta Victor\",\"url\":\"https:\\\/\\\/telocuentavictorhugo.com\\\/\",\"logo\":{\"@type\":\"ImageObject\",\"inLanguage\":\"es\",\"@id\":\"https:\\\/\\\/telocuentavictorhugo.com\\\/#\\\/schema\\\/logo\\\/image\\\/\",\"url\":\"https:\\\/\\\/telocuentavictorhugo.com\\\/wp-content\\\/uploads\\\/2023\\\/12\\\/Logo.png\",\"contentUrl\":\"https:\\\/\\\/telocuentavictorhugo.com\\\/wp-content\\\/uploads\\\/2023\\\/12\\\/Logo.png\",\"width\":1080,\"height\":176,\"caption\":\"Te lo Cuenta Victor\"},\"image\":{\"@id\":\"https:\\\/\\\/telocuentavictorhugo.com\\\/#\\\/schema\\\/logo\\\/image\\\/\"}},{\"@type\":\"Person\",\"@id\":\"https:\\\/\\\/telocuentavictorhugo.com\\\/#\\\/schema\\\/person\\\/a8307d7271ba2849b49b562ad8602f06\",\"name\":\"telocuentavictorhugo.com\",\"image\":{\"@type\":\"ImageObject\",\"inLanguage\":\"es\",\"@id\":\"https:\\\/\\\/secure.gravatar.com\\\/avatar\\\/da212e7b532df19fd2aea5daf46d8c176abfc85521e4b80ed435d7426ef63eb6?s=96&d=mm&r=g\",\"url\":\"https:\\\/\\\/secure.gravatar.com\\\/avatar\\\/da212e7b532df19fd2aea5daf46d8c176abfc85521e4b80ed435d7426ef63eb6?s=96&d=mm&r=g\",\"contentUrl\":\"https:\\\/\\\/secure.gravatar.com\\\/avatar\\\/da212e7b532df19fd2aea5daf46d8c176abfc85521e4b80ed435d7426ef63eb6?s=96&d=mm&r=g\",\"caption\":\"telocuentavictorhugo.com\"},\"sameAs\":[\"http:\\\/\\\/telocuentavictorhugo.com\"],\"url\":\"https:\\\/\\\/telocuentavictorhugo.com\\\/index.php\\\/author\\\/plustvpress-com\\\/\"}]}<\/script>\n<!-- \/ Yoast SEO plugin. -->","yoast_head_json":{"title":"EL MAS ABRE LA PUERTA A EVO Y ANDR\u00d3NICO TRAS EXPULSI\u00d3N DE ARCE - Te lo Cuenta Victor","robots":{"index":"index","follow":"follow","max-snippet":"max-snippet:-1","max-image-preview":"max-image-preview:large","max-video-preview":"max-video-preview:-1"},"canonical":"https:\/\/telocuentavictorhugo.com\/index.php\/2025\/11\/13\/el-mas-abre-la-puerta-a-evo-y-andronico-tras-expulsion-de-arce\/","og_locale":"es_ES","og_type":"article","og_title":"EL MAS ABRE LA PUERTA A EVO Y ANDR\u00d3NICO TRAS EXPULSI\u00d3N DE ARCE - Te lo Cuenta Victor","og_description":"El Movimiento al Socialismo (MAS) busca consolidar su unidad interna tras recientes fracturas, dejando entrever la posibilidad de la reincorporaci\u00f3n de figuras clave como Evo Morales y Andr\u00f3nico Rodr\u00edguez. As\u00ed lo afirm\u00f3 el presidente del partido, Grover Garc\u00eda, quien asegur\u00f3 que tanto Morales como Rodr\u00edguez tienen las puertas abiertas para regresar al instrumento pol\u00edtico. Garc\u00eda [&hellip;]","og_url":"https:\/\/telocuentavictorhugo.com\/index.php\/2025\/11\/13\/el-mas-abre-la-puerta-a-evo-y-andronico-tras-expulsion-de-arce\/","og_site_name":"Te lo Cuenta Victor","article_published_time":"2025-11-14T00:02:15+00:00","article_modified_time":"2025-11-14T00:02:16+00:00","og_image":[{"width":847,"height":415,"url":"http:\/\/telocuentavictorhugo.com\/wp-content\/uploads\/2025\/11\/2-3.jpg","type":"image\/jpeg"}],"author":"telocuentavictorhugo.com","twitter_card":"summary_large_image","twitter_misc":{"Escrito por":"telocuentavictorhugo.com","Tiempo de lectura":"1 minuto"},"schema":{"@context":"https:\/\/schema.org","@graph":[{"@type":"Article","@id":"https:\/\/telocuentavictorhugo.com\/index.php\/2025\/11\/13\/el-mas-abre-la-puerta-a-evo-y-andronico-tras-expulsion-de-arce\/#article","isPartOf":{"@id":"https:\/\/telocuentavictorhugo.com\/index.php\/2025\/11\/13\/el-mas-abre-la-puerta-a-evo-y-andronico-tras-expulsion-de-arce\/"},"author":{"name":"telocuentavictorhugo.com","@id":"https:\/\/telocuentavictorhugo.com\/#\/schema\/person\/a8307d7271ba2849b49b562ad8602f06"},"headline":"EL MAS ABRE LA PUERTA A EVO Y ANDR\u00d3NICO TRAS EXPULSI\u00d3N DE ARCE","datePublished":"2025-11-14T00:02:15+00:00","dateModified":"2025-11-14T00:02:16+00:00","mainEntityOfPage":{"@id":"https:\/\/telocuentavictorhugo.com\/index.php\/2025\/11\/13\/el-mas-abre-la-puerta-a-evo-y-andronico-tras-expulsion-de-arce\/"},"wordCount":139,"commentCount":0,"publisher":{"@id":"https:\/\/telocuentavictorhugo.com\/#organization"},"image":{"@id":"https:\/\/telocuentavictorhugo.com\/index.php\/2025\/11\/13\/el-mas-abre-la-puerta-a-evo-y-andronico-tras-expulsion-de-arce\/#primaryimage"},"thumbnailUrl":"https:\/\/telocuentavictorhugo.com\/wp-content\/uploads\/2025\/11\/2-3.jpg","articleSection":["Noticias","Pol\u00edtica"],"inLanguage":"es","potentialAction":[{"@type":"CommentAction","name":"Comment","target":["https:\/\/telocuentavictorhugo.com\/index.php\/2025\/11\/13\/el-mas-abre-la-puerta-a-evo-y-andronico-tras-expulsion-de-arce\/#respond"]}]},{"@type":"WebPage","@id":"https:\/\/telocuentavictorhugo.com\/index.php\/2025\/11\/13\/el-mas-abre-la-puerta-a-evo-y-andronico-tras-expulsion-de-arce\/","url":"https:\/\/telocuentavictorhugo.com\/index.php\/2025\/11\/13\/el-mas-abre-la-puerta-a-evo-y-andronico-tras-expulsion-de-arce\/","name":"EL MAS ABRE LA PUERTA A EVO Y ANDR\u00d3NICO TRAS EXPULSI\u00d3N DE ARCE - Te lo Cuenta Victor","isPartOf":{"@id":"https:\/\/telocuentavictorhugo.com\/#website"},"primaryImageOfPage":{"@id":"https:\/\/telocuentavictorhugo.com\/index.php\/2025\/11\/13\/el-mas-abre-la-puerta-a-evo-y-andronico-tras-expulsion-de-arce\/#primaryimage"},"image":{"@id":"https:\/\/telocuentavictorhugo.com\/index.php\/2025\/11\/13\/el-mas-abre-la-puerta-a-evo-y-andronico-tras-expulsion-de-arce\/#primaryimage"},"thumbnailUrl":"https:\/\/telocuentavictorhugo.com\/wp-content\/uploads\/2025\/11\/2-3.jpg","datePublished":"2025-11-14T00:02:15+00:00","dateModified":"2025-11-14T00:02:16+00:00","breadcrumb":{"@id":"https:\/\/telocuentavictorhugo.com\/index.php\/2025\/11\/13\/el-mas-abre-la-puerta-a-evo-y-andronico-tras-expulsion-de-arce\/#breadcrumb"},"inLanguage":"es","potentialAction":[{"@type":"ReadAction","target":["https:\/\/telocuentavictorhugo.com\/index.php\/2025\/11\/13\/el-mas-abre-la-puerta-a-evo-y-andronico-tras-expulsion-de-arce\/"]}]},{"@type":"ImageObject","inLanguage":"es","@id":"https:\/\/telocuentavictorhugo.com\/index.php\/2025\/11\/13\/el-mas-abre-la-puerta-a-evo-y-andronico-tras-expulsion-de-arce\/#primaryimage","url":"https:\/\/telocuentavictorhugo.com\/wp-content\/uploads\/2025\/11\/2-3.jpg","contentUrl":"https:\/\/telocuentavictorhugo.com\/wp-content\/uploads\/2025\/11\/2-3.jpg","width":847,"height":415},{"@type":"BreadcrumbList","@id":"https:\/\/telocuentavictorhugo.com\/index.php\/2025\/11\/13\/el-mas-abre-la-puerta-a-evo-y-andronico-tras-expulsion-de-arce\/#breadcrumb","itemListElement":[{"@type":"ListItem","position":1,"name":"Portada","item":"https:\/\/telocuentavictorhugo.com\/"},{"@type":"ListItem","position":2,"name":"EL MAS ABRE LA PUERTA A EVO Y ANDR\u00d3NICO TRAS EXPULSI\u00d3N DE ARCE"}]},{"@type":"WebSite","@id":"https:\/\/telocuentavictorhugo.com\/#website","url":"https:\/\/telocuentavictorhugo.com\/","name":"Te lo Cuenta Victor","description":"","publisher":{"@id":"https:\/\/telocuentavictorhugo.com\/#organization"},"potentialAction":[{"@type":"SearchAction","target":{"@type":"EntryPoint","urlTemplate":"https:\/\/telocuentavictorhugo.com\/?s={search_term_string}"},"query-input":{"@type":"PropertyValueSpecification","valueRequired":true,"valueName":"search_term_string"}}],"inLanguage":"es"},{"@type":"Organization","@id":"https:\/\/telocuentavictorhugo.com\/#organization","name":"Te lo Cuenta Victor","url":"https:\/\/telocuentavictorhugo.com\/","logo":{"@type":"ImageObject","inLanguage":"es","@id":"https:\/\/telocuentavictorhugo.com\/#\/schema\/logo\/image\/","url":"https:\/\/telocuentavictorhugo.com\/wp-content\/uploads\/2023\/12\/Logo.png","contentUrl":"https:\/\/telocuentavictorhugo.com\/wp-content\/uploads\/2023\/12\/Logo.png","width":1080,"height":176,"caption":"Te lo Cuenta Victor"},"image":{"@id":"https:\/\/telocuentavictorhugo.com\/#\/schema\/logo\/image\/"}},{"@type":"Person","@id":"https:\/\/telocuentavictorhugo.com\/#\/schema\/person\/a8307d7271ba2849b49b562ad8602f06","name":"telocuentavictorhugo.com","image":{"@type":"ImageObject","inLanguage":"es","@id":"https:\/\/secure.gravatar.com\/avatar\/da212e7b532df19fd2aea5daf46d8c176abfc85521e4b80ed435d7426ef63eb6?s=96&d=mm&r=g","url":"https:\/\/secure.gravatar.com\/avatar\/da212e7b532df19fd2aea5daf46d8c176abfc85521e4b80ed435d7426ef63eb6?s=96&d=mm&r=g","contentUrl":"https:\/\/secure.gravatar.com\/avatar\/da212e7b532df19fd2aea5daf46d8c176abfc85521e4b80ed435d7426ef63eb6?s=96&d=mm&r=g","caption":"telocuentavictorhugo.com"},"sameAs":["http:\/\/telocuentavictorhugo.com"],"url":"https:\/\/telocuentavictorhugo.com\/index.php\/author\/plustvpress-com\/"}]}},"_links":{"self":[{"href":"https:\/\/telocuentavictorhugo.com\/index.php\/wp-json\/wp\/v2\/posts\/11075","targetHints":{"allow":["GET"]}}],"collection":[{"href":"https:\/\/telocuentavictorhugo.com\/index.php\/wp-json\/wp\/v2\/posts"}],"about":[{"href":"https:\/\/telocuentavictorhugo.com\/index.php\/wp-json\/wp\/v2\/types\/post"}],"author":[{"embeddable":true,"href":"https:\/\/telocuentavictorhugo.com\/index.php\/wp-json\/wp\/v2\/users\/1"}],"replies":[{"embeddable":true,"href":"https:\/\/telocuentavictorhugo.com\/index.php\/wp-json\/wp\/v2\/comments?post=11075"}],"version-history":[{"count":1,"href":"https:\/\/telocuentavictorhugo.com\/index.php\/wp-json\/wp\/v2\/posts\/11075\/revisions"}],"predecessor-version":[{"id":11097,"href":"https:\/\/telocuentavictorhugo.com\/index.php\/wp-json\/wp\/v2\/posts\/11075\/revisions\/11097"}],"wp:featuredmedia":[{"embeddable":true,"href":"https:\/\/telocuentavictorhugo.com\/index.php\/wp-json\/wp\/v2\/media\/11084"}],"wp:attachment":[{"href":"https:\/\/telocuentavictorhugo.com\/index.php\/wp-json\/wp\/v2\/media?parent=11075"}],"wp:term":[{"taxonomy":"category","embeddable":true,"href":"https:\/\/telocuentavictorhugo.com\/index.php\/wp-json\/wp\/v2\/categories?post=11075"},{"taxonomy":"post_tag","embeddable":true,"href":"https:\/\/telocuentavictorhugo.com\/index.php\/wp-json\/wp\/v2\/tags?post=11075"}],"curies":[{"name":"wp","href":"https:\/\/api.w.org\/{rel}","templated":true}]}}