{"id":11074,"date":"2025-11-13T20:02:13","date_gmt":"2025-11-14T00:02:13","guid":{"rendered":"https:\/\/telocuentavictorhugo.com\/?p=11074"},"modified":"2025-11-13T20:02:14","modified_gmt":"2025-11-14T00:02:14","slug":"oviedo-llama-a-la-policia-a-recuperar-la-institucionalidad","status":"publish","type":"post","link":"https:\/\/telocuentavictorhugo.com\/index.php\/2025\/11\/13\/oviedo-llama-a-la-policia-a-recuperar-la-institucionalidad\/","title":{"rendered":"OVIEDO LLAMA A LA POLIC\u00cdA A RECUPERAR LA INSTITUCIONALIDAD"},"content":{"rendered":"\n<p>El ministro de Gobierno, Marco Antonio Oviedo, reafirm\u00f3 hoy su compromiso de recuperar la institucionalidad de la Polic\u00eda Boliviana, en un acto de reconocimiento en la Academia Nacional de Polic\u00eda en La Paz. En su intervenci\u00f3n, Oviedo subray\u00f3 la importancia de fundamentar la instituci\u00f3n en tres principios esenciales: la defensa de la sociedad, el mantenimiento del orden p\u00fablico y el respeto irrestricto a las leyes, se\u00f1alando que solo as\u00ed la Polic\u00eda podr\u00e1 ganar la confianza y el cari\u00f1o de la poblaci\u00f3n. <\/p>\n\n\n\n<figure class=\"wp-block-embed is-type-video is-provider-youtube wp-block-embed-youtube wp-embed-aspect-16-9 wp-has-aspect-ratio\"><div class=\"wp-block-embed__wrapper\">\n<iframe title=\"OVIEDO LLAMA A LA POLIC\u00cdA A RECUPERAR LA INSTITUCIONALIDAD\" width=\"800\" height=\"450\" src=\"https:\/\/www.youtube.com\/embed\/Qbk3oHiheko?feature=oembed\" frameborder=\"0\" allow=\"accelerometer; autoplay; clipboard-write; encrypted-media; gyroscope; picture-in-picture; web-share\" referrerpolicy=\"strict-origin-when-cross-origin\" allowfullscreen><\/iframe>\n<\/div><\/figure>\n\n\n\n<p><\/p>\n","protected":false},"excerpt":{"rendered":"<p>El ministro de Gobierno, Marco Antonio Oviedo, reafirm\u00f3 hoy su compromiso de recuperar la institucionalidad de la Polic\u00eda Boliviana, en un acto de reconocimiento en la Academia Nacional de Polic\u00eda en La Paz. En su intervenci\u00f3n, Oviedo subray\u00f3 la importancia de fundamentar la instituci\u00f3n en tres principios esenciales: la defensa de la sociedad, el mantenimiento [&hellip;]<\/p>\n","protected":false},"author":1,"featured_media":11083,"comment_status":"open","ping_status":"open","sticky":false,"template":"","format":"standard","meta":{"_eb_attr":"","footnotes":""},"categories":[1,42],"tags":[],"class_list":["post-11074","post","type-post","status-publish","format-standard","has-post-thumbnail","hentry","category-noticias","category-politica"],"yoast_head":"<!-- This site is optimized with the Yoast SEO plugin v27.4 - https:\/\/yoast.com\/product\/yoast-seo-wordpress\/ -->\n<title>OVIEDO LLAMA A LA POLIC\u00cdA A RECUPERAR LA INSTITUCIONALIDAD - Te lo Cuenta Victor<\/title>\n<meta name=\"robots\" content=\"index, follow, max-snippet:-1, max-image-preview:large, max-video-preview:-1\" \/>\n<link rel=\"canonical\" href=\"https:\/\/telocuentavictorhugo.com\/index.php\/2025\/11\/13\/oviedo-llama-a-la-policia-a-recuperar-la-institucionalidad\/\" \/>\n<meta property=\"og:locale\" content=\"es_ES\" \/>\n<meta property=\"og:type\" content=\"article\" \/>\n<meta property=\"og:title\" content=\"OVIEDO LLAMA A LA POLIC\u00cdA A RECUPERAR LA INSTITUCIONALIDAD - Te lo Cuenta Victor\" \/>\n<meta property=\"og:description\" content=\"El ministro de Gobierno, Marco Antonio Oviedo, reafirm\u00f3 hoy su compromiso de recuperar la institucionalidad de la Polic\u00eda Boliviana, en un acto de reconocimiento en la Academia Nacional de Polic\u00eda en La Paz. En su intervenci\u00f3n, Oviedo subray\u00f3 la importancia de fundamentar la instituci\u00f3n en tres principios esenciales: la defensa de la sociedad, el mantenimiento [&hellip;]\" \/>\n<meta property=\"og:url\" content=\"https:\/\/telocuentavictorhugo.com\/index.php\/2025\/11\/13\/oviedo-llama-a-la-policia-a-recuperar-la-institucionalidad\/\" \/>\n<meta property=\"og:site_name\" content=\"Te lo Cuenta Victor\" \/>\n<meta property=\"article:published_time\" content=\"2025-11-14T00:02:13+00:00\" \/>\n<meta property=\"article:modified_time\" content=\"2025-11-14T00:02:14+00:00\" \/>\n<meta property=\"og:image\" content=\"http:\/\/telocuentavictorhugo.com\/wp-content\/uploads\/2025\/11\/1-4.jpg\" \/>\n\t<meta property=\"og:image:width\" content=\"857\" \/>\n\t<meta property=\"og:image:height\" content=\"475\" \/>\n\t<meta property=\"og:image:type\" content=\"image\/jpeg\" \/>\n<meta name=\"author\" content=\"telocuentavictorhugo.com\" \/>\n<meta name=\"twitter:card\" content=\"summary_large_image\" \/>\n<meta name=\"twitter:label1\" content=\"Escrito por\" \/>\n\t<meta name=\"twitter:data1\" content=\"telocuentavictorhugo.com\" \/>\n\t<meta name=\"twitter:label2\" content=\"Tiempo de lectura\" \/>\n\t<meta name=\"twitter:data2\" content=\"1 minuto\" \/>\n<script type=\"application\/ld+json\" class=\"yoast-schema-graph\">{\"@context\":\"https:\\\/\\\/schema.org\",\"@graph\":[{\"@type\":\"Article\",\"@id\":\"https:\\\/\\\/telocuentavictorhugo.com\\\/index.php\\\/2025\\\/11\\\/13\\\/oviedo-llama-a-la-policia-a-recuperar-la-institucionalidad\\\/#article\",\"isPartOf\":{\"@id\":\"https:\\\/\\\/telocuentavictorhugo.com\\\/index.php\\\/2025\\\/11\\\/13\\\/oviedo-llama-a-la-policia-a-recuperar-la-institucionalidad\\\/\"},\"author\":{\"name\":\"telocuentavictorhugo.com\",\"@id\":\"https:\\\/\\\/telocuentavictorhugo.com\\\/#\\\/schema\\\/person\\\/a8307d7271ba2849b49b562ad8602f06\"},\"headline\":\"OVIEDO LLAMA A LA POLIC\u00cdA A RECUPERAR LA INSTITUCIONALIDAD\",\"datePublished\":\"2025-11-14T00:02:13+00:00\",\"dateModified\":\"2025-11-14T00:02:14+00:00\",\"mainEntityOfPage\":{\"@id\":\"https:\\\/\\\/telocuentavictorhugo.com\\\/index.php\\\/2025\\\/11\\\/13\\\/oviedo-llama-a-la-policia-a-recuperar-la-institucionalidad\\\/\"},\"wordCount\":105,\"commentCount\":0,\"publisher\":{\"@id\":\"https:\\\/\\\/telocuentavictorhugo.com\\\/#organization\"},\"image\":{\"@id\":\"https:\\\/\\\/telocuentavictorhugo.com\\\/index.php\\\/2025\\\/11\\\/13\\\/oviedo-llama-a-la-policia-a-recuperar-la-institucionalidad\\\/#primaryimage\"},\"thumbnailUrl\":\"https:\\\/\\\/telocuentavictorhugo.com\\\/wp-content\\\/uploads\\\/2025\\\/11\\\/1-4.jpg\",\"articleSection\":[\"Noticias\",\"Pol\u00edtica\"],\"inLanguage\":\"es\",\"potentialAction\":[{\"@type\":\"CommentAction\",\"name\":\"Comment\",\"target\":[\"https:\\\/\\\/telocuentavictorhugo.com\\\/index.php\\\/2025\\\/11\\\/13\\\/oviedo-llama-a-la-policia-a-recuperar-la-institucionalidad\\\/#respond\"]}]},{\"@type\":\"WebPage\",\"@id\":\"https:\\\/\\\/telocuentavictorhugo.com\\\/index.php\\\/2025\\\/11\\\/13\\\/oviedo-llama-a-la-policia-a-recuperar-la-institucionalidad\\\/\",\"url\":\"https:\\\/\\\/telocuentavictorhugo.com\\\/index.php\\\/2025\\\/11\\\/13\\\/oviedo-llama-a-la-policia-a-recuperar-la-institucionalidad\\\/\",\"name\":\"OVIEDO LLAMA A LA POLIC\u00cdA A RECUPERAR LA INSTITUCIONALIDAD - Te lo Cuenta Victor\",\"isPartOf\":{\"@id\":\"https:\\\/\\\/telocuentavictorhugo.com\\\/#website\"},\"primaryImageOfPage\":{\"@id\":\"https:\\\/\\\/telocuentavictorhugo.com\\\/index.php\\\/2025\\\/11\\\/13\\\/oviedo-llama-a-la-policia-a-recuperar-la-institucionalidad\\\/#primaryimage\"},\"image\":{\"@id\":\"https:\\\/\\\/telocuentavictorhugo.com\\\/index.php\\\/2025\\\/11\\\/13\\\/oviedo-llama-a-la-policia-a-recuperar-la-institucionalidad\\\/#primaryimage\"},\"thumbnailUrl\":\"https:\\\/\\\/telocuentavictorhugo.com\\\/wp-content\\\/uploads\\\/2025\\\/11\\\/1-4.jpg\",\"datePublished\":\"2025-11-14T00:02:13+00:00\",\"dateModified\":\"2025-11-14T00:02:14+00:00\",\"breadcrumb\":{\"@id\":\"https:\\\/\\\/telocuentavictorhugo.com\\\/index.php\\\/2025\\\/11\\\/13\\\/oviedo-llama-a-la-policia-a-recuperar-la-institucionalidad\\\/#breadcrumb\"},\"inLanguage\":\"es\",\"potentialAction\":[{\"@type\":\"ReadAction\",\"target\":[\"https:\\\/\\\/telocuentavictorhugo.com\\\/index.php\\\/2025\\\/11\\\/13\\\/oviedo-llama-a-la-policia-a-recuperar-la-institucionalidad\\\/\"]}]},{\"@type\":\"ImageObject\",\"inLanguage\":\"es\",\"@id\":\"https:\\\/\\\/telocuentavictorhugo.com\\\/index.php\\\/2025\\\/11\\\/13\\\/oviedo-llama-a-la-policia-a-recuperar-la-institucionalidad\\\/#primaryimage\",\"url\":\"https:\\\/\\\/telocuentavictorhugo.com\\\/wp-content\\\/uploads\\\/2025\\\/11\\\/1-4.jpg\",\"contentUrl\":\"https:\\\/\\\/telocuentavictorhugo.com\\\/wp-content\\\/uploads\\\/2025\\\/11\\\/1-4.jpg\",\"width\":857,\"height\":475},{\"@type\":\"BreadcrumbList\",\"@id\":\"https:\\\/\\\/telocuentavictorhugo.com\\\/index.php\\\/2025\\\/11\\\/13\\\/oviedo-llama-a-la-policia-a-recuperar-la-institucionalidad\\\/#breadcrumb\",\"itemListElement\":[{\"@type\":\"ListItem\",\"position\":1,\"name\":\"Portada\",\"item\":\"https:\\\/\\\/telocuentavictorhugo.com\\\/\"},{\"@type\":\"ListItem\",\"position\":2,\"name\":\"OVIEDO LLAMA A LA POLIC\u00cdA A RECUPERAR LA INSTITUCIONALIDAD\"}]},{\"@type\":\"WebSite\",\"@id\":\"https:\\\/\\\/telocuentavictorhugo.com\\\/#website\",\"url\":\"https:\\\/\\\/telocuentavictorhugo.com\\\/\",\"name\":\"Te lo Cuenta Victor\",\"description\":\"\",\"publisher\":{\"@id\":\"https:\\\/\\\/telocuentavictorhugo.com\\\/#organization\"},\"potentialAction\":[{\"@type\":\"SearchAction\",\"target\":{\"@type\":\"EntryPoint\",\"urlTemplate\":\"https:\\\/\\\/telocuentavictorhugo.com\\\/?s={search_term_string}\"},\"query-input\":{\"@type\":\"PropertyValueSpecification\",\"valueRequired\":true,\"valueName\":\"search_term_string\"}}],\"inLanguage\":\"es\"},{\"@type\":\"Organization\",\"@id\":\"https:\\\/\\\/telocuentavictorhugo.com\\\/#organization\",\"name\":\"Te lo Cuenta Victor\",\"url\":\"https:\\\/\\\/telocuentavictorhugo.com\\\/\",\"logo\":{\"@type\":\"ImageObject\",\"inLanguage\":\"es\",\"@id\":\"https:\\\/\\\/telocuentavictorhugo.com\\\/#\\\/schema\\\/logo\\\/image\\\/\",\"url\":\"https:\\\/\\\/telocuentavictorhugo.com\\\/wp-content\\\/uploads\\\/2023\\\/12\\\/Logo.png\",\"contentUrl\":\"https:\\\/\\\/telocuentavictorhugo.com\\\/wp-content\\\/uploads\\\/2023\\\/12\\\/Logo.png\",\"width\":1080,\"height\":176,\"caption\":\"Te lo Cuenta Victor\"},\"image\":{\"@id\":\"https:\\\/\\\/telocuentavictorhugo.com\\\/#\\\/schema\\\/logo\\\/image\\\/\"}},{\"@type\":\"Person\",\"@id\":\"https:\\\/\\\/telocuentavictorhugo.com\\\/#\\\/schema\\\/person\\\/a8307d7271ba2849b49b562ad8602f06\",\"name\":\"telocuentavictorhugo.com\",\"image\":{\"@type\":\"ImageObject\",\"inLanguage\":\"es\",\"@id\":\"https:\\\/\\\/secure.gravatar.com\\\/avatar\\\/da212e7b532df19fd2aea5daf46d8c176abfc85521e4b80ed435d7426ef63eb6?s=96&d=mm&r=g\",\"url\":\"https:\\\/\\\/secure.gravatar.com\\\/avatar\\\/da212e7b532df19fd2aea5daf46d8c176abfc85521e4b80ed435d7426ef63eb6?s=96&d=mm&r=g\",\"contentUrl\":\"https:\\\/\\\/secure.gravatar.com\\\/avatar\\\/da212e7b532df19fd2aea5daf46d8c176abfc85521e4b80ed435d7426ef63eb6?s=96&d=mm&r=g\",\"caption\":\"telocuentavictorhugo.com\"},\"sameAs\":[\"http:\\\/\\\/telocuentavictorhugo.com\"],\"url\":\"https:\\\/\\\/telocuentavictorhugo.com\\\/index.php\\\/author\\\/plustvpress-com\\\/\"}]}<\/script>\n<!-- \/ Yoast SEO plugin. -->","yoast_head_json":{"title":"OVIEDO LLAMA A LA POLIC\u00cdA A RECUPERAR LA INSTITUCIONALIDAD - Te lo Cuenta Victor","robots":{"index":"index","follow":"follow","max-snippet":"max-snippet:-1","max-image-preview":"max-image-preview:large","max-video-preview":"max-video-preview:-1"},"canonical":"https:\/\/telocuentavictorhugo.com\/index.php\/2025\/11\/13\/oviedo-llama-a-la-policia-a-recuperar-la-institucionalidad\/","og_locale":"es_ES","og_type":"article","og_title":"OVIEDO LLAMA A LA POLIC\u00cdA A RECUPERAR LA INSTITUCIONALIDAD - Te lo Cuenta Victor","og_description":"El ministro de Gobierno, Marco Antonio Oviedo, reafirm\u00f3 hoy su compromiso de recuperar la institucionalidad de la Polic\u00eda Boliviana, en un acto de reconocimiento en la Academia Nacional de Polic\u00eda en La Paz. En su intervenci\u00f3n, Oviedo subray\u00f3 la importancia de fundamentar la instituci\u00f3n en tres principios esenciales: la defensa de la sociedad, el mantenimiento [&hellip;]","og_url":"https:\/\/telocuentavictorhugo.com\/index.php\/2025\/11\/13\/oviedo-llama-a-la-policia-a-recuperar-la-institucionalidad\/","og_site_name":"Te lo Cuenta Victor","article_published_time":"2025-11-14T00:02:13+00:00","article_modified_time":"2025-11-14T00:02:14+00:00","og_image":[{"width":857,"height":475,"url":"http:\/\/telocuentavictorhugo.com\/wp-content\/uploads\/2025\/11\/1-4.jpg","type":"image\/jpeg"}],"author":"telocuentavictorhugo.com","twitter_card":"summary_large_image","twitter_misc":{"Escrito por":"telocuentavictorhugo.com","Tiempo de lectura":"1 minuto"},"schema":{"@context":"https:\/\/schema.org","@graph":[{"@type":"Article","@id":"https:\/\/telocuentavictorhugo.com\/index.php\/2025\/11\/13\/oviedo-llama-a-la-policia-a-recuperar-la-institucionalidad\/#article","isPartOf":{"@id":"https:\/\/telocuentavictorhugo.com\/index.php\/2025\/11\/13\/oviedo-llama-a-la-policia-a-recuperar-la-institucionalidad\/"},"author":{"name":"telocuentavictorhugo.com","@id":"https:\/\/telocuentavictorhugo.com\/#\/schema\/person\/a8307d7271ba2849b49b562ad8602f06"},"headline":"OVIEDO LLAMA A LA POLIC\u00cdA A RECUPERAR LA INSTITUCIONALIDAD","datePublished":"2025-11-14T00:02:13+00:00","dateModified":"2025-11-14T00:02:14+00:00","mainEntityOfPage":{"@id":"https:\/\/telocuentavictorhugo.com\/index.php\/2025\/11\/13\/oviedo-llama-a-la-policia-a-recuperar-la-institucionalidad\/"},"wordCount":105,"commentCount":0,"publisher":{"@id":"https:\/\/telocuentavictorhugo.com\/#organization"},"image":{"@id":"https:\/\/telocuentavictorhugo.com\/index.php\/2025\/11\/13\/oviedo-llama-a-la-policia-a-recuperar-la-institucionalidad\/#primaryimage"},"thumbnailUrl":"https:\/\/telocuentavictorhugo.com\/wp-content\/uploads\/2025\/11\/1-4.jpg","articleSection":["Noticias","Pol\u00edtica"],"inLanguage":"es","potentialAction":[{"@type":"CommentAction","name":"Comment","target":["https:\/\/telocuentavictorhugo.com\/index.php\/2025\/11\/13\/oviedo-llama-a-la-policia-a-recuperar-la-institucionalidad\/#respond"]}]},{"@type":"WebPage","@id":"https:\/\/telocuentavictorhugo.com\/index.php\/2025\/11\/13\/oviedo-llama-a-la-policia-a-recuperar-la-institucionalidad\/","url":"https:\/\/telocuentavictorhugo.com\/index.php\/2025\/11\/13\/oviedo-llama-a-la-policia-a-recuperar-la-institucionalidad\/","name":"OVIEDO LLAMA A LA POLIC\u00cdA A RECUPERAR LA INSTITUCIONALIDAD - Te lo Cuenta Victor","isPartOf":{"@id":"https:\/\/telocuentavictorhugo.com\/#website"},"primaryImageOfPage":{"@id":"https:\/\/telocuentavictorhugo.com\/index.php\/2025\/11\/13\/oviedo-llama-a-la-policia-a-recuperar-la-institucionalidad\/#primaryimage"},"image":{"@id":"https:\/\/telocuentavictorhugo.com\/index.php\/2025\/11\/13\/oviedo-llama-a-la-policia-a-recuperar-la-institucionalidad\/#primaryimage"},"thumbnailUrl":"https:\/\/telocuentavictorhugo.com\/wp-content\/uploads\/2025\/11\/1-4.jpg","datePublished":"2025-11-14T00:02:13+00:00","dateModified":"2025-11-14T00:02:14+00:00","breadcrumb":{"@id":"https:\/\/telocuentavictorhugo.com\/index.php\/2025\/11\/13\/oviedo-llama-a-la-policia-a-recuperar-la-institucionalidad\/#breadcrumb"},"inLanguage":"es","potentialAction":[{"@type":"ReadAction","target":["https:\/\/telocuentavictorhugo.com\/index.php\/2025\/11\/13\/oviedo-llama-a-la-policia-a-recuperar-la-institucionalidad\/"]}]},{"@type":"ImageObject","inLanguage":"es","@id":"https:\/\/telocuentavictorhugo.com\/index.php\/2025\/11\/13\/oviedo-llama-a-la-policia-a-recuperar-la-institucionalidad\/#primaryimage","url":"https:\/\/telocuentavictorhugo.com\/wp-content\/uploads\/2025\/11\/1-4.jpg","contentUrl":"https:\/\/telocuentavictorhugo.com\/wp-content\/uploads\/2025\/11\/1-4.jpg","width":857,"height":475},{"@type":"BreadcrumbList","@id":"https:\/\/telocuentavictorhugo.com\/index.php\/2025\/11\/13\/oviedo-llama-a-la-policia-a-recuperar-la-institucionalidad\/#breadcrumb","itemListElement":[{"@type":"ListItem","position":1,"name":"Portada","item":"https:\/\/telocuentavictorhugo.com\/"},{"@type":"ListItem","position":2,"name":"OVIEDO LLAMA A LA POLIC\u00cdA A RECUPERAR LA INSTITUCIONALIDAD"}]},{"@type":"WebSite","@id":"https:\/\/telocuentavictorhugo.com\/#website","url":"https:\/\/telocuentavictorhugo.com\/","name":"Te lo Cuenta Victor","description":"","publisher":{"@id":"https:\/\/telocuentavictorhugo.com\/#organization"},"potentialAction":[{"@type":"SearchAction","target":{"@type":"EntryPoint","urlTemplate":"https:\/\/telocuentavictorhugo.com\/?s={search_term_string}"},"query-input":{"@type":"PropertyValueSpecification","valueRequired":true,"valueName":"search_term_string"}}],"inLanguage":"es"},{"@type":"Organization","@id":"https:\/\/telocuentavictorhugo.com\/#organization","name":"Te lo Cuenta Victor","url":"https:\/\/telocuentavictorhugo.com\/","logo":{"@type":"ImageObject","inLanguage":"es","@id":"https:\/\/telocuentavictorhugo.com\/#\/schema\/logo\/image\/","url":"https:\/\/telocuentavictorhugo.com\/wp-content\/uploads\/2023\/12\/Logo.png","contentUrl":"https:\/\/telocuentavictorhugo.com\/wp-content\/uploads\/2023\/12\/Logo.png","width":1080,"height":176,"caption":"Te lo Cuenta Victor"},"image":{"@id":"https:\/\/telocuentavictorhugo.com\/#\/schema\/logo\/image\/"}},{"@type":"Person","@id":"https:\/\/telocuentavictorhugo.com\/#\/schema\/person\/a8307d7271ba2849b49b562ad8602f06","name":"telocuentavictorhugo.com","image":{"@type":"ImageObject","inLanguage":"es","@id":"https:\/\/secure.gravatar.com\/avatar\/da212e7b532df19fd2aea5daf46d8c176abfc85521e4b80ed435d7426ef63eb6?s=96&d=mm&r=g","url":"https:\/\/secure.gravatar.com\/avatar\/da212e7b532df19fd2aea5daf46d8c176abfc85521e4b80ed435d7426ef63eb6?s=96&d=mm&r=g","contentUrl":"https:\/\/secure.gravatar.com\/avatar\/da212e7b532df19fd2aea5daf46d8c176abfc85521e4b80ed435d7426ef63eb6?s=96&d=mm&r=g","caption":"telocuentavictorhugo.com"},"sameAs":["http:\/\/telocuentavictorhugo.com"],"url":"https:\/\/telocuentavictorhugo.com\/index.php\/author\/plustvpress-com\/"}]}},"_links":{"self":[{"href":"https:\/\/telocuentavictorhugo.com\/index.php\/wp-json\/wp\/v2\/posts\/11074","targetHints":{"allow":["GET"]}}],"collection":[{"href":"https:\/\/telocuentavictorhugo.com\/index.php\/wp-json\/wp\/v2\/posts"}],"about":[{"href":"https:\/\/telocuentavictorhugo.com\/index.php\/wp-json\/wp\/v2\/types\/post"}],"author":[{"embeddable":true,"href":"https:\/\/telocuentavictorhugo.com\/index.php\/wp-json\/wp\/v2\/users\/1"}],"replies":[{"embeddable":true,"href":"https:\/\/telocuentavictorhugo.com\/index.php\/wp-json\/wp\/v2\/comments?post=11074"}],"version-history":[{"count":1,"href":"https:\/\/telocuentavictorhugo.com\/index.php\/wp-json\/wp\/v2\/posts\/11074\/revisions"}],"predecessor-version":[{"id":11096,"href":"https:\/\/telocuentavictorhugo.com\/index.php\/wp-json\/wp\/v2\/posts\/11074\/revisions\/11096"}],"wp:featuredmedia":[{"embeddable":true,"href":"https:\/\/telocuentavictorhugo.com\/index.php\/wp-json\/wp\/v2\/media\/11083"}],"wp:attachment":[{"href":"https:\/\/telocuentavictorhugo.com\/index.php\/wp-json\/wp\/v2\/media?parent=11074"}],"wp:term":[{"taxonomy":"category","embeddable":true,"href":"https:\/\/telocuentavictorhugo.com\/index.php\/wp-json\/wp\/v2\/categories?post=11074"},{"taxonomy":"post_tag","embeddable":true,"href":"https:\/\/telocuentavictorhugo.com\/index.php\/wp-json\/wp\/v2\/tags?post=11074"}],"curies":[{"name":"wp","href":"https:\/\/api.w.org\/{rel}","templated":true}]}}