{"id":10675,"date":"2025-10-27T18:07:42","date_gmt":"2025-10-27T22:07:42","guid":{"rendered":"https:\/\/telocuentavictorhugo.com\/?p=10675"},"modified":"2025-10-27T18:07:43","modified_gmt":"2025-10-27T22:07:43","slug":"arce-acusa-a-evo-de-facilitar-apoyo-a-rodrigo-paz-por-ser-blanco-facil","status":"publish","type":"post","link":"https:\/\/telocuentavictorhugo.com\/index.php\/2025\/10\/27\/arce-acusa-a-evo-de-facilitar-apoyo-a-rodrigo-paz-por-ser-blanco-facil\/","title":{"rendered":"ARCE ACUSA A EVO DE FACILITAR APOYO A RODRIGO PAZ POR SER \u00abBLANCO F\u00c1CIL\u00bb"},"content":{"rendered":"\n<p>El presidente Luis Arce acus\u00f3 a Evo Morales de haber orquestado una estrategia para desgastar al gobierno y proyectarse nuevamente como candidato, aprovechando la fragmentaci\u00f3n del bloque popular en Bolivia. Seg\u00fan el mandatario, Morales ha generado un apoyo en sectores afines al Partido Dem\u00f3crata Cristiano (PDC), con la intenci\u00f3n de facilitar un \u201cblanco f\u00e1cil\u201d en Rodrigo Paz y as\u00ed deslegitimar a sus adversarios pol\u00edticos, en un intento por obtener impunidad y volver a las urnas.<\/p>\n\n\n\n<figure class=\"wp-block-embed is-type-video is-provider-youtube wp-block-embed-youtube wp-embed-aspect-16-9 wp-has-aspect-ratio\"><div class=\"wp-block-embed__wrapper\">\n<iframe title=\"ARCE ACUSA A EVO DE FACILITAR APOYO A RODRIGO PAZ POR SER &quot;BLANCO F\u00c1CIL&quot;\" width=\"800\" height=\"450\" src=\"https:\/\/www.youtube.com\/embed\/R7f-7a6CSxc?feature=oembed\" frameborder=\"0\" allow=\"accelerometer; autoplay; clipboard-write; encrypted-media; gyroscope; picture-in-picture; web-share\" referrerpolicy=\"strict-origin-when-cross-origin\" allowfullscreen><\/iframe>\n<\/div><\/figure>\n","protected":false},"excerpt":{"rendered":"<p>El presidente Luis Arce acus\u00f3 a Evo Morales de haber orquestado una estrategia para desgastar al gobierno y proyectarse nuevamente como candidato, aprovechando la fragmentaci\u00f3n del bloque popular en Bolivia. Seg\u00fan el mandatario, Morales ha generado un apoyo en sectores afines al Partido Dem\u00f3crata Cristiano (PDC), con la intenci\u00f3n de facilitar un \u201cblanco f\u00e1cil\u201d en [&hellip;]<\/p>\n","protected":false},"author":1,"featured_media":10693,"comment_status":"open","ping_status":"open","sticky":false,"template":"","format":"standard","meta":{"_eb_attr":"","footnotes":""},"categories":[1,42],"tags":[],"class_list":["post-10675","post","type-post","status-publish","format-standard","has-post-thumbnail","hentry","category-noticias","category-politica"],"yoast_head":"<!-- This site is optimized with the Yoast SEO plugin v27.4 - https:\/\/yoast.com\/product\/yoast-seo-wordpress\/ -->\n<title>ARCE ACUSA A EVO DE FACILITAR APOYO A RODRIGO PAZ POR SER &quot;BLANCO F\u00c1CIL&quot; - Te lo Cuenta Victor<\/title>\n<meta name=\"robots\" content=\"index, follow, max-snippet:-1, max-image-preview:large, max-video-preview:-1\" \/>\n<link rel=\"canonical\" href=\"https:\/\/telocuentavictorhugo.com\/index.php\/2025\/10\/27\/arce-acusa-a-evo-de-facilitar-apoyo-a-rodrigo-paz-por-ser-blanco-facil\/\" \/>\n<meta property=\"og:locale\" content=\"es_ES\" \/>\n<meta property=\"og:type\" content=\"article\" \/>\n<meta property=\"og:title\" content=\"ARCE ACUSA A EVO DE FACILITAR APOYO A RODRIGO PAZ POR SER &quot;BLANCO F\u00c1CIL&quot; - Te lo Cuenta Victor\" \/>\n<meta property=\"og:description\" content=\"El presidente Luis Arce acus\u00f3 a Evo Morales de haber orquestado una estrategia para desgastar al gobierno y proyectarse nuevamente como candidato, aprovechando la fragmentaci\u00f3n del bloque popular en Bolivia. Seg\u00fan el mandatario, Morales ha generado un apoyo en sectores afines al Partido Dem\u00f3crata Cristiano (PDC), con la intenci\u00f3n de facilitar un \u201cblanco f\u00e1cil\u201d en [&hellip;]\" \/>\n<meta property=\"og:url\" content=\"https:\/\/telocuentavictorhugo.com\/index.php\/2025\/10\/27\/arce-acusa-a-evo-de-facilitar-apoyo-a-rodrigo-paz-por-ser-blanco-facil\/\" \/>\n<meta property=\"og:site_name\" content=\"Te lo Cuenta Victor\" \/>\n<meta property=\"article:published_time\" content=\"2025-10-27T22:07:42+00:00\" \/>\n<meta property=\"article:modified_time\" content=\"2025-10-27T22:07:43+00:00\" \/>\n<meta property=\"og:image\" content=\"http:\/\/telocuentavictorhugo.com\/wp-content\/uploads\/2025\/10\/30-3.jpg\" \/>\n\t<meta property=\"og:image:width\" content=\"642\" \/>\n\t<meta property=\"og:image:height\" content=\"346\" \/>\n\t<meta property=\"og:image:type\" content=\"image\/jpeg\" \/>\n<meta name=\"author\" content=\"telocuentavictorhugo.com\" \/>\n<meta name=\"twitter:card\" content=\"summary_large_image\" \/>\n<meta name=\"twitter:label1\" content=\"Escrito por\" \/>\n\t<meta name=\"twitter:data1\" content=\"telocuentavictorhugo.com\" \/>\n\t<meta name=\"twitter:label2\" content=\"Tiempo de lectura\" \/>\n\t<meta name=\"twitter:data2\" content=\"1 minuto\" \/>\n<script type=\"application\/ld+json\" class=\"yoast-schema-graph\">{\"@context\":\"https:\\\/\\\/schema.org\",\"@graph\":[{\"@type\":\"Article\",\"@id\":\"https:\\\/\\\/telocuentavictorhugo.com\\\/index.php\\\/2025\\\/10\\\/27\\\/arce-acusa-a-evo-de-facilitar-apoyo-a-rodrigo-paz-por-ser-blanco-facil\\\/#article\",\"isPartOf\":{\"@id\":\"https:\\\/\\\/telocuentavictorhugo.com\\\/index.php\\\/2025\\\/10\\\/27\\\/arce-acusa-a-evo-de-facilitar-apoyo-a-rodrigo-paz-por-ser-blanco-facil\\\/\"},\"author\":{\"name\":\"telocuentavictorhugo.com\",\"@id\":\"https:\\\/\\\/telocuentavictorhugo.com\\\/#\\\/schema\\\/person\\\/a8307d7271ba2849b49b562ad8602f06\"},\"headline\":\"ARCE ACUSA A EVO DE FACILITAR APOYO A RODRIGO PAZ POR SER \u00abBLANCO F\u00c1CIL\u00bb\",\"datePublished\":\"2025-10-27T22:07:42+00:00\",\"dateModified\":\"2025-10-27T22:07:43+00:00\",\"mainEntityOfPage\":{\"@id\":\"https:\\\/\\\/telocuentavictorhugo.com\\\/index.php\\\/2025\\\/10\\\/27\\\/arce-acusa-a-evo-de-facilitar-apoyo-a-rodrigo-paz-por-ser-blanco-facil\\\/\"},\"wordCount\":103,\"commentCount\":0,\"publisher\":{\"@id\":\"https:\\\/\\\/telocuentavictorhugo.com\\\/#organization\"},\"image\":{\"@id\":\"https:\\\/\\\/telocuentavictorhugo.com\\\/index.php\\\/2025\\\/10\\\/27\\\/arce-acusa-a-evo-de-facilitar-apoyo-a-rodrigo-paz-por-ser-blanco-facil\\\/#primaryimage\"},\"thumbnailUrl\":\"https:\\\/\\\/telocuentavictorhugo.com\\\/wp-content\\\/uploads\\\/2025\\\/10\\\/30-3.jpg\",\"articleSection\":[\"Noticias\",\"Pol\u00edtica\"],\"inLanguage\":\"es\",\"potentialAction\":[{\"@type\":\"CommentAction\",\"name\":\"Comment\",\"target\":[\"https:\\\/\\\/telocuentavictorhugo.com\\\/index.php\\\/2025\\\/10\\\/27\\\/arce-acusa-a-evo-de-facilitar-apoyo-a-rodrigo-paz-por-ser-blanco-facil\\\/#respond\"]}]},{\"@type\":\"WebPage\",\"@id\":\"https:\\\/\\\/telocuentavictorhugo.com\\\/index.php\\\/2025\\\/10\\\/27\\\/arce-acusa-a-evo-de-facilitar-apoyo-a-rodrigo-paz-por-ser-blanco-facil\\\/\",\"url\":\"https:\\\/\\\/telocuentavictorhugo.com\\\/index.php\\\/2025\\\/10\\\/27\\\/arce-acusa-a-evo-de-facilitar-apoyo-a-rodrigo-paz-por-ser-blanco-facil\\\/\",\"name\":\"ARCE ACUSA A EVO DE FACILITAR APOYO A RODRIGO PAZ POR SER \\\"BLANCO F\u00c1CIL\\\" - Te lo Cuenta Victor\",\"isPartOf\":{\"@id\":\"https:\\\/\\\/telocuentavictorhugo.com\\\/#website\"},\"primaryImageOfPage\":{\"@id\":\"https:\\\/\\\/telocuentavictorhugo.com\\\/index.php\\\/2025\\\/10\\\/27\\\/arce-acusa-a-evo-de-facilitar-apoyo-a-rodrigo-paz-por-ser-blanco-facil\\\/#primaryimage\"},\"image\":{\"@id\":\"https:\\\/\\\/telocuentavictorhugo.com\\\/index.php\\\/2025\\\/10\\\/27\\\/arce-acusa-a-evo-de-facilitar-apoyo-a-rodrigo-paz-por-ser-blanco-facil\\\/#primaryimage\"},\"thumbnailUrl\":\"https:\\\/\\\/telocuentavictorhugo.com\\\/wp-content\\\/uploads\\\/2025\\\/10\\\/30-3.jpg\",\"datePublished\":\"2025-10-27T22:07:42+00:00\",\"dateModified\":\"2025-10-27T22:07:43+00:00\",\"breadcrumb\":{\"@id\":\"https:\\\/\\\/telocuentavictorhugo.com\\\/index.php\\\/2025\\\/10\\\/27\\\/arce-acusa-a-evo-de-facilitar-apoyo-a-rodrigo-paz-por-ser-blanco-facil\\\/#breadcrumb\"},\"inLanguage\":\"es\",\"potentialAction\":[{\"@type\":\"ReadAction\",\"target\":[\"https:\\\/\\\/telocuentavictorhugo.com\\\/index.php\\\/2025\\\/10\\\/27\\\/arce-acusa-a-evo-de-facilitar-apoyo-a-rodrigo-paz-por-ser-blanco-facil\\\/\"]}]},{\"@type\":\"ImageObject\",\"inLanguage\":\"es\",\"@id\":\"https:\\\/\\\/telocuentavictorhugo.com\\\/index.php\\\/2025\\\/10\\\/27\\\/arce-acusa-a-evo-de-facilitar-apoyo-a-rodrigo-paz-por-ser-blanco-facil\\\/#primaryimage\",\"url\":\"https:\\\/\\\/telocuentavictorhugo.com\\\/wp-content\\\/uploads\\\/2025\\\/10\\\/30-3.jpg\",\"contentUrl\":\"https:\\\/\\\/telocuentavictorhugo.com\\\/wp-content\\\/uploads\\\/2025\\\/10\\\/30-3.jpg\",\"width\":642,\"height\":346},{\"@type\":\"BreadcrumbList\",\"@id\":\"https:\\\/\\\/telocuentavictorhugo.com\\\/index.php\\\/2025\\\/10\\\/27\\\/arce-acusa-a-evo-de-facilitar-apoyo-a-rodrigo-paz-por-ser-blanco-facil\\\/#breadcrumb\",\"itemListElement\":[{\"@type\":\"ListItem\",\"position\":1,\"name\":\"Portada\",\"item\":\"https:\\\/\\\/telocuentavictorhugo.com\\\/\"},{\"@type\":\"ListItem\",\"position\":2,\"name\":\"ARCE ACUSA A EVO DE FACILITAR APOYO A RODRIGO PAZ POR SER \u00abBLANCO F\u00c1CIL\u00bb\"}]},{\"@type\":\"WebSite\",\"@id\":\"https:\\\/\\\/telocuentavictorhugo.com\\\/#website\",\"url\":\"https:\\\/\\\/telocuentavictorhugo.com\\\/\",\"name\":\"Te lo Cuenta Victor\",\"description\":\"\",\"publisher\":{\"@id\":\"https:\\\/\\\/telocuentavictorhugo.com\\\/#organization\"},\"potentialAction\":[{\"@type\":\"SearchAction\",\"target\":{\"@type\":\"EntryPoint\",\"urlTemplate\":\"https:\\\/\\\/telocuentavictorhugo.com\\\/?s={search_term_string}\"},\"query-input\":{\"@type\":\"PropertyValueSpecification\",\"valueRequired\":true,\"valueName\":\"search_term_string\"}}],\"inLanguage\":\"es\"},{\"@type\":\"Organization\",\"@id\":\"https:\\\/\\\/telocuentavictorhugo.com\\\/#organization\",\"name\":\"Te lo Cuenta Victor\",\"url\":\"https:\\\/\\\/telocuentavictorhugo.com\\\/\",\"logo\":{\"@type\":\"ImageObject\",\"inLanguage\":\"es\",\"@id\":\"https:\\\/\\\/telocuentavictorhugo.com\\\/#\\\/schema\\\/logo\\\/image\\\/\",\"url\":\"https:\\\/\\\/telocuentavictorhugo.com\\\/wp-content\\\/uploads\\\/2023\\\/12\\\/Logo.png\",\"contentUrl\":\"https:\\\/\\\/telocuentavictorhugo.com\\\/wp-content\\\/uploads\\\/2023\\\/12\\\/Logo.png\",\"width\":1080,\"height\":176,\"caption\":\"Te lo Cuenta Victor\"},\"image\":{\"@id\":\"https:\\\/\\\/telocuentavictorhugo.com\\\/#\\\/schema\\\/logo\\\/image\\\/\"}},{\"@type\":\"Person\",\"@id\":\"https:\\\/\\\/telocuentavictorhugo.com\\\/#\\\/schema\\\/person\\\/a8307d7271ba2849b49b562ad8602f06\",\"name\":\"telocuentavictorhugo.com\",\"image\":{\"@type\":\"ImageObject\",\"inLanguage\":\"es\",\"@id\":\"https:\\\/\\\/secure.gravatar.com\\\/avatar\\\/da212e7b532df19fd2aea5daf46d8c176abfc85521e4b80ed435d7426ef63eb6?s=96&d=mm&r=g\",\"url\":\"https:\\\/\\\/secure.gravatar.com\\\/avatar\\\/da212e7b532df19fd2aea5daf46d8c176abfc85521e4b80ed435d7426ef63eb6?s=96&d=mm&r=g\",\"contentUrl\":\"https:\\\/\\\/secure.gravatar.com\\\/avatar\\\/da212e7b532df19fd2aea5daf46d8c176abfc85521e4b80ed435d7426ef63eb6?s=96&d=mm&r=g\",\"caption\":\"telocuentavictorhugo.com\"},\"sameAs\":[\"http:\\\/\\\/telocuentavictorhugo.com\"],\"url\":\"https:\\\/\\\/telocuentavictorhugo.com\\\/index.php\\\/author\\\/plustvpress-com\\\/\"}]}<\/script>\n<!-- \/ Yoast SEO plugin. -->","yoast_head_json":{"title":"ARCE ACUSA A EVO DE FACILITAR APOYO A RODRIGO PAZ POR SER \"BLANCO F\u00c1CIL\" - Te lo Cuenta Victor","robots":{"index":"index","follow":"follow","max-snippet":"max-snippet:-1","max-image-preview":"max-image-preview:large","max-video-preview":"max-video-preview:-1"},"canonical":"https:\/\/telocuentavictorhugo.com\/index.php\/2025\/10\/27\/arce-acusa-a-evo-de-facilitar-apoyo-a-rodrigo-paz-por-ser-blanco-facil\/","og_locale":"es_ES","og_type":"article","og_title":"ARCE ACUSA A EVO DE FACILITAR APOYO A RODRIGO PAZ POR SER \"BLANCO F\u00c1CIL\" - Te lo Cuenta Victor","og_description":"El presidente Luis Arce acus\u00f3 a Evo Morales de haber orquestado una estrategia para desgastar al gobierno y proyectarse nuevamente como candidato, aprovechando la fragmentaci\u00f3n del bloque popular en Bolivia. Seg\u00fan el mandatario, Morales ha generado un apoyo en sectores afines al Partido Dem\u00f3crata Cristiano (PDC), con la intenci\u00f3n de facilitar un \u201cblanco f\u00e1cil\u201d en [&hellip;]","og_url":"https:\/\/telocuentavictorhugo.com\/index.php\/2025\/10\/27\/arce-acusa-a-evo-de-facilitar-apoyo-a-rodrigo-paz-por-ser-blanco-facil\/","og_site_name":"Te lo Cuenta Victor","article_published_time":"2025-10-27T22:07:42+00:00","article_modified_time":"2025-10-27T22:07:43+00:00","og_image":[{"width":642,"height":346,"url":"http:\/\/telocuentavictorhugo.com\/wp-content\/uploads\/2025\/10\/30-3.jpg","type":"image\/jpeg"}],"author":"telocuentavictorhugo.com","twitter_card":"summary_large_image","twitter_misc":{"Escrito por":"telocuentavictorhugo.com","Tiempo de lectura":"1 minuto"},"schema":{"@context":"https:\/\/schema.org","@graph":[{"@type":"Article","@id":"https:\/\/telocuentavictorhugo.com\/index.php\/2025\/10\/27\/arce-acusa-a-evo-de-facilitar-apoyo-a-rodrigo-paz-por-ser-blanco-facil\/#article","isPartOf":{"@id":"https:\/\/telocuentavictorhugo.com\/index.php\/2025\/10\/27\/arce-acusa-a-evo-de-facilitar-apoyo-a-rodrigo-paz-por-ser-blanco-facil\/"},"author":{"name":"telocuentavictorhugo.com","@id":"https:\/\/telocuentavictorhugo.com\/#\/schema\/person\/a8307d7271ba2849b49b562ad8602f06"},"headline":"ARCE ACUSA A EVO DE FACILITAR APOYO A RODRIGO PAZ POR SER \u00abBLANCO F\u00c1CIL\u00bb","datePublished":"2025-10-27T22:07:42+00:00","dateModified":"2025-10-27T22:07:43+00:00","mainEntityOfPage":{"@id":"https:\/\/telocuentavictorhugo.com\/index.php\/2025\/10\/27\/arce-acusa-a-evo-de-facilitar-apoyo-a-rodrigo-paz-por-ser-blanco-facil\/"},"wordCount":103,"commentCount":0,"publisher":{"@id":"https:\/\/telocuentavictorhugo.com\/#organization"},"image":{"@id":"https:\/\/telocuentavictorhugo.com\/index.php\/2025\/10\/27\/arce-acusa-a-evo-de-facilitar-apoyo-a-rodrigo-paz-por-ser-blanco-facil\/#primaryimage"},"thumbnailUrl":"https:\/\/telocuentavictorhugo.com\/wp-content\/uploads\/2025\/10\/30-3.jpg","articleSection":["Noticias","Pol\u00edtica"],"inLanguage":"es","potentialAction":[{"@type":"CommentAction","name":"Comment","target":["https:\/\/telocuentavictorhugo.com\/index.php\/2025\/10\/27\/arce-acusa-a-evo-de-facilitar-apoyo-a-rodrigo-paz-por-ser-blanco-facil\/#respond"]}]},{"@type":"WebPage","@id":"https:\/\/telocuentavictorhugo.com\/index.php\/2025\/10\/27\/arce-acusa-a-evo-de-facilitar-apoyo-a-rodrigo-paz-por-ser-blanco-facil\/","url":"https:\/\/telocuentavictorhugo.com\/index.php\/2025\/10\/27\/arce-acusa-a-evo-de-facilitar-apoyo-a-rodrigo-paz-por-ser-blanco-facil\/","name":"ARCE ACUSA A EVO DE FACILITAR APOYO A RODRIGO PAZ POR SER \"BLANCO F\u00c1CIL\" - Te lo Cuenta Victor","isPartOf":{"@id":"https:\/\/telocuentavictorhugo.com\/#website"},"primaryImageOfPage":{"@id":"https:\/\/telocuentavictorhugo.com\/index.php\/2025\/10\/27\/arce-acusa-a-evo-de-facilitar-apoyo-a-rodrigo-paz-por-ser-blanco-facil\/#primaryimage"},"image":{"@id":"https:\/\/telocuentavictorhugo.com\/index.php\/2025\/10\/27\/arce-acusa-a-evo-de-facilitar-apoyo-a-rodrigo-paz-por-ser-blanco-facil\/#primaryimage"},"thumbnailUrl":"https:\/\/telocuentavictorhugo.com\/wp-content\/uploads\/2025\/10\/30-3.jpg","datePublished":"2025-10-27T22:07:42+00:00","dateModified":"2025-10-27T22:07:43+00:00","breadcrumb":{"@id":"https:\/\/telocuentavictorhugo.com\/index.php\/2025\/10\/27\/arce-acusa-a-evo-de-facilitar-apoyo-a-rodrigo-paz-por-ser-blanco-facil\/#breadcrumb"},"inLanguage":"es","potentialAction":[{"@type":"ReadAction","target":["https:\/\/telocuentavictorhugo.com\/index.php\/2025\/10\/27\/arce-acusa-a-evo-de-facilitar-apoyo-a-rodrigo-paz-por-ser-blanco-facil\/"]}]},{"@type":"ImageObject","inLanguage":"es","@id":"https:\/\/telocuentavictorhugo.com\/index.php\/2025\/10\/27\/arce-acusa-a-evo-de-facilitar-apoyo-a-rodrigo-paz-por-ser-blanco-facil\/#primaryimage","url":"https:\/\/telocuentavictorhugo.com\/wp-content\/uploads\/2025\/10\/30-3.jpg","contentUrl":"https:\/\/telocuentavictorhugo.com\/wp-content\/uploads\/2025\/10\/30-3.jpg","width":642,"height":346},{"@type":"BreadcrumbList","@id":"https:\/\/telocuentavictorhugo.com\/index.php\/2025\/10\/27\/arce-acusa-a-evo-de-facilitar-apoyo-a-rodrigo-paz-por-ser-blanco-facil\/#breadcrumb","itemListElement":[{"@type":"ListItem","position":1,"name":"Portada","item":"https:\/\/telocuentavictorhugo.com\/"},{"@type":"ListItem","position":2,"name":"ARCE ACUSA A EVO DE FACILITAR APOYO A RODRIGO PAZ POR SER \u00abBLANCO F\u00c1CIL\u00bb"}]},{"@type":"WebSite","@id":"https:\/\/telocuentavictorhugo.com\/#website","url":"https:\/\/telocuentavictorhugo.com\/","name":"Te lo Cuenta Victor","description":"","publisher":{"@id":"https:\/\/telocuentavictorhugo.com\/#organization"},"potentialAction":[{"@type":"SearchAction","target":{"@type":"EntryPoint","urlTemplate":"https:\/\/telocuentavictorhugo.com\/?s={search_term_string}"},"query-input":{"@type":"PropertyValueSpecification","valueRequired":true,"valueName":"search_term_string"}}],"inLanguage":"es"},{"@type":"Organization","@id":"https:\/\/telocuentavictorhugo.com\/#organization","name":"Te lo Cuenta Victor","url":"https:\/\/telocuentavictorhugo.com\/","logo":{"@type":"ImageObject","inLanguage":"es","@id":"https:\/\/telocuentavictorhugo.com\/#\/schema\/logo\/image\/","url":"https:\/\/telocuentavictorhugo.com\/wp-content\/uploads\/2023\/12\/Logo.png","contentUrl":"https:\/\/telocuentavictorhugo.com\/wp-content\/uploads\/2023\/12\/Logo.png","width":1080,"height":176,"caption":"Te lo Cuenta Victor"},"image":{"@id":"https:\/\/telocuentavictorhugo.com\/#\/schema\/logo\/image\/"}},{"@type":"Person","@id":"https:\/\/telocuentavictorhugo.com\/#\/schema\/person\/a8307d7271ba2849b49b562ad8602f06","name":"telocuentavictorhugo.com","image":{"@type":"ImageObject","inLanguage":"es","@id":"https:\/\/secure.gravatar.com\/avatar\/da212e7b532df19fd2aea5daf46d8c176abfc85521e4b80ed435d7426ef63eb6?s=96&d=mm&r=g","url":"https:\/\/secure.gravatar.com\/avatar\/da212e7b532df19fd2aea5daf46d8c176abfc85521e4b80ed435d7426ef63eb6?s=96&d=mm&r=g","contentUrl":"https:\/\/secure.gravatar.com\/avatar\/da212e7b532df19fd2aea5daf46d8c176abfc85521e4b80ed435d7426ef63eb6?s=96&d=mm&r=g","caption":"telocuentavictorhugo.com"},"sameAs":["http:\/\/telocuentavictorhugo.com"],"url":"https:\/\/telocuentavictorhugo.com\/index.php\/author\/plustvpress-com\/"}]}},"_links":{"self":[{"href":"https:\/\/telocuentavictorhugo.com\/index.php\/wp-json\/wp\/v2\/posts\/10675","targetHints":{"allow":["GET"]}}],"collection":[{"href":"https:\/\/telocuentavictorhugo.com\/index.php\/wp-json\/wp\/v2\/posts"}],"about":[{"href":"https:\/\/telocuentavictorhugo.com\/index.php\/wp-json\/wp\/v2\/types\/post"}],"author":[{"embeddable":true,"href":"https:\/\/telocuentavictorhugo.com\/index.php\/wp-json\/wp\/v2\/users\/1"}],"replies":[{"embeddable":true,"href":"https:\/\/telocuentavictorhugo.com\/index.php\/wp-json\/wp\/v2\/comments?post=10675"}],"version-history":[{"count":1,"href":"https:\/\/telocuentavictorhugo.com\/index.php\/wp-json\/wp\/v2\/posts\/10675\/revisions"}],"predecessor-version":[{"id":10708,"href":"https:\/\/telocuentavictorhugo.com\/index.php\/wp-json\/wp\/v2\/posts\/10675\/revisions\/10708"}],"wp:featuredmedia":[{"embeddable":true,"href":"https:\/\/telocuentavictorhugo.com\/index.php\/wp-json\/wp\/v2\/media\/10693"}],"wp:attachment":[{"href":"https:\/\/telocuentavictorhugo.com\/index.php\/wp-json\/wp\/v2\/media?parent=10675"}],"wp:term":[{"taxonomy":"category","embeddable":true,"href":"https:\/\/telocuentavictorhugo.com\/index.php\/wp-json\/wp\/v2\/categories?post=10675"},{"taxonomy":"post_tag","embeddable":true,"href":"https:\/\/telocuentavictorhugo.com\/index.php\/wp-json\/wp\/v2\/tags?post=10675"}],"curies":[{"name":"wp","href":"https:\/\/api.w.org\/{rel}","templated":true}]}}