{"id":10670,"date":"2025-10-27T18:07:31","date_gmt":"2025-10-27T22:07:31","guid":{"rendered":"https:\/\/telocuentavictorhugo.com\/?p=10670"},"modified":"2025-10-27T18:07:33","modified_gmt":"2025-10-27T22:07:33","slug":"tuto-reconoce-la-victoria-de-paz-y-afirma-que-lo-apoyara","status":"publish","type":"post","link":"https:\/\/telocuentavictorhugo.com\/index.php\/2025\/10\/27\/tuto-reconoce-la-victoria-de-paz-y-afirma-que-lo-apoyara\/","title":{"rendered":"TUTO RECONOCE LA VICTORIA DE PAZ Y AFIRMA QUE LO APOYAR\u00c1"},"content":{"rendered":"\n<p>En una declaraci\u00f3n que refuerza su postura de reconocimiento al proceso electoral, el candidato de la alianza Libre, Jorge Tuto Quiroga, volvi\u00f3 a aceptar a Rodrigo Paz como presidente electo, a solo 72 horas del cierre de la votaci\u00f3n. Durante una conferencia en La Paz, el exmandatario afirm\u00f3: \u201cEl presidente electo es Rodrigo Paz\u201d, ratificando as\u00ed los resultados preliminares tras la segunda vuelta, pese a las denuncias de irregularidades y al escrutinio a\u00fan en curso en el Tribunal Electoral Departamental. Quiroga, quien asegur\u00f3 que la victoria de Paz es \u201cclara\u201d, ofreci\u00f3 su respaldo sin condiciones, destacando una supuesta \u201ccoalici\u00f3n\u201d entre algunos actores pol\u00edticos para garantizar la gobernabilidad en el pa\u00eds y dejando abierta la posibilidad de apoyar a los legisladores del PDC en la conformaci\u00f3n de las autoridades en la Asamblea Legislativa.<\/p>\n\n\n\n<figure class=\"wp-block-embed is-type-video is-provider-youtube wp-block-embed-youtube wp-embed-aspect-16-9 wp-has-aspect-ratio\"><div class=\"wp-block-embed__wrapper\">\n<iframe title=\"TUTO RECONOCE LA VICTORIA DE PAZ Y AFIRMA QUE LO APOYAR\u00c1\" width=\"800\" height=\"450\" src=\"https:\/\/www.youtube.com\/embed\/Q9FxOR9Wbxg?feature=oembed\" frameborder=\"0\" allow=\"accelerometer; autoplay; clipboard-write; encrypted-media; gyroscope; picture-in-picture; web-share\" referrerpolicy=\"strict-origin-when-cross-origin\" allowfullscreen><\/iframe>\n<\/div><\/figure>\n","protected":false},"excerpt":{"rendered":"<p>En una declaraci\u00f3n que refuerza su postura de reconocimiento al proceso electoral, el candidato de la alianza Libre, Jorge Tuto Quiroga, volvi\u00f3 a aceptar a Rodrigo Paz como presidente electo, a solo 72 horas del cierre de la votaci\u00f3n. Durante una conferencia en La Paz, el exmandatario afirm\u00f3: \u201cEl presidente electo es Rodrigo Paz\u201d, ratificando [&hellip;]<\/p>\n","protected":false},"author":1,"featured_media":10687,"comment_status":"open","ping_status":"open","sticky":false,"template":"","format":"standard","meta":{"_eb_attr":"","footnotes":""},"categories":[1,42],"tags":[],"class_list":["post-10670","post","type-post","status-publish","format-standard","has-post-thumbnail","hentry","category-noticias","category-politica"],"yoast_head":"<!-- This site is optimized with the Yoast SEO plugin v27.4 - https:\/\/yoast.com\/product\/yoast-seo-wordpress\/ -->\n<title>TUTO RECONOCE LA VICTORIA DE PAZ Y AFIRMA QUE LO APOYAR\u00c1 - Te lo Cuenta Victor<\/title>\n<meta name=\"robots\" content=\"index, follow, max-snippet:-1, max-image-preview:large, max-video-preview:-1\" \/>\n<link rel=\"canonical\" href=\"https:\/\/telocuentavictorhugo.com\/index.php\/2025\/10\/27\/tuto-reconoce-la-victoria-de-paz-y-afirma-que-lo-apoyara\/\" \/>\n<meta property=\"og:locale\" content=\"es_ES\" \/>\n<meta property=\"og:type\" content=\"article\" \/>\n<meta property=\"og:title\" content=\"TUTO RECONOCE LA VICTORIA DE PAZ Y AFIRMA QUE LO APOYAR\u00c1 - Te lo Cuenta Victor\" \/>\n<meta property=\"og:description\" content=\"En una declaraci\u00f3n que refuerza su postura de reconocimiento al proceso electoral, el candidato de la alianza Libre, Jorge Tuto Quiroga, volvi\u00f3 a aceptar a Rodrigo Paz como presidente electo, a solo 72 horas del cierre de la votaci\u00f3n. Durante una conferencia en La Paz, el exmandatario afirm\u00f3: \u201cEl presidente electo es Rodrigo Paz\u201d, ratificando [&hellip;]\" \/>\n<meta property=\"og:url\" content=\"https:\/\/telocuentavictorhugo.com\/index.php\/2025\/10\/27\/tuto-reconoce-la-victoria-de-paz-y-afirma-que-lo-apoyara\/\" \/>\n<meta property=\"og:site_name\" content=\"Te lo Cuenta Victor\" \/>\n<meta property=\"article:published_time\" content=\"2025-10-27T22:07:31+00:00\" \/>\n<meta property=\"article:modified_time\" content=\"2025-10-27T22:07:33+00:00\" \/>\n<meta property=\"og:image\" content=\"http:\/\/telocuentavictorhugo.com\/wp-content\/uploads\/2025\/10\/25-3.jpg\" \/>\n\t<meta property=\"og:image:width\" content=\"717\" \/>\n\t<meta property=\"og:image:height\" content=\"346\" \/>\n\t<meta property=\"og:image:type\" content=\"image\/jpeg\" \/>\n<meta name=\"author\" content=\"telocuentavictorhugo.com\" \/>\n<meta name=\"twitter:card\" content=\"summary_large_image\" \/>\n<meta name=\"twitter:label1\" content=\"Escrito por\" \/>\n\t<meta name=\"twitter:data1\" content=\"telocuentavictorhugo.com\" \/>\n\t<meta name=\"twitter:label2\" content=\"Tiempo de lectura\" \/>\n\t<meta name=\"twitter:data2\" content=\"1 minuto\" \/>\n<script type=\"application\/ld+json\" class=\"yoast-schema-graph\">{\"@context\":\"https:\\\/\\\/schema.org\",\"@graph\":[{\"@type\":\"Article\",\"@id\":\"https:\\\/\\\/telocuentavictorhugo.com\\\/index.php\\\/2025\\\/10\\\/27\\\/tuto-reconoce-la-victoria-de-paz-y-afirma-que-lo-apoyara\\\/#article\",\"isPartOf\":{\"@id\":\"https:\\\/\\\/telocuentavictorhugo.com\\\/index.php\\\/2025\\\/10\\\/27\\\/tuto-reconoce-la-victoria-de-paz-y-afirma-que-lo-apoyara\\\/\"},\"author\":{\"name\":\"telocuentavictorhugo.com\",\"@id\":\"https:\\\/\\\/telocuentavictorhugo.com\\\/#\\\/schema\\\/person\\\/a8307d7271ba2849b49b562ad8602f06\"},\"headline\":\"TUTO RECONOCE LA VICTORIA DE PAZ Y AFIRMA QUE LO APOYAR\u00c1\",\"datePublished\":\"2025-10-27T22:07:31+00:00\",\"dateModified\":\"2025-10-27T22:07:33+00:00\",\"mainEntityOfPage\":{\"@id\":\"https:\\\/\\\/telocuentavictorhugo.com\\\/index.php\\\/2025\\\/10\\\/27\\\/tuto-reconoce-la-victoria-de-paz-y-afirma-que-lo-apoyara\\\/\"},\"wordCount\":155,\"commentCount\":0,\"publisher\":{\"@id\":\"https:\\\/\\\/telocuentavictorhugo.com\\\/#organization\"},\"image\":{\"@id\":\"https:\\\/\\\/telocuentavictorhugo.com\\\/index.php\\\/2025\\\/10\\\/27\\\/tuto-reconoce-la-victoria-de-paz-y-afirma-que-lo-apoyara\\\/#primaryimage\"},\"thumbnailUrl\":\"https:\\\/\\\/telocuentavictorhugo.com\\\/wp-content\\\/uploads\\\/2025\\\/10\\\/25-3.jpg\",\"articleSection\":[\"Noticias\",\"Pol\u00edtica\"],\"inLanguage\":\"es\",\"potentialAction\":[{\"@type\":\"CommentAction\",\"name\":\"Comment\",\"target\":[\"https:\\\/\\\/telocuentavictorhugo.com\\\/index.php\\\/2025\\\/10\\\/27\\\/tuto-reconoce-la-victoria-de-paz-y-afirma-que-lo-apoyara\\\/#respond\"]}]},{\"@type\":\"WebPage\",\"@id\":\"https:\\\/\\\/telocuentavictorhugo.com\\\/index.php\\\/2025\\\/10\\\/27\\\/tuto-reconoce-la-victoria-de-paz-y-afirma-que-lo-apoyara\\\/\",\"url\":\"https:\\\/\\\/telocuentavictorhugo.com\\\/index.php\\\/2025\\\/10\\\/27\\\/tuto-reconoce-la-victoria-de-paz-y-afirma-que-lo-apoyara\\\/\",\"name\":\"TUTO RECONOCE LA VICTORIA DE PAZ Y AFIRMA QUE LO APOYAR\u00c1 - Te lo Cuenta Victor\",\"isPartOf\":{\"@id\":\"https:\\\/\\\/telocuentavictorhugo.com\\\/#website\"},\"primaryImageOfPage\":{\"@id\":\"https:\\\/\\\/telocuentavictorhugo.com\\\/index.php\\\/2025\\\/10\\\/27\\\/tuto-reconoce-la-victoria-de-paz-y-afirma-que-lo-apoyara\\\/#primaryimage\"},\"image\":{\"@id\":\"https:\\\/\\\/telocuentavictorhugo.com\\\/index.php\\\/2025\\\/10\\\/27\\\/tuto-reconoce-la-victoria-de-paz-y-afirma-que-lo-apoyara\\\/#primaryimage\"},\"thumbnailUrl\":\"https:\\\/\\\/telocuentavictorhugo.com\\\/wp-content\\\/uploads\\\/2025\\\/10\\\/25-3.jpg\",\"datePublished\":\"2025-10-27T22:07:31+00:00\",\"dateModified\":\"2025-10-27T22:07:33+00:00\",\"breadcrumb\":{\"@id\":\"https:\\\/\\\/telocuentavictorhugo.com\\\/index.php\\\/2025\\\/10\\\/27\\\/tuto-reconoce-la-victoria-de-paz-y-afirma-que-lo-apoyara\\\/#breadcrumb\"},\"inLanguage\":\"es\",\"potentialAction\":[{\"@type\":\"ReadAction\",\"target\":[\"https:\\\/\\\/telocuentavictorhugo.com\\\/index.php\\\/2025\\\/10\\\/27\\\/tuto-reconoce-la-victoria-de-paz-y-afirma-que-lo-apoyara\\\/\"]}]},{\"@type\":\"ImageObject\",\"inLanguage\":\"es\",\"@id\":\"https:\\\/\\\/telocuentavictorhugo.com\\\/index.php\\\/2025\\\/10\\\/27\\\/tuto-reconoce-la-victoria-de-paz-y-afirma-que-lo-apoyara\\\/#primaryimage\",\"url\":\"https:\\\/\\\/telocuentavictorhugo.com\\\/wp-content\\\/uploads\\\/2025\\\/10\\\/25-3.jpg\",\"contentUrl\":\"https:\\\/\\\/telocuentavictorhugo.com\\\/wp-content\\\/uploads\\\/2025\\\/10\\\/25-3.jpg\",\"width\":717,\"height\":346},{\"@type\":\"BreadcrumbList\",\"@id\":\"https:\\\/\\\/telocuentavictorhugo.com\\\/index.php\\\/2025\\\/10\\\/27\\\/tuto-reconoce-la-victoria-de-paz-y-afirma-que-lo-apoyara\\\/#breadcrumb\",\"itemListElement\":[{\"@type\":\"ListItem\",\"position\":1,\"name\":\"Portada\",\"item\":\"https:\\\/\\\/telocuentavictorhugo.com\\\/\"},{\"@type\":\"ListItem\",\"position\":2,\"name\":\"TUTO RECONOCE LA VICTORIA DE PAZ Y AFIRMA QUE LO APOYAR\u00c1\"}]},{\"@type\":\"WebSite\",\"@id\":\"https:\\\/\\\/telocuentavictorhugo.com\\\/#website\",\"url\":\"https:\\\/\\\/telocuentavictorhugo.com\\\/\",\"name\":\"Te lo Cuenta Victor\",\"description\":\"\",\"publisher\":{\"@id\":\"https:\\\/\\\/telocuentavictorhugo.com\\\/#organization\"},\"potentialAction\":[{\"@type\":\"SearchAction\",\"target\":{\"@type\":\"EntryPoint\",\"urlTemplate\":\"https:\\\/\\\/telocuentavictorhugo.com\\\/?s={search_term_string}\"},\"query-input\":{\"@type\":\"PropertyValueSpecification\",\"valueRequired\":true,\"valueName\":\"search_term_string\"}}],\"inLanguage\":\"es\"},{\"@type\":\"Organization\",\"@id\":\"https:\\\/\\\/telocuentavictorhugo.com\\\/#organization\",\"name\":\"Te lo Cuenta Victor\",\"url\":\"https:\\\/\\\/telocuentavictorhugo.com\\\/\",\"logo\":{\"@type\":\"ImageObject\",\"inLanguage\":\"es\",\"@id\":\"https:\\\/\\\/telocuentavictorhugo.com\\\/#\\\/schema\\\/logo\\\/image\\\/\",\"url\":\"https:\\\/\\\/telocuentavictorhugo.com\\\/wp-content\\\/uploads\\\/2023\\\/12\\\/Logo.png\",\"contentUrl\":\"https:\\\/\\\/telocuentavictorhugo.com\\\/wp-content\\\/uploads\\\/2023\\\/12\\\/Logo.png\",\"width\":1080,\"height\":176,\"caption\":\"Te lo Cuenta Victor\"},\"image\":{\"@id\":\"https:\\\/\\\/telocuentavictorhugo.com\\\/#\\\/schema\\\/logo\\\/image\\\/\"}},{\"@type\":\"Person\",\"@id\":\"https:\\\/\\\/telocuentavictorhugo.com\\\/#\\\/schema\\\/person\\\/a8307d7271ba2849b49b562ad8602f06\",\"name\":\"telocuentavictorhugo.com\",\"image\":{\"@type\":\"ImageObject\",\"inLanguage\":\"es\",\"@id\":\"https:\\\/\\\/secure.gravatar.com\\\/avatar\\\/da212e7b532df19fd2aea5daf46d8c176abfc85521e4b80ed435d7426ef63eb6?s=96&d=mm&r=g\",\"url\":\"https:\\\/\\\/secure.gravatar.com\\\/avatar\\\/da212e7b532df19fd2aea5daf46d8c176abfc85521e4b80ed435d7426ef63eb6?s=96&d=mm&r=g\",\"contentUrl\":\"https:\\\/\\\/secure.gravatar.com\\\/avatar\\\/da212e7b532df19fd2aea5daf46d8c176abfc85521e4b80ed435d7426ef63eb6?s=96&d=mm&r=g\",\"caption\":\"telocuentavictorhugo.com\"},\"sameAs\":[\"http:\\\/\\\/telocuentavictorhugo.com\"],\"url\":\"https:\\\/\\\/telocuentavictorhugo.com\\\/index.php\\\/author\\\/plustvpress-com\\\/\"}]}<\/script>\n<!-- \/ Yoast SEO plugin. -->","yoast_head_json":{"title":"TUTO RECONOCE LA VICTORIA DE PAZ Y AFIRMA QUE LO APOYAR\u00c1 - Te lo Cuenta Victor","robots":{"index":"index","follow":"follow","max-snippet":"max-snippet:-1","max-image-preview":"max-image-preview:large","max-video-preview":"max-video-preview:-1"},"canonical":"https:\/\/telocuentavictorhugo.com\/index.php\/2025\/10\/27\/tuto-reconoce-la-victoria-de-paz-y-afirma-que-lo-apoyara\/","og_locale":"es_ES","og_type":"article","og_title":"TUTO RECONOCE LA VICTORIA DE PAZ Y AFIRMA QUE LO APOYAR\u00c1 - Te lo Cuenta Victor","og_description":"En una declaraci\u00f3n que refuerza su postura de reconocimiento al proceso electoral, el candidato de la alianza Libre, Jorge Tuto Quiroga, volvi\u00f3 a aceptar a Rodrigo Paz como presidente electo, a solo 72 horas del cierre de la votaci\u00f3n. Durante una conferencia en La Paz, el exmandatario afirm\u00f3: \u201cEl presidente electo es Rodrigo Paz\u201d, ratificando [&hellip;]","og_url":"https:\/\/telocuentavictorhugo.com\/index.php\/2025\/10\/27\/tuto-reconoce-la-victoria-de-paz-y-afirma-que-lo-apoyara\/","og_site_name":"Te lo Cuenta Victor","article_published_time":"2025-10-27T22:07:31+00:00","article_modified_time":"2025-10-27T22:07:33+00:00","og_image":[{"width":717,"height":346,"url":"http:\/\/telocuentavictorhugo.com\/wp-content\/uploads\/2025\/10\/25-3.jpg","type":"image\/jpeg"}],"author":"telocuentavictorhugo.com","twitter_card":"summary_large_image","twitter_misc":{"Escrito por":"telocuentavictorhugo.com","Tiempo de lectura":"1 minuto"},"schema":{"@context":"https:\/\/schema.org","@graph":[{"@type":"Article","@id":"https:\/\/telocuentavictorhugo.com\/index.php\/2025\/10\/27\/tuto-reconoce-la-victoria-de-paz-y-afirma-que-lo-apoyara\/#article","isPartOf":{"@id":"https:\/\/telocuentavictorhugo.com\/index.php\/2025\/10\/27\/tuto-reconoce-la-victoria-de-paz-y-afirma-que-lo-apoyara\/"},"author":{"name":"telocuentavictorhugo.com","@id":"https:\/\/telocuentavictorhugo.com\/#\/schema\/person\/a8307d7271ba2849b49b562ad8602f06"},"headline":"TUTO RECONOCE LA VICTORIA DE PAZ Y AFIRMA QUE LO APOYAR\u00c1","datePublished":"2025-10-27T22:07:31+00:00","dateModified":"2025-10-27T22:07:33+00:00","mainEntityOfPage":{"@id":"https:\/\/telocuentavictorhugo.com\/index.php\/2025\/10\/27\/tuto-reconoce-la-victoria-de-paz-y-afirma-que-lo-apoyara\/"},"wordCount":155,"commentCount":0,"publisher":{"@id":"https:\/\/telocuentavictorhugo.com\/#organization"},"image":{"@id":"https:\/\/telocuentavictorhugo.com\/index.php\/2025\/10\/27\/tuto-reconoce-la-victoria-de-paz-y-afirma-que-lo-apoyara\/#primaryimage"},"thumbnailUrl":"https:\/\/telocuentavictorhugo.com\/wp-content\/uploads\/2025\/10\/25-3.jpg","articleSection":["Noticias","Pol\u00edtica"],"inLanguage":"es","potentialAction":[{"@type":"CommentAction","name":"Comment","target":["https:\/\/telocuentavictorhugo.com\/index.php\/2025\/10\/27\/tuto-reconoce-la-victoria-de-paz-y-afirma-que-lo-apoyara\/#respond"]}]},{"@type":"WebPage","@id":"https:\/\/telocuentavictorhugo.com\/index.php\/2025\/10\/27\/tuto-reconoce-la-victoria-de-paz-y-afirma-que-lo-apoyara\/","url":"https:\/\/telocuentavictorhugo.com\/index.php\/2025\/10\/27\/tuto-reconoce-la-victoria-de-paz-y-afirma-que-lo-apoyara\/","name":"TUTO RECONOCE LA VICTORIA DE PAZ Y AFIRMA QUE LO APOYAR\u00c1 - Te lo Cuenta Victor","isPartOf":{"@id":"https:\/\/telocuentavictorhugo.com\/#website"},"primaryImageOfPage":{"@id":"https:\/\/telocuentavictorhugo.com\/index.php\/2025\/10\/27\/tuto-reconoce-la-victoria-de-paz-y-afirma-que-lo-apoyara\/#primaryimage"},"image":{"@id":"https:\/\/telocuentavictorhugo.com\/index.php\/2025\/10\/27\/tuto-reconoce-la-victoria-de-paz-y-afirma-que-lo-apoyara\/#primaryimage"},"thumbnailUrl":"https:\/\/telocuentavictorhugo.com\/wp-content\/uploads\/2025\/10\/25-3.jpg","datePublished":"2025-10-27T22:07:31+00:00","dateModified":"2025-10-27T22:07:33+00:00","breadcrumb":{"@id":"https:\/\/telocuentavictorhugo.com\/index.php\/2025\/10\/27\/tuto-reconoce-la-victoria-de-paz-y-afirma-que-lo-apoyara\/#breadcrumb"},"inLanguage":"es","potentialAction":[{"@type":"ReadAction","target":["https:\/\/telocuentavictorhugo.com\/index.php\/2025\/10\/27\/tuto-reconoce-la-victoria-de-paz-y-afirma-que-lo-apoyara\/"]}]},{"@type":"ImageObject","inLanguage":"es","@id":"https:\/\/telocuentavictorhugo.com\/index.php\/2025\/10\/27\/tuto-reconoce-la-victoria-de-paz-y-afirma-que-lo-apoyara\/#primaryimage","url":"https:\/\/telocuentavictorhugo.com\/wp-content\/uploads\/2025\/10\/25-3.jpg","contentUrl":"https:\/\/telocuentavictorhugo.com\/wp-content\/uploads\/2025\/10\/25-3.jpg","width":717,"height":346},{"@type":"BreadcrumbList","@id":"https:\/\/telocuentavictorhugo.com\/index.php\/2025\/10\/27\/tuto-reconoce-la-victoria-de-paz-y-afirma-que-lo-apoyara\/#breadcrumb","itemListElement":[{"@type":"ListItem","position":1,"name":"Portada","item":"https:\/\/telocuentavictorhugo.com\/"},{"@type":"ListItem","position":2,"name":"TUTO RECONOCE LA VICTORIA DE PAZ Y AFIRMA QUE LO APOYAR\u00c1"}]},{"@type":"WebSite","@id":"https:\/\/telocuentavictorhugo.com\/#website","url":"https:\/\/telocuentavictorhugo.com\/","name":"Te lo Cuenta Victor","description":"","publisher":{"@id":"https:\/\/telocuentavictorhugo.com\/#organization"},"potentialAction":[{"@type":"SearchAction","target":{"@type":"EntryPoint","urlTemplate":"https:\/\/telocuentavictorhugo.com\/?s={search_term_string}"},"query-input":{"@type":"PropertyValueSpecification","valueRequired":true,"valueName":"search_term_string"}}],"inLanguage":"es"},{"@type":"Organization","@id":"https:\/\/telocuentavictorhugo.com\/#organization","name":"Te lo Cuenta Victor","url":"https:\/\/telocuentavictorhugo.com\/","logo":{"@type":"ImageObject","inLanguage":"es","@id":"https:\/\/telocuentavictorhugo.com\/#\/schema\/logo\/image\/","url":"https:\/\/telocuentavictorhugo.com\/wp-content\/uploads\/2023\/12\/Logo.png","contentUrl":"https:\/\/telocuentavictorhugo.com\/wp-content\/uploads\/2023\/12\/Logo.png","width":1080,"height":176,"caption":"Te lo Cuenta Victor"},"image":{"@id":"https:\/\/telocuentavictorhugo.com\/#\/schema\/logo\/image\/"}},{"@type":"Person","@id":"https:\/\/telocuentavictorhugo.com\/#\/schema\/person\/a8307d7271ba2849b49b562ad8602f06","name":"telocuentavictorhugo.com","image":{"@type":"ImageObject","inLanguage":"es","@id":"https:\/\/secure.gravatar.com\/avatar\/da212e7b532df19fd2aea5daf46d8c176abfc85521e4b80ed435d7426ef63eb6?s=96&d=mm&r=g","url":"https:\/\/secure.gravatar.com\/avatar\/da212e7b532df19fd2aea5daf46d8c176abfc85521e4b80ed435d7426ef63eb6?s=96&d=mm&r=g","contentUrl":"https:\/\/secure.gravatar.com\/avatar\/da212e7b532df19fd2aea5daf46d8c176abfc85521e4b80ed435d7426ef63eb6?s=96&d=mm&r=g","caption":"telocuentavictorhugo.com"},"sameAs":["http:\/\/telocuentavictorhugo.com"],"url":"https:\/\/telocuentavictorhugo.com\/index.php\/author\/plustvpress-com\/"}]}},"_links":{"self":[{"href":"https:\/\/telocuentavictorhugo.com\/index.php\/wp-json\/wp\/v2\/posts\/10670","targetHints":{"allow":["GET"]}}],"collection":[{"href":"https:\/\/telocuentavictorhugo.com\/index.php\/wp-json\/wp\/v2\/posts"}],"about":[{"href":"https:\/\/telocuentavictorhugo.com\/index.php\/wp-json\/wp\/v2\/types\/post"}],"author":[{"embeddable":true,"href":"https:\/\/telocuentavictorhugo.com\/index.php\/wp-json\/wp\/v2\/users\/1"}],"replies":[{"embeddable":true,"href":"https:\/\/telocuentavictorhugo.com\/index.php\/wp-json\/wp\/v2\/comments?post=10670"}],"version-history":[{"count":1,"href":"https:\/\/telocuentavictorhugo.com\/index.php\/wp-json\/wp\/v2\/posts\/10670\/revisions"}],"predecessor-version":[{"id":10704,"href":"https:\/\/telocuentavictorhugo.com\/index.php\/wp-json\/wp\/v2\/posts\/10670\/revisions\/10704"}],"wp:featuredmedia":[{"embeddable":true,"href":"https:\/\/telocuentavictorhugo.com\/index.php\/wp-json\/wp\/v2\/media\/10687"}],"wp:attachment":[{"href":"https:\/\/telocuentavictorhugo.com\/index.php\/wp-json\/wp\/v2\/media?parent=10670"}],"wp:term":[{"taxonomy":"category","embeddable":true,"href":"https:\/\/telocuentavictorhugo.com\/index.php\/wp-json\/wp\/v2\/categories?post=10670"},{"taxonomy":"post_tag","embeddable":true,"href":"https:\/\/telocuentavictorhugo.com\/index.php\/wp-json\/wp\/v2\/tags?post=10670"}],"curies":[{"name":"wp","href":"https:\/\/api.w.org\/{rel}","templated":true}]}}