{"id":10541,"date":"2025-10-19T10:31:59","date_gmt":"2025-10-19T14:31:59","guid":{"rendered":"https:\/\/telocuentavictorhugo.com\/?p=10541"},"modified":"2025-10-19T10:32:02","modified_gmt":"2025-10-19T14:32:02","slug":"entel-garantiza-fibra-optica-en-vaca-diez-beni","status":"publish","type":"post","link":"https:\/\/telocuentavictorhugo.com\/index.php\/2025\/10\/19\/entel-garantiza-fibra-optica-en-vaca-diez-beni\/","title":{"rendered":"ENTEL GARANTIZA FIBRA \u00d3PTICA EN VACA D\u00cdEZ, BENI"},"content":{"rendered":"\n<p>ENTEL S.A. culmina la instalaci\u00f3n de 235 kil\u00f3metros de fibra \u00f3ptica subterr\u00e1nea en la provincia Vaca D\u00edez, Beni, fortaleciendo la infraestructura de telecomunicaciones en la regi\u00f3n amaz\u00f3nica. La obra, valorada en 18 millones de bolivianos, conecta las localidades de Riberalta, Guayaramer\u00edn, Tri\u00e1ngulo y Sheraton, y busca garantizar una se\u00f1al m\u00e1s estable, r\u00e1pida y segura, protegiendo los cables de da\u00f1os recurrentes. Con esta iniciativa, la empresa nacional avanza en su compromiso de modernizar el sistema de transmisi\u00f3n y ofrecer servicios de mayor calidad, impulsando el desarrollo social y tecnol\u00f3gico en el norte del pa\u00eds.<\/p>\n\n\n\n<figure class=\"wp-block-embed is-type-video is-provider-youtube wp-block-embed-youtube wp-embed-aspect-16-9 wp-has-aspect-ratio\"><div class=\"wp-block-embed__wrapper\">\n<iframe title=\"ENTEL GARANTIZA FIBRA \u00d3PTICA EN VACA D\u00cdEZ, BENI\" width=\"800\" height=\"450\" src=\"https:\/\/www.youtube.com\/embed\/aYQXrfXkW94?feature=oembed\" frameborder=\"0\" allow=\"accelerometer; autoplay; clipboard-write; encrypted-media; gyroscope; picture-in-picture; web-share\" referrerpolicy=\"strict-origin-when-cross-origin\" allowfullscreen><\/iframe>\n<\/div><\/figure>\n","protected":false},"excerpt":{"rendered":"<p>ENTEL S.A. culmina la instalaci\u00f3n de 235 kil\u00f3metros de fibra \u00f3ptica subterr\u00e1nea en la provincia Vaca D\u00edez, Beni, fortaleciendo la infraestructura de telecomunicaciones en la regi\u00f3n amaz\u00f3nica. La obra, valorada en 18 millones de bolivianos, conecta las localidades de Riberalta, Guayaramer\u00edn, Tri\u00e1ngulo y Sheraton, y busca garantizar una se\u00f1al m\u00e1s estable, r\u00e1pida y segura, protegiendo [&hellip;]<\/p>\n","protected":false},"author":1,"featured_media":10556,"comment_status":"open","ping_status":"open","sticky":false,"template":"","format":"standard","meta":{"_eb_attr":"","footnotes":""},"categories":[43,1,44,48],"tags":[],"class_list":["post-10541","post","type-post","status-publish","format-standard","has-post-thumbnail","hentry","category-economia","category-noticias","category-sociedad","category-tecnologia"],"yoast_head":"<!-- This site is optimized with the Yoast SEO plugin v27.4 - https:\/\/yoast.com\/product\/yoast-seo-wordpress\/ -->\n<title>ENTEL GARANTIZA FIBRA \u00d3PTICA EN VACA D\u00cdEZ, BENI - Te lo Cuenta Victor<\/title>\n<meta name=\"robots\" content=\"index, follow, max-snippet:-1, max-image-preview:large, max-video-preview:-1\" \/>\n<link rel=\"canonical\" href=\"https:\/\/telocuentavictorhugo.com\/index.php\/2025\/10\/19\/entel-garantiza-fibra-optica-en-vaca-diez-beni\/\" \/>\n<meta property=\"og:locale\" content=\"es_ES\" \/>\n<meta property=\"og:type\" content=\"article\" \/>\n<meta property=\"og:title\" content=\"ENTEL GARANTIZA FIBRA \u00d3PTICA EN VACA D\u00cdEZ, BENI - Te lo Cuenta Victor\" \/>\n<meta property=\"og:description\" content=\"ENTEL S.A. culmina la instalaci\u00f3n de 235 kil\u00f3metros de fibra \u00f3ptica subterr\u00e1nea en la provincia Vaca D\u00edez, Beni, fortaleciendo la infraestructura de telecomunicaciones en la regi\u00f3n amaz\u00f3nica. La obra, valorada en 18 millones de bolivianos, conecta las localidades de Riberalta, Guayaramer\u00edn, Tri\u00e1ngulo y Sheraton, y busca garantizar una se\u00f1al m\u00e1s estable, r\u00e1pida y segura, protegiendo [&hellip;]\" \/>\n<meta property=\"og:url\" content=\"https:\/\/telocuentavictorhugo.com\/index.php\/2025\/10\/19\/entel-garantiza-fibra-optica-en-vaca-diez-beni\/\" \/>\n<meta property=\"og:site_name\" content=\"Te lo Cuenta Victor\" \/>\n<meta property=\"article:published_time\" content=\"2025-10-19T14:31:59+00:00\" \/>\n<meta property=\"article:modified_time\" content=\"2025-10-19T14:32:02+00:00\" \/>\n<meta property=\"og:image\" content=\"http:\/\/telocuentavictorhugo.com\/wp-content\/uploads\/2025\/10\/39-2.jpg\" \/>\n\t<meta property=\"og:image:width\" content=\"1123\" \/>\n\t<meta property=\"og:image:height\" content=\"298\" \/>\n\t<meta property=\"og:image:type\" content=\"image\/jpeg\" \/>\n<meta name=\"author\" content=\"telocuentavictorhugo.com\" \/>\n<meta name=\"twitter:card\" content=\"summary_large_image\" \/>\n<meta name=\"twitter:label1\" content=\"Escrito por\" \/>\n\t<meta name=\"twitter:data1\" content=\"telocuentavictorhugo.com\" \/>\n\t<meta name=\"twitter:label2\" content=\"Tiempo de lectura\" \/>\n\t<meta name=\"twitter:data2\" content=\"1 minuto\" \/>\n<script type=\"application\/ld+json\" class=\"yoast-schema-graph\">{\"@context\":\"https:\\\/\\\/schema.org\",\"@graph\":[{\"@type\":\"Article\",\"@id\":\"https:\\\/\\\/telocuentavictorhugo.com\\\/index.php\\\/2025\\\/10\\\/19\\\/entel-garantiza-fibra-optica-en-vaca-diez-beni\\\/#article\",\"isPartOf\":{\"@id\":\"https:\\\/\\\/telocuentavictorhugo.com\\\/index.php\\\/2025\\\/10\\\/19\\\/entel-garantiza-fibra-optica-en-vaca-diez-beni\\\/\"},\"author\":{\"name\":\"telocuentavictorhugo.com\",\"@id\":\"https:\\\/\\\/telocuentavictorhugo.com\\\/#\\\/schema\\\/person\\\/a8307d7271ba2849b49b562ad8602f06\"},\"headline\":\"ENTEL GARANTIZA FIBRA \u00d3PTICA EN VACA D\u00cdEZ, BENI\",\"datePublished\":\"2025-10-19T14:31:59+00:00\",\"dateModified\":\"2025-10-19T14:32:02+00:00\",\"mainEntityOfPage\":{\"@id\":\"https:\\\/\\\/telocuentavictorhugo.com\\\/index.php\\\/2025\\\/10\\\/19\\\/entel-garantiza-fibra-optica-en-vaca-diez-beni\\\/\"},\"wordCount\":120,\"commentCount\":0,\"publisher\":{\"@id\":\"https:\\\/\\\/telocuentavictorhugo.com\\\/#organization\"},\"image\":{\"@id\":\"https:\\\/\\\/telocuentavictorhugo.com\\\/index.php\\\/2025\\\/10\\\/19\\\/entel-garantiza-fibra-optica-en-vaca-diez-beni\\\/#primaryimage\"},\"thumbnailUrl\":\"https:\\\/\\\/telocuentavictorhugo.com\\\/wp-content\\\/uploads\\\/2025\\\/10\\\/39-2.jpg\",\"articleSection\":[\"Econom\u00eda\",\"Noticias\",\"Sociedad\",\"Tecnolog\u00eda\"],\"inLanguage\":\"es\",\"potentialAction\":[{\"@type\":\"CommentAction\",\"name\":\"Comment\",\"target\":[\"https:\\\/\\\/telocuentavictorhugo.com\\\/index.php\\\/2025\\\/10\\\/19\\\/entel-garantiza-fibra-optica-en-vaca-diez-beni\\\/#respond\"]}]},{\"@type\":\"WebPage\",\"@id\":\"https:\\\/\\\/telocuentavictorhugo.com\\\/index.php\\\/2025\\\/10\\\/19\\\/entel-garantiza-fibra-optica-en-vaca-diez-beni\\\/\",\"url\":\"https:\\\/\\\/telocuentavictorhugo.com\\\/index.php\\\/2025\\\/10\\\/19\\\/entel-garantiza-fibra-optica-en-vaca-diez-beni\\\/\",\"name\":\"ENTEL GARANTIZA FIBRA \u00d3PTICA EN VACA D\u00cdEZ, BENI - Te lo Cuenta Victor\",\"isPartOf\":{\"@id\":\"https:\\\/\\\/telocuentavictorhugo.com\\\/#website\"},\"primaryImageOfPage\":{\"@id\":\"https:\\\/\\\/telocuentavictorhugo.com\\\/index.php\\\/2025\\\/10\\\/19\\\/entel-garantiza-fibra-optica-en-vaca-diez-beni\\\/#primaryimage\"},\"image\":{\"@id\":\"https:\\\/\\\/telocuentavictorhugo.com\\\/index.php\\\/2025\\\/10\\\/19\\\/entel-garantiza-fibra-optica-en-vaca-diez-beni\\\/#primaryimage\"},\"thumbnailUrl\":\"https:\\\/\\\/telocuentavictorhugo.com\\\/wp-content\\\/uploads\\\/2025\\\/10\\\/39-2.jpg\",\"datePublished\":\"2025-10-19T14:31:59+00:00\",\"dateModified\":\"2025-10-19T14:32:02+00:00\",\"breadcrumb\":{\"@id\":\"https:\\\/\\\/telocuentavictorhugo.com\\\/index.php\\\/2025\\\/10\\\/19\\\/entel-garantiza-fibra-optica-en-vaca-diez-beni\\\/#breadcrumb\"},\"inLanguage\":\"es\",\"potentialAction\":[{\"@type\":\"ReadAction\",\"target\":[\"https:\\\/\\\/telocuentavictorhugo.com\\\/index.php\\\/2025\\\/10\\\/19\\\/entel-garantiza-fibra-optica-en-vaca-diez-beni\\\/\"]}]},{\"@type\":\"ImageObject\",\"inLanguage\":\"es\",\"@id\":\"https:\\\/\\\/telocuentavictorhugo.com\\\/index.php\\\/2025\\\/10\\\/19\\\/entel-garantiza-fibra-optica-en-vaca-diez-beni\\\/#primaryimage\",\"url\":\"https:\\\/\\\/telocuentavictorhugo.com\\\/wp-content\\\/uploads\\\/2025\\\/10\\\/39-2.jpg\",\"contentUrl\":\"https:\\\/\\\/telocuentavictorhugo.com\\\/wp-content\\\/uploads\\\/2025\\\/10\\\/39-2.jpg\",\"width\":1123,\"height\":298},{\"@type\":\"BreadcrumbList\",\"@id\":\"https:\\\/\\\/telocuentavictorhugo.com\\\/index.php\\\/2025\\\/10\\\/19\\\/entel-garantiza-fibra-optica-en-vaca-diez-beni\\\/#breadcrumb\",\"itemListElement\":[{\"@type\":\"ListItem\",\"position\":1,\"name\":\"Portada\",\"item\":\"https:\\\/\\\/telocuentavictorhugo.com\\\/\"},{\"@type\":\"ListItem\",\"position\":2,\"name\":\"ENTEL GARANTIZA FIBRA \u00d3PTICA EN VACA D\u00cdEZ, BENI\"}]},{\"@type\":\"WebSite\",\"@id\":\"https:\\\/\\\/telocuentavictorhugo.com\\\/#website\",\"url\":\"https:\\\/\\\/telocuentavictorhugo.com\\\/\",\"name\":\"Te lo Cuenta Victor\",\"description\":\"\",\"publisher\":{\"@id\":\"https:\\\/\\\/telocuentavictorhugo.com\\\/#organization\"},\"potentialAction\":[{\"@type\":\"SearchAction\",\"target\":{\"@type\":\"EntryPoint\",\"urlTemplate\":\"https:\\\/\\\/telocuentavictorhugo.com\\\/?s={search_term_string}\"},\"query-input\":{\"@type\":\"PropertyValueSpecification\",\"valueRequired\":true,\"valueName\":\"search_term_string\"}}],\"inLanguage\":\"es\"},{\"@type\":\"Organization\",\"@id\":\"https:\\\/\\\/telocuentavictorhugo.com\\\/#organization\",\"name\":\"Te lo Cuenta Victor\",\"url\":\"https:\\\/\\\/telocuentavictorhugo.com\\\/\",\"logo\":{\"@type\":\"ImageObject\",\"inLanguage\":\"es\",\"@id\":\"https:\\\/\\\/telocuentavictorhugo.com\\\/#\\\/schema\\\/logo\\\/image\\\/\",\"url\":\"https:\\\/\\\/telocuentavictorhugo.com\\\/wp-content\\\/uploads\\\/2023\\\/12\\\/Logo.png\",\"contentUrl\":\"https:\\\/\\\/telocuentavictorhugo.com\\\/wp-content\\\/uploads\\\/2023\\\/12\\\/Logo.png\",\"width\":1080,\"height\":176,\"caption\":\"Te lo Cuenta Victor\"},\"image\":{\"@id\":\"https:\\\/\\\/telocuentavictorhugo.com\\\/#\\\/schema\\\/logo\\\/image\\\/\"}},{\"@type\":\"Person\",\"@id\":\"https:\\\/\\\/telocuentavictorhugo.com\\\/#\\\/schema\\\/person\\\/a8307d7271ba2849b49b562ad8602f06\",\"name\":\"telocuentavictorhugo.com\",\"image\":{\"@type\":\"ImageObject\",\"inLanguage\":\"es\",\"@id\":\"https:\\\/\\\/secure.gravatar.com\\\/avatar\\\/da212e7b532df19fd2aea5daf46d8c176abfc85521e4b80ed435d7426ef63eb6?s=96&d=mm&r=g\",\"url\":\"https:\\\/\\\/secure.gravatar.com\\\/avatar\\\/da212e7b532df19fd2aea5daf46d8c176abfc85521e4b80ed435d7426ef63eb6?s=96&d=mm&r=g\",\"contentUrl\":\"https:\\\/\\\/secure.gravatar.com\\\/avatar\\\/da212e7b532df19fd2aea5daf46d8c176abfc85521e4b80ed435d7426ef63eb6?s=96&d=mm&r=g\",\"caption\":\"telocuentavictorhugo.com\"},\"sameAs\":[\"http:\\\/\\\/telocuentavictorhugo.com\"],\"url\":\"https:\\\/\\\/telocuentavictorhugo.com\\\/index.php\\\/author\\\/plustvpress-com\\\/\"}]}<\/script>\n<!-- \/ Yoast SEO plugin. -->","yoast_head_json":{"title":"ENTEL GARANTIZA FIBRA \u00d3PTICA EN VACA D\u00cdEZ, BENI - Te lo Cuenta Victor","robots":{"index":"index","follow":"follow","max-snippet":"max-snippet:-1","max-image-preview":"max-image-preview:large","max-video-preview":"max-video-preview:-1"},"canonical":"https:\/\/telocuentavictorhugo.com\/index.php\/2025\/10\/19\/entel-garantiza-fibra-optica-en-vaca-diez-beni\/","og_locale":"es_ES","og_type":"article","og_title":"ENTEL GARANTIZA FIBRA \u00d3PTICA EN VACA D\u00cdEZ, BENI - Te lo Cuenta Victor","og_description":"ENTEL S.A. culmina la instalaci\u00f3n de 235 kil\u00f3metros de fibra \u00f3ptica subterr\u00e1nea en la provincia Vaca D\u00edez, Beni, fortaleciendo la infraestructura de telecomunicaciones en la regi\u00f3n amaz\u00f3nica. La obra, valorada en 18 millones de bolivianos, conecta las localidades de Riberalta, Guayaramer\u00edn, Tri\u00e1ngulo y Sheraton, y busca garantizar una se\u00f1al m\u00e1s estable, r\u00e1pida y segura, protegiendo [&hellip;]","og_url":"https:\/\/telocuentavictorhugo.com\/index.php\/2025\/10\/19\/entel-garantiza-fibra-optica-en-vaca-diez-beni\/","og_site_name":"Te lo Cuenta Victor","article_published_time":"2025-10-19T14:31:59+00:00","article_modified_time":"2025-10-19T14:32:02+00:00","og_image":[{"width":1123,"height":298,"url":"http:\/\/telocuentavictorhugo.com\/wp-content\/uploads\/2025\/10\/39-2.jpg","type":"image\/jpeg"}],"author":"telocuentavictorhugo.com","twitter_card":"summary_large_image","twitter_misc":{"Escrito por":"telocuentavictorhugo.com","Tiempo de lectura":"1 minuto"},"schema":{"@context":"https:\/\/schema.org","@graph":[{"@type":"Article","@id":"https:\/\/telocuentavictorhugo.com\/index.php\/2025\/10\/19\/entel-garantiza-fibra-optica-en-vaca-diez-beni\/#article","isPartOf":{"@id":"https:\/\/telocuentavictorhugo.com\/index.php\/2025\/10\/19\/entel-garantiza-fibra-optica-en-vaca-diez-beni\/"},"author":{"name":"telocuentavictorhugo.com","@id":"https:\/\/telocuentavictorhugo.com\/#\/schema\/person\/a8307d7271ba2849b49b562ad8602f06"},"headline":"ENTEL GARANTIZA FIBRA \u00d3PTICA EN VACA D\u00cdEZ, BENI","datePublished":"2025-10-19T14:31:59+00:00","dateModified":"2025-10-19T14:32:02+00:00","mainEntityOfPage":{"@id":"https:\/\/telocuentavictorhugo.com\/index.php\/2025\/10\/19\/entel-garantiza-fibra-optica-en-vaca-diez-beni\/"},"wordCount":120,"commentCount":0,"publisher":{"@id":"https:\/\/telocuentavictorhugo.com\/#organization"},"image":{"@id":"https:\/\/telocuentavictorhugo.com\/index.php\/2025\/10\/19\/entel-garantiza-fibra-optica-en-vaca-diez-beni\/#primaryimage"},"thumbnailUrl":"https:\/\/telocuentavictorhugo.com\/wp-content\/uploads\/2025\/10\/39-2.jpg","articleSection":["Econom\u00eda","Noticias","Sociedad","Tecnolog\u00eda"],"inLanguage":"es","potentialAction":[{"@type":"CommentAction","name":"Comment","target":["https:\/\/telocuentavictorhugo.com\/index.php\/2025\/10\/19\/entel-garantiza-fibra-optica-en-vaca-diez-beni\/#respond"]}]},{"@type":"WebPage","@id":"https:\/\/telocuentavictorhugo.com\/index.php\/2025\/10\/19\/entel-garantiza-fibra-optica-en-vaca-diez-beni\/","url":"https:\/\/telocuentavictorhugo.com\/index.php\/2025\/10\/19\/entel-garantiza-fibra-optica-en-vaca-diez-beni\/","name":"ENTEL GARANTIZA FIBRA \u00d3PTICA EN VACA D\u00cdEZ, BENI - Te lo Cuenta Victor","isPartOf":{"@id":"https:\/\/telocuentavictorhugo.com\/#website"},"primaryImageOfPage":{"@id":"https:\/\/telocuentavictorhugo.com\/index.php\/2025\/10\/19\/entel-garantiza-fibra-optica-en-vaca-diez-beni\/#primaryimage"},"image":{"@id":"https:\/\/telocuentavictorhugo.com\/index.php\/2025\/10\/19\/entel-garantiza-fibra-optica-en-vaca-diez-beni\/#primaryimage"},"thumbnailUrl":"https:\/\/telocuentavictorhugo.com\/wp-content\/uploads\/2025\/10\/39-2.jpg","datePublished":"2025-10-19T14:31:59+00:00","dateModified":"2025-10-19T14:32:02+00:00","breadcrumb":{"@id":"https:\/\/telocuentavictorhugo.com\/index.php\/2025\/10\/19\/entel-garantiza-fibra-optica-en-vaca-diez-beni\/#breadcrumb"},"inLanguage":"es","potentialAction":[{"@type":"ReadAction","target":["https:\/\/telocuentavictorhugo.com\/index.php\/2025\/10\/19\/entel-garantiza-fibra-optica-en-vaca-diez-beni\/"]}]},{"@type":"ImageObject","inLanguage":"es","@id":"https:\/\/telocuentavictorhugo.com\/index.php\/2025\/10\/19\/entel-garantiza-fibra-optica-en-vaca-diez-beni\/#primaryimage","url":"https:\/\/telocuentavictorhugo.com\/wp-content\/uploads\/2025\/10\/39-2.jpg","contentUrl":"https:\/\/telocuentavictorhugo.com\/wp-content\/uploads\/2025\/10\/39-2.jpg","width":1123,"height":298},{"@type":"BreadcrumbList","@id":"https:\/\/telocuentavictorhugo.com\/index.php\/2025\/10\/19\/entel-garantiza-fibra-optica-en-vaca-diez-beni\/#breadcrumb","itemListElement":[{"@type":"ListItem","position":1,"name":"Portada","item":"https:\/\/telocuentavictorhugo.com\/"},{"@type":"ListItem","position":2,"name":"ENTEL GARANTIZA FIBRA \u00d3PTICA EN VACA D\u00cdEZ, BENI"}]},{"@type":"WebSite","@id":"https:\/\/telocuentavictorhugo.com\/#website","url":"https:\/\/telocuentavictorhugo.com\/","name":"Te lo Cuenta Victor","description":"","publisher":{"@id":"https:\/\/telocuentavictorhugo.com\/#organization"},"potentialAction":[{"@type":"SearchAction","target":{"@type":"EntryPoint","urlTemplate":"https:\/\/telocuentavictorhugo.com\/?s={search_term_string}"},"query-input":{"@type":"PropertyValueSpecification","valueRequired":true,"valueName":"search_term_string"}}],"inLanguage":"es"},{"@type":"Organization","@id":"https:\/\/telocuentavictorhugo.com\/#organization","name":"Te lo Cuenta Victor","url":"https:\/\/telocuentavictorhugo.com\/","logo":{"@type":"ImageObject","inLanguage":"es","@id":"https:\/\/telocuentavictorhugo.com\/#\/schema\/logo\/image\/","url":"https:\/\/telocuentavictorhugo.com\/wp-content\/uploads\/2023\/12\/Logo.png","contentUrl":"https:\/\/telocuentavictorhugo.com\/wp-content\/uploads\/2023\/12\/Logo.png","width":1080,"height":176,"caption":"Te lo Cuenta Victor"},"image":{"@id":"https:\/\/telocuentavictorhugo.com\/#\/schema\/logo\/image\/"}},{"@type":"Person","@id":"https:\/\/telocuentavictorhugo.com\/#\/schema\/person\/a8307d7271ba2849b49b562ad8602f06","name":"telocuentavictorhugo.com","image":{"@type":"ImageObject","inLanguage":"es","@id":"https:\/\/secure.gravatar.com\/avatar\/da212e7b532df19fd2aea5daf46d8c176abfc85521e4b80ed435d7426ef63eb6?s=96&d=mm&r=g","url":"https:\/\/secure.gravatar.com\/avatar\/da212e7b532df19fd2aea5daf46d8c176abfc85521e4b80ed435d7426ef63eb6?s=96&d=mm&r=g","contentUrl":"https:\/\/secure.gravatar.com\/avatar\/da212e7b532df19fd2aea5daf46d8c176abfc85521e4b80ed435d7426ef63eb6?s=96&d=mm&r=g","caption":"telocuentavictorhugo.com"},"sameAs":["http:\/\/telocuentavictorhugo.com"],"url":"https:\/\/telocuentavictorhugo.com\/index.php\/author\/plustvpress-com\/"}]}},"_links":{"self":[{"href":"https:\/\/telocuentavictorhugo.com\/index.php\/wp-json\/wp\/v2\/posts\/10541","targetHints":{"allow":["GET"]}}],"collection":[{"href":"https:\/\/telocuentavictorhugo.com\/index.php\/wp-json\/wp\/v2\/posts"}],"about":[{"href":"https:\/\/telocuentavictorhugo.com\/index.php\/wp-json\/wp\/v2\/types\/post"}],"author":[{"embeddable":true,"href":"https:\/\/telocuentavictorhugo.com\/index.php\/wp-json\/wp\/v2\/users\/1"}],"replies":[{"embeddable":true,"href":"https:\/\/telocuentavictorhugo.com\/index.php\/wp-json\/wp\/v2\/comments?post=10541"}],"version-history":[{"count":1,"href":"https:\/\/telocuentavictorhugo.com\/index.php\/wp-json\/wp\/v2\/posts\/10541\/revisions"}],"predecessor-version":[{"id":10570,"href":"https:\/\/telocuentavictorhugo.com\/index.php\/wp-json\/wp\/v2\/posts\/10541\/revisions\/10570"}],"wp:featuredmedia":[{"embeddable":true,"href":"https:\/\/telocuentavictorhugo.com\/index.php\/wp-json\/wp\/v2\/media\/10556"}],"wp:attachment":[{"href":"https:\/\/telocuentavictorhugo.com\/index.php\/wp-json\/wp\/v2\/media?parent=10541"}],"wp:term":[{"taxonomy":"category","embeddable":true,"href":"https:\/\/telocuentavictorhugo.com\/index.php\/wp-json\/wp\/v2\/categories?post=10541"},{"taxonomy":"post_tag","embeddable":true,"href":"https:\/\/telocuentavictorhugo.com\/index.php\/wp-json\/wp\/v2\/tags?post=10541"}],"curies":[{"name":"wp","href":"https:\/\/api.w.org\/{rel}","templated":true}]}}