{"id":10531,"date":"2025-10-19T10:31:43","date_gmt":"2025-10-19T14:31:43","guid":{"rendered":"https:\/\/telocuentavictorhugo.com\/?p=10531"},"modified":"2025-10-19T10:31:44","modified_gmt":"2025-10-19T14:31:44","slug":"eva-copa-aclara-citacion-fiscal-por-hecho-en-achocalla-2024","status":"publish","type":"post","link":"https:\/\/telocuentavictorhugo.com\/index.php\/2025\/10\/19\/eva-copa-aclara-citacion-fiscal-por-hecho-en-achocalla-2024\/","title":{"rendered":"EVA COPA ACLARA CITACI\u00d3N FISCAL POR HECHO EN ACHOCALLA 2024"},"content":{"rendered":"\n<p>La alcaldesa de El Alto, Eva Copa, aclar\u00f3 que su administraci\u00f3n no tiene competencia ni autorizaci\u00f3n para intervenir en construcciones en Achocalla, tras una supuesta orden de comparecencia como testigo en un caso ocurrido en 2024. Enfatiz\u00f3 que, debido a la delimitaci\u00f3n de jurisdicciones, las autoridades alte\u00f1as no pueden responsabilizarse por hechos ocurridos en municipios vecinos, aunque manifest\u00f3 su disposici\u00f3n a colaborar con la justicia si es convocada.<\/p>\n\n\n\n<figure class=\"wp-block-embed is-type-video is-provider-youtube wp-block-embed-youtube wp-embed-aspect-16-9 wp-has-aspect-ratio\"><div class=\"wp-block-embed__wrapper\">\n<iframe title=\"EVA COPA ACLARA CITACI\u00d3N FISCAL POR HECHO EN ACHOCALLA 2024\" width=\"800\" height=\"450\" src=\"https:\/\/www.youtube.com\/embed\/f1u3o-O4sCk?feature=oembed\" frameborder=\"0\" allow=\"accelerometer; autoplay; clipboard-write; encrypted-media; gyroscope; picture-in-picture; web-share\" referrerpolicy=\"strict-origin-when-cross-origin\" allowfullscreen><\/iframe>\n<\/div><\/figure>\n","protected":false},"excerpt":{"rendered":"<p>La alcaldesa de El Alto, Eva Copa, aclar\u00f3 que su administraci\u00f3n no tiene competencia ni autorizaci\u00f3n para intervenir en construcciones en Achocalla, tras una supuesta orden de comparecencia como testigo en un caso ocurrido en 2024. Enfatiz\u00f3 que, debido a la delimitaci\u00f3n de jurisdicciones, las autoridades alte\u00f1as no pueden responsabilizarse por hechos ocurridos en municipios [&hellip;]<\/p>\n","protected":false},"author":1,"featured_media":10546,"comment_status":"open","ping_status":"open","sticky":false,"template":"","format":"standard","meta":{"_eb_attr":"","footnotes":""},"categories":[1,42],"tags":[],"class_list":["post-10531","post","type-post","status-publish","format-standard","has-post-thumbnail","hentry","category-noticias","category-politica"],"yoast_head":"<!-- This site is optimized with the Yoast SEO plugin v27.4 - https:\/\/yoast.com\/product\/yoast-seo-wordpress\/ -->\n<title>EVA COPA ACLARA CITACI\u00d3N FISCAL POR HECHO EN ACHOCALLA 2024 - Te lo Cuenta Victor<\/title>\n<meta name=\"robots\" content=\"index, follow, max-snippet:-1, max-image-preview:large, max-video-preview:-1\" \/>\n<link rel=\"canonical\" href=\"https:\/\/telocuentavictorhugo.com\/index.php\/2025\/10\/19\/eva-copa-aclara-citacion-fiscal-por-hecho-en-achocalla-2024\/\" \/>\n<meta property=\"og:locale\" content=\"es_ES\" \/>\n<meta property=\"og:type\" content=\"article\" \/>\n<meta property=\"og:title\" content=\"EVA COPA ACLARA CITACI\u00d3N FISCAL POR HECHO EN ACHOCALLA 2024 - Te lo Cuenta Victor\" \/>\n<meta property=\"og:description\" content=\"La alcaldesa de El Alto, Eva Copa, aclar\u00f3 que su administraci\u00f3n no tiene competencia ni autorizaci\u00f3n para intervenir en construcciones en Achocalla, tras una supuesta orden de comparecencia como testigo en un caso ocurrido en 2024. Enfatiz\u00f3 que, debido a la delimitaci\u00f3n de jurisdicciones, las autoridades alte\u00f1as no pueden responsabilizarse por hechos ocurridos en municipios [&hellip;]\" \/>\n<meta property=\"og:url\" content=\"https:\/\/telocuentavictorhugo.com\/index.php\/2025\/10\/19\/eva-copa-aclara-citacion-fiscal-por-hecho-en-achocalla-2024\/\" \/>\n<meta property=\"og:site_name\" content=\"Te lo Cuenta Victor\" \/>\n<meta property=\"article:published_time\" content=\"2025-10-19T14:31:43+00:00\" \/>\n<meta property=\"article:modified_time\" content=\"2025-10-19T14:31:44+00:00\" \/>\n<meta property=\"og:image\" content=\"http:\/\/telocuentavictorhugo.com\/wp-content\/uploads\/2025\/10\/29-2.jpg\" \/>\n\t<meta property=\"og:image:width\" content=\"1080\" \/>\n\t<meta property=\"og:image:height\" content=\"353\" \/>\n\t<meta property=\"og:image:type\" content=\"image\/jpeg\" \/>\n<meta name=\"author\" content=\"telocuentavictorhugo.com\" \/>\n<meta name=\"twitter:card\" content=\"summary_large_image\" \/>\n<meta name=\"twitter:label1\" content=\"Escrito por\" \/>\n\t<meta name=\"twitter:data1\" content=\"telocuentavictorhugo.com\" \/>\n\t<meta name=\"twitter:label2\" content=\"Tiempo de lectura\" \/>\n\t<meta name=\"twitter:data2\" content=\"1 minuto\" \/>\n<script type=\"application\/ld+json\" class=\"yoast-schema-graph\">{\"@context\":\"https:\\\/\\\/schema.org\",\"@graph\":[{\"@type\":\"Article\",\"@id\":\"https:\\\/\\\/telocuentavictorhugo.com\\\/index.php\\\/2025\\\/10\\\/19\\\/eva-copa-aclara-citacion-fiscal-por-hecho-en-achocalla-2024\\\/#article\",\"isPartOf\":{\"@id\":\"https:\\\/\\\/telocuentavictorhugo.com\\\/index.php\\\/2025\\\/10\\\/19\\\/eva-copa-aclara-citacion-fiscal-por-hecho-en-achocalla-2024\\\/\"},\"author\":{\"name\":\"telocuentavictorhugo.com\",\"@id\":\"https:\\\/\\\/telocuentavictorhugo.com\\\/#\\\/schema\\\/person\\\/a8307d7271ba2849b49b562ad8602f06\"},\"headline\":\"EVA COPA ACLARA CITACI\u00d3N FISCAL POR HECHO EN ACHOCALLA 2024\",\"datePublished\":\"2025-10-19T14:31:43+00:00\",\"dateModified\":\"2025-10-19T14:31:44+00:00\",\"mainEntityOfPage\":{\"@id\":\"https:\\\/\\\/telocuentavictorhugo.com\\\/index.php\\\/2025\\\/10\\\/19\\\/eva-copa-aclara-citacion-fiscal-por-hecho-en-achocalla-2024\\\/\"},\"wordCount\":89,\"commentCount\":0,\"publisher\":{\"@id\":\"https:\\\/\\\/telocuentavictorhugo.com\\\/#organization\"},\"image\":{\"@id\":\"https:\\\/\\\/telocuentavictorhugo.com\\\/index.php\\\/2025\\\/10\\\/19\\\/eva-copa-aclara-citacion-fiscal-por-hecho-en-achocalla-2024\\\/#primaryimage\"},\"thumbnailUrl\":\"https:\\\/\\\/telocuentavictorhugo.com\\\/wp-content\\\/uploads\\\/2025\\\/10\\\/29-2.jpg\",\"articleSection\":[\"Noticias\",\"Pol\u00edtica\"],\"inLanguage\":\"es\",\"potentialAction\":[{\"@type\":\"CommentAction\",\"name\":\"Comment\",\"target\":[\"https:\\\/\\\/telocuentavictorhugo.com\\\/index.php\\\/2025\\\/10\\\/19\\\/eva-copa-aclara-citacion-fiscal-por-hecho-en-achocalla-2024\\\/#respond\"]}]},{\"@type\":\"WebPage\",\"@id\":\"https:\\\/\\\/telocuentavictorhugo.com\\\/index.php\\\/2025\\\/10\\\/19\\\/eva-copa-aclara-citacion-fiscal-por-hecho-en-achocalla-2024\\\/\",\"url\":\"https:\\\/\\\/telocuentavictorhugo.com\\\/index.php\\\/2025\\\/10\\\/19\\\/eva-copa-aclara-citacion-fiscal-por-hecho-en-achocalla-2024\\\/\",\"name\":\"EVA COPA ACLARA CITACI\u00d3N FISCAL POR HECHO EN ACHOCALLA 2024 - Te lo Cuenta Victor\",\"isPartOf\":{\"@id\":\"https:\\\/\\\/telocuentavictorhugo.com\\\/#website\"},\"primaryImageOfPage\":{\"@id\":\"https:\\\/\\\/telocuentavictorhugo.com\\\/index.php\\\/2025\\\/10\\\/19\\\/eva-copa-aclara-citacion-fiscal-por-hecho-en-achocalla-2024\\\/#primaryimage\"},\"image\":{\"@id\":\"https:\\\/\\\/telocuentavictorhugo.com\\\/index.php\\\/2025\\\/10\\\/19\\\/eva-copa-aclara-citacion-fiscal-por-hecho-en-achocalla-2024\\\/#primaryimage\"},\"thumbnailUrl\":\"https:\\\/\\\/telocuentavictorhugo.com\\\/wp-content\\\/uploads\\\/2025\\\/10\\\/29-2.jpg\",\"datePublished\":\"2025-10-19T14:31:43+00:00\",\"dateModified\":\"2025-10-19T14:31:44+00:00\",\"breadcrumb\":{\"@id\":\"https:\\\/\\\/telocuentavictorhugo.com\\\/index.php\\\/2025\\\/10\\\/19\\\/eva-copa-aclara-citacion-fiscal-por-hecho-en-achocalla-2024\\\/#breadcrumb\"},\"inLanguage\":\"es\",\"potentialAction\":[{\"@type\":\"ReadAction\",\"target\":[\"https:\\\/\\\/telocuentavictorhugo.com\\\/index.php\\\/2025\\\/10\\\/19\\\/eva-copa-aclara-citacion-fiscal-por-hecho-en-achocalla-2024\\\/\"]}]},{\"@type\":\"ImageObject\",\"inLanguage\":\"es\",\"@id\":\"https:\\\/\\\/telocuentavictorhugo.com\\\/index.php\\\/2025\\\/10\\\/19\\\/eva-copa-aclara-citacion-fiscal-por-hecho-en-achocalla-2024\\\/#primaryimage\",\"url\":\"https:\\\/\\\/telocuentavictorhugo.com\\\/wp-content\\\/uploads\\\/2025\\\/10\\\/29-2.jpg\",\"contentUrl\":\"https:\\\/\\\/telocuentavictorhugo.com\\\/wp-content\\\/uploads\\\/2025\\\/10\\\/29-2.jpg\",\"width\":1080,\"height\":353},{\"@type\":\"BreadcrumbList\",\"@id\":\"https:\\\/\\\/telocuentavictorhugo.com\\\/index.php\\\/2025\\\/10\\\/19\\\/eva-copa-aclara-citacion-fiscal-por-hecho-en-achocalla-2024\\\/#breadcrumb\",\"itemListElement\":[{\"@type\":\"ListItem\",\"position\":1,\"name\":\"Portada\",\"item\":\"https:\\\/\\\/telocuentavictorhugo.com\\\/\"},{\"@type\":\"ListItem\",\"position\":2,\"name\":\"EVA COPA ACLARA CITACI\u00d3N FISCAL POR HECHO EN ACHOCALLA 2024\"}]},{\"@type\":\"WebSite\",\"@id\":\"https:\\\/\\\/telocuentavictorhugo.com\\\/#website\",\"url\":\"https:\\\/\\\/telocuentavictorhugo.com\\\/\",\"name\":\"Te lo Cuenta Victor\",\"description\":\"\",\"publisher\":{\"@id\":\"https:\\\/\\\/telocuentavictorhugo.com\\\/#organization\"},\"potentialAction\":[{\"@type\":\"SearchAction\",\"target\":{\"@type\":\"EntryPoint\",\"urlTemplate\":\"https:\\\/\\\/telocuentavictorhugo.com\\\/?s={search_term_string}\"},\"query-input\":{\"@type\":\"PropertyValueSpecification\",\"valueRequired\":true,\"valueName\":\"search_term_string\"}}],\"inLanguage\":\"es\"},{\"@type\":\"Organization\",\"@id\":\"https:\\\/\\\/telocuentavictorhugo.com\\\/#organization\",\"name\":\"Te lo Cuenta Victor\",\"url\":\"https:\\\/\\\/telocuentavictorhugo.com\\\/\",\"logo\":{\"@type\":\"ImageObject\",\"inLanguage\":\"es\",\"@id\":\"https:\\\/\\\/telocuentavictorhugo.com\\\/#\\\/schema\\\/logo\\\/image\\\/\",\"url\":\"https:\\\/\\\/telocuentavictorhugo.com\\\/wp-content\\\/uploads\\\/2023\\\/12\\\/Logo.png\",\"contentUrl\":\"https:\\\/\\\/telocuentavictorhugo.com\\\/wp-content\\\/uploads\\\/2023\\\/12\\\/Logo.png\",\"width\":1080,\"height\":176,\"caption\":\"Te lo Cuenta Victor\"},\"image\":{\"@id\":\"https:\\\/\\\/telocuentavictorhugo.com\\\/#\\\/schema\\\/logo\\\/image\\\/\"}},{\"@type\":\"Person\",\"@id\":\"https:\\\/\\\/telocuentavictorhugo.com\\\/#\\\/schema\\\/person\\\/a8307d7271ba2849b49b562ad8602f06\",\"name\":\"telocuentavictorhugo.com\",\"image\":{\"@type\":\"ImageObject\",\"inLanguage\":\"es\",\"@id\":\"https:\\\/\\\/secure.gravatar.com\\\/avatar\\\/da212e7b532df19fd2aea5daf46d8c176abfc85521e4b80ed435d7426ef63eb6?s=96&d=mm&r=g\",\"url\":\"https:\\\/\\\/secure.gravatar.com\\\/avatar\\\/da212e7b532df19fd2aea5daf46d8c176abfc85521e4b80ed435d7426ef63eb6?s=96&d=mm&r=g\",\"contentUrl\":\"https:\\\/\\\/secure.gravatar.com\\\/avatar\\\/da212e7b532df19fd2aea5daf46d8c176abfc85521e4b80ed435d7426ef63eb6?s=96&d=mm&r=g\",\"caption\":\"telocuentavictorhugo.com\"},\"sameAs\":[\"http:\\\/\\\/telocuentavictorhugo.com\"],\"url\":\"https:\\\/\\\/telocuentavictorhugo.com\\\/index.php\\\/author\\\/plustvpress-com\\\/\"}]}<\/script>\n<!-- \/ Yoast SEO plugin. -->","yoast_head_json":{"title":"EVA COPA ACLARA CITACI\u00d3N FISCAL POR HECHO EN ACHOCALLA 2024 - Te lo Cuenta Victor","robots":{"index":"index","follow":"follow","max-snippet":"max-snippet:-1","max-image-preview":"max-image-preview:large","max-video-preview":"max-video-preview:-1"},"canonical":"https:\/\/telocuentavictorhugo.com\/index.php\/2025\/10\/19\/eva-copa-aclara-citacion-fiscal-por-hecho-en-achocalla-2024\/","og_locale":"es_ES","og_type":"article","og_title":"EVA COPA ACLARA CITACI\u00d3N FISCAL POR HECHO EN ACHOCALLA 2024 - Te lo Cuenta Victor","og_description":"La alcaldesa de El Alto, Eva Copa, aclar\u00f3 que su administraci\u00f3n no tiene competencia ni autorizaci\u00f3n para intervenir en construcciones en Achocalla, tras una supuesta orden de comparecencia como testigo en un caso ocurrido en 2024. Enfatiz\u00f3 que, debido a la delimitaci\u00f3n de jurisdicciones, las autoridades alte\u00f1as no pueden responsabilizarse por hechos ocurridos en municipios [&hellip;]","og_url":"https:\/\/telocuentavictorhugo.com\/index.php\/2025\/10\/19\/eva-copa-aclara-citacion-fiscal-por-hecho-en-achocalla-2024\/","og_site_name":"Te lo Cuenta Victor","article_published_time":"2025-10-19T14:31:43+00:00","article_modified_time":"2025-10-19T14:31:44+00:00","og_image":[{"width":1080,"height":353,"url":"http:\/\/telocuentavictorhugo.com\/wp-content\/uploads\/2025\/10\/29-2.jpg","type":"image\/jpeg"}],"author":"telocuentavictorhugo.com","twitter_card":"summary_large_image","twitter_misc":{"Escrito por":"telocuentavictorhugo.com","Tiempo de lectura":"1 minuto"},"schema":{"@context":"https:\/\/schema.org","@graph":[{"@type":"Article","@id":"https:\/\/telocuentavictorhugo.com\/index.php\/2025\/10\/19\/eva-copa-aclara-citacion-fiscal-por-hecho-en-achocalla-2024\/#article","isPartOf":{"@id":"https:\/\/telocuentavictorhugo.com\/index.php\/2025\/10\/19\/eva-copa-aclara-citacion-fiscal-por-hecho-en-achocalla-2024\/"},"author":{"name":"telocuentavictorhugo.com","@id":"https:\/\/telocuentavictorhugo.com\/#\/schema\/person\/a8307d7271ba2849b49b562ad8602f06"},"headline":"EVA COPA ACLARA CITACI\u00d3N FISCAL POR HECHO EN ACHOCALLA 2024","datePublished":"2025-10-19T14:31:43+00:00","dateModified":"2025-10-19T14:31:44+00:00","mainEntityOfPage":{"@id":"https:\/\/telocuentavictorhugo.com\/index.php\/2025\/10\/19\/eva-copa-aclara-citacion-fiscal-por-hecho-en-achocalla-2024\/"},"wordCount":89,"commentCount":0,"publisher":{"@id":"https:\/\/telocuentavictorhugo.com\/#organization"},"image":{"@id":"https:\/\/telocuentavictorhugo.com\/index.php\/2025\/10\/19\/eva-copa-aclara-citacion-fiscal-por-hecho-en-achocalla-2024\/#primaryimage"},"thumbnailUrl":"https:\/\/telocuentavictorhugo.com\/wp-content\/uploads\/2025\/10\/29-2.jpg","articleSection":["Noticias","Pol\u00edtica"],"inLanguage":"es","potentialAction":[{"@type":"CommentAction","name":"Comment","target":["https:\/\/telocuentavictorhugo.com\/index.php\/2025\/10\/19\/eva-copa-aclara-citacion-fiscal-por-hecho-en-achocalla-2024\/#respond"]}]},{"@type":"WebPage","@id":"https:\/\/telocuentavictorhugo.com\/index.php\/2025\/10\/19\/eva-copa-aclara-citacion-fiscal-por-hecho-en-achocalla-2024\/","url":"https:\/\/telocuentavictorhugo.com\/index.php\/2025\/10\/19\/eva-copa-aclara-citacion-fiscal-por-hecho-en-achocalla-2024\/","name":"EVA COPA ACLARA CITACI\u00d3N FISCAL POR HECHO EN ACHOCALLA 2024 - Te lo Cuenta Victor","isPartOf":{"@id":"https:\/\/telocuentavictorhugo.com\/#website"},"primaryImageOfPage":{"@id":"https:\/\/telocuentavictorhugo.com\/index.php\/2025\/10\/19\/eva-copa-aclara-citacion-fiscal-por-hecho-en-achocalla-2024\/#primaryimage"},"image":{"@id":"https:\/\/telocuentavictorhugo.com\/index.php\/2025\/10\/19\/eva-copa-aclara-citacion-fiscal-por-hecho-en-achocalla-2024\/#primaryimage"},"thumbnailUrl":"https:\/\/telocuentavictorhugo.com\/wp-content\/uploads\/2025\/10\/29-2.jpg","datePublished":"2025-10-19T14:31:43+00:00","dateModified":"2025-10-19T14:31:44+00:00","breadcrumb":{"@id":"https:\/\/telocuentavictorhugo.com\/index.php\/2025\/10\/19\/eva-copa-aclara-citacion-fiscal-por-hecho-en-achocalla-2024\/#breadcrumb"},"inLanguage":"es","potentialAction":[{"@type":"ReadAction","target":["https:\/\/telocuentavictorhugo.com\/index.php\/2025\/10\/19\/eva-copa-aclara-citacion-fiscal-por-hecho-en-achocalla-2024\/"]}]},{"@type":"ImageObject","inLanguage":"es","@id":"https:\/\/telocuentavictorhugo.com\/index.php\/2025\/10\/19\/eva-copa-aclara-citacion-fiscal-por-hecho-en-achocalla-2024\/#primaryimage","url":"https:\/\/telocuentavictorhugo.com\/wp-content\/uploads\/2025\/10\/29-2.jpg","contentUrl":"https:\/\/telocuentavictorhugo.com\/wp-content\/uploads\/2025\/10\/29-2.jpg","width":1080,"height":353},{"@type":"BreadcrumbList","@id":"https:\/\/telocuentavictorhugo.com\/index.php\/2025\/10\/19\/eva-copa-aclara-citacion-fiscal-por-hecho-en-achocalla-2024\/#breadcrumb","itemListElement":[{"@type":"ListItem","position":1,"name":"Portada","item":"https:\/\/telocuentavictorhugo.com\/"},{"@type":"ListItem","position":2,"name":"EVA COPA ACLARA CITACI\u00d3N FISCAL POR HECHO EN ACHOCALLA 2024"}]},{"@type":"WebSite","@id":"https:\/\/telocuentavictorhugo.com\/#website","url":"https:\/\/telocuentavictorhugo.com\/","name":"Te lo Cuenta Victor","description":"","publisher":{"@id":"https:\/\/telocuentavictorhugo.com\/#organization"},"potentialAction":[{"@type":"SearchAction","target":{"@type":"EntryPoint","urlTemplate":"https:\/\/telocuentavictorhugo.com\/?s={search_term_string}"},"query-input":{"@type":"PropertyValueSpecification","valueRequired":true,"valueName":"search_term_string"}}],"inLanguage":"es"},{"@type":"Organization","@id":"https:\/\/telocuentavictorhugo.com\/#organization","name":"Te lo Cuenta Victor","url":"https:\/\/telocuentavictorhugo.com\/","logo":{"@type":"ImageObject","inLanguage":"es","@id":"https:\/\/telocuentavictorhugo.com\/#\/schema\/logo\/image\/","url":"https:\/\/telocuentavictorhugo.com\/wp-content\/uploads\/2023\/12\/Logo.png","contentUrl":"https:\/\/telocuentavictorhugo.com\/wp-content\/uploads\/2023\/12\/Logo.png","width":1080,"height":176,"caption":"Te lo Cuenta Victor"},"image":{"@id":"https:\/\/telocuentavictorhugo.com\/#\/schema\/logo\/image\/"}},{"@type":"Person","@id":"https:\/\/telocuentavictorhugo.com\/#\/schema\/person\/a8307d7271ba2849b49b562ad8602f06","name":"telocuentavictorhugo.com","image":{"@type":"ImageObject","inLanguage":"es","@id":"https:\/\/secure.gravatar.com\/avatar\/da212e7b532df19fd2aea5daf46d8c176abfc85521e4b80ed435d7426ef63eb6?s=96&d=mm&r=g","url":"https:\/\/secure.gravatar.com\/avatar\/da212e7b532df19fd2aea5daf46d8c176abfc85521e4b80ed435d7426ef63eb6?s=96&d=mm&r=g","contentUrl":"https:\/\/secure.gravatar.com\/avatar\/da212e7b532df19fd2aea5daf46d8c176abfc85521e4b80ed435d7426ef63eb6?s=96&d=mm&r=g","caption":"telocuentavictorhugo.com"},"sameAs":["http:\/\/telocuentavictorhugo.com"],"url":"https:\/\/telocuentavictorhugo.com\/index.php\/author\/plustvpress-com\/"}]}},"_links":{"self":[{"href":"https:\/\/telocuentavictorhugo.com\/index.php\/wp-json\/wp\/v2\/posts\/10531","targetHints":{"allow":["GET"]}}],"collection":[{"href":"https:\/\/telocuentavictorhugo.com\/index.php\/wp-json\/wp\/v2\/posts"}],"about":[{"href":"https:\/\/telocuentavictorhugo.com\/index.php\/wp-json\/wp\/v2\/types\/post"}],"author":[{"embeddable":true,"href":"https:\/\/telocuentavictorhugo.com\/index.php\/wp-json\/wp\/v2\/users\/1"}],"replies":[{"embeddable":true,"href":"https:\/\/telocuentavictorhugo.com\/index.php\/wp-json\/wp\/v2\/comments?post=10531"}],"version-history":[{"count":1,"href":"https:\/\/telocuentavictorhugo.com\/index.php\/wp-json\/wp\/v2\/posts\/10531\/revisions"}],"predecessor-version":[{"id":10560,"href":"https:\/\/telocuentavictorhugo.com\/index.php\/wp-json\/wp\/v2\/posts\/10531\/revisions\/10560"}],"wp:featuredmedia":[{"embeddable":true,"href":"https:\/\/telocuentavictorhugo.com\/index.php\/wp-json\/wp\/v2\/media\/10546"}],"wp:attachment":[{"href":"https:\/\/telocuentavictorhugo.com\/index.php\/wp-json\/wp\/v2\/media?parent=10531"}],"wp:term":[{"taxonomy":"category","embeddable":true,"href":"https:\/\/telocuentavictorhugo.com\/index.php\/wp-json\/wp\/v2\/categories?post=10531"},{"taxonomy":"post_tag","embeddable":true,"href":"https:\/\/telocuentavictorhugo.com\/index.php\/wp-json\/wp\/v2\/tags?post=10531"}],"curies":[{"name":"wp","href":"https:\/\/api.w.org\/{rel}","templated":true}]}}