{"id":10423,"date":"2025-10-13T19:33:18","date_gmt":"2025-10-13T23:33:18","guid":{"rendered":"https:\/\/telocuentavictorhugo.com\/?p=10423"},"modified":"2025-10-13T19:33:18","modified_gmt":"2025-10-13T23:33:18","slug":"nos-necesitamos-las-tres-bancadas-para-trabajar-por-bolivia-andrea-ballivian","status":"publish","type":"post","link":"https:\/\/telocuentavictorhugo.com\/index.php\/2025\/10\/13\/nos-necesitamos-las-tres-bancadas-para-trabajar-por-bolivia-andrea-ballivian\/","title":{"rendered":"\u201cNOS NECESITAMOS LAS TRES BANCADAS PARA TRABAJAR POR BOLIVIA\u201d &#8211; ANDREA BALLIVI\u00c1N"},"content":{"rendered":"\n<p>La diputada electa por la Alianza Unidad, Andrea Ballivi\u00e1n, se refiri\u00f3 al rol de su bancada en la pr\u00f3xima legislatura. Ballivi\u00e1n afirm\u00f3 que las tres bancadas principales son necesarias para trabajar por el pa\u00eds, se\u00f1alando que la prioridad de Alianza Unidad es \u201cgenerar gobernabilidad\u201d. La legisladora enfatiz\u00f3 que su alianza se convertir\u00e1 en la llave de la gobernabilidad dentro de la Asamblea Legislativa.<\/p>\n\n\n\n<figure class=\"wp-block-embed is-type-video is-provider-youtube wp-block-embed-youtube wp-embed-aspect-16-9 wp-has-aspect-ratio\"><div class=\"wp-block-embed__wrapper\">\n<iframe title=\"\u201cNOS NECESITAMOS LAS TRES BANCADAS PARA TRABAJAR POR BOLIVIA\u201d - ANDREA BALLIVI\u00c1N\" width=\"800\" height=\"450\" src=\"https:\/\/www.youtube.com\/embed\/DbvYa7DhxGE?feature=oembed\" frameborder=\"0\" allow=\"accelerometer; autoplay; clipboard-write; encrypted-media; gyroscope; picture-in-picture; web-share\" referrerpolicy=\"strict-origin-when-cross-origin\" allowfullscreen><\/iframe>\n<\/div><\/figure>\n","protected":false},"excerpt":{"rendered":"<p>La diputada electa por la Alianza Unidad, Andrea Ballivi\u00e1n, se refiri\u00f3 al rol de su bancada en la pr\u00f3xima legislatura. Ballivi\u00e1n afirm\u00f3 que las tres bancadas principales son necesarias para trabajar por el pa\u00eds, se\u00f1alando que la prioridad de Alianza Unidad es \u201cgenerar gobernabilidad\u201d. La legisladora enfatiz\u00f3 que su alianza se convertir\u00e1 en la llave [&hellip;]<\/p>\n","protected":false},"author":1,"featured_media":10409,"comment_status":"open","ping_status":"open","sticky":false,"template":"","format":"standard","meta":{"_eb_attr":"","footnotes":""},"categories":[1],"tags":[],"class_list":["post-10423","post","type-post","status-publish","format-standard","has-post-thumbnail","hentry","category-noticias"],"yoast_head":"<!-- This site is optimized with the Yoast SEO plugin v27.4 - https:\/\/yoast.com\/product\/yoast-seo-wordpress\/ -->\n<title>\u201cNOS NECESITAMOS LAS TRES BANCADAS PARA TRABAJAR POR BOLIVIA\u201d - ANDREA BALLIVI\u00c1N - Te lo Cuenta Victor<\/title>\n<meta name=\"robots\" content=\"index, follow, max-snippet:-1, max-image-preview:large, max-video-preview:-1\" \/>\n<link rel=\"canonical\" href=\"https:\/\/telocuentavictorhugo.com\/index.php\/2025\/10\/13\/nos-necesitamos-las-tres-bancadas-para-trabajar-por-bolivia-andrea-ballivian\/\" \/>\n<meta property=\"og:locale\" content=\"es_ES\" \/>\n<meta property=\"og:type\" content=\"article\" \/>\n<meta property=\"og:title\" content=\"\u201cNOS NECESITAMOS LAS TRES BANCADAS PARA TRABAJAR POR BOLIVIA\u201d - ANDREA BALLIVI\u00c1N - Te lo Cuenta Victor\" \/>\n<meta property=\"og:description\" content=\"La diputada electa por la Alianza Unidad, Andrea Ballivi\u00e1n, se refiri\u00f3 al rol de su bancada en la pr\u00f3xima legislatura. Ballivi\u00e1n afirm\u00f3 que las tres bancadas principales son necesarias para trabajar por el pa\u00eds, se\u00f1alando que la prioridad de Alianza Unidad es \u201cgenerar gobernabilidad\u201d. La legisladora enfatiz\u00f3 que su alianza se convertir\u00e1 en la llave [&hellip;]\" \/>\n<meta property=\"og:url\" content=\"https:\/\/telocuentavictorhugo.com\/index.php\/2025\/10\/13\/nos-necesitamos-las-tres-bancadas-para-trabajar-por-bolivia-andrea-ballivian\/\" \/>\n<meta property=\"og:site_name\" content=\"Te lo Cuenta Victor\" \/>\n<meta property=\"article:published_time\" content=\"2025-10-13T23:33:18+00:00\" \/>\n<meta property=\"og:image\" content=\"http:\/\/telocuentavictorhugo.com\/wp-content\/uploads\/2025\/10\/1-668x1024.png\" \/>\n\t<meta property=\"og:image:width\" content=\"668\" \/>\n\t<meta property=\"og:image:height\" content=\"1024\" \/>\n\t<meta property=\"og:image:type\" content=\"image\/png\" \/>\n<meta name=\"author\" content=\"telocuentavictorhugo.com\" \/>\n<meta name=\"twitter:card\" content=\"summary_large_image\" \/>\n<meta name=\"twitter:label1\" content=\"Escrito por\" \/>\n\t<meta name=\"twitter:data1\" content=\"telocuentavictorhugo.com\" \/>\n\t<meta name=\"twitter:label2\" content=\"Tiempo de lectura\" \/>\n\t<meta name=\"twitter:data2\" content=\"1 minuto\" \/>\n<script type=\"application\/ld+json\" class=\"yoast-schema-graph\">{\"@context\":\"https:\\\/\\\/schema.org\",\"@graph\":[{\"@type\":\"Article\",\"@id\":\"https:\\\/\\\/telocuentavictorhugo.com\\\/index.php\\\/2025\\\/10\\\/13\\\/nos-necesitamos-las-tres-bancadas-para-trabajar-por-bolivia-andrea-ballivian\\\/#article\",\"isPartOf\":{\"@id\":\"https:\\\/\\\/telocuentavictorhugo.com\\\/index.php\\\/2025\\\/10\\\/13\\\/nos-necesitamos-las-tres-bancadas-para-trabajar-por-bolivia-andrea-ballivian\\\/\"},\"author\":{\"name\":\"telocuentavictorhugo.com\",\"@id\":\"https:\\\/\\\/telocuentavictorhugo.com\\\/#\\\/schema\\\/person\\\/a8307d7271ba2849b49b562ad8602f06\"},\"headline\":\"\u201cNOS NECESITAMOS LAS TRES BANCADAS PARA TRABAJAR POR BOLIVIA\u201d &#8211; ANDREA BALLIVI\u00c1N\",\"datePublished\":\"2025-10-13T23:33:18+00:00\",\"mainEntityOfPage\":{\"@id\":\"https:\\\/\\\/telocuentavictorhugo.com\\\/index.php\\\/2025\\\/10\\\/13\\\/nos-necesitamos-las-tres-bancadas-para-trabajar-por-bolivia-andrea-ballivian\\\/\"},\"wordCount\":86,\"commentCount\":0,\"publisher\":{\"@id\":\"https:\\\/\\\/telocuentavictorhugo.com\\\/#organization\"},\"image\":{\"@id\":\"https:\\\/\\\/telocuentavictorhugo.com\\\/index.php\\\/2025\\\/10\\\/13\\\/nos-necesitamos-las-tres-bancadas-para-trabajar-por-bolivia-andrea-ballivian\\\/#primaryimage\"},\"thumbnailUrl\":\"https:\\\/\\\/telocuentavictorhugo.com\\\/wp-content\\\/uploads\\\/2025\\\/10\\\/1.png\",\"articleSection\":[\"Noticias\"],\"inLanguage\":\"es\",\"potentialAction\":[{\"@type\":\"CommentAction\",\"name\":\"Comment\",\"target\":[\"https:\\\/\\\/telocuentavictorhugo.com\\\/index.php\\\/2025\\\/10\\\/13\\\/nos-necesitamos-las-tres-bancadas-para-trabajar-por-bolivia-andrea-ballivian\\\/#respond\"]}]},{\"@type\":\"WebPage\",\"@id\":\"https:\\\/\\\/telocuentavictorhugo.com\\\/index.php\\\/2025\\\/10\\\/13\\\/nos-necesitamos-las-tres-bancadas-para-trabajar-por-bolivia-andrea-ballivian\\\/\",\"url\":\"https:\\\/\\\/telocuentavictorhugo.com\\\/index.php\\\/2025\\\/10\\\/13\\\/nos-necesitamos-las-tres-bancadas-para-trabajar-por-bolivia-andrea-ballivian\\\/\",\"name\":\"\u201cNOS NECESITAMOS LAS TRES BANCADAS PARA TRABAJAR POR BOLIVIA\u201d - ANDREA BALLIVI\u00c1N - Te lo Cuenta Victor\",\"isPartOf\":{\"@id\":\"https:\\\/\\\/telocuentavictorhugo.com\\\/#website\"},\"primaryImageOfPage\":{\"@id\":\"https:\\\/\\\/telocuentavictorhugo.com\\\/index.php\\\/2025\\\/10\\\/13\\\/nos-necesitamos-las-tres-bancadas-para-trabajar-por-bolivia-andrea-ballivian\\\/#primaryimage\"},\"image\":{\"@id\":\"https:\\\/\\\/telocuentavictorhugo.com\\\/index.php\\\/2025\\\/10\\\/13\\\/nos-necesitamos-las-tres-bancadas-para-trabajar-por-bolivia-andrea-ballivian\\\/#primaryimage\"},\"thumbnailUrl\":\"https:\\\/\\\/telocuentavictorhugo.com\\\/wp-content\\\/uploads\\\/2025\\\/10\\\/1.png\",\"datePublished\":\"2025-10-13T23:33:18+00:00\",\"breadcrumb\":{\"@id\":\"https:\\\/\\\/telocuentavictorhugo.com\\\/index.php\\\/2025\\\/10\\\/13\\\/nos-necesitamos-las-tres-bancadas-para-trabajar-por-bolivia-andrea-ballivian\\\/#breadcrumb\"},\"inLanguage\":\"es\",\"potentialAction\":[{\"@type\":\"ReadAction\",\"target\":[\"https:\\\/\\\/telocuentavictorhugo.com\\\/index.php\\\/2025\\\/10\\\/13\\\/nos-necesitamos-las-tres-bancadas-para-trabajar-por-bolivia-andrea-ballivian\\\/\"]}]},{\"@type\":\"ImageObject\",\"inLanguage\":\"es\",\"@id\":\"https:\\\/\\\/telocuentavictorhugo.com\\\/index.php\\\/2025\\\/10\\\/13\\\/nos-necesitamos-las-tres-bancadas-para-trabajar-por-bolivia-andrea-ballivian\\\/#primaryimage\",\"url\":\"https:\\\/\\\/telocuentavictorhugo.com\\\/wp-content\\\/uploads\\\/2025\\\/10\\\/1.png\",\"contentUrl\":\"https:\\\/\\\/telocuentavictorhugo.com\\\/wp-content\\\/uploads\\\/2025\\\/10\\\/1.png\",\"width\":1080,\"height\":1655},{\"@type\":\"BreadcrumbList\",\"@id\":\"https:\\\/\\\/telocuentavictorhugo.com\\\/index.php\\\/2025\\\/10\\\/13\\\/nos-necesitamos-las-tres-bancadas-para-trabajar-por-bolivia-andrea-ballivian\\\/#breadcrumb\",\"itemListElement\":[{\"@type\":\"ListItem\",\"position\":1,\"name\":\"Portada\",\"item\":\"https:\\\/\\\/telocuentavictorhugo.com\\\/\"},{\"@type\":\"ListItem\",\"position\":2,\"name\":\"\u201cNOS NECESITAMOS LAS TRES BANCADAS PARA TRABAJAR POR BOLIVIA\u201d &#8211; ANDREA BALLIVI\u00c1N\"}]},{\"@type\":\"WebSite\",\"@id\":\"https:\\\/\\\/telocuentavictorhugo.com\\\/#website\",\"url\":\"https:\\\/\\\/telocuentavictorhugo.com\\\/\",\"name\":\"Te lo Cuenta Victor\",\"description\":\"\",\"publisher\":{\"@id\":\"https:\\\/\\\/telocuentavictorhugo.com\\\/#organization\"},\"potentialAction\":[{\"@type\":\"SearchAction\",\"target\":{\"@type\":\"EntryPoint\",\"urlTemplate\":\"https:\\\/\\\/telocuentavictorhugo.com\\\/?s={search_term_string}\"},\"query-input\":{\"@type\":\"PropertyValueSpecification\",\"valueRequired\":true,\"valueName\":\"search_term_string\"}}],\"inLanguage\":\"es\"},{\"@type\":\"Organization\",\"@id\":\"https:\\\/\\\/telocuentavictorhugo.com\\\/#organization\",\"name\":\"Te lo Cuenta Victor\",\"url\":\"https:\\\/\\\/telocuentavictorhugo.com\\\/\",\"logo\":{\"@type\":\"ImageObject\",\"inLanguage\":\"es\",\"@id\":\"https:\\\/\\\/telocuentavictorhugo.com\\\/#\\\/schema\\\/logo\\\/image\\\/\",\"url\":\"https:\\\/\\\/telocuentavictorhugo.com\\\/wp-content\\\/uploads\\\/2023\\\/12\\\/Logo.png\",\"contentUrl\":\"https:\\\/\\\/telocuentavictorhugo.com\\\/wp-content\\\/uploads\\\/2023\\\/12\\\/Logo.png\",\"width\":1080,\"height\":176,\"caption\":\"Te lo Cuenta Victor\"},\"image\":{\"@id\":\"https:\\\/\\\/telocuentavictorhugo.com\\\/#\\\/schema\\\/logo\\\/image\\\/\"}},{\"@type\":\"Person\",\"@id\":\"https:\\\/\\\/telocuentavictorhugo.com\\\/#\\\/schema\\\/person\\\/a8307d7271ba2849b49b562ad8602f06\",\"name\":\"telocuentavictorhugo.com\",\"image\":{\"@type\":\"ImageObject\",\"inLanguage\":\"es\",\"@id\":\"https:\\\/\\\/secure.gravatar.com\\\/avatar\\\/da212e7b532df19fd2aea5daf46d8c176abfc85521e4b80ed435d7426ef63eb6?s=96&d=mm&r=g\",\"url\":\"https:\\\/\\\/secure.gravatar.com\\\/avatar\\\/da212e7b532df19fd2aea5daf46d8c176abfc85521e4b80ed435d7426ef63eb6?s=96&d=mm&r=g\",\"contentUrl\":\"https:\\\/\\\/secure.gravatar.com\\\/avatar\\\/da212e7b532df19fd2aea5daf46d8c176abfc85521e4b80ed435d7426ef63eb6?s=96&d=mm&r=g\",\"caption\":\"telocuentavictorhugo.com\"},\"sameAs\":[\"http:\\\/\\\/telocuentavictorhugo.com\"],\"url\":\"https:\\\/\\\/telocuentavictorhugo.com\\\/index.php\\\/author\\\/plustvpress-com\\\/\"}]}<\/script>\n<!-- \/ Yoast SEO plugin. -->","yoast_head_json":{"title":"\u201cNOS NECESITAMOS LAS TRES BANCADAS PARA TRABAJAR POR BOLIVIA\u201d - ANDREA BALLIVI\u00c1N - Te lo Cuenta Victor","robots":{"index":"index","follow":"follow","max-snippet":"max-snippet:-1","max-image-preview":"max-image-preview:large","max-video-preview":"max-video-preview:-1"},"canonical":"https:\/\/telocuentavictorhugo.com\/index.php\/2025\/10\/13\/nos-necesitamos-las-tres-bancadas-para-trabajar-por-bolivia-andrea-ballivian\/","og_locale":"es_ES","og_type":"article","og_title":"\u201cNOS NECESITAMOS LAS TRES BANCADAS PARA TRABAJAR POR BOLIVIA\u201d - ANDREA BALLIVI\u00c1N - Te lo Cuenta Victor","og_description":"La diputada electa por la Alianza Unidad, Andrea Ballivi\u00e1n, se refiri\u00f3 al rol de su bancada en la pr\u00f3xima legislatura. Ballivi\u00e1n afirm\u00f3 que las tres bancadas principales son necesarias para trabajar por el pa\u00eds, se\u00f1alando que la prioridad de Alianza Unidad es \u201cgenerar gobernabilidad\u201d. La legisladora enfatiz\u00f3 que su alianza se convertir\u00e1 en la llave [&hellip;]","og_url":"https:\/\/telocuentavictorhugo.com\/index.php\/2025\/10\/13\/nos-necesitamos-las-tres-bancadas-para-trabajar-por-bolivia-andrea-ballivian\/","og_site_name":"Te lo Cuenta Victor","article_published_time":"2025-10-13T23:33:18+00:00","og_image":[{"width":668,"height":1024,"url":"http:\/\/telocuentavictorhugo.com\/wp-content\/uploads\/2025\/10\/1-668x1024.png","type":"image\/png"}],"author":"telocuentavictorhugo.com","twitter_card":"summary_large_image","twitter_misc":{"Escrito por":"telocuentavictorhugo.com","Tiempo de lectura":"1 minuto"},"schema":{"@context":"https:\/\/schema.org","@graph":[{"@type":"Article","@id":"https:\/\/telocuentavictorhugo.com\/index.php\/2025\/10\/13\/nos-necesitamos-las-tres-bancadas-para-trabajar-por-bolivia-andrea-ballivian\/#article","isPartOf":{"@id":"https:\/\/telocuentavictorhugo.com\/index.php\/2025\/10\/13\/nos-necesitamos-las-tres-bancadas-para-trabajar-por-bolivia-andrea-ballivian\/"},"author":{"name":"telocuentavictorhugo.com","@id":"https:\/\/telocuentavictorhugo.com\/#\/schema\/person\/a8307d7271ba2849b49b562ad8602f06"},"headline":"\u201cNOS NECESITAMOS LAS TRES BANCADAS PARA TRABAJAR POR BOLIVIA\u201d &#8211; ANDREA BALLIVI\u00c1N","datePublished":"2025-10-13T23:33:18+00:00","mainEntityOfPage":{"@id":"https:\/\/telocuentavictorhugo.com\/index.php\/2025\/10\/13\/nos-necesitamos-las-tres-bancadas-para-trabajar-por-bolivia-andrea-ballivian\/"},"wordCount":86,"commentCount":0,"publisher":{"@id":"https:\/\/telocuentavictorhugo.com\/#organization"},"image":{"@id":"https:\/\/telocuentavictorhugo.com\/index.php\/2025\/10\/13\/nos-necesitamos-las-tres-bancadas-para-trabajar-por-bolivia-andrea-ballivian\/#primaryimage"},"thumbnailUrl":"https:\/\/telocuentavictorhugo.com\/wp-content\/uploads\/2025\/10\/1.png","articleSection":["Noticias"],"inLanguage":"es","potentialAction":[{"@type":"CommentAction","name":"Comment","target":["https:\/\/telocuentavictorhugo.com\/index.php\/2025\/10\/13\/nos-necesitamos-las-tres-bancadas-para-trabajar-por-bolivia-andrea-ballivian\/#respond"]}]},{"@type":"WebPage","@id":"https:\/\/telocuentavictorhugo.com\/index.php\/2025\/10\/13\/nos-necesitamos-las-tres-bancadas-para-trabajar-por-bolivia-andrea-ballivian\/","url":"https:\/\/telocuentavictorhugo.com\/index.php\/2025\/10\/13\/nos-necesitamos-las-tres-bancadas-para-trabajar-por-bolivia-andrea-ballivian\/","name":"\u201cNOS NECESITAMOS LAS TRES BANCADAS PARA TRABAJAR POR BOLIVIA\u201d - ANDREA BALLIVI\u00c1N - Te lo Cuenta Victor","isPartOf":{"@id":"https:\/\/telocuentavictorhugo.com\/#website"},"primaryImageOfPage":{"@id":"https:\/\/telocuentavictorhugo.com\/index.php\/2025\/10\/13\/nos-necesitamos-las-tres-bancadas-para-trabajar-por-bolivia-andrea-ballivian\/#primaryimage"},"image":{"@id":"https:\/\/telocuentavictorhugo.com\/index.php\/2025\/10\/13\/nos-necesitamos-las-tres-bancadas-para-trabajar-por-bolivia-andrea-ballivian\/#primaryimage"},"thumbnailUrl":"https:\/\/telocuentavictorhugo.com\/wp-content\/uploads\/2025\/10\/1.png","datePublished":"2025-10-13T23:33:18+00:00","breadcrumb":{"@id":"https:\/\/telocuentavictorhugo.com\/index.php\/2025\/10\/13\/nos-necesitamos-las-tres-bancadas-para-trabajar-por-bolivia-andrea-ballivian\/#breadcrumb"},"inLanguage":"es","potentialAction":[{"@type":"ReadAction","target":["https:\/\/telocuentavictorhugo.com\/index.php\/2025\/10\/13\/nos-necesitamos-las-tres-bancadas-para-trabajar-por-bolivia-andrea-ballivian\/"]}]},{"@type":"ImageObject","inLanguage":"es","@id":"https:\/\/telocuentavictorhugo.com\/index.php\/2025\/10\/13\/nos-necesitamos-las-tres-bancadas-para-trabajar-por-bolivia-andrea-ballivian\/#primaryimage","url":"https:\/\/telocuentavictorhugo.com\/wp-content\/uploads\/2025\/10\/1.png","contentUrl":"https:\/\/telocuentavictorhugo.com\/wp-content\/uploads\/2025\/10\/1.png","width":1080,"height":1655},{"@type":"BreadcrumbList","@id":"https:\/\/telocuentavictorhugo.com\/index.php\/2025\/10\/13\/nos-necesitamos-las-tres-bancadas-para-trabajar-por-bolivia-andrea-ballivian\/#breadcrumb","itemListElement":[{"@type":"ListItem","position":1,"name":"Portada","item":"https:\/\/telocuentavictorhugo.com\/"},{"@type":"ListItem","position":2,"name":"\u201cNOS NECESITAMOS LAS TRES BANCADAS PARA TRABAJAR POR BOLIVIA\u201d &#8211; ANDREA BALLIVI\u00c1N"}]},{"@type":"WebSite","@id":"https:\/\/telocuentavictorhugo.com\/#website","url":"https:\/\/telocuentavictorhugo.com\/","name":"Te lo Cuenta Victor","description":"","publisher":{"@id":"https:\/\/telocuentavictorhugo.com\/#organization"},"potentialAction":[{"@type":"SearchAction","target":{"@type":"EntryPoint","urlTemplate":"https:\/\/telocuentavictorhugo.com\/?s={search_term_string}"},"query-input":{"@type":"PropertyValueSpecification","valueRequired":true,"valueName":"search_term_string"}}],"inLanguage":"es"},{"@type":"Organization","@id":"https:\/\/telocuentavictorhugo.com\/#organization","name":"Te lo Cuenta Victor","url":"https:\/\/telocuentavictorhugo.com\/","logo":{"@type":"ImageObject","inLanguage":"es","@id":"https:\/\/telocuentavictorhugo.com\/#\/schema\/logo\/image\/","url":"https:\/\/telocuentavictorhugo.com\/wp-content\/uploads\/2023\/12\/Logo.png","contentUrl":"https:\/\/telocuentavictorhugo.com\/wp-content\/uploads\/2023\/12\/Logo.png","width":1080,"height":176,"caption":"Te lo Cuenta Victor"},"image":{"@id":"https:\/\/telocuentavictorhugo.com\/#\/schema\/logo\/image\/"}},{"@type":"Person","@id":"https:\/\/telocuentavictorhugo.com\/#\/schema\/person\/a8307d7271ba2849b49b562ad8602f06","name":"telocuentavictorhugo.com","image":{"@type":"ImageObject","inLanguage":"es","@id":"https:\/\/secure.gravatar.com\/avatar\/da212e7b532df19fd2aea5daf46d8c176abfc85521e4b80ed435d7426ef63eb6?s=96&d=mm&r=g","url":"https:\/\/secure.gravatar.com\/avatar\/da212e7b532df19fd2aea5daf46d8c176abfc85521e4b80ed435d7426ef63eb6?s=96&d=mm&r=g","contentUrl":"https:\/\/secure.gravatar.com\/avatar\/da212e7b532df19fd2aea5daf46d8c176abfc85521e4b80ed435d7426ef63eb6?s=96&d=mm&r=g","caption":"telocuentavictorhugo.com"},"sameAs":["http:\/\/telocuentavictorhugo.com"],"url":"https:\/\/telocuentavictorhugo.com\/index.php\/author\/plustvpress-com\/"}]}},"_links":{"self":[{"href":"https:\/\/telocuentavictorhugo.com\/index.php\/wp-json\/wp\/v2\/posts\/10423","targetHints":{"allow":["GET"]}}],"collection":[{"href":"https:\/\/telocuentavictorhugo.com\/index.php\/wp-json\/wp\/v2\/posts"}],"about":[{"href":"https:\/\/telocuentavictorhugo.com\/index.php\/wp-json\/wp\/v2\/types\/post"}],"author":[{"embeddable":true,"href":"https:\/\/telocuentavictorhugo.com\/index.php\/wp-json\/wp\/v2\/users\/1"}],"replies":[{"embeddable":true,"href":"https:\/\/telocuentavictorhugo.com\/index.php\/wp-json\/wp\/v2\/comments?post=10423"}],"version-history":[{"count":1,"href":"https:\/\/telocuentavictorhugo.com\/index.php\/wp-json\/wp\/v2\/posts\/10423\/revisions"}],"predecessor-version":[{"id":10425,"href":"https:\/\/telocuentavictorhugo.com\/index.php\/wp-json\/wp\/v2\/posts\/10423\/revisions\/10425"}],"wp:featuredmedia":[{"embeddable":true,"href":"https:\/\/telocuentavictorhugo.com\/index.php\/wp-json\/wp\/v2\/media\/10409"}],"wp:attachment":[{"href":"https:\/\/telocuentavictorhugo.com\/index.php\/wp-json\/wp\/v2\/media?parent=10423"}],"wp:term":[{"taxonomy":"category","embeddable":true,"href":"https:\/\/telocuentavictorhugo.com\/index.php\/wp-json\/wp\/v2\/categories?post=10423"},{"taxonomy":"post_tag","embeddable":true,"href":"https:\/\/telocuentavictorhugo.com\/index.php\/wp-json\/wp\/v2\/tags?post=10423"}],"curies":[{"name":"wp","href":"https:\/\/api.w.org\/{rel}","templated":true}]}}