{"id":10388,"date":"2025-10-12T02:56:56","date_gmt":"2025-10-12T06:56:56","guid":{"rendered":"https:\/\/telocuentavictorhugo.com\/?p=10388"},"modified":"2025-10-12T02:56:57","modified_gmt":"2025-10-12T06:56:57","slug":"hay-que-retomar-relaciones-diplomaticas-con-chile","status":"publish","type":"post","link":"https:\/\/telocuentavictorhugo.com\/index.php\/2025\/10\/12\/hay-que-retomar-relaciones-diplomaticas-con-chile\/","title":{"rendered":"\u00bfHAY QUE RETOMAR RELACIONES DIPLOM\u00c1TICAS CON CHILE?"},"content":{"rendered":"\n<p>Jos\u00e9 Antonio Kast, precandidato presidencial por el Partido Republicano, anunci\u00f3 en sus redes que, de ganar en 2025, restablecer\u00eda las relaciones diplom\u00e1ticas plenas con Bolivia, rotas desde 1978, buscando una mayor integraci\u00f3n econ\u00f3mica y cooperaci\u00f3n en control fronterizo para frenar inmigraci\u00f3n irregular, contrabando y narcotr\u00e1fico. Su propuesta llega en un momento de intensa polarizaci\u00f3n electoral en Chile y en medio de un balotaje boliviano que refuerza la mirada regional sobre seguridad y migraci\u00f3n. Si prospera, ser\u00eda un cambio hist\u00f3rico que podr\u00eda reconfigurar el mapa pol\u00edtico y geoestrat\u00e9gico de la regi\u00f3n, sin ceder en concesiones territoriales, seg\u00fan afirm\u00f3 Kast.<\/p>\n\n\n\n<figure class=\"wp-block-embed is-type-video is-provider-youtube wp-block-embed-youtube wp-embed-aspect-16-9 wp-has-aspect-ratio\"><div class=\"wp-block-embed__wrapper\">\n<iframe title=\"\u00bfHAY QUE RETOMAR RELACIONES DIPLOM\u00c1TICAS CON CHILE?\" width=\"800\" height=\"450\" src=\"https:\/\/www.youtube.com\/embed\/bDEaf_cIpMQ?feature=oembed\" frameborder=\"0\" allow=\"accelerometer; autoplay; clipboard-write; encrypted-media; gyroscope; picture-in-picture; web-share\" referrerpolicy=\"strict-origin-when-cross-origin\" allowfullscreen><\/iframe>\n<\/div><\/figure>\n","protected":false},"excerpt":{"rendered":"<p>Jos\u00e9 Antonio Kast, precandidato presidencial por el Partido Republicano, anunci\u00f3 en sus redes que, de ganar en 2025, restablecer\u00eda las relaciones diplom\u00e1ticas plenas con Bolivia, rotas desde 1978, buscando una mayor integraci\u00f3n econ\u00f3mica y cooperaci\u00f3n en control fronterizo para frenar inmigraci\u00f3n irregular, contrabando y narcotr\u00e1fico. Su propuesta llega en un momento de intensa polarizaci\u00f3n electoral [&hellip;]<\/p>\n","protected":false},"author":1,"featured_media":10397,"comment_status":"open","ping_status":"open","sticky":false,"template":"","format":"standard","meta":{"_eb_attr":"","footnotes":""},"categories":[46,1,42],"tags":[],"class_list":["post-10388","post","type-post","status-publish","format-standard","has-post-thumbnail","hentry","category-internacional","category-noticias","category-politica"],"yoast_head":"<!-- This site is optimized with the Yoast SEO plugin v27.4 - https:\/\/yoast.com\/product\/yoast-seo-wordpress\/ -->\n<title>\u00bfHAY QUE RETOMAR RELACIONES DIPLOM\u00c1TICAS CON CHILE? - Te lo Cuenta Victor<\/title>\n<meta name=\"robots\" content=\"index, follow, max-snippet:-1, max-image-preview:large, max-video-preview:-1\" \/>\n<link rel=\"canonical\" href=\"https:\/\/telocuentavictorhugo.com\/index.php\/2025\/10\/12\/hay-que-retomar-relaciones-diplomaticas-con-chile\/\" \/>\n<meta property=\"og:locale\" content=\"es_ES\" \/>\n<meta property=\"og:type\" content=\"article\" \/>\n<meta property=\"og:title\" content=\"\u00bfHAY QUE RETOMAR RELACIONES DIPLOM\u00c1TICAS CON CHILE? - Te lo Cuenta Victor\" \/>\n<meta property=\"og:description\" content=\"Jos\u00e9 Antonio Kast, precandidato presidencial por el Partido Republicano, anunci\u00f3 en sus redes que, de ganar en 2025, restablecer\u00eda las relaciones diplom\u00e1ticas plenas con Bolivia, rotas desde 1978, buscando una mayor integraci\u00f3n econ\u00f3mica y cooperaci\u00f3n en control fronterizo para frenar inmigraci\u00f3n irregular, contrabando y narcotr\u00e1fico. Su propuesta llega en un momento de intensa polarizaci\u00f3n electoral [&hellip;]\" \/>\n<meta property=\"og:url\" content=\"https:\/\/telocuentavictorhugo.com\/index.php\/2025\/10\/12\/hay-que-retomar-relaciones-diplomaticas-con-chile\/\" \/>\n<meta property=\"og:site_name\" content=\"Te lo Cuenta Victor\" \/>\n<meta property=\"article:published_time\" content=\"2025-10-12T06:56:56+00:00\" \/>\n<meta property=\"article:modified_time\" content=\"2025-10-12T06:56:57+00:00\" \/>\n<meta property=\"og:image\" content=\"http:\/\/telocuentavictorhugo.com\/wp-content\/uploads\/2025\/10\/61.jpg\" \/>\n\t<meta property=\"og:image:width\" content=\"674\" \/>\n\t<meta property=\"og:image:height\" content=\"364\" \/>\n\t<meta property=\"og:image:type\" content=\"image\/jpeg\" \/>\n<meta name=\"author\" content=\"telocuentavictorhugo.com\" \/>\n<meta name=\"twitter:card\" content=\"summary_large_image\" \/>\n<meta name=\"twitter:label1\" content=\"Escrito por\" \/>\n\t<meta name=\"twitter:data1\" content=\"telocuentavictorhugo.com\" \/>\n\t<meta name=\"twitter:label2\" content=\"Tiempo de lectura\" \/>\n\t<meta name=\"twitter:data2\" content=\"1 minuto\" \/>\n<script type=\"application\/ld+json\" class=\"yoast-schema-graph\">{\"@context\":\"https:\\\/\\\/schema.org\",\"@graph\":[{\"@type\":\"Article\",\"@id\":\"https:\\\/\\\/telocuentavictorhugo.com\\\/index.php\\\/2025\\\/10\\\/12\\\/hay-que-retomar-relaciones-diplomaticas-con-chile\\\/#article\",\"isPartOf\":{\"@id\":\"https:\\\/\\\/telocuentavictorhugo.com\\\/index.php\\\/2025\\\/10\\\/12\\\/hay-que-retomar-relaciones-diplomaticas-con-chile\\\/\"},\"author\":{\"name\":\"telocuentavictorhugo.com\",\"@id\":\"https:\\\/\\\/telocuentavictorhugo.com\\\/#\\\/schema\\\/person\\\/a8307d7271ba2849b49b562ad8602f06\"},\"headline\":\"\u00bfHAY QUE RETOMAR RELACIONES DIPLOM\u00c1TICAS CON CHILE?\",\"datePublished\":\"2025-10-12T06:56:56+00:00\",\"dateModified\":\"2025-10-12T06:56:57+00:00\",\"mainEntityOfPage\":{\"@id\":\"https:\\\/\\\/telocuentavictorhugo.com\\\/index.php\\\/2025\\\/10\\\/12\\\/hay-que-retomar-relaciones-diplomaticas-con-chile\\\/\"},\"wordCount\":125,\"commentCount\":0,\"publisher\":{\"@id\":\"https:\\\/\\\/telocuentavictorhugo.com\\\/#organization\"},\"image\":{\"@id\":\"https:\\\/\\\/telocuentavictorhugo.com\\\/index.php\\\/2025\\\/10\\\/12\\\/hay-que-retomar-relaciones-diplomaticas-con-chile\\\/#primaryimage\"},\"thumbnailUrl\":\"https:\\\/\\\/telocuentavictorhugo.com\\\/wp-content\\\/uploads\\\/2025\\\/10\\\/61.jpg\",\"articleSection\":[\"Internacional\",\"Noticias\",\"Pol\u00edtica\"],\"inLanguage\":\"es\",\"potentialAction\":[{\"@type\":\"CommentAction\",\"name\":\"Comment\",\"target\":[\"https:\\\/\\\/telocuentavictorhugo.com\\\/index.php\\\/2025\\\/10\\\/12\\\/hay-que-retomar-relaciones-diplomaticas-con-chile\\\/#respond\"]}]},{\"@type\":\"WebPage\",\"@id\":\"https:\\\/\\\/telocuentavictorhugo.com\\\/index.php\\\/2025\\\/10\\\/12\\\/hay-que-retomar-relaciones-diplomaticas-con-chile\\\/\",\"url\":\"https:\\\/\\\/telocuentavictorhugo.com\\\/index.php\\\/2025\\\/10\\\/12\\\/hay-que-retomar-relaciones-diplomaticas-con-chile\\\/\",\"name\":\"\u00bfHAY QUE RETOMAR RELACIONES DIPLOM\u00c1TICAS CON CHILE? - Te lo Cuenta Victor\",\"isPartOf\":{\"@id\":\"https:\\\/\\\/telocuentavictorhugo.com\\\/#website\"},\"primaryImageOfPage\":{\"@id\":\"https:\\\/\\\/telocuentavictorhugo.com\\\/index.php\\\/2025\\\/10\\\/12\\\/hay-que-retomar-relaciones-diplomaticas-con-chile\\\/#primaryimage\"},\"image\":{\"@id\":\"https:\\\/\\\/telocuentavictorhugo.com\\\/index.php\\\/2025\\\/10\\\/12\\\/hay-que-retomar-relaciones-diplomaticas-con-chile\\\/#primaryimage\"},\"thumbnailUrl\":\"https:\\\/\\\/telocuentavictorhugo.com\\\/wp-content\\\/uploads\\\/2025\\\/10\\\/61.jpg\",\"datePublished\":\"2025-10-12T06:56:56+00:00\",\"dateModified\":\"2025-10-12T06:56:57+00:00\",\"breadcrumb\":{\"@id\":\"https:\\\/\\\/telocuentavictorhugo.com\\\/index.php\\\/2025\\\/10\\\/12\\\/hay-que-retomar-relaciones-diplomaticas-con-chile\\\/#breadcrumb\"},\"inLanguage\":\"es\",\"potentialAction\":[{\"@type\":\"ReadAction\",\"target\":[\"https:\\\/\\\/telocuentavictorhugo.com\\\/index.php\\\/2025\\\/10\\\/12\\\/hay-que-retomar-relaciones-diplomaticas-con-chile\\\/\"]}]},{\"@type\":\"ImageObject\",\"inLanguage\":\"es\",\"@id\":\"https:\\\/\\\/telocuentavictorhugo.com\\\/index.php\\\/2025\\\/10\\\/12\\\/hay-que-retomar-relaciones-diplomaticas-con-chile\\\/#primaryimage\",\"url\":\"https:\\\/\\\/telocuentavictorhugo.com\\\/wp-content\\\/uploads\\\/2025\\\/10\\\/61.jpg\",\"contentUrl\":\"https:\\\/\\\/telocuentavictorhugo.com\\\/wp-content\\\/uploads\\\/2025\\\/10\\\/61.jpg\",\"width\":674,\"height\":364},{\"@type\":\"BreadcrumbList\",\"@id\":\"https:\\\/\\\/telocuentavictorhugo.com\\\/index.php\\\/2025\\\/10\\\/12\\\/hay-que-retomar-relaciones-diplomaticas-con-chile\\\/#breadcrumb\",\"itemListElement\":[{\"@type\":\"ListItem\",\"position\":1,\"name\":\"Portada\",\"item\":\"https:\\\/\\\/telocuentavictorhugo.com\\\/\"},{\"@type\":\"ListItem\",\"position\":2,\"name\":\"\u00bfHAY QUE RETOMAR RELACIONES DIPLOM\u00c1TICAS CON CHILE?\"}]},{\"@type\":\"WebSite\",\"@id\":\"https:\\\/\\\/telocuentavictorhugo.com\\\/#website\",\"url\":\"https:\\\/\\\/telocuentavictorhugo.com\\\/\",\"name\":\"Te lo Cuenta Victor\",\"description\":\"\",\"publisher\":{\"@id\":\"https:\\\/\\\/telocuentavictorhugo.com\\\/#organization\"},\"potentialAction\":[{\"@type\":\"SearchAction\",\"target\":{\"@type\":\"EntryPoint\",\"urlTemplate\":\"https:\\\/\\\/telocuentavictorhugo.com\\\/?s={search_term_string}\"},\"query-input\":{\"@type\":\"PropertyValueSpecification\",\"valueRequired\":true,\"valueName\":\"search_term_string\"}}],\"inLanguage\":\"es\"},{\"@type\":\"Organization\",\"@id\":\"https:\\\/\\\/telocuentavictorhugo.com\\\/#organization\",\"name\":\"Te lo Cuenta Victor\",\"url\":\"https:\\\/\\\/telocuentavictorhugo.com\\\/\",\"logo\":{\"@type\":\"ImageObject\",\"inLanguage\":\"es\",\"@id\":\"https:\\\/\\\/telocuentavictorhugo.com\\\/#\\\/schema\\\/logo\\\/image\\\/\",\"url\":\"https:\\\/\\\/telocuentavictorhugo.com\\\/wp-content\\\/uploads\\\/2023\\\/12\\\/Logo.png\",\"contentUrl\":\"https:\\\/\\\/telocuentavictorhugo.com\\\/wp-content\\\/uploads\\\/2023\\\/12\\\/Logo.png\",\"width\":1080,\"height\":176,\"caption\":\"Te lo Cuenta Victor\"},\"image\":{\"@id\":\"https:\\\/\\\/telocuentavictorhugo.com\\\/#\\\/schema\\\/logo\\\/image\\\/\"}},{\"@type\":\"Person\",\"@id\":\"https:\\\/\\\/telocuentavictorhugo.com\\\/#\\\/schema\\\/person\\\/a8307d7271ba2849b49b562ad8602f06\",\"name\":\"telocuentavictorhugo.com\",\"image\":{\"@type\":\"ImageObject\",\"inLanguage\":\"es\",\"@id\":\"https:\\\/\\\/secure.gravatar.com\\\/avatar\\\/da212e7b532df19fd2aea5daf46d8c176abfc85521e4b80ed435d7426ef63eb6?s=96&d=mm&r=g\",\"url\":\"https:\\\/\\\/secure.gravatar.com\\\/avatar\\\/da212e7b532df19fd2aea5daf46d8c176abfc85521e4b80ed435d7426ef63eb6?s=96&d=mm&r=g\",\"contentUrl\":\"https:\\\/\\\/secure.gravatar.com\\\/avatar\\\/da212e7b532df19fd2aea5daf46d8c176abfc85521e4b80ed435d7426ef63eb6?s=96&d=mm&r=g\",\"caption\":\"telocuentavictorhugo.com\"},\"sameAs\":[\"http:\\\/\\\/telocuentavictorhugo.com\"],\"url\":\"https:\\\/\\\/telocuentavictorhugo.com\\\/index.php\\\/author\\\/plustvpress-com\\\/\"}]}<\/script>\n<!-- \/ Yoast SEO plugin. -->","yoast_head_json":{"title":"\u00bfHAY QUE RETOMAR RELACIONES DIPLOM\u00c1TICAS CON CHILE? - Te lo Cuenta Victor","robots":{"index":"index","follow":"follow","max-snippet":"max-snippet:-1","max-image-preview":"max-image-preview:large","max-video-preview":"max-video-preview:-1"},"canonical":"https:\/\/telocuentavictorhugo.com\/index.php\/2025\/10\/12\/hay-que-retomar-relaciones-diplomaticas-con-chile\/","og_locale":"es_ES","og_type":"article","og_title":"\u00bfHAY QUE RETOMAR RELACIONES DIPLOM\u00c1TICAS CON CHILE? - Te lo Cuenta Victor","og_description":"Jos\u00e9 Antonio Kast, precandidato presidencial por el Partido Republicano, anunci\u00f3 en sus redes que, de ganar en 2025, restablecer\u00eda las relaciones diplom\u00e1ticas plenas con Bolivia, rotas desde 1978, buscando una mayor integraci\u00f3n econ\u00f3mica y cooperaci\u00f3n en control fronterizo para frenar inmigraci\u00f3n irregular, contrabando y narcotr\u00e1fico. Su propuesta llega en un momento de intensa polarizaci\u00f3n electoral [&hellip;]","og_url":"https:\/\/telocuentavictorhugo.com\/index.php\/2025\/10\/12\/hay-que-retomar-relaciones-diplomaticas-con-chile\/","og_site_name":"Te lo Cuenta Victor","article_published_time":"2025-10-12T06:56:56+00:00","article_modified_time":"2025-10-12T06:56:57+00:00","og_image":[{"width":674,"height":364,"url":"http:\/\/telocuentavictorhugo.com\/wp-content\/uploads\/2025\/10\/61.jpg","type":"image\/jpeg"}],"author":"telocuentavictorhugo.com","twitter_card":"summary_large_image","twitter_misc":{"Escrito por":"telocuentavictorhugo.com","Tiempo de lectura":"1 minuto"},"schema":{"@context":"https:\/\/schema.org","@graph":[{"@type":"Article","@id":"https:\/\/telocuentavictorhugo.com\/index.php\/2025\/10\/12\/hay-que-retomar-relaciones-diplomaticas-con-chile\/#article","isPartOf":{"@id":"https:\/\/telocuentavictorhugo.com\/index.php\/2025\/10\/12\/hay-que-retomar-relaciones-diplomaticas-con-chile\/"},"author":{"name":"telocuentavictorhugo.com","@id":"https:\/\/telocuentavictorhugo.com\/#\/schema\/person\/a8307d7271ba2849b49b562ad8602f06"},"headline":"\u00bfHAY QUE RETOMAR RELACIONES DIPLOM\u00c1TICAS CON CHILE?","datePublished":"2025-10-12T06:56:56+00:00","dateModified":"2025-10-12T06:56:57+00:00","mainEntityOfPage":{"@id":"https:\/\/telocuentavictorhugo.com\/index.php\/2025\/10\/12\/hay-que-retomar-relaciones-diplomaticas-con-chile\/"},"wordCount":125,"commentCount":0,"publisher":{"@id":"https:\/\/telocuentavictorhugo.com\/#organization"},"image":{"@id":"https:\/\/telocuentavictorhugo.com\/index.php\/2025\/10\/12\/hay-que-retomar-relaciones-diplomaticas-con-chile\/#primaryimage"},"thumbnailUrl":"https:\/\/telocuentavictorhugo.com\/wp-content\/uploads\/2025\/10\/61.jpg","articleSection":["Internacional","Noticias","Pol\u00edtica"],"inLanguage":"es","potentialAction":[{"@type":"CommentAction","name":"Comment","target":["https:\/\/telocuentavictorhugo.com\/index.php\/2025\/10\/12\/hay-que-retomar-relaciones-diplomaticas-con-chile\/#respond"]}]},{"@type":"WebPage","@id":"https:\/\/telocuentavictorhugo.com\/index.php\/2025\/10\/12\/hay-que-retomar-relaciones-diplomaticas-con-chile\/","url":"https:\/\/telocuentavictorhugo.com\/index.php\/2025\/10\/12\/hay-que-retomar-relaciones-diplomaticas-con-chile\/","name":"\u00bfHAY QUE RETOMAR RELACIONES DIPLOM\u00c1TICAS CON CHILE? - Te lo Cuenta Victor","isPartOf":{"@id":"https:\/\/telocuentavictorhugo.com\/#website"},"primaryImageOfPage":{"@id":"https:\/\/telocuentavictorhugo.com\/index.php\/2025\/10\/12\/hay-que-retomar-relaciones-diplomaticas-con-chile\/#primaryimage"},"image":{"@id":"https:\/\/telocuentavictorhugo.com\/index.php\/2025\/10\/12\/hay-que-retomar-relaciones-diplomaticas-con-chile\/#primaryimage"},"thumbnailUrl":"https:\/\/telocuentavictorhugo.com\/wp-content\/uploads\/2025\/10\/61.jpg","datePublished":"2025-10-12T06:56:56+00:00","dateModified":"2025-10-12T06:56:57+00:00","breadcrumb":{"@id":"https:\/\/telocuentavictorhugo.com\/index.php\/2025\/10\/12\/hay-que-retomar-relaciones-diplomaticas-con-chile\/#breadcrumb"},"inLanguage":"es","potentialAction":[{"@type":"ReadAction","target":["https:\/\/telocuentavictorhugo.com\/index.php\/2025\/10\/12\/hay-que-retomar-relaciones-diplomaticas-con-chile\/"]}]},{"@type":"ImageObject","inLanguage":"es","@id":"https:\/\/telocuentavictorhugo.com\/index.php\/2025\/10\/12\/hay-que-retomar-relaciones-diplomaticas-con-chile\/#primaryimage","url":"https:\/\/telocuentavictorhugo.com\/wp-content\/uploads\/2025\/10\/61.jpg","contentUrl":"https:\/\/telocuentavictorhugo.com\/wp-content\/uploads\/2025\/10\/61.jpg","width":674,"height":364},{"@type":"BreadcrumbList","@id":"https:\/\/telocuentavictorhugo.com\/index.php\/2025\/10\/12\/hay-que-retomar-relaciones-diplomaticas-con-chile\/#breadcrumb","itemListElement":[{"@type":"ListItem","position":1,"name":"Portada","item":"https:\/\/telocuentavictorhugo.com\/"},{"@type":"ListItem","position":2,"name":"\u00bfHAY QUE RETOMAR RELACIONES DIPLOM\u00c1TICAS CON CHILE?"}]},{"@type":"WebSite","@id":"https:\/\/telocuentavictorhugo.com\/#website","url":"https:\/\/telocuentavictorhugo.com\/","name":"Te lo Cuenta Victor","description":"","publisher":{"@id":"https:\/\/telocuentavictorhugo.com\/#organization"},"potentialAction":[{"@type":"SearchAction","target":{"@type":"EntryPoint","urlTemplate":"https:\/\/telocuentavictorhugo.com\/?s={search_term_string}"},"query-input":{"@type":"PropertyValueSpecification","valueRequired":true,"valueName":"search_term_string"}}],"inLanguage":"es"},{"@type":"Organization","@id":"https:\/\/telocuentavictorhugo.com\/#organization","name":"Te lo Cuenta Victor","url":"https:\/\/telocuentavictorhugo.com\/","logo":{"@type":"ImageObject","inLanguage":"es","@id":"https:\/\/telocuentavictorhugo.com\/#\/schema\/logo\/image\/","url":"https:\/\/telocuentavictorhugo.com\/wp-content\/uploads\/2023\/12\/Logo.png","contentUrl":"https:\/\/telocuentavictorhugo.com\/wp-content\/uploads\/2023\/12\/Logo.png","width":1080,"height":176,"caption":"Te lo Cuenta Victor"},"image":{"@id":"https:\/\/telocuentavictorhugo.com\/#\/schema\/logo\/image\/"}},{"@type":"Person","@id":"https:\/\/telocuentavictorhugo.com\/#\/schema\/person\/a8307d7271ba2849b49b562ad8602f06","name":"telocuentavictorhugo.com","image":{"@type":"ImageObject","inLanguage":"es","@id":"https:\/\/secure.gravatar.com\/avatar\/da212e7b532df19fd2aea5daf46d8c176abfc85521e4b80ed435d7426ef63eb6?s=96&d=mm&r=g","url":"https:\/\/secure.gravatar.com\/avatar\/da212e7b532df19fd2aea5daf46d8c176abfc85521e4b80ed435d7426ef63eb6?s=96&d=mm&r=g","contentUrl":"https:\/\/secure.gravatar.com\/avatar\/da212e7b532df19fd2aea5daf46d8c176abfc85521e4b80ed435d7426ef63eb6?s=96&d=mm&r=g","caption":"telocuentavictorhugo.com"},"sameAs":["http:\/\/telocuentavictorhugo.com"],"url":"https:\/\/telocuentavictorhugo.com\/index.php\/author\/plustvpress-com\/"}]}},"_links":{"self":[{"href":"https:\/\/telocuentavictorhugo.com\/index.php\/wp-json\/wp\/v2\/posts\/10388","targetHints":{"allow":["GET"]}}],"collection":[{"href":"https:\/\/telocuentavictorhugo.com\/index.php\/wp-json\/wp\/v2\/posts"}],"about":[{"href":"https:\/\/telocuentavictorhugo.com\/index.php\/wp-json\/wp\/v2\/types\/post"}],"author":[{"embeddable":true,"href":"https:\/\/telocuentavictorhugo.com\/index.php\/wp-json\/wp\/v2\/users\/1"}],"replies":[{"embeddable":true,"href":"https:\/\/telocuentavictorhugo.com\/index.php\/wp-json\/wp\/v2\/comments?post=10388"}],"version-history":[{"count":1,"href":"https:\/\/telocuentavictorhugo.com\/index.php\/wp-json\/wp\/v2\/posts\/10388\/revisions"}],"predecessor-version":[{"id":10406,"href":"https:\/\/telocuentavictorhugo.com\/index.php\/wp-json\/wp\/v2\/posts\/10388\/revisions\/10406"}],"wp:featuredmedia":[{"embeddable":true,"href":"https:\/\/telocuentavictorhugo.com\/index.php\/wp-json\/wp\/v2\/media\/10397"}],"wp:attachment":[{"href":"https:\/\/telocuentavictorhugo.com\/index.php\/wp-json\/wp\/v2\/media?parent=10388"}],"wp:term":[{"taxonomy":"category","embeddable":true,"href":"https:\/\/telocuentavictorhugo.com\/index.php\/wp-json\/wp\/v2\/categories?post=10388"},{"taxonomy":"post_tag","embeddable":true,"href":"https:\/\/telocuentavictorhugo.com\/index.php\/wp-json\/wp\/v2\/tags?post=10388"}],"curies":[{"name":"wp","href":"https:\/\/api.w.org\/{rel}","templated":true}]}}