{"id":10354,"date":"2025-10-12T02:48:43","date_gmt":"2025-10-12T06:48:43","guid":{"rendered":"https:\/\/telocuentavictorhugo.com\/?p=10354"},"modified":"2025-10-12T02:48:48","modified_gmt":"2025-10-12T06:48:48","slug":"2-anos-en-prision-por-una-acusacion-falsa-de-violacion","status":"publish","type":"post","link":"https:\/\/telocuentavictorhugo.com\/index.php\/2025\/10\/12\/2-anos-en-prision-por-una-acusacion-falsa-de-violacion\/","title":{"rendered":"2 A\u00d1OS EN PRISI\u00d3N POR UNA ACUSACI\u00d3N FALSA DE VIOLACI\u00d3N"},"content":{"rendered":"\n<p>Un fallo judicial absolvi\u00f3 al anciano Agust\u00edn Choque, de 73 a\u00f1os, que pas\u00f3 casi dos a\u00f1os en la c\u00e1rcel de San Pedro de La Paz imputado por violar a una mujer de 22 a\u00f1os que dio a luz a un hijo fallecido poco despu\u00e9s; la sentencia se apoya en una prueba de ADN que demuestra que el adulto mayor no era el padre. La presidenta de la Asociaci\u00f3n de Justicia e Igualdad, Marisol Aguirre, afirm\u00f3 que la absoluci\u00f3n llega tras un proceso marcado por trabas en la defensa y la falta de pruebas gen\u00e9ticas oportunas, adem\u00e1s de una denuncia que se present\u00f3 en agosto de 2023 cuando Choque ya estaba detenido.<\/p>\n\n\n\n<figure class=\"wp-block-embed is-type-video is-provider-youtube wp-block-embed-youtube wp-embed-aspect-16-9 wp-has-aspect-ratio\"><div class=\"wp-block-embed__wrapper\">\n<iframe title=\"2 A\u00d1OS EN PRISI\u00d3N POR UNA ACUSACI\u00d3N FALSA DE VIOLACI\u00d3N\" width=\"800\" height=\"450\" src=\"https:\/\/www.youtube.com\/embed\/WmW-uEE31SM?feature=oembed\" frameborder=\"0\" allow=\"accelerometer; autoplay; clipboard-write; encrypted-media; gyroscope; picture-in-picture; web-share\" referrerpolicy=\"strict-origin-when-cross-origin\" allowfullscreen><\/iframe>\n<\/div><\/figure>\n","protected":false},"excerpt":{"rendered":"<p>Un fallo judicial absolvi\u00f3 al anciano Agust\u00edn Choque, de 73 a\u00f1os, que pas\u00f3 casi dos a\u00f1os en la c\u00e1rcel de San Pedro de La Paz imputado por violar a una mujer de 22 a\u00f1os que dio a luz a un hijo fallecido poco despu\u00e9s; la sentencia se apoya en una prueba de ADN que demuestra [&hellip;]<\/p>\n","protected":false},"author":1,"featured_media":10367,"comment_status":"open","ping_status":"open","sticky":false,"template":"","format":"standard","meta":{"_eb_attr":"","footnotes":""},"categories":[1,44],"tags":[],"class_list":["post-10354","post","type-post","status-publish","format-standard","has-post-thumbnail","hentry","category-noticias","category-sociedad"],"yoast_head":"<!-- This site is optimized with the Yoast SEO plugin v27.4 - https:\/\/yoast.com\/product\/yoast-seo-wordpress\/ -->\n<title>2 A\u00d1OS EN PRISI\u00d3N POR UNA ACUSACI\u00d3N FALSA DE VIOLACI\u00d3N - Te lo Cuenta Victor<\/title>\n<meta name=\"robots\" content=\"index, follow, max-snippet:-1, max-image-preview:large, max-video-preview:-1\" \/>\n<link rel=\"canonical\" href=\"https:\/\/telocuentavictorhugo.com\/index.php\/2025\/10\/12\/2-anos-en-prision-por-una-acusacion-falsa-de-violacion\/\" \/>\n<meta property=\"og:locale\" content=\"es_ES\" \/>\n<meta property=\"og:type\" content=\"article\" \/>\n<meta property=\"og:title\" content=\"2 A\u00d1OS EN PRISI\u00d3N POR UNA ACUSACI\u00d3N FALSA DE VIOLACI\u00d3N - Te lo Cuenta Victor\" \/>\n<meta property=\"og:description\" content=\"Un fallo judicial absolvi\u00f3 al anciano Agust\u00edn Choque, de 73 a\u00f1os, que pas\u00f3 casi dos a\u00f1os en la c\u00e1rcel de San Pedro de La Paz imputado por violar a una mujer de 22 a\u00f1os que dio a luz a un hijo fallecido poco despu\u00e9s; la sentencia se apoya en una prueba de ADN que demuestra [&hellip;]\" \/>\n<meta property=\"og:url\" content=\"https:\/\/telocuentavictorhugo.com\/index.php\/2025\/10\/12\/2-anos-en-prision-por-una-acusacion-falsa-de-violacion\/\" \/>\n<meta property=\"og:site_name\" content=\"Te lo Cuenta Victor\" \/>\n<meta property=\"article:published_time\" content=\"2025-10-12T06:48:43+00:00\" \/>\n<meta property=\"article:modified_time\" content=\"2025-10-12T06:48:48+00:00\" \/>\n<meta property=\"og:image\" content=\"http:\/\/telocuentavictorhugo.com\/wp-content\/uploads\/2025\/10\/52.jpg\" \/>\n\t<meta property=\"og:image:width\" content=\"1090\" \/>\n\t<meta property=\"og:image:height\" content=\"501\" \/>\n\t<meta property=\"og:image:type\" content=\"image\/jpeg\" \/>\n<meta name=\"author\" content=\"telocuentavictorhugo.com\" \/>\n<meta name=\"twitter:card\" content=\"summary_large_image\" \/>\n<meta name=\"twitter:label1\" content=\"Escrito por\" \/>\n\t<meta name=\"twitter:data1\" content=\"telocuentavictorhugo.com\" \/>\n\t<meta name=\"twitter:label2\" content=\"Tiempo de lectura\" \/>\n\t<meta name=\"twitter:data2\" content=\"1 minuto\" \/>\n<script type=\"application\/ld+json\" class=\"yoast-schema-graph\">{\"@context\":\"https:\\\/\\\/schema.org\",\"@graph\":[{\"@type\":\"Article\",\"@id\":\"https:\\\/\\\/telocuentavictorhugo.com\\\/index.php\\\/2025\\\/10\\\/12\\\/2-anos-en-prision-por-una-acusacion-falsa-de-violacion\\\/#article\",\"isPartOf\":{\"@id\":\"https:\\\/\\\/telocuentavictorhugo.com\\\/index.php\\\/2025\\\/10\\\/12\\\/2-anos-en-prision-por-una-acusacion-falsa-de-violacion\\\/\"},\"author\":{\"name\":\"telocuentavictorhugo.com\",\"@id\":\"https:\\\/\\\/telocuentavictorhugo.com\\\/#\\\/schema\\\/person\\\/a8307d7271ba2849b49b562ad8602f06\"},\"headline\":\"2 A\u00d1OS EN PRISI\u00d3N POR UNA ACUSACI\u00d3N FALSA DE VIOLACI\u00d3N\",\"datePublished\":\"2025-10-12T06:48:43+00:00\",\"dateModified\":\"2025-10-12T06:48:48+00:00\",\"mainEntityOfPage\":{\"@id\":\"https:\\\/\\\/telocuentavictorhugo.com\\\/index.php\\\/2025\\\/10\\\/12\\\/2-anos-en-prision-por-una-acusacion-falsa-de-violacion\\\/\"},\"wordCount\":136,\"commentCount\":0,\"publisher\":{\"@id\":\"https:\\\/\\\/telocuentavictorhugo.com\\\/#organization\"},\"image\":{\"@id\":\"https:\\\/\\\/telocuentavictorhugo.com\\\/index.php\\\/2025\\\/10\\\/12\\\/2-anos-en-prision-por-una-acusacion-falsa-de-violacion\\\/#primaryimage\"},\"thumbnailUrl\":\"https:\\\/\\\/telocuentavictorhugo.com\\\/wp-content\\\/uploads\\\/2025\\\/10\\\/52.jpg\",\"articleSection\":[\"Noticias\",\"Sociedad\"],\"inLanguage\":\"es\",\"potentialAction\":[{\"@type\":\"CommentAction\",\"name\":\"Comment\",\"target\":[\"https:\\\/\\\/telocuentavictorhugo.com\\\/index.php\\\/2025\\\/10\\\/12\\\/2-anos-en-prision-por-una-acusacion-falsa-de-violacion\\\/#respond\"]}]},{\"@type\":\"WebPage\",\"@id\":\"https:\\\/\\\/telocuentavictorhugo.com\\\/index.php\\\/2025\\\/10\\\/12\\\/2-anos-en-prision-por-una-acusacion-falsa-de-violacion\\\/\",\"url\":\"https:\\\/\\\/telocuentavictorhugo.com\\\/index.php\\\/2025\\\/10\\\/12\\\/2-anos-en-prision-por-una-acusacion-falsa-de-violacion\\\/\",\"name\":\"2 A\u00d1OS EN PRISI\u00d3N POR UNA ACUSACI\u00d3N FALSA DE VIOLACI\u00d3N - Te lo Cuenta Victor\",\"isPartOf\":{\"@id\":\"https:\\\/\\\/telocuentavictorhugo.com\\\/#website\"},\"primaryImageOfPage\":{\"@id\":\"https:\\\/\\\/telocuentavictorhugo.com\\\/index.php\\\/2025\\\/10\\\/12\\\/2-anos-en-prision-por-una-acusacion-falsa-de-violacion\\\/#primaryimage\"},\"image\":{\"@id\":\"https:\\\/\\\/telocuentavictorhugo.com\\\/index.php\\\/2025\\\/10\\\/12\\\/2-anos-en-prision-por-una-acusacion-falsa-de-violacion\\\/#primaryimage\"},\"thumbnailUrl\":\"https:\\\/\\\/telocuentavictorhugo.com\\\/wp-content\\\/uploads\\\/2025\\\/10\\\/52.jpg\",\"datePublished\":\"2025-10-12T06:48:43+00:00\",\"dateModified\":\"2025-10-12T06:48:48+00:00\",\"breadcrumb\":{\"@id\":\"https:\\\/\\\/telocuentavictorhugo.com\\\/index.php\\\/2025\\\/10\\\/12\\\/2-anos-en-prision-por-una-acusacion-falsa-de-violacion\\\/#breadcrumb\"},\"inLanguage\":\"es\",\"potentialAction\":[{\"@type\":\"ReadAction\",\"target\":[\"https:\\\/\\\/telocuentavictorhugo.com\\\/index.php\\\/2025\\\/10\\\/12\\\/2-anos-en-prision-por-una-acusacion-falsa-de-violacion\\\/\"]}]},{\"@type\":\"ImageObject\",\"inLanguage\":\"es\",\"@id\":\"https:\\\/\\\/telocuentavictorhugo.com\\\/index.php\\\/2025\\\/10\\\/12\\\/2-anos-en-prision-por-una-acusacion-falsa-de-violacion\\\/#primaryimage\",\"url\":\"https:\\\/\\\/telocuentavictorhugo.com\\\/wp-content\\\/uploads\\\/2025\\\/10\\\/52.jpg\",\"contentUrl\":\"https:\\\/\\\/telocuentavictorhugo.com\\\/wp-content\\\/uploads\\\/2025\\\/10\\\/52.jpg\",\"width\":1090,\"height\":501},{\"@type\":\"BreadcrumbList\",\"@id\":\"https:\\\/\\\/telocuentavictorhugo.com\\\/index.php\\\/2025\\\/10\\\/12\\\/2-anos-en-prision-por-una-acusacion-falsa-de-violacion\\\/#breadcrumb\",\"itemListElement\":[{\"@type\":\"ListItem\",\"position\":1,\"name\":\"Portada\",\"item\":\"https:\\\/\\\/telocuentavictorhugo.com\\\/\"},{\"@type\":\"ListItem\",\"position\":2,\"name\":\"2 A\u00d1OS EN PRISI\u00d3N POR UNA ACUSACI\u00d3N FALSA DE VIOLACI\u00d3N\"}]},{\"@type\":\"WebSite\",\"@id\":\"https:\\\/\\\/telocuentavictorhugo.com\\\/#website\",\"url\":\"https:\\\/\\\/telocuentavictorhugo.com\\\/\",\"name\":\"Te lo Cuenta Victor\",\"description\":\"\",\"publisher\":{\"@id\":\"https:\\\/\\\/telocuentavictorhugo.com\\\/#organization\"},\"potentialAction\":[{\"@type\":\"SearchAction\",\"target\":{\"@type\":\"EntryPoint\",\"urlTemplate\":\"https:\\\/\\\/telocuentavictorhugo.com\\\/?s={search_term_string}\"},\"query-input\":{\"@type\":\"PropertyValueSpecification\",\"valueRequired\":true,\"valueName\":\"search_term_string\"}}],\"inLanguage\":\"es\"},{\"@type\":\"Organization\",\"@id\":\"https:\\\/\\\/telocuentavictorhugo.com\\\/#organization\",\"name\":\"Te lo Cuenta Victor\",\"url\":\"https:\\\/\\\/telocuentavictorhugo.com\\\/\",\"logo\":{\"@type\":\"ImageObject\",\"inLanguage\":\"es\",\"@id\":\"https:\\\/\\\/telocuentavictorhugo.com\\\/#\\\/schema\\\/logo\\\/image\\\/\",\"url\":\"https:\\\/\\\/telocuentavictorhugo.com\\\/wp-content\\\/uploads\\\/2023\\\/12\\\/Logo.png\",\"contentUrl\":\"https:\\\/\\\/telocuentavictorhugo.com\\\/wp-content\\\/uploads\\\/2023\\\/12\\\/Logo.png\",\"width\":1080,\"height\":176,\"caption\":\"Te lo Cuenta Victor\"},\"image\":{\"@id\":\"https:\\\/\\\/telocuentavictorhugo.com\\\/#\\\/schema\\\/logo\\\/image\\\/\"}},{\"@type\":\"Person\",\"@id\":\"https:\\\/\\\/telocuentavictorhugo.com\\\/#\\\/schema\\\/person\\\/a8307d7271ba2849b49b562ad8602f06\",\"name\":\"telocuentavictorhugo.com\",\"image\":{\"@type\":\"ImageObject\",\"inLanguage\":\"es\",\"@id\":\"https:\\\/\\\/secure.gravatar.com\\\/avatar\\\/da212e7b532df19fd2aea5daf46d8c176abfc85521e4b80ed435d7426ef63eb6?s=96&d=mm&r=g\",\"url\":\"https:\\\/\\\/secure.gravatar.com\\\/avatar\\\/da212e7b532df19fd2aea5daf46d8c176abfc85521e4b80ed435d7426ef63eb6?s=96&d=mm&r=g\",\"contentUrl\":\"https:\\\/\\\/secure.gravatar.com\\\/avatar\\\/da212e7b532df19fd2aea5daf46d8c176abfc85521e4b80ed435d7426ef63eb6?s=96&d=mm&r=g\",\"caption\":\"telocuentavictorhugo.com\"},\"sameAs\":[\"http:\\\/\\\/telocuentavictorhugo.com\"],\"url\":\"https:\\\/\\\/telocuentavictorhugo.com\\\/index.php\\\/author\\\/plustvpress-com\\\/\"}]}<\/script>\n<!-- \/ Yoast SEO plugin. -->","yoast_head_json":{"title":"2 A\u00d1OS EN PRISI\u00d3N POR UNA ACUSACI\u00d3N FALSA DE VIOLACI\u00d3N - Te lo Cuenta Victor","robots":{"index":"index","follow":"follow","max-snippet":"max-snippet:-1","max-image-preview":"max-image-preview:large","max-video-preview":"max-video-preview:-1"},"canonical":"https:\/\/telocuentavictorhugo.com\/index.php\/2025\/10\/12\/2-anos-en-prision-por-una-acusacion-falsa-de-violacion\/","og_locale":"es_ES","og_type":"article","og_title":"2 A\u00d1OS EN PRISI\u00d3N POR UNA ACUSACI\u00d3N FALSA DE VIOLACI\u00d3N - Te lo Cuenta Victor","og_description":"Un fallo judicial absolvi\u00f3 al anciano Agust\u00edn Choque, de 73 a\u00f1os, que pas\u00f3 casi dos a\u00f1os en la c\u00e1rcel de San Pedro de La Paz imputado por violar a una mujer de 22 a\u00f1os que dio a luz a un hijo fallecido poco despu\u00e9s; la sentencia se apoya en una prueba de ADN que demuestra [&hellip;]","og_url":"https:\/\/telocuentavictorhugo.com\/index.php\/2025\/10\/12\/2-anos-en-prision-por-una-acusacion-falsa-de-violacion\/","og_site_name":"Te lo Cuenta Victor","article_published_time":"2025-10-12T06:48:43+00:00","article_modified_time":"2025-10-12T06:48:48+00:00","og_image":[{"width":1090,"height":501,"url":"http:\/\/telocuentavictorhugo.com\/wp-content\/uploads\/2025\/10\/52.jpg","type":"image\/jpeg"}],"author":"telocuentavictorhugo.com","twitter_card":"summary_large_image","twitter_misc":{"Escrito por":"telocuentavictorhugo.com","Tiempo de lectura":"1 minuto"},"schema":{"@context":"https:\/\/schema.org","@graph":[{"@type":"Article","@id":"https:\/\/telocuentavictorhugo.com\/index.php\/2025\/10\/12\/2-anos-en-prision-por-una-acusacion-falsa-de-violacion\/#article","isPartOf":{"@id":"https:\/\/telocuentavictorhugo.com\/index.php\/2025\/10\/12\/2-anos-en-prision-por-una-acusacion-falsa-de-violacion\/"},"author":{"name":"telocuentavictorhugo.com","@id":"https:\/\/telocuentavictorhugo.com\/#\/schema\/person\/a8307d7271ba2849b49b562ad8602f06"},"headline":"2 A\u00d1OS EN PRISI\u00d3N POR UNA ACUSACI\u00d3N FALSA DE VIOLACI\u00d3N","datePublished":"2025-10-12T06:48:43+00:00","dateModified":"2025-10-12T06:48:48+00:00","mainEntityOfPage":{"@id":"https:\/\/telocuentavictorhugo.com\/index.php\/2025\/10\/12\/2-anos-en-prision-por-una-acusacion-falsa-de-violacion\/"},"wordCount":136,"commentCount":0,"publisher":{"@id":"https:\/\/telocuentavictorhugo.com\/#organization"},"image":{"@id":"https:\/\/telocuentavictorhugo.com\/index.php\/2025\/10\/12\/2-anos-en-prision-por-una-acusacion-falsa-de-violacion\/#primaryimage"},"thumbnailUrl":"https:\/\/telocuentavictorhugo.com\/wp-content\/uploads\/2025\/10\/52.jpg","articleSection":["Noticias","Sociedad"],"inLanguage":"es","potentialAction":[{"@type":"CommentAction","name":"Comment","target":["https:\/\/telocuentavictorhugo.com\/index.php\/2025\/10\/12\/2-anos-en-prision-por-una-acusacion-falsa-de-violacion\/#respond"]}]},{"@type":"WebPage","@id":"https:\/\/telocuentavictorhugo.com\/index.php\/2025\/10\/12\/2-anos-en-prision-por-una-acusacion-falsa-de-violacion\/","url":"https:\/\/telocuentavictorhugo.com\/index.php\/2025\/10\/12\/2-anos-en-prision-por-una-acusacion-falsa-de-violacion\/","name":"2 A\u00d1OS EN PRISI\u00d3N POR UNA ACUSACI\u00d3N FALSA DE VIOLACI\u00d3N - Te lo Cuenta Victor","isPartOf":{"@id":"https:\/\/telocuentavictorhugo.com\/#website"},"primaryImageOfPage":{"@id":"https:\/\/telocuentavictorhugo.com\/index.php\/2025\/10\/12\/2-anos-en-prision-por-una-acusacion-falsa-de-violacion\/#primaryimage"},"image":{"@id":"https:\/\/telocuentavictorhugo.com\/index.php\/2025\/10\/12\/2-anos-en-prision-por-una-acusacion-falsa-de-violacion\/#primaryimage"},"thumbnailUrl":"https:\/\/telocuentavictorhugo.com\/wp-content\/uploads\/2025\/10\/52.jpg","datePublished":"2025-10-12T06:48:43+00:00","dateModified":"2025-10-12T06:48:48+00:00","breadcrumb":{"@id":"https:\/\/telocuentavictorhugo.com\/index.php\/2025\/10\/12\/2-anos-en-prision-por-una-acusacion-falsa-de-violacion\/#breadcrumb"},"inLanguage":"es","potentialAction":[{"@type":"ReadAction","target":["https:\/\/telocuentavictorhugo.com\/index.php\/2025\/10\/12\/2-anos-en-prision-por-una-acusacion-falsa-de-violacion\/"]}]},{"@type":"ImageObject","inLanguage":"es","@id":"https:\/\/telocuentavictorhugo.com\/index.php\/2025\/10\/12\/2-anos-en-prision-por-una-acusacion-falsa-de-violacion\/#primaryimage","url":"https:\/\/telocuentavictorhugo.com\/wp-content\/uploads\/2025\/10\/52.jpg","contentUrl":"https:\/\/telocuentavictorhugo.com\/wp-content\/uploads\/2025\/10\/52.jpg","width":1090,"height":501},{"@type":"BreadcrumbList","@id":"https:\/\/telocuentavictorhugo.com\/index.php\/2025\/10\/12\/2-anos-en-prision-por-una-acusacion-falsa-de-violacion\/#breadcrumb","itemListElement":[{"@type":"ListItem","position":1,"name":"Portada","item":"https:\/\/telocuentavictorhugo.com\/"},{"@type":"ListItem","position":2,"name":"2 A\u00d1OS EN PRISI\u00d3N POR UNA ACUSACI\u00d3N FALSA DE VIOLACI\u00d3N"}]},{"@type":"WebSite","@id":"https:\/\/telocuentavictorhugo.com\/#website","url":"https:\/\/telocuentavictorhugo.com\/","name":"Te lo Cuenta Victor","description":"","publisher":{"@id":"https:\/\/telocuentavictorhugo.com\/#organization"},"potentialAction":[{"@type":"SearchAction","target":{"@type":"EntryPoint","urlTemplate":"https:\/\/telocuentavictorhugo.com\/?s={search_term_string}"},"query-input":{"@type":"PropertyValueSpecification","valueRequired":true,"valueName":"search_term_string"}}],"inLanguage":"es"},{"@type":"Organization","@id":"https:\/\/telocuentavictorhugo.com\/#organization","name":"Te lo Cuenta Victor","url":"https:\/\/telocuentavictorhugo.com\/","logo":{"@type":"ImageObject","inLanguage":"es","@id":"https:\/\/telocuentavictorhugo.com\/#\/schema\/logo\/image\/","url":"https:\/\/telocuentavictorhugo.com\/wp-content\/uploads\/2023\/12\/Logo.png","contentUrl":"https:\/\/telocuentavictorhugo.com\/wp-content\/uploads\/2023\/12\/Logo.png","width":1080,"height":176,"caption":"Te lo Cuenta Victor"},"image":{"@id":"https:\/\/telocuentavictorhugo.com\/#\/schema\/logo\/image\/"}},{"@type":"Person","@id":"https:\/\/telocuentavictorhugo.com\/#\/schema\/person\/a8307d7271ba2849b49b562ad8602f06","name":"telocuentavictorhugo.com","image":{"@type":"ImageObject","inLanguage":"es","@id":"https:\/\/secure.gravatar.com\/avatar\/da212e7b532df19fd2aea5daf46d8c176abfc85521e4b80ed435d7426ef63eb6?s=96&d=mm&r=g","url":"https:\/\/secure.gravatar.com\/avatar\/da212e7b532df19fd2aea5daf46d8c176abfc85521e4b80ed435d7426ef63eb6?s=96&d=mm&r=g","contentUrl":"https:\/\/secure.gravatar.com\/avatar\/da212e7b532df19fd2aea5daf46d8c176abfc85521e4b80ed435d7426ef63eb6?s=96&d=mm&r=g","caption":"telocuentavictorhugo.com"},"sameAs":["http:\/\/telocuentavictorhugo.com"],"url":"https:\/\/telocuentavictorhugo.com\/index.php\/author\/plustvpress-com\/"}]}},"_links":{"self":[{"href":"https:\/\/telocuentavictorhugo.com\/index.php\/wp-json\/wp\/v2\/posts\/10354","targetHints":{"allow":["GET"]}}],"collection":[{"href":"https:\/\/telocuentavictorhugo.com\/index.php\/wp-json\/wp\/v2\/posts"}],"about":[{"href":"https:\/\/telocuentavictorhugo.com\/index.php\/wp-json\/wp\/v2\/types\/post"}],"author":[{"embeddable":true,"href":"https:\/\/telocuentavictorhugo.com\/index.php\/wp-json\/wp\/v2\/users\/1"}],"replies":[{"embeddable":true,"href":"https:\/\/telocuentavictorhugo.com\/index.php\/wp-json\/wp\/v2\/comments?post=10354"}],"version-history":[{"count":1,"href":"https:\/\/telocuentavictorhugo.com\/index.php\/wp-json\/wp\/v2\/posts\/10354\/revisions"}],"predecessor-version":[{"id":10378,"href":"https:\/\/telocuentavictorhugo.com\/index.php\/wp-json\/wp\/v2\/posts\/10354\/revisions\/10378"}],"wp:featuredmedia":[{"embeddable":true,"href":"https:\/\/telocuentavictorhugo.com\/index.php\/wp-json\/wp\/v2\/media\/10367"}],"wp:attachment":[{"href":"https:\/\/telocuentavictorhugo.com\/index.php\/wp-json\/wp\/v2\/media?parent=10354"}],"wp:term":[{"taxonomy":"category","embeddable":true,"href":"https:\/\/telocuentavictorhugo.com\/index.php\/wp-json\/wp\/v2\/categories?post=10354"},{"taxonomy":"post_tag","embeddable":true,"href":"https:\/\/telocuentavictorhugo.com\/index.php\/wp-json\/wp\/v2\/tags?post=10354"}],"curies":[{"name":"wp","href":"https:\/\/api.w.org\/{rel}","templated":true}]}}