{"id":10323,"date":"2025-10-12T02:35:23","date_gmt":"2025-10-12T06:35:23","guid":{"rendered":"https:\/\/telocuentavictorhugo.com\/?p=10323"},"modified":"2025-10-12T02:35:24","modified_gmt":"2025-10-12T06:35:24","slug":"diputado-de-libre-renuncia-tras-polemico-comentario-sobre-masca-cocas","status":"publish","type":"post","link":"https:\/\/telocuentavictorhugo.com\/index.php\/2025\/10\/12\/diputado-de-libre-renuncia-tras-polemico-comentario-sobre-masca-cocas\/","title":{"rendered":"DIPUTADO DE LIBRE RENUNCIA TRAS POL\u00c9MICO COMENTARIO SOBRE &#8216;MASCA COCAS&#8217;"},"content":{"rendered":"\n<p>El diputado suplente por la alianza Libre, Juan Carlos Velarde, anunci\u00f3 su renuncia este mi\u00e9rcoles, horas despu\u00e9s de protagonizar una pol\u00e9mica por calificar de \u201cmascacocas hediondos\u201d a una parte de la poblaci\u00f3n en una transmisi\u00f3n en vivo de TikTok. La declaraci\u00f3n gener\u00f3 una ola de rechazos y cr\u00edticas contra su partido, lo que llev\u00f3 a Velarde a presentar una carta de renuncia dirigida al candidato presidencial Jorge Quiroga, asumiendo la responsabilidad por sus palabras y distanci\u00e1ndose de la postura de su agrupaci\u00f3n.<\/p>\n\n\n\n<figure class=\"wp-block-embed is-type-video is-provider-youtube wp-block-embed-youtube wp-embed-aspect-16-9 wp-has-aspect-ratio\"><div class=\"wp-block-embed__wrapper\">\n<iframe title=\"DIPUTADO DE LIBRE RENUNCIA TRAS POL\u00c9MICO COMENTARIO SOBRE &#039;MASCA COCAS&#039;\" width=\"800\" height=\"450\" src=\"https:\/\/www.youtube.com\/embed\/EwXB7gcYTKs?feature=oembed\" frameborder=\"0\" allow=\"accelerometer; autoplay; clipboard-write; encrypted-media; gyroscope; picture-in-picture; web-share\" referrerpolicy=\"strict-origin-when-cross-origin\" allowfullscreen><\/iframe>\n<\/div><\/figure>\n","protected":false},"excerpt":{"rendered":"<p>El diputado suplente por la alianza Libre, Juan Carlos Velarde, anunci\u00f3 su renuncia este mi\u00e9rcoles, horas despu\u00e9s de protagonizar una pol\u00e9mica por calificar de \u201cmascacocas hediondos\u201d a una parte de la poblaci\u00f3n en una transmisi\u00f3n en vivo de TikTok. La declaraci\u00f3n gener\u00f3 una ola de rechazos y cr\u00edticas contra su partido, lo que llev\u00f3 a [&hellip;]<\/p>\n","protected":false},"author":1,"featured_media":10333,"comment_status":"open","ping_status":"open","sticky":false,"template":"","format":"standard","meta":{"_eb_attr":"","footnotes":""},"categories":[1,42],"tags":[],"class_list":["post-10323","post","type-post","status-publish","format-standard","has-post-thumbnail","hentry","category-noticias","category-politica"],"yoast_head":"<!-- This site is optimized with the Yoast SEO plugin v27.4 - https:\/\/yoast.com\/product\/yoast-seo-wordpress\/ -->\n<title>DIPUTADO DE LIBRE RENUNCIA TRAS POL\u00c9MICO COMENTARIO SOBRE &#039;MASCA COCAS&#039; - Te lo Cuenta Victor<\/title>\n<meta name=\"robots\" content=\"index, follow, max-snippet:-1, max-image-preview:large, max-video-preview:-1\" \/>\n<link rel=\"canonical\" href=\"https:\/\/telocuentavictorhugo.com\/index.php\/2025\/10\/12\/diputado-de-libre-renuncia-tras-polemico-comentario-sobre-masca-cocas\/\" \/>\n<meta property=\"og:locale\" content=\"es_ES\" \/>\n<meta property=\"og:type\" content=\"article\" \/>\n<meta property=\"og:title\" content=\"DIPUTADO DE LIBRE RENUNCIA TRAS POL\u00c9MICO COMENTARIO SOBRE &#039;MASCA COCAS&#039; - Te lo Cuenta Victor\" \/>\n<meta property=\"og:description\" content=\"El diputado suplente por la alianza Libre, Juan Carlos Velarde, anunci\u00f3 su renuncia este mi\u00e9rcoles, horas despu\u00e9s de protagonizar una pol\u00e9mica por calificar de \u201cmascacocas hediondos\u201d a una parte de la poblaci\u00f3n en una transmisi\u00f3n en vivo de TikTok. La declaraci\u00f3n gener\u00f3 una ola de rechazos y cr\u00edticas contra su partido, lo que llev\u00f3 a [&hellip;]\" \/>\n<meta property=\"og:url\" content=\"https:\/\/telocuentavictorhugo.com\/index.php\/2025\/10\/12\/diputado-de-libre-renuncia-tras-polemico-comentario-sobre-masca-cocas\/\" \/>\n<meta property=\"og:site_name\" content=\"Te lo Cuenta Victor\" \/>\n<meta property=\"article:published_time\" content=\"2025-10-12T06:35:23+00:00\" \/>\n<meta property=\"article:modified_time\" content=\"2025-10-12T06:35:24+00:00\" \/>\n<meta property=\"og:image\" content=\"http:\/\/telocuentavictorhugo.com\/wp-content\/uploads\/2025\/10\/40-1.jpg\" \/>\n\t<meta property=\"og:image:width\" content=\"1078\" \/>\n\t<meta property=\"og:image:height\" content=\"517\" \/>\n\t<meta property=\"og:image:type\" content=\"image\/jpeg\" \/>\n<meta name=\"author\" content=\"telocuentavictorhugo.com\" \/>\n<meta name=\"twitter:card\" content=\"summary_large_image\" \/>\n<meta name=\"twitter:label1\" content=\"Escrito por\" \/>\n\t<meta name=\"twitter:data1\" content=\"telocuentavictorhugo.com\" \/>\n\t<meta name=\"twitter:label2\" content=\"Tiempo de lectura\" \/>\n\t<meta name=\"twitter:data2\" content=\"1 minuto\" \/>\n<script type=\"application\/ld+json\" class=\"yoast-schema-graph\">{\"@context\":\"https:\\\/\\\/schema.org\",\"@graph\":[{\"@type\":\"Article\",\"@id\":\"https:\\\/\\\/telocuentavictorhugo.com\\\/index.php\\\/2025\\\/10\\\/12\\\/diputado-de-libre-renuncia-tras-polemico-comentario-sobre-masca-cocas\\\/#article\",\"isPartOf\":{\"@id\":\"https:\\\/\\\/telocuentavictorhugo.com\\\/index.php\\\/2025\\\/10\\\/12\\\/diputado-de-libre-renuncia-tras-polemico-comentario-sobre-masca-cocas\\\/\"},\"author\":{\"name\":\"telocuentavictorhugo.com\",\"@id\":\"https:\\\/\\\/telocuentavictorhugo.com\\\/#\\\/schema\\\/person\\\/a8307d7271ba2849b49b562ad8602f06\"},\"headline\":\"DIPUTADO DE LIBRE RENUNCIA TRAS POL\u00c9MICO COMENTARIO SOBRE &#8216;MASCA COCAS&#8217;\",\"datePublished\":\"2025-10-12T06:35:23+00:00\",\"dateModified\":\"2025-10-12T06:35:24+00:00\",\"mainEntityOfPage\":{\"@id\":\"https:\\\/\\\/telocuentavictorhugo.com\\\/index.php\\\/2025\\\/10\\\/12\\\/diputado-de-libre-renuncia-tras-polemico-comentario-sobre-masca-cocas\\\/\"},\"wordCount\":107,\"commentCount\":0,\"publisher\":{\"@id\":\"https:\\\/\\\/telocuentavictorhugo.com\\\/#organization\"},\"image\":{\"@id\":\"https:\\\/\\\/telocuentavictorhugo.com\\\/index.php\\\/2025\\\/10\\\/12\\\/diputado-de-libre-renuncia-tras-polemico-comentario-sobre-masca-cocas\\\/#primaryimage\"},\"thumbnailUrl\":\"https:\\\/\\\/telocuentavictorhugo.com\\\/wp-content\\\/uploads\\\/2025\\\/10\\\/40-1.jpg\",\"articleSection\":[\"Noticias\",\"Pol\u00edtica\"],\"inLanguage\":\"es\",\"potentialAction\":[{\"@type\":\"CommentAction\",\"name\":\"Comment\",\"target\":[\"https:\\\/\\\/telocuentavictorhugo.com\\\/index.php\\\/2025\\\/10\\\/12\\\/diputado-de-libre-renuncia-tras-polemico-comentario-sobre-masca-cocas\\\/#respond\"]}]},{\"@type\":\"WebPage\",\"@id\":\"https:\\\/\\\/telocuentavictorhugo.com\\\/index.php\\\/2025\\\/10\\\/12\\\/diputado-de-libre-renuncia-tras-polemico-comentario-sobre-masca-cocas\\\/\",\"url\":\"https:\\\/\\\/telocuentavictorhugo.com\\\/index.php\\\/2025\\\/10\\\/12\\\/diputado-de-libre-renuncia-tras-polemico-comentario-sobre-masca-cocas\\\/\",\"name\":\"DIPUTADO DE LIBRE RENUNCIA TRAS POL\u00c9MICO COMENTARIO SOBRE 'MASCA COCAS' - Te lo Cuenta Victor\",\"isPartOf\":{\"@id\":\"https:\\\/\\\/telocuentavictorhugo.com\\\/#website\"},\"primaryImageOfPage\":{\"@id\":\"https:\\\/\\\/telocuentavictorhugo.com\\\/index.php\\\/2025\\\/10\\\/12\\\/diputado-de-libre-renuncia-tras-polemico-comentario-sobre-masca-cocas\\\/#primaryimage\"},\"image\":{\"@id\":\"https:\\\/\\\/telocuentavictorhugo.com\\\/index.php\\\/2025\\\/10\\\/12\\\/diputado-de-libre-renuncia-tras-polemico-comentario-sobre-masca-cocas\\\/#primaryimage\"},\"thumbnailUrl\":\"https:\\\/\\\/telocuentavictorhugo.com\\\/wp-content\\\/uploads\\\/2025\\\/10\\\/40-1.jpg\",\"datePublished\":\"2025-10-12T06:35:23+00:00\",\"dateModified\":\"2025-10-12T06:35:24+00:00\",\"breadcrumb\":{\"@id\":\"https:\\\/\\\/telocuentavictorhugo.com\\\/index.php\\\/2025\\\/10\\\/12\\\/diputado-de-libre-renuncia-tras-polemico-comentario-sobre-masca-cocas\\\/#breadcrumb\"},\"inLanguage\":\"es\",\"potentialAction\":[{\"@type\":\"ReadAction\",\"target\":[\"https:\\\/\\\/telocuentavictorhugo.com\\\/index.php\\\/2025\\\/10\\\/12\\\/diputado-de-libre-renuncia-tras-polemico-comentario-sobre-masca-cocas\\\/\"]}]},{\"@type\":\"ImageObject\",\"inLanguage\":\"es\",\"@id\":\"https:\\\/\\\/telocuentavictorhugo.com\\\/index.php\\\/2025\\\/10\\\/12\\\/diputado-de-libre-renuncia-tras-polemico-comentario-sobre-masca-cocas\\\/#primaryimage\",\"url\":\"https:\\\/\\\/telocuentavictorhugo.com\\\/wp-content\\\/uploads\\\/2025\\\/10\\\/40-1.jpg\",\"contentUrl\":\"https:\\\/\\\/telocuentavictorhugo.com\\\/wp-content\\\/uploads\\\/2025\\\/10\\\/40-1.jpg\",\"width\":1078,\"height\":517},{\"@type\":\"BreadcrumbList\",\"@id\":\"https:\\\/\\\/telocuentavictorhugo.com\\\/index.php\\\/2025\\\/10\\\/12\\\/diputado-de-libre-renuncia-tras-polemico-comentario-sobre-masca-cocas\\\/#breadcrumb\",\"itemListElement\":[{\"@type\":\"ListItem\",\"position\":1,\"name\":\"Portada\",\"item\":\"https:\\\/\\\/telocuentavictorhugo.com\\\/\"},{\"@type\":\"ListItem\",\"position\":2,\"name\":\"DIPUTADO DE LIBRE RENUNCIA TRAS POL\u00c9MICO COMENTARIO SOBRE &#8216;MASCA COCAS&#8217;\"}]},{\"@type\":\"WebSite\",\"@id\":\"https:\\\/\\\/telocuentavictorhugo.com\\\/#website\",\"url\":\"https:\\\/\\\/telocuentavictorhugo.com\\\/\",\"name\":\"Te lo Cuenta Victor\",\"description\":\"\",\"publisher\":{\"@id\":\"https:\\\/\\\/telocuentavictorhugo.com\\\/#organization\"},\"potentialAction\":[{\"@type\":\"SearchAction\",\"target\":{\"@type\":\"EntryPoint\",\"urlTemplate\":\"https:\\\/\\\/telocuentavictorhugo.com\\\/?s={search_term_string}\"},\"query-input\":{\"@type\":\"PropertyValueSpecification\",\"valueRequired\":true,\"valueName\":\"search_term_string\"}}],\"inLanguage\":\"es\"},{\"@type\":\"Organization\",\"@id\":\"https:\\\/\\\/telocuentavictorhugo.com\\\/#organization\",\"name\":\"Te lo Cuenta Victor\",\"url\":\"https:\\\/\\\/telocuentavictorhugo.com\\\/\",\"logo\":{\"@type\":\"ImageObject\",\"inLanguage\":\"es\",\"@id\":\"https:\\\/\\\/telocuentavictorhugo.com\\\/#\\\/schema\\\/logo\\\/image\\\/\",\"url\":\"https:\\\/\\\/telocuentavictorhugo.com\\\/wp-content\\\/uploads\\\/2023\\\/12\\\/Logo.png\",\"contentUrl\":\"https:\\\/\\\/telocuentavictorhugo.com\\\/wp-content\\\/uploads\\\/2023\\\/12\\\/Logo.png\",\"width\":1080,\"height\":176,\"caption\":\"Te lo Cuenta Victor\"},\"image\":{\"@id\":\"https:\\\/\\\/telocuentavictorhugo.com\\\/#\\\/schema\\\/logo\\\/image\\\/\"}},{\"@type\":\"Person\",\"@id\":\"https:\\\/\\\/telocuentavictorhugo.com\\\/#\\\/schema\\\/person\\\/a8307d7271ba2849b49b562ad8602f06\",\"name\":\"telocuentavictorhugo.com\",\"image\":{\"@type\":\"ImageObject\",\"inLanguage\":\"es\",\"@id\":\"https:\\\/\\\/secure.gravatar.com\\\/avatar\\\/da212e7b532df19fd2aea5daf46d8c176abfc85521e4b80ed435d7426ef63eb6?s=96&d=mm&r=g\",\"url\":\"https:\\\/\\\/secure.gravatar.com\\\/avatar\\\/da212e7b532df19fd2aea5daf46d8c176abfc85521e4b80ed435d7426ef63eb6?s=96&d=mm&r=g\",\"contentUrl\":\"https:\\\/\\\/secure.gravatar.com\\\/avatar\\\/da212e7b532df19fd2aea5daf46d8c176abfc85521e4b80ed435d7426ef63eb6?s=96&d=mm&r=g\",\"caption\":\"telocuentavictorhugo.com\"},\"sameAs\":[\"http:\\\/\\\/telocuentavictorhugo.com\"],\"url\":\"https:\\\/\\\/telocuentavictorhugo.com\\\/index.php\\\/author\\\/plustvpress-com\\\/\"}]}<\/script>\n<!-- \/ Yoast SEO plugin. -->","yoast_head_json":{"title":"DIPUTADO DE LIBRE RENUNCIA TRAS POL\u00c9MICO COMENTARIO SOBRE 'MASCA COCAS' - Te lo Cuenta Victor","robots":{"index":"index","follow":"follow","max-snippet":"max-snippet:-1","max-image-preview":"max-image-preview:large","max-video-preview":"max-video-preview:-1"},"canonical":"https:\/\/telocuentavictorhugo.com\/index.php\/2025\/10\/12\/diputado-de-libre-renuncia-tras-polemico-comentario-sobre-masca-cocas\/","og_locale":"es_ES","og_type":"article","og_title":"DIPUTADO DE LIBRE RENUNCIA TRAS POL\u00c9MICO COMENTARIO SOBRE 'MASCA COCAS' - Te lo Cuenta Victor","og_description":"El diputado suplente por la alianza Libre, Juan Carlos Velarde, anunci\u00f3 su renuncia este mi\u00e9rcoles, horas despu\u00e9s de protagonizar una pol\u00e9mica por calificar de \u201cmascacocas hediondos\u201d a una parte de la poblaci\u00f3n en una transmisi\u00f3n en vivo de TikTok. La declaraci\u00f3n gener\u00f3 una ola de rechazos y cr\u00edticas contra su partido, lo que llev\u00f3 a [&hellip;]","og_url":"https:\/\/telocuentavictorhugo.com\/index.php\/2025\/10\/12\/diputado-de-libre-renuncia-tras-polemico-comentario-sobre-masca-cocas\/","og_site_name":"Te lo Cuenta Victor","article_published_time":"2025-10-12T06:35:23+00:00","article_modified_time":"2025-10-12T06:35:24+00:00","og_image":[{"width":1078,"height":517,"url":"http:\/\/telocuentavictorhugo.com\/wp-content\/uploads\/2025\/10\/40-1.jpg","type":"image\/jpeg"}],"author":"telocuentavictorhugo.com","twitter_card":"summary_large_image","twitter_misc":{"Escrito por":"telocuentavictorhugo.com","Tiempo de lectura":"1 minuto"},"schema":{"@context":"https:\/\/schema.org","@graph":[{"@type":"Article","@id":"https:\/\/telocuentavictorhugo.com\/index.php\/2025\/10\/12\/diputado-de-libre-renuncia-tras-polemico-comentario-sobre-masca-cocas\/#article","isPartOf":{"@id":"https:\/\/telocuentavictorhugo.com\/index.php\/2025\/10\/12\/diputado-de-libre-renuncia-tras-polemico-comentario-sobre-masca-cocas\/"},"author":{"name":"telocuentavictorhugo.com","@id":"https:\/\/telocuentavictorhugo.com\/#\/schema\/person\/a8307d7271ba2849b49b562ad8602f06"},"headline":"DIPUTADO DE LIBRE RENUNCIA TRAS POL\u00c9MICO COMENTARIO SOBRE &#8216;MASCA COCAS&#8217;","datePublished":"2025-10-12T06:35:23+00:00","dateModified":"2025-10-12T06:35:24+00:00","mainEntityOfPage":{"@id":"https:\/\/telocuentavictorhugo.com\/index.php\/2025\/10\/12\/diputado-de-libre-renuncia-tras-polemico-comentario-sobre-masca-cocas\/"},"wordCount":107,"commentCount":0,"publisher":{"@id":"https:\/\/telocuentavictorhugo.com\/#organization"},"image":{"@id":"https:\/\/telocuentavictorhugo.com\/index.php\/2025\/10\/12\/diputado-de-libre-renuncia-tras-polemico-comentario-sobre-masca-cocas\/#primaryimage"},"thumbnailUrl":"https:\/\/telocuentavictorhugo.com\/wp-content\/uploads\/2025\/10\/40-1.jpg","articleSection":["Noticias","Pol\u00edtica"],"inLanguage":"es","potentialAction":[{"@type":"CommentAction","name":"Comment","target":["https:\/\/telocuentavictorhugo.com\/index.php\/2025\/10\/12\/diputado-de-libre-renuncia-tras-polemico-comentario-sobre-masca-cocas\/#respond"]}]},{"@type":"WebPage","@id":"https:\/\/telocuentavictorhugo.com\/index.php\/2025\/10\/12\/diputado-de-libre-renuncia-tras-polemico-comentario-sobre-masca-cocas\/","url":"https:\/\/telocuentavictorhugo.com\/index.php\/2025\/10\/12\/diputado-de-libre-renuncia-tras-polemico-comentario-sobre-masca-cocas\/","name":"DIPUTADO DE LIBRE RENUNCIA TRAS POL\u00c9MICO COMENTARIO SOBRE 'MASCA COCAS' - Te lo Cuenta Victor","isPartOf":{"@id":"https:\/\/telocuentavictorhugo.com\/#website"},"primaryImageOfPage":{"@id":"https:\/\/telocuentavictorhugo.com\/index.php\/2025\/10\/12\/diputado-de-libre-renuncia-tras-polemico-comentario-sobre-masca-cocas\/#primaryimage"},"image":{"@id":"https:\/\/telocuentavictorhugo.com\/index.php\/2025\/10\/12\/diputado-de-libre-renuncia-tras-polemico-comentario-sobre-masca-cocas\/#primaryimage"},"thumbnailUrl":"https:\/\/telocuentavictorhugo.com\/wp-content\/uploads\/2025\/10\/40-1.jpg","datePublished":"2025-10-12T06:35:23+00:00","dateModified":"2025-10-12T06:35:24+00:00","breadcrumb":{"@id":"https:\/\/telocuentavictorhugo.com\/index.php\/2025\/10\/12\/diputado-de-libre-renuncia-tras-polemico-comentario-sobre-masca-cocas\/#breadcrumb"},"inLanguage":"es","potentialAction":[{"@type":"ReadAction","target":["https:\/\/telocuentavictorhugo.com\/index.php\/2025\/10\/12\/diputado-de-libre-renuncia-tras-polemico-comentario-sobre-masca-cocas\/"]}]},{"@type":"ImageObject","inLanguage":"es","@id":"https:\/\/telocuentavictorhugo.com\/index.php\/2025\/10\/12\/diputado-de-libre-renuncia-tras-polemico-comentario-sobre-masca-cocas\/#primaryimage","url":"https:\/\/telocuentavictorhugo.com\/wp-content\/uploads\/2025\/10\/40-1.jpg","contentUrl":"https:\/\/telocuentavictorhugo.com\/wp-content\/uploads\/2025\/10\/40-1.jpg","width":1078,"height":517},{"@type":"BreadcrumbList","@id":"https:\/\/telocuentavictorhugo.com\/index.php\/2025\/10\/12\/diputado-de-libre-renuncia-tras-polemico-comentario-sobre-masca-cocas\/#breadcrumb","itemListElement":[{"@type":"ListItem","position":1,"name":"Portada","item":"https:\/\/telocuentavictorhugo.com\/"},{"@type":"ListItem","position":2,"name":"DIPUTADO DE LIBRE RENUNCIA TRAS POL\u00c9MICO COMENTARIO SOBRE &#8216;MASCA COCAS&#8217;"}]},{"@type":"WebSite","@id":"https:\/\/telocuentavictorhugo.com\/#website","url":"https:\/\/telocuentavictorhugo.com\/","name":"Te lo Cuenta Victor","description":"","publisher":{"@id":"https:\/\/telocuentavictorhugo.com\/#organization"},"potentialAction":[{"@type":"SearchAction","target":{"@type":"EntryPoint","urlTemplate":"https:\/\/telocuentavictorhugo.com\/?s={search_term_string}"},"query-input":{"@type":"PropertyValueSpecification","valueRequired":true,"valueName":"search_term_string"}}],"inLanguage":"es"},{"@type":"Organization","@id":"https:\/\/telocuentavictorhugo.com\/#organization","name":"Te lo Cuenta Victor","url":"https:\/\/telocuentavictorhugo.com\/","logo":{"@type":"ImageObject","inLanguage":"es","@id":"https:\/\/telocuentavictorhugo.com\/#\/schema\/logo\/image\/","url":"https:\/\/telocuentavictorhugo.com\/wp-content\/uploads\/2023\/12\/Logo.png","contentUrl":"https:\/\/telocuentavictorhugo.com\/wp-content\/uploads\/2023\/12\/Logo.png","width":1080,"height":176,"caption":"Te lo Cuenta Victor"},"image":{"@id":"https:\/\/telocuentavictorhugo.com\/#\/schema\/logo\/image\/"}},{"@type":"Person","@id":"https:\/\/telocuentavictorhugo.com\/#\/schema\/person\/a8307d7271ba2849b49b562ad8602f06","name":"telocuentavictorhugo.com","image":{"@type":"ImageObject","inLanguage":"es","@id":"https:\/\/secure.gravatar.com\/avatar\/da212e7b532df19fd2aea5daf46d8c176abfc85521e4b80ed435d7426ef63eb6?s=96&d=mm&r=g","url":"https:\/\/secure.gravatar.com\/avatar\/da212e7b532df19fd2aea5daf46d8c176abfc85521e4b80ed435d7426ef63eb6?s=96&d=mm&r=g","contentUrl":"https:\/\/secure.gravatar.com\/avatar\/da212e7b532df19fd2aea5daf46d8c176abfc85521e4b80ed435d7426ef63eb6?s=96&d=mm&r=g","caption":"telocuentavictorhugo.com"},"sameAs":["http:\/\/telocuentavictorhugo.com"],"url":"https:\/\/telocuentavictorhugo.com\/index.php\/author\/plustvpress-com\/"}]}},"_links":{"self":[{"href":"https:\/\/telocuentavictorhugo.com\/index.php\/wp-json\/wp\/v2\/posts\/10323","targetHints":{"allow":["GET"]}}],"collection":[{"href":"https:\/\/telocuentavictorhugo.com\/index.php\/wp-json\/wp\/v2\/posts"}],"about":[{"href":"https:\/\/telocuentavictorhugo.com\/index.php\/wp-json\/wp\/v2\/types\/post"}],"author":[{"embeddable":true,"href":"https:\/\/telocuentavictorhugo.com\/index.php\/wp-json\/wp\/v2\/users\/1"}],"replies":[{"embeddable":true,"href":"https:\/\/telocuentavictorhugo.com\/index.php\/wp-json\/wp\/v2\/comments?post=10323"}],"version-history":[{"count":1,"href":"https:\/\/telocuentavictorhugo.com\/index.php\/wp-json\/wp\/v2\/posts\/10323\/revisions"}],"predecessor-version":[{"id":10343,"href":"https:\/\/telocuentavictorhugo.com\/index.php\/wp-json\/wp\/v2\/posts\/10323\/revisions\/10343"}],"wp:featuredmedia":[{"embeddable":true,"href":"https:\/\/telocuentavictorhugo.com\/index.php\/wp-json\/wp\/v2\/media\/10333"}],"wp:attachment":[{"href":"https:\/\/telocuentavictorhugo.com\/index.php\/wp-json\/wp\/v2\/media?parent=10323"}],"wp:term":[{"taxonomy":"category","embeddable":true,"href":"https:\/\/telocuentavictorhugo.com\/index.php\/wp-json\/wp\/v2\/categories?post=10323"},{"taxonomy":"post_tag","embeddable":true,"href":"https:\/\/telocuentavictorhugo.com\/index.php\/wp-json\/wp\/v2\/tags?post=10323"}],"curies":[{"name":"wp","href":"https:\/\/api.w.org\/{rel}","templated":true}]}}