{"id":10099,"date":"2025-10-03T17:27:04","date_gmt":"2025-10-03T21:27:04","guid":{"rendered":"https:\/\/telocuentavictorhugo.com\/?p=10099"},"modified":"2025-10-03T17:27:05","modified_gmt":"2025-10-03T21:27:05","slug":"mas-arrestados-por-el-caso-saracho-fest-tras-la-muerte-de-una-segunda-victima","status":"publish","type":"post","link":"https:\/\/telocuentavictorhugo.com\/index.php\/2025\/10\/03\/mas-arrestados-por-el-caso-saracho-fest-tras-la-muerte-de-una-segunda-victima\/","title":{"rendered":"M\u00c1S ARRESTADOS POR EL CASO \u00abSARACHO FEST\u00bb TRAS LA MUERTE DE UNA SEGUNDA V\u00cdCTIMA"},"content":{"rendered":"\n<p>Despu\u00e9s de la tr\u00e1gica confirmaci\u00f3n de la muerte de la segunda v\u00edctima fatal del \u2018Saracho Fest\u2019, el Ministerio P\u00fablico intensifica las investigaciones en torno a los dos fallecimientos ocurridos durante el evento escolar que se torn\u00f3 en una avalancha humana. El fiscal departamental de Oruro, Aldo Morales, anunci\u00f3 que se han emitido citaciones a docentes, padres de familia y funcionarios de la Alcald\u00eda, quienes podr\u00edan estar implicados en la concesi\u00f3n de permisos irregulares para la realizaci\u00f3n del festival. Morales subray\u00f3 que \u201cconsideramos que la ampliaci\u00f3n de il\u00edcitos nos permitir\u00e1 obtener m\u00e1s elementos para imputar a otros posibles responsables\u201d y no se descarta la emisi\u00f3n de nuevos mandamientos de aprehensi\u00f3n.<\/p>\n\n\n\n<figure class=\"wp-block-embed is-type-video is-provider-youtube wp-block-embed-youtube wp-embed-aspect-16-9 wp-has-aspect-ratio\"><div class=\"wp-block-embed__wrapper\">\n<iframe title=\"M\u00c1S ARRESTADOS POR EL CASO &quot;SARACHO FEST&quot; TRAS LA MUERTE DE UNA SEGUNDA V\u00cdCTIMA\" width=\"800\" height=\"450\" src=\"https:\/\/www.youtube.com\/embed\/k4SDuNI8gPo?feature=oembed\" frameborder=\"0\" allow=\"accelerometer; autoplay; clipboard-write; encrypted-media; gyroscope; picture-in-picture; web-share\" referrerpolicy=\"strict-origin-when-cross-origin\" allowfullscreen><\/iframe>\n<\/div><\/figure>\n","protected":false},"excerpt":{"rendered":"<p>Despu\u00e9s de la tr\u00e1gica confirmaci\u00f3n de la muerte de la segunda v\u00edctima fatal del \u2018Saracho Fest\u2019, el Ministerio P\u00fablico intensifica las investigaciones en torno a los dos fallecimientos ocurridos durante el evento escolar que se torn\u00f3 en una avalancha humana. El fiscal departamental de Oruro, Aldo Morales, anunci\u00f3 que se han emitido citaciones a docentes, [&hellip;]<\/p>\n","protected":false},"author":1,"featured_media":10109,"comment_status":"open","ping_status":"open","sticky":false,"template":"","format":"standard","meta":{"_eb_attr":"","footnotes":""},"categories":[1,44],"tags":[],"class_list":["post-10099","post","type-post","status-publish","format-standard","has-post-thumbnail","hentry","category-noticias","category-sociedad"],"yoast_head":"<!-- This site is optimized with the Yoast SEO plugin v27.4 - https:\/\/yoast.com\/product\/yoast-seo-wordpress\/ -->\n<title>M\u00c1S ARRESTADOS POR EL CASO &quot;SARACHO FEST&quot; TRAS LA MUERTE DE UNA SEGUNDA V\u00cdCTIMA - Te lo Cuenta Victor<\/title>\n<meta name=\"robots\" content=\"index, follow, max-snippet:-1, max-image-preview:large, max-video-preview:-1\" \/>\n<link rel=\"canonical\" href=\"https:\/\/telocuentavictorhugo.com\/index.php\/2025\/10\/03\/mas-arrestados-por-el-caso-saracho-fest-tras-la-muerte-de-una-segunda-victima\/\" \/>\n<meta property=\"og:locale\" content=\"es_ES\" \/>\n<meta property=\"og:type\" content=\"article\" \/>\n<meta property=\"og:title\" content=\"M\u00c1S ARRESTADOS POR EL CASO &quot;SARACHO FEST&quot; TRAS LA MUERTE DE UNA SEGUNDA V\u00cdCTIMA - Te lo Cuenta Victor\" \/>\n<meta property=\"og:description\" content=\"Despu\u00e9s de la tr\u00e1gica confirmaci\u00f3n de la muerte de la segunda v\u00edctima fatal del \u2018Saracho Fest\u2019, el Ministerio P\u00fablico intensifica las investigaciones en torno a los dos fallecimientos ocurridos durante el evento escolar que se torn\u00f3 en una avalancha humana. El fiscal departamental de Oruro, Aldo Morales, anunci\u00f3 que se han emitido citaciones a docentes, [&hellip;]\" \/>\n<meta property=\"og:url\" content=\"https:\/\/telocuentavictorhugo.com\/index.php\/2025\/10\/03\/mas-arrestados-por-el-caso-saracho-fest-tras-la-muerte-de-una-segunda-victima\/\" \/>\n<meta property=\"og:site_name\" content=\"Te lo Cuenta Victor\" \/>\n<meta property=\"article:published_time\" content=\"2025-10-03T21:27:04+00:00\" \/>\n<meta property=\"article:modified_time\" content=\"2025-10-03T21:27:05+00:00\" \/>\n<meta property=\"og:image\" content=\"http:\/\/telocuentavictorhugo.com\/wp-content\/uploads\/2025\/10\/12.jpg\" \/>\n\t<meta property=\"og:image:width\" content=\"501\" \/>\n\t<meta property=\"og:image:height\" content=\"274\" \/>\n\t<meta property=\"og:image:type\" content=\"image\/jpeg\" \/>\n<meta name=\"author\" content=\"telocuentavictorhugo.com\" \/>\n<meta name=\"twitter:card\" content=\"summary_large_image\" \/>\n<meta name=\"twitter:label1\" content=\"Escrito por\" \/>\n\t<meta name=\"twitter:data1\" content=\"telocuentavictorhugo.com\" \/>\n\t<meta name=\"twitter:label2\" content=\"Tiempo de lectura\" \/>\n\t<meta name=\"twitter:data2\" content=\"1 minuto\" \/>\n<script type=\"application\/ld+json\" class=\"yoast-schema-graph\">{\"@context\":\"https:\\\/\\\/schema.org\",\"@graph\":[{\"@type\":\"Article\",\"@id\":\"https:\\\/\\\/telocuentavictorhugo.com\\\/index.php\\\/2025\\\/10\\\/03\\\/mas-arrestados-por-el-caso-saracho-fest-tras-la-muerte-de-una-segunda-victima\\\/#article\",\"isPartOf\":{\"@id\":\"https:\\\/\\\/telocuentavictorhugo.com\\\/index.php\\\/2025\\\/10\\\/03\\\/mas-arrestados-por-el-caso-saracho-fest-tras-la-muerte-de-una-segunda-victima\\\/\"},\"author\":{\"name\":\"telocuentavictorhugo.com\",\"@id\":\"https:\\\/\\\/telocuentavictorhugo.com\\\/#\\\/schema\\\/person\\\/a8307d7271ba2849b49b562ad8602f06\"},\"headline\":\"M\u00c1S ARRESTADOS POR EL CASO \u00abSARACHO FEST\u00bb TRAS LA MUERTE DE UNA SEGUNDA V\u00cdCTIMA\",\"datePublished\":\"2025-10-03T21:27:04+00:00\",\"dateModified\":\"2025-10-03T21:27:05+00:00\",\"mainEntityOfPage\":{\"@id\":\"https:\\\/\\\/telocuentavictorhugo.com\\\/index.php\\\/2025\\\/10\\\/03\\\/mas-arrestados-por-el-caso-saracho-fest-tras-la-muerte-de-una-segunda-victima\\\/\"},\"wordCount\":145,\"commentCount\":0,\"publisher\":{\"@id\":\"https:\\\/\\\/telocuentavictorhugo.com\\\/#organization\"},\"image\":{\"@id\":\"https:\\\/\\\/telocuentavictorhugo.com\\\/index.php\\\/2025\\\/10\\\/03\\\/mas-arrestados-por-el-caso-saracho-fest-tras-la-muerte-de-una-segunda-victima\\\/#primaryimage\"},\"thumbnailUrl\":\"https:\\\/\\\/telocuentavictorhugo.com\\\/wp-content\\\/uploads\\\/2025\\\/10\\\/12.jpg\",\"articleSection\":[\"Noticias\",\"Sociedad\"],\"inLanguage\":\"es\",\"potentialAction\":[{\"@type\":\"CommentAction\",\"name\":\"Comment\",\"target\":[\"https:\\\/\\\/telocuentavictorhugo.com\\\/index.php\\\/2025\\\/10\\\/03\\\/mas-arrestados-por-el-caso-saracho-fest-tras-la-muerte-de-una-segunda-victima\\\/#respond\"]}]},{\"@type\":\"WebPage\",\"@id\":\"https:\\\/\\\/telocuentavictorhugo.com\\\/index.php\\\/2025\\\/10\\\/03\\\/mas-arrestados-por-el-caso-saracho-fest-tras-la-muerte-de-una-segunda-victima\\\/\",\"url\":\"https:\\\/\\\/telocuentavictorhugo.com\\\/index.php\\\/2025\\\/10\\\/03\\\/mas-arrestados-por-el-caso-saracho-fest-tras-la-muerte-de-una-segunda-victima\\\/\",\"name\":\"M\u00c1S ARRESTADOS POR EL CASO \\\"SARACHO FEST\\\" TRAS LA MUERTE DE UNA SEGUNDA V\u00cdCTIMA - Te lo Cuenta Victor\",\"isPartOf\":{\"@id\":\"https:\\\/\\\/telocuentavictorhugo.com\\\/#website\"},\"primaryImageOfPage\":{\"@id\":\"https:\\\/\\\/telocuentavictorhugo.com\\\/index.php\\\/2025\\\/10\\\/03\\\/mas-arrestados-por-el-caso-saracho-fest-tras-la-muerte-de-una-segunda-victima\\\/#primaryimage\"},\"image\":{\"@id\":\"https:\\\/\\\/telocuentavictorhugo.com\\\/index.php\\\/2025\\\/10\\\/03\\\/mas-arrestados-por-el-caso-saracho-fest-tras-la-muerte-de-una-segunda-victima\\\/#primaryimage\"},\"thumbnailUrl\":\"https:\\\/\\\/telocuentavictorhugo.com\\\/wp-content\\\/uploads\\\/2025\\\/10\\\/12.jpg\",\"datePublished\":\"2025-10-03T21:27:04+00:00\",\"dateModified\":\"2025-10-03T21:27:05+00:00\",\"breadcrumb\":{\"@id\":\"https:\\\/\\\/telocuentavictorhugo.com\\\/index.php\\\/2025\\\/10\\\/03\\\/mas-arrestados-por-el-caso-saracho-fest-tras-la-muerte-de-una-segunda-victima\\\/#breadcrumb\"},\"inLanguage\":\"es\",\"potentialAction\":[{\"@type\":\"ReadAction\",\"target\":[\"https:\\\/\\\/telocuentavictorhugo.com\\\/index.php\\\/2025\\\/10\\\/03\\\/mas-arrestados-por-el-caso-saracho-fest-tras-la-muerte-de-una-segunda-victima\\\/\"]}]},{\"@type\":\"ImageObject\",\"inLanguage\":\"es\",\"@id\":\"https:\\\/\\\/telocuentavictorhugo.com\\\/index.php\\\/2025\\\/10\\\/03\\\/mas-arrestados-por-el-caso-saracho-fest-tras-la-muerte-de-una-segunda-victima\\\/#primaryimage\",\"url\":\"https:\\\/\\\/telocuentavictorhugo.com\\\/wp-content\\\/uploads\\\/2025\\\/10\\\/12.jpg\",\"contentUrl\":\"https:\\\/\\\/telocuentavictorhugo.com\\\/wp-content\\\/uploads\\\/2025\\\/10\\\/12.jpg\",\"width\":501,\"height\":274},{\"@type\":\"BreadcrumbList\",\"@id\":\"https:\\\/\\\/telocuentavictorhugo.com\\\/index.php\\\/2025\\\/10\\\/03\\\/mas-arrestados-por-el-caso-saracho-fest-tras-la-muerte-de-una-segunda-victima\\\/#breadcrumb\",\"itemListElement\":[{\"@type\":\"ListItem\",\"position\":1,\"name\":\"Portada\",\"item\":\"https:\\\/\\\/telocuentavictorhugo.com\\\/\"},{\"@type\":\"ListItem\",\"position\":2,\"name\":\"M\u00c1S ARRESTADOS POR EL CASO \u00abSARACHO FEST\u00bb TRAS LA MUERTE DE UNA SEGUNDA V\u00cdCTIMA\"}]},{\"@type\":\"WebSite\",\"@id\":\"https:\\\/\\\/telocuentavictorhugo.com\\\/#website\",\"url\":\"https:\\\/\\\/telocuentavictorhugo.com\\\/\",\"name\":\"Te lo Cuenta Victor\",\"description\":\"\",\"publisher\":{\"@id\":\"https:\\\/\\\/telocuentavictorhugo.com\\\/#organization\"},\"potentialAction\":[{\"@type\":\"SearchAction\",\"target\":{\"@type\":\"EntryPoint\",\"urlTemplate\":\"https:\\\/\\\/telocuentavictorhugo.com\\\/?s={search_term_string}\"},\"query-input\":{\"@type\":\"PropertyValueSpecification\",\"valueRequired\":true,\"valueName\":\"search_term_string\"}}],\"inLanguage\":\"es\"},{\"@type\":\"Organization\",\"@id\":\"https:\\\/\\\/telocuentavictorhugo.com\\\/#organization\",\"name\":\"Te lo Cuenta Victor\",\"url\":\"https:\\\/\\\/telocuentavictorhugo.com\\\/\",\"logo\":{\"@type\":\"ImageObject\",\"inLanguage\":\"es\",\"@id\":\"https:\\\/\\\/telocuentavictorhugo.com\\\/#\\\/schema\\\/logo\\\/image\\\/\",\"url\":\"https:\\\/\\\/telocuentavictorhugo.com\\\/wp-content\\\/uploads\\\/2023\\\/12\\\/Logo.png\",\"contentUrl\":\"https:\\\/\\\/telocuentavictorhugo.com\\\/wp-content\\\/uploads\\\/2023\\\/12\\\/Logo.png\",\"width\":1080,\"height\":176,\"caption\":\"Te lo Cuenta Victor\"},\"image\":{\"@id\":\"https:\\\/\\\/telocuentavictorhugo.com\\\/#\\\/schema\\\/logo\\\/image\\\/\"}},{\"@type\":\"Person\",\"@id\":\"https:\\\/\\\/telocuentavictorhugo.com\\\/#\\\/schema\\\/person\\\/a8307d7271ba2849b49b562ad8602f06\",\"name\":\"telocuentavictorhugo.com\",\"image\":{\"@type\":\"ImageObject\",\"inLanguage\":\"es\",\"@id\":\"https:\\\/\\\/secure.gravatar.com\\\/avatar\\\/da212e7b532df19fd2aea5daf46d8c176abfc85521e4b80ed435d7426ef63eb6?s=96&d=mm&r=g\",\"url\":\"https:\\\/\\\/secure.gravatar.com\\\/avatar\\\/da212e7b532df19fd2aea5daf46d8c176abfc85521e4b80ed435d7426ef63eb6?s=96&d=mm&r=g\",\"contentUrl\":\"https:\\\/\\\/secure.gravatar.com\\\/avatar\\\/da212e7b532df19fd2aea5daf46d8c176abfc85521e4b80ed435d7426ef63eb6?s=96&d=mm&r=g\",\"caption\":\"telocuentavictorhugo.com\"},\"sameAs\":[\"http:\\\/\\\/telocuentavictorhugo.com\"],\"url\":\"https:\\\/\\\/telocuentavictorhugo.com\\\/index.php\\\/author\\\/plustvpress-com\\\/\"}]}<\/script>\n<!-- \/ Yoast SEO plugin. -->","yoast_head_json":{"title":"M\u00c1S ARRESTADOS POR EL CASO \"SARACHO FEST\" TRAS LA MUERTE DE UNA SEGUNDA V\u00cdCTIMA - Te lo Cuenta Victor","robots":{"index":"index","follow":"follow","max-snippet":"max-snippet:-1","max-image-preview":"max-image-preview:large","max-video-preview":"max-video-preview:-1"},"canonical":"https:\/\/telocuentavictorhugo.com\/index.php\/2025\/10\/03\/mas-arrestados-por-el-caso-saracho-fest-tras-la-muerte-de-una-segunda-victima\/","og_locale":"es_ES","og_type":"article","og_title":"M\u00c1S ARRESTADOS POR EL CASO \"SARACHO FEST\" TRAS LA MUERTE DE UNA SEGUNDA V\u00cdCTIMA - Te lo Cuenta Victor","og_description":"Despu\u00e9s de la tr\u00e1gica confirmaci\u00f3n de la muerte de la segunda v\u00edctima fatal del \u2018Saracho Fest\u2019, el Ministerio P\u00fablico intensifica las investigaciones en torno a los dos fallecimientos ocurridos durante el evento escolar que se torn\u00f3 en una avalancha humana. El fiscal departamental de Oruro, Aldo Morales, anunci\u00f3 que se han emitido citaciones a docentes, [&hellip;]","og_url":"https:\/\/telocuentavictorhugo.com\/index.php\/2025\/10\/03\/mas-arrestados-por-el-caso-saracho-fest-tras-la-muerte-de-una-segunda-victima\/","og_site_name":"Te lo Cuenta Victor","article_published_time":"2025-10-03T21:27:04+00:00","article_modified_time":"2025-10-03T21:27:05+00:00","og_image":[{"width":501,"height":274,"url":"http:\/\/telocuentavictorhugo.com\/wp-content\/uploads\/2025\/10\/12.jpg","type":"image\/jpeg"}],"author":"telocuentavictorhugo.com","twitter_card":"summary_large_image","twitter_misc":{"Escrito por":"telocuentavictorhugo.com","Tiempo de lectura":"1 minuto"},"schema":{"@context":"https:\/\/schema.org","@graph":[{"@type":"Article","@id":"https:\/\/telocuentavictorhugo.com\/index.php\/2025\/10\/03\/mas-arrestados-por-el-caso-saracho-fest-tras-la-muerte-de-una-segunda-victima\/#article","isPartOf":{"@id":"https:\/\/telocuentavictorhugo.com\/index.php\/2025\/10\/03\/mas-arrestados-por-el-caso-saracho-fest-tras-la-muerte-de-una-segunda-victima\/"},"author":{"name":"telocuentavictorhugo.com","@id":"https:\/\/telocuentavictorhugo.com\/#\/schema\/person\/a8307d7271ba2849b49b562ad8602f06"},"headline":"M\u00c1S ARRESTADOS POR EL CASO \u00abSARACHO FEST\u00bb TRAS LA MUERTE DE UNA SEGUNDA V\u00cdCTIMA","datePublished":"2025-10-03T21:27:04+00:00","dateModified":"2025-10-03T21:27:05+00:00","mainEntityOfPage":{"@id":"https:\/\/telocuentavictorhugo.com\/index.php\/2025\/10\/03\/mas-arrestados-por-el-caso-saracho-fest-tras-la-muerte-de-una-segunda-victima\/"},"wordCount":145,"commentCount":0,"publisher":{"@id":"https:\/\/telocuentavictorhugo.com\/#organization"},"image":{"@id":"https:\/\/telocuentavictorhugo.com\/index.php\/2025\/10\/03\/mas-arrestados-por-el-caso-saracho-fest-tras-la-muerte-de-una-segunda-victima\/#primaryimage"},"thumbnailUrl":"https:\/\/telocuentavictorhugo.com\/wp-content\/uploads\/2025\/10\/12.jpg","articleSection":["Noticias","Sociedad"],"inLanguage":"es","potentialAction":[{"@type":"CommentAction","name":"Comment","target":["https:\/\/telocuentavictorhugo.com\/index.php\/2025\/10\/03\/mas-arrestados-por-el-caso-saracho-fest-tras-la-muerte-de-una-segunda-victima\/#respond"]}]},{"@type":"WebPage","@id":"https:\/\/telocuentavictorhugo.com\/index.php\/2025\/10\/03\/mas-arrestados-por-el-caso-saracho-fest-tras-la-muerte-de-una-segunda-victima\/","url":"https:\/\/telocuentavictorhugo.com\/index.php\/2025\/10\/03\/mas-arrestados-por-el-caso-saracho-fest-tras-la-muerte-de-una-segunda-victima\/","name":"M\u00c1S ARRESTADOS POR EL CASO \"SARACHO FEST\" TRAS LA MUERTE DE UNA SEGUNDA V\u00cdCTIMA - Te lo Cuenta Victor","isPartOf":{"@id":"https:\/\/telocuentavictorhugo.com\/#website"},"primaryImageOfPage":{"@id":"https:\/\/telocuentavictorhugo.com\/index.php\/2025\/10\/03\/mas-arrestados-por-el-caso-saracho-fest-tras-la-muerte-de-una-segunda-victima\/#primaryimage"},"image":{"@id":"https:\/\/telocuentavictorhugo.com\/index.php\/2025\/10\/03\/mas-arrestados-por-el-caso-saracho-fest-tras-la-muerte-de-una-segunda-victima\/#primaryimage"},"thumbnailUrl":"https:\/\/telocuentavictorhugo.com\/wp-content\/uploads\/2025\/10\/12.jpg","datePublished":"2025-10-03T21:27:04+00:00","dateModified":"2025-10-03T21:27:05+00:00","breadcrumb":{"@id":"https:\/\/telocuentavictorhugo.com\/index.php\/2025\/10\/03\/mas-arrestados-por-el-caso-saracho-fest-tras-la-muerte-de-una-segunda-victima\/#breadcrumb"},"inLanguage":"es","potentialAction":[{"@type":"ReadAction","target":["https:\/\/telocuentavictorhugo.com\/index.php\/2025\/10\/03\/mas-arrestados-por-el-caso-saracho-fest-tras-la-muerte-de-una-segunda-victima\/"]}]},{"@type":"ImageObject","inLanguage":"es","@id":"https:\/\/telocuentavictorhugo.com\/index.php\/2025\/10\/03\/mas-arrestados-por-el-caso-saracho-fest-tras-la-muerte-de-una-segunda-victima\/#primaryimage","url":"https:\/\/telocuentavictorhugo.com\/wp-content\/uploads\/2025\/10\/12.jpg","contentUrl":"https:\/\/telocuentavictorhugo.com\/wp-content\/uploads\/2025\/10\/12.jpg","width":501,"height":274},{"@type":"BreadcrumbList","@id":"https:\/\/telocuentavictorhugo.com\/index.php\/2025\/10\/03\/mas-arrestados-por-el-caso-saracho-fest-tras-la-muerte-de-una-segunda-victima\/#breadcrumb","itemListElement":[{"@type":"ListItem","position":1,"name":"Portada","item":"https:\/\/telocuentavictorhugo.com\/"},{"@type":"ListItem","position":2,"name":"M\u00c1S ARRESTADOS POR EL CASO \u00abSARACHO FEST\u00bb TRAS LA MUERTE DE UNA SEGUNDA V\u00cdCTIMA"}]},{"@type":"WebSite","@id":"https:\/\/telocuentavictorhugo.com\/#website","url":"https:\/\/telocuentavictorhugo.com\/","name":"Te lo Cuenta Victor","description":"","publisher":{"@id":"https:\/\/telocuentavictorhugo.com\/#organization"},"potentialAction":[{"@type":"SearchAction","target":{"@type":"EntryPoint","urlTemplate":"https:\/\/telocuentavictorhugo.com\/?s={search_term_string}"},"query-input":{"@type":"PropertyValueSpecification","valueRequired":true,"valueName":"search_term_string"}}],"inLanguage":"es"},{"@type":"Organization","@id":"https:\/\/telocuentavictorhugo.com\/#organization","name":"Te lo Cuenta Victor","url":"https:\/\/telocuentavictorhugo.com\/","logo":{"@type":"ImageObject","inLanguage":"es","@id":"https:\/\/telocuentavictorhugo.com\/#\/schema\/logo\/image\/","url":"https:\/\/telocuentavictorhugo.com\/wp-content\/uploads\/2023\/12\/Logo.png","contentUrl":"https:\/\/telocuentavictorhugo.com\/wp-content\/uploads\/2023\/12\/Logo.png","width":1080,"height":176,"caption":"Te lo Cuenta Victor"},"image":{"@id":"https:\/\/telocuentavictorhugo.com\/#\/schema\/logo\/image\/"}},{"@type":"Person","@id":"https:\/\/telocuentavictorhugo.com\/#\/schema\/person\/a8307d7271ba2849b49b562ad8602f06","name":"telocuentavictorhugo.com","image":{"@type":"ImageObject","inLanguage":"es","@id":"https:\/\/secure.gravatar.com\/avatar\/da212e7b532df19fd2aea5daf46d8c176abfc85521e4b80ed435d7426ef63eb6?s=96&d=mm&r=g","url":"https:\/\/secure.gravatar.com\/avatar\/da212e7b532df19fd2aea5daf46d8c176abfc85521e4b80ed435d7426ef63eb6?s=96&d=mm&r=g","contentUrl":"https:\/\/secure.gravatar.com\/avatar\/da212e7b532df19fd2aea5daf46d8c176abfc85521e4b80ed435d7426ef63eb6?s=96&d=mm&r=g","caption":"telocuentavictorhugo.com"},"sameAs":["http:\/\/telocuentavictorhugo.com"],"url":"https:\/\/telocuentavictorhugo.com\/index.php\/author\/plustvpress-com\/"}]}},"_links":{"self":[{"href":"https:\/\/telocuentavictorhugo.com\/index.php\/wp-json\/wp\/v2\/posts\/10099","targetHints":{"allow":["GET"]}}],"collection":[{"href":"https:\/\/telocuentavictorhugo.com\/index.php\/wp-json\/wp\/v2\/posts"}],"about":[{"href":"https:\/\/telocuentavictorhugo.com\/index.php\/wp-json\/wp\/v2\/types\/post"}],"author":[{"embeddable":true,"href":"https:\/\/telocuentavictorhugo.com\/index.php\/wp-json\/wp\/v2\/users\/1"}],"replies":[{"embeddable":true,"href":"https:\/\/telocuentavictorhugo.com\/index.php\/wp-json\/wp\/v2\/comments?post=10099"}],"version-history":[{"count":1,"href":"https:\/\/telocuentavictorhugo.com\/index.php\/wp-json\/wp\/v2\/posts\/10099\/revisions"}],"predecessor-version":[{"id":10120,"href":"https:\/\/telocuentavictorhugo.com\/index.php\/wp-json\/wp\/v2\/posts\/10099\/revisions\/10120"}],"wp:featuredmedia":[{"embeddable":true,"href":"https:\/\/telocuentavictorhugo.com\/index.php\/wp-json\/wp\/v2\/media\/10109"}],"wp:attachment":[{"href":"https:\/\/telocuentavictorhugo.com\/index.php\/wp-json\/wp\/v2\/media?parent=10099"}],"wp:term":[{"taxonomy":"category","embeddable":true,"href":"https:\/\/telocuentavictorhugo.com\/index.php\/wp-json\/wp\/v2\/categories?post=10099"},{"taxonomy":"post_tag","embeddable":true,"href":"https:\/\/telocuentavictorhugo.com\/index.php\/wp-json\/wp\/v2\/tags?post=10099"}],"curies":[{"name":"wp","href":"https:\/\/api.w.org\/{rel}","templated":true}]}}