{"id":10073,"date":"2025-10-03T17:11:00","date_gmt":"2025-10-03T21:11:00","guid":{"rendered":"https:\/\/telocuentavictorhugo.com\/?p=10073"},"modified":"2025-10-03T17:11:01","modified_gmt":"2025-10-03T21:11:01","slug":"un-preso-ases1nad0-y-su-esposa-fall3c3-ante-la-noticia","status":"publish","type":"post","link":"https:\/\/telocuentavictorhugo.com\/index.php\/2025\/10\/03\/un-preso-ases1nad0-y-su-esposa-fall3c3-ante-la-noticia\/","title":{"rendered":"UN PRESO ASES1NAD0 Y SU ESPOSA FALL3C3 ANTE LA NOTICIA"},"content":{"rendered":"\n<p>Un recluso brasile\u00f1o, Edivaldo Brandon Rodr\u00edguez Da Silva, de 36 a\u00f1os, fue asesinado en el penal de El Abra tras recibir 25 pu\u00f1aladas en un ataque perpetrado por otro interno, Marco Antonio Flores Paucara, tambi\u00e9n de 36 a\u00f1os y con antecedentes criminales. La tragedia se amplific\u00f3 cuando la esposa de Rodr\u00edguez, al enterarse de su muerte, sufri\u00f3 un paro card\u00edaco en Trinidad, dejando a tres hijos hu\u00e9rfanos.<\/p>\n\n\n\n<figure class=\"wp-block-embed is-type-video is-provider-youtube wp-block-embed-youtube wp-embed-aspect-16-9 wp-has-aspect-ratio\"><div class=\"wp-block-embed__wrapper\">\n<iframe title=\"UN PRESO ASES1NAD0 Y SU ESPOSA FALL3C3 ANTE LA NOTICIA\" width=\"800\" height=\"450\" src=\"https:\/\/www.youtube.com\/embed\/0JUTmzGDzo0?feature=oembed\" frameborder=\"0\" allow=\"accelerometer; autoplay; clipboard-write; encrypted-media; gyroscope; picture-in-picture; web-share\" referrerpolicy=\"strict-origin-when-cross-origin\" allowfullscreen><\/iframe>\n<\/div><\/figure>\n","protected":false},"excerpt":{"rendered":"<p>Un recluso brasile\u00f1o, Edivaldo Brandon Rodr\u00edguez Da Silva, de 36 a\u00f1os, fue asesinado en el penal de El Abra tras recibir 25 pu\u00f1aladas en un ataque perpetrado por otro interno, Marco Antonio Flores Paucara, tambi\u00e9n de 36 a\u00f1os y con antecedentes criminales. La tragedia se amplific\u00f3 cuando la esposa de Rodr\u00edguez, al enterarse de su [&hellip;]<\/p>\n","protected":false},"author":1,"featured_media":10084,"comment_status":"open","ping_status":"open","sticky":false,"template":"","format":"standard","meta":{"_eb_attr":"","footnotes":""},"categories":[1,44],"tags":[],"class_list":["post-10073","post","type-post","status-publish","format-standard","has-post-thumbnail","hentry","category-noticias","category-sociedad"],"yoast_head":"<!-- This site is optimized with the Yoast SEO plugin v27.4 - https:\/\/yoast.com\/product\/yoast-seo-wordpress\/ -->\n<title>UN PRESO ASES1NAD0 Y SU ESPOSA FALL3C3 ANTE LA NOTICIA - Te lo Cuenta Victor<\/title>\n<meta name=\"robots\" content=\"index, follow, max-snippet:-1, max-image-preview:large, max-video-preview:-1\" \/>\n<link rel=\"canonical\" href=\"https:\/\/telocuentavictorhugo.com\/index.php\/2025\/10\/03\/un-preso-ases1nad0-y-su-esposa-fall3c3-ante-la-noticia\/\" \/>\n<meta property=\"og:locale\" content=\"es_ES\" \/>\n<meta property=\"og:type\" content=\"article\" \/>\n<meta property=\"og:title\" content=\"UN PRESO ASES1NAD0 Y SU ESPOSA FALL3C3 ANTE LA NOTICIA - Te lo Cuenta Victor\" \/>\n<meta property=\"og:description\" content=\"Un recluso brasile\u00f1o, Edivaldo Brandon Rodr\u00edguez Da Silva, de 36 a\u00f1os, fue asesinado en el penal de El Abra tras recibir 25 pu\u00f1aladas en un ataque perpetrado por otro interno, Marco Antonio Flores Paucara, tambi\u00e9n de 36 a\u00f1os y con antecedentes criminales. La tragedia se amplific\u00f3 cuando la esposa de Rodr\u00edguez, al enterarse de su [&hellip;]\" \/>\n<meta property=\"og:url\" content=\"https:\/\/telocuentavictorhugo.com\/index.php\/2025\/10\/03\/un-preso-ases1nad0-y-su-esposa-fall3c3-ante-la-noticia\/\" \/>\n<meta property=\"og:site_name\" content=\"Te lo Cuenta Victor\" \/>\n<meta property=\"article:published_time\" content=\"2025-10-03T21:11:00+00:00\" \/>\n<meta property=\"article:modified_time\" content=\"2025-10-03T21:11:01+00:00\" \/>\n<meta property=\"og:image\" content=\"http:\/\/telocuentavictorhugo.com\/wp-content\/uploads\/2025\/10\/8.jpg\" \/>\n\t<meta property=\"og:image:width\" content=\"669\" \/>\n\t<meta property=\"og:image:height\" content=\"324\" \/>\n\t<meta property=\"og:image:type\" content=\"image\/jpeg\" \/>\n<meta name=\"author\" content=\"telocuentavictorhugo.com\" \/>\n<meta name=\"twitter:card\" content=\"summary_large_image\" \/>\n<meta name=\"twitter:label1\" content=\"Escrito por\" \/>\n\t<meta name=\"twitter:data1\" content=\"telocuentavictorhugo.com\" \/>\n\t<meta name=\"twitter:label2\" content=\"Tiempo de lectura\" \/>\n\t<meta name=\"twitter:data2\" content=\"1 minuto\" \/>\n<script type=\"application\/ld+json\" class=\"yoast-schema-graph\">{\"@context\":\"https:\\\/\\\/schema.org\",\"@graph\":[{\"@type\":\"Article\",\"@id\":\"https:\\\/\\\/telocuentavictorhugo.com\\\/index.php\\\/2025\\\/10\\\/03\\\/un-preso-ases1nad0-y-su-esposa-fall3c3-ante-la-noticia\\\/#article\",\"isPartOf\":{\"@id\":\"https:\\\/\\\/telocuentavictorhugo.com\\\/index.php\\\/2025\\\/10\\\/03\\\/un-preso-ases1nad0-y-su-esposa-fall3c3-ante-la-noticia\\\/\"},\"author\":{\"name\":\"telocuentavictorhugo.com\",\"@id\":\"https:\\\/\\\/telocuentavictorhugo.com\\\/#\\\/schema\\\/person\\\/a8307d7271ba2849b49b562ad8602f06\"},\"headline\":\"UN PRESO ASES1NAD0 Y SU ESPOSA FALL3C3 ANTE LA NOTICIA\",\"datePublished\":\"2025-10-03T21:11:00+00:00\",\"dateModified\":\"2025-10-03T21:11:01+00:00\",\"mainEntityOfPage\":{\"@id\":\"https:\\\/\\\/telocuentavictorhugo.com\\\/index.php\\\/2025\\\/10\\\/03\\\/un-preso-ases1nad0-y-su-esposa-fall3c3-ante-la-noticia\\\/\"},\"wordCount\":89,\"commentCount\":0,\"publisher\":{\"@id\":\"https:\\\/\\\/telocuentavictorhugo.com\\\/#organization\"},\"image\":{\"@id\":\"https:\\\/\\\/telocuentavictorhugo.com\\\/index.php\\\/2025\\\/10\\\/03\\\/un-preso-ases1nad0-y-su-esposa-fall3c3-ante-la-noticia\\\/#primaryimage\"},\"thumbnailUrl\":\"https:\\\/\\\/telocuentavictorhugo.com\\\/wp-content\\\/uploads\\\/2025\\\/10\\\/8.jpg\",\"articleSection\":[\"Noticias\",\"Sociedad\"],\"inLanguage\":\"es\",\"potentialAction\":[{\"@type\":\"CommentAction\",\"name\":\"Comment\",\"target\":[\"https:\\\/\\\/telocuentavictorhugo.com\\\/index.php\\\/2025\\\/10\\\/03\\\/un-preso-ases1nad0-y-su-esposa-fall3c3-ante-la-noticia\\\/#respond\"]}]},{\"@type\":\"WebPage\",\"@id\":\"https:\\\/\\\/telocuentavictorhugo.com\\\/index.php\\\/2025\\\/10\\\/03\\\/un-preso-ases1nad0-y-su-esposa-fall3c3-ante-la-noticia\\\/\",\"url\":\"https:\\\/\\\/telocuentavictorhugo.com\\\/index.php\\\/2025\\\/10\\\/03\\\/un-preso-ases1nad0-y-su-esposa-fall3c3-ante-la-noticia\\\/\",\"name\":\"UN PRESO ASES1NAD0 Y SU ESPOSA FALL3C3 ANTE LA NOTICIA - Te lo Cuenta Victor\",\"isPartOf\":{\"@id\":\"https:\\\/\\\/telocuentavictorhugo.com\\\/#website\"},\"primaryImageOfPage\":{\"@id\":\"https:\\\/\\\/telocuentavictorhugo.com\\\/index.php\\\/2025\\\/10\\\/03\\\/un-preso-ases1nad0-y-su-esposa-fall3c3-ante-la-noticia\\\/#primaryimage\"},\"image\":{\"@id\":\"https:\\\/\\\/telocuentavictorhugo.com\\\/index.php\\\/2025\\\/10\\\/03\\\/un-preso-ases1nad0-y-su-esposa-fall3c3-ante-la-noticia\\\/#primaryimage\"},\"thumbnailUrl\":\"https:\\\/\\\/telocuentavictorhugo.com\\\/wp-content\\\/uploads\\\/2025\\\/10\\\/8.jpg\",\"datePublished\":\"2025-10-03T21:11:00+00:00\",\"dateModified\":\"2025-10-03T21:11:01+00:00\",\"breadcrumb\":{\"@id\":\"https:\\\/\\\/telocuentavictorhugo.com\\\/index.php\\\/2025\\\/10\\\/03\\\/un-preso-ases1nad0-y-su-esposa-fall3c3-ante-la-noticia\\\/#breadcrumb\"},\"inLanguage\":\"es\",\"potentialAction\":[{\"@type\":\"ReadAction\",\"target\":[\"https:\\\/\\\/telocuentavictorhugo.com\\\/index.php\\\/2025\\\/10\\\/03\\\/un-preso-ases1nad0-y-su-esposa-fall3c3-ante-la-noticia\\\/\"]}]},{\"@type\":\"ImageObject\",\"inLanguage\":\"es\",\"@id\":\"https:\\\/\\\/telocuentavictorhugo.com\\\/index.php\\\/2025\\\/10\\\/03\\\/un-preso-ases1nad0-y-su-esposa-fall3c3-ante-la-noticia\\\/#primaryimage\",\"url\":\"https:\\\/\\\/telocuentavictorhugo.com\\\/wp-content\\\/uploads\\\/2025\\\/10\\\/8.jpg\",\"contentUrl\":\"https:\\\/\\\/telocuentavictorhugo.com\\\/wp-content\\\/uploads\\\/2025\\\/10\\\/8.jpg\",\"width\":669,\"height\":324},{\"@type\":\"BreadcrumbList\",\"@id\":\"https:\\\/\\\/telocuentavictorhugo.com\\\/index.php\\\/2025\\\/10\\\/03\\\/un-preso-ases1nad0-y-su-esposa-fall3c3-ante-la-noticia\\\/#breadcrumb\",\"itemListElement\":[{\"@type\":\"ListItem\",\"position\":1,\"name\":\"Portada\",\"item\":\"https:\\\/\\\/telocuentavictorhugo.com\\\/\"},{\"@type\":\"ListItem\",\"position\":2,\"name\":\"UN PRESO ASES1NAD0 Y SU ESPOSA FALL3C3 ANTE LA NOTICIA\"}]},{\"@type\":\"WebSite\",\"@id\":\"https:\\\/\\\/telocuentavictorhugo.com\\\/#website\",\"url\":\"https:\\\/\\\/telocuentavictorhugo.com\\\/\",\"name\":\"Te lo Cuenta Victor\",\"description\":\"\",\"publisher\":{\"@id\":\"https:\\\/\\\/telocuentavictorhugo.com\\\/#organization\"},\"potentialAction\":[{\"@type\":\"SearchAction\",\"target\":{\"@type\":\"EntryPoint\",\"urlTemplate\":\"https:\\\/\\\/telocuentavictorhugo.com\\\/?s={search_term_string}\"},\"query-input\":{\"@type\":\"PropertyValueSpecification\",\"valueRequired\":true,\"valueName\":\"search_term_string\"}}],\"inLanguage\":\"es\"},{\"@type\":\"Organization\",\"@id\":\"https:\\\/\\\/telocuentavictorhugo.com\\\/#organization\",\"name\":\"Te lo Cuenta Victor\",\"url\":\"https:\\\/\\\/telocuentavictorhugo.com\\\/\",\"logo\":{\"@type\":\"ImageObject\",\"inLanguage\":\"es\",\"@id\":\"https:\\\/\\\/telocuentavictorhugo.com\\\/#\\\/schema\\\/logo\\\/image\\\/\",\"url\":\"https:\\\/\\\/telocuentavictorhugo.com\\\/wp-content\\\/uploads\\\/2023\\\/12\\\/Logo.png\",\"contentUrl\":\"https:\\\/\\\/telocuentavictorhugo.com\\\/wp-content\\\/uploads\\\/2023\\\/12\\\/Logo.png\",\"width\":1080,\"height\":176,\"caption\":\"Te lo Cuenta Victor\"},\"image\":{\"@id\":\"https:\\\/\\\/telocuentavictorhugo.com\\\/#\\\/schema\\\/logo\\\/image\\\/\"}},{\"@type\":\"Person\",\"@id\":\"https:\\\/\\\/telocuentavictorhugo.com\\\/#\\\/schema\\\/person\\\/a8307d7271ba2849b49b562ad8602f06\",\"name\":\"telocuentavictorhugo.com\",\"image\":{\"@type\":\"ImageObject\",\"inLanguage\":\"es\",\"@id\":\"https:\\\/\\\/secure.gravatar.com\\\/avatar\\\/da212e7b532df19fd2aea5daf46d8c176abfc85521e4b80ed435d7426ef63eb6?s=96&d=mm&r=g\",\"url\":\"https:\\\/\\\/secure.gravatar.com\\\/avatar\\\/da212e7b532df19fd2aea5daf46d8c176abfc85521e4b80ed435d7426ef63eb6?s=96&d=mm&r=g\",\"contentUrl\":\"https:\\\/\\\/secure.gravatar.com\\\/avatar\\\/da212e7b532df19fd2aea5daf46d8c176abfc85521e4b80ed435d7426ef63eb6?s=96&d=mm&r=g\",\"caption\":\"telocuentavictorhugo.com\"},\"sameAs\":[\"http:\\\/\\\/telocuentavictorhugo.com\"],\"url\":\"https:\\\/\\\/telocuentavictorhugo.com\\\/index.php\\\/author\\\/plustvpress-com\\\/\"}]}<\/script>\n<!-- \/ Yoast SEO plugin. -->","yoast_head_json":{"title":"UN PRESO ASES1NAD0 Y SU ESPOSA FALL3C3 ANTE LA NOTICIA - Te lo Cuenta Victor","robots":{"index":"index","follow":"follow","max-snippet":"max-snippet:-1","max-image-preview":"max-image-preview:large","max-video-preview":"max-video-preview:-1"},"canonical":"https:\/\/telocuentavictorhugo.com\/index.php\/2025\/10\/03\/un-preso-ases1nad0-y-su-esposa-fall3c3-ante-la-noticia\/","og_locale":"es_ES","og_type":"article","og_title":"UN PRESO ASES1NAD0 Y SU ESPOSA FALL3C3 ANTE LA NOTICIA - Te lo Cuenta Victor","og_description":"Un recluso brasile\u00f1o, Edivaldo Brandon Rodr\u00edguez Da Silva, de 36 a\u00f1os, fue asesinado en el penal de El Abra tras recibir 25 pu\u00f1aladas en un ataque perpetrado por otro interno, Marco Antonio Flores Paucara, tambi\u00e9n de 36 a\u00f1os y con antecedentes criminales. La tragedia se amplific\u00f3 cuando la esposa de Rodr\u00edguez, al enterarse de su [&hellip;]","og_url":"https:\/\/telocuentavictorhugo.com\/index.php\/2025\/10\/03\/un-preso-ases1nad0-y-su-esposa-fall3c3-ante-la-noticia\/","og_site_name":"Te lo Cuenta Victor","article_published_time":"2025-10-03T21:11:00+00:00","article_modified_time":"2025-10-03T21:11:01+00:00","og_image":[{"width":669,"height":324,"url":"http:\/\/telocuentavictorhugo.com\/wp-content\/uploads\/2025\/10\/8.jpg","type":"image\/jpeg"}],"author":"telocuentavictorhugo.com","twitter_card":"summary_large_image","twitter_misc":{"Escrito por":"telocuentavictorhugo.com","Tiempo de lectura":"1 minuto"},"schema":{"@context":"https:\/\/schema.org","@graph":[{"@type":"Article","@id":"https:\/\/telocuentavictorhugo.com\/index.php\/2025\/10\/03\/un-preso-ases1nad0-y-su-esposa-fall3c3-ante-la-noticia\/#article","isPartOf":{"@id":"https:\/\/telocuentavictorhugo.com\/index.php\/2025\/10\/03\/un-preso-ases1nad0-y-su-esposa-fall3c3-ante-la-noticia\/"},"author":{"name":"telocuentavictorhugo.com","@id":"https:\/\/telocuentavictorhugo.com\/#\/schema\/person\/a8307d7271ba2849b49b562ad8602f06"},"headline":"UN PRESO ASES1NAD0 Y SU ESPOSA FALL3C3 ANTE LA NOTICIA","datePublished":"2025-10-03T21:11:00+00:00","dateModified":"2025-10-03T21:11:01+00:00","mainEntityOfPage":{"@id":"https:\/\/telocuentavictorhugo.com\/index.php\/2025\/10\/03\/un-preso-ases1nad0-y-su-esposa-fall3c3-ante-la-noticia\/"},"wordCount":89,"commentCount":0,"publisher":{"@id":"https:\/\/telocuentavictorhugo.com\/#organization"},"image":{"@id":"https:\/\/telocuentavictorhugo.com\/index.php\/2025\/10\/03\/un-preso-ases1nad0-y-su-esposa-fall3c3-ante-la-noticia\/#primaryimage"},"thumbnailUrl":"https:\/\/telocuentavictorhugo.com\/wp-content\/uploads\/2025\/10\/8.jpg","articleSection":["Noticias","Sociedad"],"inLanguage":"es","potentialAction":[{"@type":"CommentAction","name":"Comment","target":["https:\/\/telocuentavictorhugo.com\/index.php\/2025\/10\/03\/un-preso-ases1nad0-y-su-esposa-fall3c3-ante-la-noticia\/#respond"]}]},{"@type":"WebPage","@id":"https:\/\/telocuentavictorhugo.com\/index.php\/2025\/10\/03\/un-preso-ases1nad0-y-su-esposa-fall3c3-ante-la-noticia\/","url":"https:\/\/telocuentavictorhugo.com\/index.php\/2025\/10\/03\/un-preso-ases1nad0-y-su-esposa-fall3c3-ante-la-noticia\/","name":"UN PRESO ASES1NAD0 Y SU ESPOSA FALL3C3 ANTE LA NOTICIA - Te lo Cuenta Victor","isPartOf":{"@id":"https:\/\/telocuentavictorhugo.com\/#website"},"primaryImageOfPage":{"@id":"https:\/\/telocuentavictorhugo.com\/index.php\/2025\/10\/03\/un-preso-ases1nad0-y-su-esposa-fall3c3-ante-la-noticia\/#primaryimage"},"image":{"@id":"https:\/\/telocuentavictorhugo.com\/index.php\/2025\/10\/03\/un-preso-ases1nad0-y-su-esposa-fall3c3-ante-la-noticia\/#primaryimage"},"thumbnailUrl":"https:\/\/telocuentavictorhugo.com\/wp-content\/uploads\/2025\/10\/8.jpg","datePublished":"2025-10-03T21:11:00+00:00","dateModified":"2025-10-03T21:11:01+00:00","breadcrumb":{"@id":"https:\/\/telocuentavictorhugo.com\/index.php\/2025\/10\/03\/un-preso-ases1nad0-y-su-esposa-fall3c3-ante-la-noticia\/#breadcrumb"},"inLanguage":"es","potentialAction":[{"@type":"ReadAction","target":["https:\/\/telocuentavictorhugo.com\/index.php\/2025\/10\/03\/un-preso-ases1nad0-y-su-esposa-fall3c3-ante-la-noticia\/"]}]},{"@type":"ImageObject","inLanguage":"es","@id":"https:\/\/telocuentavictorhugo.com\/index.php\/2025\/10\/03\/un-preso-ases1nad0-y-su-esposa-fall3c3-ante-la-noticia\/#primaryimage","url":"https:\/\/telocuentavictorhugo.com\/wp-content\/uploads\/2025\/10\/8.jpg","contentUrl":"https:\/\/telocuentavictorhugo.com\/wp-content\/uploads\/2025\/10\/8.jpg","width":669,"height":324},{"@type":"BreadcrumbList","@id":"https:\/\/telocuentavictorhugo.com\/index.php\/2025\/10\/03\/un-preso-ases1nad0-y-su-esposa-fall3c3-ante-la-noticia\/#breadcrumb","itemListElement":[{"@type":"ListItem","position":1,"name":"Portada","item":"https:\/\/telocuentavictorhugo.com\/"},{"@type":"ListItem","position":2,"name":"UN PRESO ASES1NAD0 Y SU ESPOSA FALL3C3 ANTE LA NOTICIA"}]},{"@type":"WebSite","@id":"https:\/\/telocuentavictorhugo.com\/#website","url":"https:\/\/telocuentavictorhugo.com\/","name":"Te lo Cuenta Victor","description":"","publisher":{"@id":"https:\/\/telocuentavictorhugo.com\/#organization"},"potentialAction":[{"@type":"SearchAction","target":{"@type":"EntryPoint","urlTemplate":"https:\/\/telocuentavictorhugo.com\/?s={search_term_string}"},"query-input":{"@type":"PropertyValueSpecification","valueRequired":true,"valueName":"search_term_string"}}],"inLanguage":"es"},{"@type":"Organization","@id":"https:\/\/telocuentavictorhugo.com\/#organization","name":"Te lo Cuenta Victor","url":"https:\/\/telocuentavictorhugo.com\/","logo":{"@type":"ImageObject","inLanguage":"es","@id":"https:\/\/telocuentavictorhugo.com\/#\/schema\/logo\/image\/","url":"https:\/\/telocuentavictorhugo.com\/wp-content\/uploads\/2023\/12\/Logo.png","contentUrl":"https:\/\/telocuentavictorhugo.com\/wp-content\/uploads\/2023\/12\/Logo.png","width":1080,"height":176,"caption":"Te lo Cuenta Victor"},"image":{"@id":"https:\/\/telocuentavictorhugo.com\/#\/schema\/logo\/image\/"}},{"@type":"Person","@id":"https:\/\/telocuentavictorhugo.com\/#\/schema\/person\/a8307d7271ba2849b49b562ad8602f06","name":"telocuentavictorhugo.com","image":{"@type":"ImageObject","inLanguage":"es","@id":"https:\/\/secure.gravatar.com\/avatar\/da212e7b532df19fd2aea5daf46d8c176abfc85521e4b80ed435d7426ef63eb6?s=96&d=mm&r=g","url":"https:\/\/secure.gravatar.com\/avatar\/da212e7b532df19fd2aea5daf46d8c176abfc85521e4b80ed435d7426ef63eb6?s=96&d=mm&r=g","contentUrl":"https:\/\/secure.gravatar.com\/avatar\/da212e7b532df19fd2aea5daf46d8c176abfc85521e4b80ed435d7426ef63eb6?s=96&d=mm&r=g","caption":"telocuentavictorhugo.com"},"sameAs":["http:\/\/telocuentavictorhugo.com"],"url":"https:\/\/telocuentavictorhugo.com\/index.php\/author\/plustvpress-com\/"}]}},"_links":{"self":[{"href":"https:\/\/telocuentavictorhugo.com\/index.php\/wp-json\/wp\/v2\/posts\/10073","targetHints":{"allow":["GET"]}}],"collection":[{"href":"https:\/\/telocuentavictorhugo.com\/index.php\/wp-json\/wp\/v2\/posts"}],"about":[{"href":"https:\/\/telocuentavictorhugo.com\/index.php\/wp-json\/wp\/v2\/types\/post"}],"author":[{"embeddable":true,"href":"https:\/\/telocuentavictorhugo.com\/index.php\/wp-json\/wp\/v2\/users\/1"}],"replies":[{"embeddable":true,"href":"https:\/\/telocuentavictorhugo.com\/index.php\/wp-json\/wp\/v2\/comments?post=10073"}],"version-history":[{"count":1,"href":"https:\/\/telocuentavictorhugo.com\/index.php\/wp-json\/wp\/v2\/posts\/10073\/revisions"}],"predecessor-version":[{"id":10094,"href":"https:\/\/telocuentavictorhugo.com\/index.php\/wp-json\/wp\/v2\/posts\/10073\/revisions\/10094"}],"wp:featuredmedia":[{"embeddable":true,"href":"https:\/\/telocuentavictorhugo.com\/index.php\/wp-json\/wp\/v2\/media\/10084"}],"wp:attachment":[{"href":"https:\/\/telocuentavictorhugo.com\/index.php\/wp-json\/wp\/v2\/media?parent=10073"}],"wp:term":[{"taxonomy":"category","embeddable":true,"href":"https:\/\/telocuentavictorhugo.com\/index.php\/wp-json\/wp\/v2\/categories?post=10073"},{"taxonomy":"post_tag","embeddable":true,"href":"https:\/\/telocuentavictorhugo.com\/index.php\/wp-json\/wp\/v2\/tags?post=10073"}],"curies":[{"name":"wp","href":"https:\/\/api.w.org\/{rel}","templated":true}]}}