{"id":10068,"date":"2025-10-03T17:10:47","date_gmt":"2025-10-03T21:10:47","guid":{"rendered":"https:\/\/telocuentavictorhugo.com\/?p=10068"},"modified":"2025-10-03T17:10:48","modified_gmt":"2025-10-03T21:10:48","slug":"expocruz-2025-entel-logra-palma-dorada-en-tecnologia","status":"publish","type":"post","link":"https:\/\/telocuentavictorhugo.com\/index.php\/2025\/10\/03\/expocruz-2025-entel-logra-palma-dorada-en-tecnologia\/","title":{"rendered":"EXPOCRUZ 2025: ENTEL LOGRA PALMA DORADA EN TECNOLOG\u00cdA"},"content":{"rendered":"\n<p>La Empresa Nacional de Telecomunicaciones ENTEL S.A. obtuvo la Palmera Dorada en la categor\u00eda Tecnolog\u00eda por su stand \u201cGeneraci\u00f3n Play de Entel\u201d en Expocruz 2025, un innovador espacio que fusion\u00f3 deporte, entretenimiento y tecnolog\u00eda para vivir la experiencia de la red 5G; un reconocimiento acompa\u00f1ado por la Efem\u00e9ride Departamental de Santa Cruz y la premiaci\u00f3n a expositores destacados, y cuyo homenaje al trabajo en equipo fue destacado por Roy M\u00e9ndez, gerente general de la firma.<\/p>\n\n\n\n<figure class=\"wp-block-embed is-type-video is-provider-youtube wp-block-embed-youtube wp-embed-aspect-16-9 wp-has-aspect-ratio\"><div class=\"wp-block-embed__wrapper\">\n<iframe title=\"EXPOCRUZ 2025: ENTEL LOGRA PALMA DORADA EN TECNOLOG\u00cdA\" width=\"800\" height=\"450\" src=\"https:\/\/www.youtube.com\/embed\/dwAyraUKR8E?feature=oembed\" frameborder=\"0\" allow=\"accelerometer; autoplay; clipboard-write; encrypted-media; gyroscope; picture-in-picture; web-share\" referrerpolicy=\"strict-origin-when-cross-origin\" allowfullscreen><\/iframe>\n<\/div><\/figure>\n","protected":false},"excerpt":{"rendered":"<p>La Empresa Nacional de Telecomunicaciones ENTEL S.A. obtuvo la Palmera Dorada en la categor\u00eda Tecnolog\u00eda por su stand \u201cGeneraci\u00f3n Play de Entel\u201d en Expocruz 2025, un innovador espacio que fusion\u00f3 deporte, entretenimiento y tecnolog\u00eda para vivir la experiencia de la red 5G; un reconocimiento acompa\u00f1ado por la Efem\u00e9ride Departamental de Santa Cruz y la premiaci\u00f3n [&hellip;]<\/p>\n","protected":false},"author":1,"featured_media":10078,"comment_status":"open","ping_status":"open","sticky":false,"template":"","format":"standard","meta":{"_eb_attr":"","footnotes":""},"categories":[1,48],"tags":[],"class_list":["post-10068","post","type-post","status-publish","format-standard","has-post-thumbnail","hentry","category-noticias","category-tecnologia"],"yoast_head":"<!-- This site is optimized with the Yoast SEO plugin v27.4 - https:\/\/yoast.com\/product\/yoast-seo-wordpress\/ -->\n<title>EXPOCRUZ 2025: ENTEL LOGRA PALMA DORADA EN TECNOLOG\u00cdA - Te lo Cuenta Victor<\/title>\n<meta name=\"robots\" content=\"index, follow, max-snippet:-1, max-image-preview:large, max-video-preview:-1\" \/>\n<link rel=\"canonical\" href=\"https:\/\/telocuentavictorhugo.com\/index.php\/2025\/10\/03\/expocruz-2025-entel-logra-palma-dorada-en-tecnologia\/\" \/>\n<meta property=\"og:locale\" content=\"es_ES\" \/>\n<meta property=\"og:type\" content=\"article\" \/>\n<meta property=\"og:title\" content=\"EXPOCRUZ 2025: ENTEL LOGRA PALMA DORADA EN TECNOLOG\u00cdA - Te lo Cuenta Victor\" \/>\n<meta property=\"og:description\" content=\"La Empresa Nacional de Telecomunicaciones ENTEL S.A. obtuvo la Palmera Dorada en la categor\u00eda Tecnolog\u00eda por su stand \u201cGeneraci\u00f3n Play de Entel\u201d en Expocruz 2025, un innovador espacio que fusion\u00f3 deporte, entretenimiento y tecnolog\u00eda para vivir la experiencia de la red 5G; un reconocimiento acompa\u00f1ado por la Efem\u00e9ride Departamental de Santa Cruz y la premiaci\u00f3n [&hellip;]\" \/>\n<meta property=\"og:url\" content=\"https:\/\/telocuentavictorhugo.com\/index.php\/2025\/10\/03\/expocruz-2025-entel-logra-palma-dorada-en-tecnologia\/\" \/>\n<meta property=\"og:site_name\" content=\"Te lo Cuenta Victor\" \/>\n<meta property=\"article:published_time\" content=\"2025-10-03T21:10:47+00:00\" \/>\n<meta property=\"article:modified_time\" content=\"2025-10-03T21:10:48+00:00\" \/>\n<meta property=\"og:image\" content=\"http:\/\/telocuentavictorhugo.com\/wp-content\/uploads\/2025\/10\/3.jpg\" \/>\n\t<meta property=\"og:image:width\" content=\"618\" \/>\n\t<meta property=\"og:image:height\" content=\"320\" \/>\n\t<meta property=\"og:image:type\" content=\"image\/jpeg\" \/>\n<meta name=\"author\" content=\"telocuentavictorhugo.com\" \/>\n<meta name=\"twitter:card\" content=\"summary_large_image\" \/>\n<meta name=\"twitter:label1\" content=\"Escrito por\" \/>\n\t<meta name=\"twitter:data1\" content=\"telocuentavictorhugo.com\" \/>\n\t<meta name=\"twitter:label2\" content=\"Tiempo de lectura\" \/>\n\t<meta name=\"twitter:data2\" content=\"1 minuto\" \/>\n<script type=\"application\/ld+json\" class=\"yoast-schema-graph\">{\"@context\":\"https:\\\/\\\/schema.org\",\"@graph\":[{\"@type\":\"Article\",\"@id\":\"https:\\\/\\\/telocuentavictorhugo.com\\\/index.php\\\/2025\\\/10\\\/03\\\/expocruz-2025-entel-logra-palma-dorada-en-tecnologia\\\/#article\",\"isPartOf\":{\"@id\":\"https:\\\/\\\/telocuentavictorhugo.com\\\/index.php\\\/2025\\\/10\\\/03\\\/expocruz-2025-entel-logra-palma-dorada-en-tecnologia\\\/\"},\"author\":{\"name\":\"telocuentavictorhugo.com\",\"@id\":\"https:\\\/\\\/telocuentavictorhugo.com\\\/#\\\/schema\\\/person\\\/a8307d7271ba2849b49b562ad8602f06\"},\"headline\":\"EXPOCRUZ 2025: ENTEL LOGRA PALMA DORADA EN TECNOLOG\u00cdA\",\"datePublished\":\"2025-10-03T21:10:47+00:00\",\"dateModified\":\"2025-10-03T21:10:48+00:00\",\"mainEntityOfPage\":{\"@id\":\"https:\\\/\\\/telocuentavictorhugo.com\\\/index.php\\\/2025\\\/10\\\/03\\\/expocruz-2025-entel-logra-palma-dorada-en-tecnologia\\\/\"},\"wordCount\":96,\"commentCount\":0,\"publisher\":{\"@id\":\"https:\\\/\\\/telocuentavictorhugo.com\\\/#organization\"},\"image\":{\"@id\":\"https:\\\/\\\/telocuentavictorhugo.com\\\/index.php\\\/2025\\\/10\\\/03\\\/expocruz-2025-entel-logra-palma-dorada-en-tecnologia\\\/#primaryimage\"},\"thumbnailUrl\":\"https:\\\/\\\/telocuentavictorhugo.com\\\/wp-content\\\/uploads\\\/2025\\\/10\\\/3.jpg\",\"articleSection\":[\"Noticias\",\"Tecnolog\u00eda\"],\"inLanguage\":\"es\",\"potentialAction\":[{\"@type\":\"CommentAction\",\"name\":\"Comment\",\"target\":[\"https:\\\/\\\/telocuentavictorhugo.com\\\/index.php\\\/2025\\\/10\\\/03\\\/expocruz-2025-entel-logra-palma-dorada-en-tecnologia\\\/#respond\"]}]},{\"@type\":\"WebPage\",\"@id\":\"https:\\\/\\\/telocuentavictorhugo.com\\\/index.php\\\/2025\\\/10\\\/03\\\/expocruz-2025-entel-logra-palma-dorada-en-tecnologia\\\/\",\"url\":\"https:\\\/\\\/telocuentavictorhugo.com\\\/index.php\\\/2025\\\/10\\\/03\\\/expocruz-2025-entel-logra-palma-dorada-en-tecnologia\\\/\",\"name\":\"EXPOCRUZ 2025: ENTEL LOGRA PALMA DORADA EN TECNOLOG\u00cdA - Te lo Cuenta Victor\",\"isPartOf\":{\"@id\":\"https:\\\/\\\/telocuentavictorhugo.com\\\/#website\"},\"primaryImageOfPage\":{\"@id\":\"https:\\\/\\\/telocuentavictorhugo.com\\\/index.php\\\/2025\\\/10\\\/03\\\/expocruz-2025-entel-logra-palma-dorada-en-tecnologia\\\/#primaryimage\"},\"image\":{\"@id\":\"https:\\\/\\\/telocuentavictorhugo.com\\\/index.php\\\/2025\\\/10\\\/03\\\/expocruz-2025-entel-logra-palma-dorada-en-tecnologia\\\/#primaryimage\"},\"thumbnailUrl\":\"https:\\\/\\\/telocuentavictorhugo.com\\\/wp-content\\\/uploads\\\/2025\\\/10\\\/3.jpg\",\"datePublished\":\"2025-10-03T21:10:47+00:00\",\"dateModified\":\"2025-10-03T21:10:48+00:00\",\"breadcrumb\":{\"@id\":\"https:\\\/\\\/telocuentavictorhugo.com\\\/index.php\\\/2025\\\/10\\\/03\\\/expocruz-2025-entel-logra-palma-dorada-en-tecnologia\\\/#breadcrumb\"},\"inLanguage\":\"es\",\"potentialAction\":[{\"@type\":\"ReadAction\",\"target\":[\"https:\\\/\\\/telocuentavictorhugo.com\\\/index.php\\\/2025\\\/10\\\/03\\\/expocruz-2025-entel-logra-palma-dorada-en-tecnologia\\\/\"]}]},{\"@type\":\"ImageObject\",\"inLanguage\":\"es\",\"@id\":\"https:\\\/\\\/telocuentavictorhugo.com\\\/index.php\\\/2025\\\/10\\\/03\\\/expocruz-2025-entel-logra-palma-dorada-en-tecnologia\\\/#primaryimage\",\"url\":\"https:\\\/\\\/telocuentavictorhugo.com\\\/wp-content\\\/uploads\\\/2025\\\/10\\\/3.jpg\",\"contentUrl\":\"https:\\\/\\\/telocuentavictorhugo.com\\\/wp-content\\\/uploads\\\/2025\\\/10\\\/3.jpg\",\"width\":618,\"height\":320},{\"@type\":\"BreadcrumbList\",\"@id\":\"https:\\\/\\\/telocuentavictorhugo.com\\\/index.php\\\/2025\\\/10\\\/03\\\/expocruz-2025-entel-logra-palma-dorada-en-tecnologia\\\/#breadcrumb\",\"itemListElement\":[{\"@type\":\"ListItem\",\"position\":1,\"name\":\"Portada\",\"item\":\"https:\\\/\\\/telocuentavictorhugo.com\\\/\"},{\"@type\":\"ListItem\",\"position\":2,\"name\":\"EXPOCRUZ 2025: ENTEL LOGRA PALMA DORADA EN TECNOLOG\u00cdA\"}]},{\"@type\":\"WebSite\",\"@id\":\"https:\\\/\\\/telocuentavictorhugo.com\\\/#website\",\"url\":\"https:\\\/\\\/telocuentavictorhugo.com\\\/\",\"name\":\"Te lo Cuenta Victor\",\"description\":\"\",\"publisher\":{\"@id\":\"https:\\\/\\\/telocuentavictorhugo.com\\\/#organization\"},\"potentialAction\":[{\"@type\":\"SearchAction\",\"target\":{\"@type\":\"EntryPoint\",\"urlTemplate\":\"https:\\\/\\\/telocuentavictorhugo.com\\\/?s={search_term_string}\"},\"query-input\":{\"@type\":\"PropertyValueSpecification\",\"valueRequired\":true,\"valueName\":\"search_term_string\"}}],\"inLanguage\":\"es\"},{\"@type\":\"Organization\",\"@id\":\"https:\\\/\\\/telocuentavictorhugo.com\\\/#organization\",\"name\":\"Te lo Cuenta Victor\",\"url\":\"https:\\\/\\\/telocuentavictorhugo.com\\\/\",\"logo\":{\"@type\":\"ImageObject\",\"inLanguage\":\"es\",\"@id\":\"https:\\\/\\\/telocuentavictorhugo.com\\\/#\\\/schema\\\/logo\\\/image\\\/\",\"url\":\"https:\\\/\\\/telocuentavictorhugo.com\\\/wp-content\\\/uploads\\\/2023\\\/12\\\/Logo.png\",\"contentUrl\":\"https:\\\/\\\/telocuentavictorhugo.com\\\/wp-content\\\/uploads\\\/2023\\\/12\\\/Logo.png\",\"width\":1080,\"height\":176,\"caption\":\"Te lo Cuenta Victor\"},\"image\":{\"@id\":\"https:\\\/\\\/telocuentavictorhugo.com\\\/#\\\/schema\\\/logo\\\/image\\\/\"}},{\"@type\":\"Person\",\"@id\":\"https:\\\/\\\/telocuentavictorhugo.com\\\/#\\\/schema\\\/person\\\/a8307d7271ba2849b49b562ad8602f06\",\"name\":\"telocuentavictorhugo.com\",\"image\":{\"@type\":\"ImageObject\",\"inLanguage\":\"es\",\"@id\":\"https:\\\/\\\/secure.gravatar.com\\\/avatar\\\/da212e7b532df19fd2aea5daf46d8c176abfc85521e4b80ed435d7426ef63eb6?s=96&d=mm&r=g\",\"url\":\"https:\\\/\\\/secure.gravatar.com\\\/avatar\\\/da212e7b532df19fd2aea5daf46d8c176abfc85521e4b80ed435d7426ef63eb6?s=96&d=mm&r=g\",\"contentUrl\":\"https:\\\/\\\/secure.gravatar.com\\\/avatar\\\/da212e7b532df19fd2aea5daf46d8c176abfc85521e4b80ed435d7426ef63eb6?s=96&d=mm&r=g\",\"caption\":\"telocuentavictorhugo.com\"},\"sameAs\":[\"http:\\\/\\\/telocuentavictorhugo.com\"],\"url\":\"https:\\\/\\\/telocuentavictorhugo.com\\\/index.php\\\/author\\\/plustvpress-com\\\/\"}]}<\/script>\n<!-- \/ Yoast SEO plugin. -->","yoast_head_json":{"title":"EXPOCRUZ 2025: ENTEL LOGRA PALMA DORADA EN TECNOLOG\u00cdA - Te lo Cuenta Victor","robots":{"index":"index","follow":"follow","max-snippet":"max-snippet:-1","max-image-preview":"max-image-preview:large","max-video-preview":"max-video-preview:-1"},"canonical":"https:\/\/telocuentavictorhugo.com\/index.php\/2025\/10\/03\/expocruz-2025-entel-logra-palma-dorada-en-tecnologia\/","og_locale":"es_ES","og_type":"article","og_title":"EXPOCRUZ 2025: ENTEL LOGRA PALMA DORADA EN TECNOLOG\u00cdA - Te lo Cuenta Victor","og_description":"La Empresa Nacional de Telecomunicaciones ENTEL S.A. obtuvo la Palmera Dorada en la categor\u00eda Tecnolog\u00eda por su stand \u201cGeneraci\u00f3n Play de Entel\u201d en Expocruz 2025, un innovador espacio que fusion\u00f3 deporte, entretenimiento y tecnolog\u00eda para vivir la experiencia de la red 5G; un reconocimiento acompa\u00f1ado por la Efem\u00e9ride Departamental de Santa Cruz y la premiaci\u00f3n [&hellip;]","og_url":"https:\/\/telocuentavictorhugo.com\/index.php\/2025\/10\/03\/expocruz-2025-entel-logra-palma-dorada-en-tecnologia\/","og_site_name":"Te lo Cuenta Victor","article_published_time":"2025-10-03T21:10:47+00:00","article_modified_time":"2025-10-03T21:10:48+00:00","og_image":[{"width":618,"height":320,"url":"http:\/\/telocuentavictorhugo.com\/wp-content\/uploads\/2025\/10\/3.jpg","type":"image\/jpeg"}],"author":"telocuentavictorhugo.com","twitter_card":"summary_large_image","twitter_misc":{"Escrito por":"telocuentavictorhugo.com","Tiempo de lectura":"1 minuto"},"schema":{"@context":"https:\/\/schema.org","@graph":[{"@type":"Article","@id":"https:\/\/telocuentavictorhugo.com\/index.php\/2025\/10\/03\/expocruz-2025-entel-logra-palma-dorada-en-tecnologia\/#article","isPartOf":{"@id":"https:\/\/telocuentavictorhugo.com\/index.php\/2025\/10\/03\/expocruz-2025-entel-logra-palma-dorada-en-tecnologia\/"},"author":{"name":"telocuentavictorhugo.com","@id":"https:\/\/telocuentavictorhugo.com\/#\/schema\/person\/a8307d7271ba2849b49b562ad8602f06"},"headline":"EXPOCRUZ 2025: ENTEL LOGRA PALMA DORADA EN TECNOLOG\u00cdA","datePublished":"2025-10-03T21:10:47+00:00","dateModified":"2025-10-03T21:10:48+00:00","mainEntityOfPage":{"@id":"https:\/\/telocuentavictorhugo.com\/index.php\/2025\/10\/03\/expocruz-2025-entel-logra-palma-dorada-en-tecnologia\/"},"wordCount":96,"commentCount":0,"publisher":{"@id":"https:\/\/telocuentavictorhugo.com\/#organization"},"image":{"@id":"https:\/\/telocuentavictorhugo.com\/index.php\/2025\/10\/03\/expocruz-2025-entel-logra-palma-dorada-en-tecnologia\/#primaryimage"},"thumbnailUrl":"https:\/\/telocuentavictorhugo.com\/wp-content\/uploads\/2025\/10\/3.jpg","articleSection":["Noticias","Tecnolog\u00eda"],"inLanguage":"es","potentialAction":[{"@type":"CommentAction","name":"Comment","target":["https:\/\/telocuentavictorhugo.com\/index.php\/2025\/10\/03\/expocruz-2025-entel-logra-palma-dorada-en-tecnologia\/#respond"]}]},{"@type":"WebPage","@id":"https:\/\/telocuentavictorhugo.com\/index.php\/2025\/10\/03\/expocruz-2025-entel-logra-palma-dorada-en-tecnologia\/","url":"https:\/\/telocuentavictorhugo.com\/index.php\/2025\/10\/03\/expocruz-2025-entel-logra-palma-dorada-en-tecnologia\/","name":"EXPOCRUZ 2025: ENTEL LOGRA PALMA DORADA EN TECNOLOG\u00cdA - Te lo Cuenta Victor","isPartOf":{"@id":"https:\/\/telocuentavictorhugo.com\/#website"},"primaryImageOfPage":{"@id":"https:\/\/telocuentavictorhugo.com\/index.php\/2025\/10\/03\/expocruz-2025-entel-logra-palma-dorada-en-tecnologia\/#primaryimage"},"image":{"@id":"https:\/\/telocuentavictorhugo.com\/index.php\/2025\/10\/03\/expocruz-2025-entel-logra-palma-dorada-en-tecnologia\/#primaryimage"},"thumbnailUrl":"https:\/\/telocuentavictorhugo.com\/wp-content\/uploads\/2025\/10\/3.jpg","datePublished":"2025-10-03T21:10:47+00:00","dateModified":"2025-10-03T21:10:48+00:00","breadcrumb":{"@id":"https:\/\/telocuentavictorhugo.com\/index.php\/2025\/10\/03\/expocruz-2025-entel-logra-palma-dorada-en-tecnologia\/#breadcrumb"},"inLanguage":"es","potentialAction":[{"@type":"ReadAction","target":["https:\/\/telocuentavictorhugo.com\/index.php\/2025\/10\/03\/expocruz-2025-entel-logra-palma-dorada-en-tecnologia\/"]}]},{"@type":"ImageObject","inLanguage":"es","@id":"https:\/\/telocuentavictorhugo.com\/index.php\/2025\/10\/03\/expocruz-2025-entel-logra-palma-dorada-en-tecnologia\/#primaryimage","url":"https:\/\/telocuentavictorhugo.com\/wp-content\/uploads\/2025\/10\/3.jpg","contentUrl":"https:\/\/telocuentavictorhugo.com\/wp-content\/uploads\/2025\/10\/3.jpg","width":618,"height":320},{"@type":"BreadcrumbList","@id":"https:\/\/telocuentavictorhugo.com\/index.php\/2025\/10\/03\/expocruz-2025-entel-logra-palma-dorada-en-tecnologia\/#breadcrumb","itemListElement":[{"@type":"ListItem","position":1,"name":"Portada","item":"https:\/\/telocuentavictorhugo.com\/"},{"@type":"ListItem","position":2,"name":"EXPOCRUZ 2025: ENTEL LOGRA PALMA DORADA EN TECNOLOG\u00cdA"}]},{"@type":"WebSite","@id":"https:\/\/telocuentavictorhugo.com\/#website","url":"https:\/\/telocuentavictorhugo.com\/","name":"Te lo Cuenta Victor","description":"","publisher":{"@id":"https:\/\/telocuentavictorhugo.com\/#organization"},"potentialAction":[{"@type":"SearchAction","target":{"@type":"EntryPoint","urlTemplate":"https:\/\/telocuentavictorhugo.com\/?s={search_term_string}"},"query-input":{"@type":"PropertyValueSpecification","valueRequired":true,"valueName":"search_term_string"}}],"inLanguage":"es"},{"@type":"Organization","@id":"https:\/\/telocuentavictorhugo.com\/#organization","name":"Te lo Cuenta Victor","url":"https:\/\/telocuentavictorhugo.com\/","logo":{"@type":"ImageObject","inLanguage":"es","@id":"https:\/\/telocuentavictorhugo.com\/#\/schema\/logo\/image\/","url":"https:\/\/telocuentavictorhugo.com\/wp-content\/uploads\/2023\/12\/Logo.png","contentUrl":"https:\/\/telocuentavictorhugo.com\/wp-content\/uploads\/2023\/12\/Logo.png","width":1080,"height":176,"caption":"Te lo Cuenta Victor"},"image":{"@id":"https:\/\/telocuentavictorhugo.com\/#\/schema\/logo\/image\/"}},{"@type":"Person","@id":"https:\/\/telocuentavictorhugo.com\/#\/schema\/person\/a8307d7271ba2849b49b562ad8602f06","name":"telocuentavictorhugo.com","image":{"@type":"ImageObject","inLanguage":"es","@id":"https:\/\/secure.gravatar.com\/avatar\/da212e7b532df19fd2aea5daf46d8c176abfc85521e4b80ed435d7426ef63eb6?s=96&d=mm&r=g","url":"https:\/\/secure.gravatar.com\/avatar\/da212e7b532df19fd2aea5daf46d8c176abfc85521e4b80ed435d7426ef63eb6?s=96&d=mm&r=g","contentUrl":"https:\/\/secure.gravatar.com\/avatar\/da212e7b532df19fd2aea5daf46d8c176abfc85521e4b80ed435d7426ef63eb6?s=96&d=mm&r=g","caption":"telocuentavictorhugo.com"},"sameAs":["http:\/\/telocuentavictorhugo.com"],"url":"https:\/\/telocuentavictorhugo.com\/index.php\/author\/plustvpress-com\/"}]}},"_links":{"self":[{"href":"https:\/\/telocuentavictorhugo.com\/index.php\/wp-json\/wp\/v2\/posts\/10068","targetHints":{"allow":["GET"]}}],"collection":[{"href":"https:\/\/telocuentavictorhugo.com\/index.php\/wp-json\/wp\/v2\/posts"}],"about":[{"href":"https:\/\/telocuentavictorhugo.com\/index.php\/wp-json\/wp\/v2\/types\/post"}],"author":[{"embeddable":true,"href":"https:\/\/telocuentavictorhugo.com\/index.php\/wp-json\/wp\/v2\/users\/1"}],"replies":[{"embeddable":true,"href":"https:\/\/telocuentavictorhugo.com\/index.php\/wp-json\/wp\/v2\/comments?post=10068"}],"version-history":[{"count":1,"href":"https:\/\/telocuentavictorhugo.com\/index.php\/wp-json\/wp\/v2\/posts\/10068\/revisions"}],"predecessor-version":[{"id":10089,"href":"https:\/\/telocuentavictorhugo.com\/index.php\/wp-json\/wp\/v2\/posts\/10068\/revisions\/10089"}],"wp:featuredmedia":[{"embeddable":true,"href":"https:\/\/telocuentavictorhugo.com\/index.php\/wp-json\/wp\/v2\/media\/10078"}],"wp:attachment":[{"href":"https:\/\/telocuentavictorhugo.com\/index.php\/wp-json\/wp\/v2\/media?parent=10068"}],"wp:term":[{"taxonomy":"category","embeddable":true,"href":"https:\/\/telocuentavictorhugo.com\/index.php\/wp-json\/wp\/v2\/categories?post=10068"},{"taxonomy":"post_tag","embeddable":true,"href":"https:\/\/telocuentavictorhugo.com\/index.php\/wp-json\/wp\/v2\/tags?post=10068"}],"curies":[{"name":"wp","href":"https:\/\/api.w.org\/{rel}","templated":true}]}}