{"id":10027,"date":"2025-09-25T15:45:48","date_gmt":"2025-09-25T19:45:48","guid":{"rendered":"https:\/\/telocuentavictorhugo.com\/?p=10027"},"modified":"2025-09-25T15:45:49","modified_gmt":"2025-09-25T19:45:49","slug":"morales-acusa-de-montaje-la-detencion-de-su-exzar-antidrogas","status":"publish","type":"post","link":"https:\/\/telocuentavictorhugo.com\/index.php\/2025\/09\/25\/morales-acusa-de-montaje-la-detencion-de-su-exzar-antidrogas\/","title":{"rendered":"MORALES ACUSA DE MONTAJE LA DETENCI\u00d3N DE SU EXZAR ANTIDROGAS"},"content":{"rendered":"\n<p>El expresidente Evo Morales calific\u00f3 este martes la aprehensi\u00f3n de su exzar antidrogas, Felipe C\u00e1ceres, como \u201ctodo un montaje\u201d y asegur\u00f3 que buscar\u00e1n apelar ante las mentiras y los intentos de sembrar pruebas para criminalizar a la regi\u00f3n del tr\u00f3pico de Cochabamba. La detenci\u00f3n ocurri\u00f3 en la madrugada en Puerto Villarroel, tras el hallazgo de un presunto narcolaboratorio en un predio propiedad de C\u00e1ceres, cerca de una planta de extracci\u00f3n de \u00e1ridos que, seg\u00fan la defensa, estaba a unos 800 metros. Morales y dirigentes evistas sostienen que la intervenci\u00f3n careci\u00f3 de detenidos y denuncian una operaci\u00f3n pol\u00edtica para desviar la atenci\u00f3n de otros casos vinculados a la familia del presidente Luis Arce.<\/p>\n\n\n\n<figure class=\"wp-block-embed is-type-video is-provider-youtube wp-block-embed-youtube wp-embed-aspect-16-9 wp-has-aspect-ratio\"><div class=\"wp-block-embed__wrapper\">\n<iframe title=\"MORALES ACUSA DE MONTAJE LA DETENCI\u00d3N DE SU EXZAR ANTIDROGAS\" width=\"800\" height=\"450\" src=\"https:\/\/www.youtube.com\/embed\/D47Pw_E_t6o?feature=oembed\" frameborder=\"0\" allow=\"accelerometer; autoplay; clipboard-write; encrypted-media; gyroscope; picture-in-picture; web-share\" referrerpolicy=\"strict-origin-when-cross-origin\" allowfullscreen><\/iframe>\n<\/div><\/figure>\n","protected":false},"excerpt":{"rendered":"<p>El expresidente Evo Morales calific\u00f3 este martes la aprehensi\u00f3n de su exzar antidrogas, Felipe C\u00e1ceres, como \u201ctodo un montaje\u201d y asegur\u00f3 que buscar\u00e1n apelar ante las mentiras y los intentos de sembrar pruebas para criminalizar a la regi\u00f3n del tr\u00f3pico de Cochabamba. La detenci\u00f3n ocurri\u00f3 en la madrugada en Puerto Villarroel, tras el hallazgo de [&hellip;]<\/p>\n","protected":false},"author":1,"featured_media":10042,"comment_status":"open","ping_status":"open","sticky":false,"template":"","format":"standard","meta":{"_eb_attr":"","footnotes":""},"categories":[1,42],"tags":[],"class_list":["post-10027","post","type-post","status-publish","format-standard","has-post-thumbnail","hentry","category-noticias","category-politica"],"yoast_head":"<!-- This site is optimized with the Yoast SEO plugin v27.4 - https:\/\/yoast.com\/product\/yoast-seo-wordpress\/ -->\n<title>MORALES ACUSA DE MONTAJE LA DETENCI\u00d3N DE SU EXZAR ANTIDROGAS - Te lo Cuenta Victor<\/title>\n<meta name=\"robots\" content=\"index, follow, max-snippet:-1, max-image-preview:large, max-video-preview:-1\" \/>\n<link rel=\"canonical\" href=\"https:\/\/telocuentavictorhugo.com\/index.php\/2025\/09\/25\/morales-acusa-de-montaje-la-detencion-de-su-exzar-antidrogas\/\" \/>\n<meta property=\"og:locale\" content=\"es_ES\" \/>\n<meta property=\"og:type\" content=\"article\" \/>\n<meta property=\"og:title\" content=\"MORALES ACUSA DE MONTAJE LA DETENCI\u00d3N DE SU EXZAR ANTIDROGAS - Te lo Cuenta Victor\" \/>\n<meta property=\"og:description\" content=\"El expresidente Evo Morales calific\u00f3 este martes la aprehensi\u00f3n de su exzar antidrogas, Felipe C\u00e1ceres, como \u201ctodo un montaje\u201d y asegur\u00f3 que buscar\u00e1n apelar ante las mentiras y los intentos de sembrar pruebas para criminalizar a la regi\u00f3n del tr\u00f3pico de Cochabamba. La detenci\u00f3n ocurri\u00f3 en la madrugada en Puerto Villarroel, tras el hallazgo de [&hellip;]\" \/>\n<meta property=\"og:url\" content=\"https:\/\/telocuentavictorhugo.com\/index.php\/2025\/09\/25\/morales-acusa-de-montaje-la-detencion-de-su-exzar-antidrogas\/\" \/>\n<meta property=\"og:site_name\" content=\"Te lo Cuenta Victor\" \/>\n<meta property=\"article:published_time\" content=\"2025-09-25T19:45:48+00:00\" \/>\n<meta property=\"article:modified_time\" content=\"2025-09-25T19:45:49+00:00\" \/>\n<meta property=\"og:image\" content=\"http:\/\/telocuentavictorhugo.com\/wp-content\/uploads\/2025\/09\/22-1.jpg\" \/>\n\t<meta property=\"og:image:width\" content=\"610\" \/>\n\t<meta property=\"og:image:height\" content=\"332\" \/>\n\t<meta property=\"og:image:type\" content=\"image\/jpeg\" \/>\n<meta name=\"author\" content=\"telocuentavictorhugo.com\" \/>\n<meta name=\"twitter:card\" content=\"summary_large_image\" \/>\n<meta name=\"twitter:label1\" content=\"Escrito por\" \/>\n\t<meta name=\"twitter:data1\" content=\"telocuentavictorhugo.com\" \/>\n\t<meta name=\"twitter:label2\" content=\"Tiempo de lectura\" \/>\n\t<meta name=\"twitter:data2\" content=\"1 minuto\" \/>\n<script type=\"application\/ld+json\" class=\"yoast-schema-graph\">{\"@context\":\"https:\\\/\\\/schema.org\",\"@graph\":[{\"@type\":\"Article\",\"@id\":\"https:\\\/\\\/telocuentavictorhugo.com\\\/index.php\\\/2025\\\/09\\\/25\\\/morales-acusa-de-montaje-la-detencion-de-su-exzar-antidrogas\\\/#article\",\"isPartOf\":{\"@id\":\"https:\\\/\\\/telocuentavictorhugo.com\\\/index.php\\\/2025\\\/09\\\/25\\\/morales-acusa-de-montaje-la-detencion-de-su-exzar-antidrogas\\\/\"},\"author\":{\"name\":\"telocuentavictorhugo.com\",\"@id\":\"https:\\\/\\\/telocuentavictorhugo.com\\\/#\\\/schema\\\/person\\\/a8307d7271ba2849b49b562ad8602f06\"},\"headline\":\"MORALES ACUSA DE MONTAJE LA DETENCI\u00d3N DE SU EXZAR ANTIDROGAS\",\"datePublished\":\"2025-09-25T19:45:48+00:00\",\"dateModified\":\"2025-09-25T19:45:49+00:00\",\"mainEntityOfPage\":{\"@id\":\"https:\\\/\\\/telocuentavictorhugo.com\\\/index.php\\\/2025\\\/09\\\/25\\\/morales-acusa-de-montaje-la-detencion-de-su-exzar-antidrogas\\\/\"},\"wordCount\":143,\"commentCount\":0,\"publisher\":{\"@id\":\"https:\\\/\\\/telocuentavictorhugo.com\\\/#organization\"},\"image\":{\"@id\":\"https:\\\/\\\/telocuentavictorhugo.com\\\/index.php\\\/2025\\\/09\\\/25\\\/morales-acusa-de-montaje-la-detencion-de-su-exzar-antidrogas\\\/#primaryimage\"},\"thumbnailUrl\":\"https:\\\/\\\/telocuentavictorhugo.com\\\/wp-content\\\/uploads\\\/2025\\\/09\\\/22-1.jpg\",\"articleSection\":[\"Noticias\",\"Pol\u00edtica\"],\"inLanguage\":\"es\",\"potentialAction\":[{\"@type\":\"CommentAction\",\"name\":\"Comment\",\"target\":[\"https:\\\/\\\/telocuentavictorhugo.com\\\/index.php\\\/2025\\\/09\\\/25\\\/morales-acusa-de-montaje-la-detencion-de-su-exzar-antidrogas\\\/#respond\"]}]},{\"@type\":\"WebPage\",\"@id\":\"https:\\\/\\\/telocuentavictorhugo.com\\\/index.php\\\/2025\\\/09\\\/25\\\/morales-acusa-de-montaje-la-detencion-de-su-exzar-antidrogas\\\/\",\"url\":\"https:\\\/\\\/telocuentavictorhugo.com\\\/index.php\\\/2025\\\/09\\\/25\\\/morales-acusa-de-montaje-la-detencion-de-su-exzar-antidrogas\\\/\",\"name\":\"MORALES ACUSA DE MONTAJE LA DETENCI\u00d3N DE SU EXZAR ANTIDROGAS - Te lo Cuenta Victor\",\"isPartOf\":{\"@id\":\"https:\\\/\\\/telocuentavictorhugo.com\\\/#website\"},\"primaryImageOfPage\":{\"@id\":\"https:\\\/\\\/telocuentavictorhugo.com\\\/index.php\\\/2025\\\/09\\\/25\\\/morales-acusa-de-montaje-la-detencion-de-su-exzar-antidrogas\\\/#primaryimage\"},\"image\":{\"@id\":\"https:\\\/\\\/telocuentavictorhugo.com\\\/index.php\\\/2025\\\/09\\\/25\\\/morales-acusa-de-montaje-la-detencion-de-su-exzar-antidrogas\\\/#primaryimage\"},\"thumbnailUrl\":\"https:\\\/\\\/telocuentavictorhugo.com\\\/wp-content\\\/uploads\\\/2025\\\/09\\\/22-1.jpg\",\"datePublished\":\"2025-09-25T19:45:48+00:00\",\"dateModified\":\"2025-09-25T19:45:49+00:00\",\"breadcrumb\":{\"@id\":\"https:\\\/\\\/telocuentavictorhugo.com\\\/index.php\\\/2025\\\/09\\\/25\\\/morales-acusa-de-montaje-la-detencion-de-su-exzar-antidrogas\\\/#breadcrumb\"},\"inLanguage\":\"es\",\"potentialAction\":[{\"@type\":\"ReadAction\",\"target\":[\"https:\\\/\\\/telocuentavictorhugo.com\\\/index.php\\\/2025\\\/09\\\/25\\\/morales-acusa-de-montaje-la-detencion-de-su-exzar-antidrogas\\\/\"]}]},{\"@type\":\"ImageObject\",\"inLanguage\":\"es\",\"@id\":\"https:\\\/\\\/telocuentavictorhugo.com\\\/index.php\\\/2025\\\/09\\\/25\\\/morales-acusa-de-montaje-la-detencion-de-su-exzar-antidrogas\\\/#primaryimage\",\"url\":\"https:\\\/\\\/telocuentavictorhugo.com\\\/wp-content\\\/uploads\\\/2025\\\/09\\\/22-1.jpg\",\"contentUrl\":\"https:\\\/\\\/telocuentavictorhugo.com\\\/wp-content\\\/uploads\\\/2025\\\/09\\\/22-1.jpg\",\"width\":610,\"height\":332},{\"@type\":\"BreadcrumbList\",\"@id\":\"https:\\\/\\\/telocuentavictorhugo.com\\\/index.php\\\/2025\\\/09\\\/25\\\/morales-acusa-de-montaje-la-detencion-de-su-exzar-antidrogas\\\/#breadcrumb\",\"itemListElement\":[{\"@type\":\"ListItem\",\"position\":1,\"name\":\"Portada\",\"item\":\"https:\\\/\\\/telocuentavictorhugo.com\\\/\"},{\"@type\":\"ListItem\",\"position\":2,\"name\":\"MORALES ACUSA DE MONTAJE LA DETENCI\u00d3N DE SU EXZAR ANTIDROGAS\"}]},{\"@type\":\"WebSite\",\"@id\":\"https:\\\/\\\/telocuentavictorhugo.com\\\/#website\",\"url\":\"https:\\\/\\\/telocuentavictorhugo.com\\\/\",\"name\":\"Te lo Cuenta Victor\",\"description\":\"\",\"publisher\":{\"@id\":\"https:\\\/\\\/telocuentavictorhugo.com\\\/#organization\"},\"potentialAction\":[{\"@type\":\"SearchAction\",\"target\":{\"@type\":\"EntryPoint\",\"urlTemplate\":\"https:\\\/\\\/telocuentavictorhugo.com\\\/?s={search_term_string}\"},\"query-input\":{\"@type\":\"PropertyValueSpecification\",\"valueRequired\":true,\"valueName\":\"search_term_string\"}}],\"inLanguage\":\"es\"},{\"@type\":\"Organization\",\"@id\":\"https:\\\/\\\/telocuentavictorhugo.com\\\/#organization\",\"name\":\"Te lo Cuenta Victor\",\"url\":\"https:\\\/\\\/telocuentavictorhugo.com\\\/\",\"logo\":{\"@type\":\"ImageObject\",\"inLanguage\":\"es\",\"@id\":\"https:\\\/\\\/telocuentavictorhugo.com\\\/#\\\/schema\\\/logo\\\/image\\\/\",\"url\":\"https:\\\/\\\/telocuentavictorhugo.com\\\/wp-content\\\/uploads\\\/2023\\\/12\\\/Logo.png\",\"contentUrl\":\"https:\\\/\\\/telocuentavictorhugo.com\\\/wp-content\\\/uploads\\\/2023\\\/12\\\/Logo.png\",\"width\":1080,\"height\":176,\"caption\":\"Te lo Cuenta Victor\"},\"image\":{\"@id\":\"https:\\\/\\\/telocuentavictorhugo.com\\\/#\\\/schema\\\/logo\\\/image\\\/\"}},{\"@type\":\"Person\",\"@id\":\"https:\\\/\\\/telocuentavictorhugo.com\\\/#\\\/schema\\\/person\\\/a8307d7271ba2849b49b562ad8602f06\",\"name\":\"telocuentavictorhugo.com\",\"image\":{\"@type\":\"ImageObject\",\"inLanguage\":\"es\",\"@id\":\"https:\\\/\\\/secure.gravatar.com\\\/avatar\\\/da212e7b532df19fd2aea5daf46d8c176abfc85521e4b80ed435d7426ef63eb6?s=96&d=mm&r=g\",\"url\":\"https:\\\/\\\/secure.gravatar.com\\\/avatar\\\/da212e7b532df19fd2aea5daf46d8c176abfc85521e4b80ed435d7426ef63eb6?s=96&d=mm&r=g\",\"contentUrl\":\"https:\\\/\\\/secure.gravatar.com\\\/avatar\\\/da212e7b532df19fd2aea5daf46d8c176abfc85521e4b80ed435d7426ef63eb6?s=96&d=mm&r=g\",\"caption\":\"telocuentavictorhugo.com\"},\"sameAs\":[\"http:\\\/\\\/telocuentavictorhugo.com\"],\"url\":\"https:\\\/\\\/telocuentavictorhugo.com\\\/index.php\\\/author\\\/plustvpress-com\\\/\"}]}<\/script>\n<!-- \/ Yoast SEO plugin. -->","yoast_head_json":{"title":"MORALES ACUSA DE MONTAJE LA DETENCI\u00d3N DE SU EXZAR ANTIDROGAS - Te lo Cuenta Victor","robots":{"index":"index","follow":"follow","max-snippet":"max-snippet:-1","max-image-preview":"max-image-preview:large","max-video-preview":"max-video-preview:-1"},"canonical":"https:\/\/telocuentavictorhugo.com\/index.php\/2025\/09\/25\/morales-acusa-de-montaje-la-detencion-de-su-exzar-antidrogas\/","og_locale":"es_ES","og_type":"article","og_title":"MORALES ACUSA DE MONTAJE LA DETENCI\u00d3N DE SU EXZAR ANTIDROGAS - Te lo Cuenta Victor","og_description":"El expresidente Evo Morales calific\u00f3 este martes la aprehensi\u00f3n de su exzar antidrogas, Felipe C\u00e1ceres, como \u201ctodo un montaje\u201d y asegur\u00f3 que buscar\u00e1n apelar ante las mentiras y los intentos de sembrar pruebas para criminalizar a la regi\u00f3n del tr\u00f3pico de Cochabamba. La detenci\u00f3n ocurri\u00f3 en la madrugada en Puerto Villarroel, tras el hallazgo de [&hellip;]","og_url":"https:\/\/telocuentavictorhugo.com\/index.php\/2025\/09\/25\/morales-acusa-de-montaje-la-detencion-de-su-exzar-antidrogas\/","og_site_name":"Te lo Cuenta Victor","article_published_time":"2025-09-25T19:45:48+00:00","article_modified_time":"2025-09-25T19:45:49+00:00","og_image":[{"width":610,"height":332,"url":"http:\/\/telocuentavictorhugo.com\/wp-content\/uploads\/2025\/09\/22-1.jpg","type":"image\/jpeg"}],"author":"telocuentavictorhugo.com","twitter_card":"summary_large_image","twitter_misc":{"Escrito por":"telocuentavictorhugo.com","Tiempo de lectura":"1 minuto"},"schema":{"@context":"https:\/\/schema.org","@graph":[{"@type":"Article","@id":"https:\/\/telocuentavictorhugo.com\/index.php\/2025\/09\/25\/morales-acusa-de-montaje-la-detencion-de-su-exzar-antidrogas\/#article","isPartOf":{"@id":"https:\/\/telocuentavictorhugo.com\/index.php\/2025\/09\/25\/morales-acusa-de-montaje-la-detencion-de-su-exzar-antidrogas\/"},"author":{"name":"telocuentavictorhugo.com","@id":"https:\/\/telocuentavictorhugo.com\/#\/schema\/person\/a8307d7271ba2849b49b562ad8602f06"},"headline":"MORALES ACUSA DE MONTAJE LA DETENCI\u00d3N DE SU EXZAR ANTIDROGAS","datePublished":"2025-09-25T19:45:48+00:00","dateModified":"2025-09-25T19:45:49+00:00","mainEntityOfPage":{"@id":"https:\/\/telocuentavictorhugo.com\/index.php\/2025\/09\/25\/morales-acusa-de-montaje-la-detencion-de-su-exzar-antidrogas\/"},"wordCount":143,"commentCount":0,"publisher":{"@id":"https:\/\/telocuentavictorhugo.com\/#organization"},"image":{"@id":"https:\/\/telocuentavictorhugo.com\/index.php\/2025\/09\/25\/morales-acusa-de-montaje-la-detencion-de-su-exzar-antidrogas\/#primaryimage"},"thumbnailUrl":"https:\/\/telocuentavictorhugo.com\/wp-content\/uploads\/2025\/09\/22-1.jpg","articleSection":["Noticias","Pol\u00edtica"],"inLanguage":"es","potentialAction":[{"@type":"CommentAction","name":"Comment","target":["https:\/\/telocuentavictorhugo.com\/index.php\/2025\/09\/25\/morales-acusa-de-montaje-la-detencion-de-su-exzar-antidrogas\/#respond"]}]},{"@type":"WebPage","@id":"https:\/\/telocuentavictorhugo.com\/index.php\/2025\/09\/25\/morales-acusa-de-montaje-la-detencion-de-su-exzar-antidrogas\/","url":"https:\/\/telocuentavictorhugo.com\/index.php\/2025\/09\/25\/morales-acusa-de-montaje-la-detencion-de-su-exzar-antidrogas\/","name":"MORALES ACUSA DE MONTAJE LA DETENCI\u00d3N DE SU EXZAR ANTIDROGAS - Te lo Cuenta Victor","isPartOf":{"@id":"https:\/\/telocuentavictorhugo.com\/#website"},"primaryImageOfPage":{"@id":"https:\/\/telocuentavictorhugo.com\/index.php\/2025\/09\/25\/morales-acusa-de-montaje-la-detencion-de-su-exzar-antidrogas\/#primaryimage"},"image":{"@id":"https:\/\/telocuentavictorhugo.com\/index.php\/2025\/09\/25\/morales-acusa-de-montaje-la-detencion-de-su-exzar-antidrogas\/#primaryimage"},"thumbnailUrl":"https:\/\/telocuentavictorhugo.com\/wp-content\/uploads\/2025\/09\/22-1.jpg","datePublished":"2025-09-25T19:45:48+00:00","dateModified":"2025-09-25T19:45:49+00:00","breadcrumb":{"@id":"https:\/\/telocuentavictorhugo.com\/index.php\/2025\/09\/25\/morales-acusa-de-montaje-la-detencion-de-su-exzar-antidrogas\/#breadcrumb"},"inLanguage":"es","potentialAction":[{"@type":"ReadAction","target":["https:\/\/telocuentavictorhugo.com\/index.php\/2025\/09\/25\/morales-acusa-de-montaje-la-detencion-de-su-exzar-antidrogas\/"]}]},{"@type":"ImageObject","inLanguage":"es","@id":"https:\/\/telocuentavictorhugo.com\/index.php\/2025\/09\/25\/morales-acusa-de-montaje-la-detencion-de-su-exzar-antidrogas\/#primaryimage","url":"https:\/\/telocuentavictorhugo.com\/wp-content\/uploads\/2025\/09\/22-1.jpg","contentUrl":"https:\/\/telocuentavictorhugo.com\/wp-content\/uploads\/2025\/09\/22-1.jpg","width":610,"height":332},{"@type":"BreadcrumbList","@id":"https:\/\/telocuentavictorhugo.com\/index.php\/2025\/09\/25\/morales-acusa-de-montaje-la-detencion-de-su-exzar-antidrogas\/#breadcrumb","itemListElement":[{"@type":"ListItem","position":1,"name":"Portada","item":"https:\/\/telocuentavictorhugo.com\/"},{"@type":"ListItem","position":2,"name":"MORALES ACUSA DE MONTAJE LA DETENCI\u00d3N DE SU EXZAR ANTIDROGAS"}]},{"@type":"WebSite","@id":"https:\/\/telocuentavictorhugo.com\/#website","url":"https:\/\/telocuentavictorhugo.com\/","name":"Te lo Cuenta Victor","description":"","publisher":{"@id":"https:\/\/telocuentavictorhugo.com\/#organization"},"potentialAction":[{"@type":"SearchAction","target":{"@type":"EntryPoint","urlTemplate":"https:\/\/telocuentavictorhugo.com\/?s={search_term_string}"},"query-input":{"@type":"PropertyValueSpecification","valueRequired":true,"valueName":"search_term_string"}}],"inLanguage":"es"},{"@type":"Organization","@id":"https:\/\/telocuentavictorhugo.com\/#organization","name":"Te lo Cuenta Victor","url":"https:\/\/telocuentavictorhugo.com\/","logo":{"@type":"ImageObject","inLanguage":"es","@id":"https:\/\/telocuentavictorhugo.com\/#\/schema\/logo\/image\/","url":"https:\/\/telocuentavictorhugo.com\/wp-content\/uploads\/2023\/12\/Logo.png","contentUrl":"https:\/\/telocuentavictorhugo.com\/wp-content\/uploads\/2023\/12\/Logo.png","width":1080,"height":176,"caption":"Te lo Cuenta Victor"},"image":{"@id":"https:\/\/telocuentavictorhugo.com\/#\/schema\/logo\/image\/"}},{"@type":"Person","@id":"https:\/\/telocuentavictorhugo.com\/#\/schema\/person\/a8307d7271ba2849b49b562ad8602f06","name":"telocuentavictorhugo.com","image":{"@type":"ImageObject","inLanguage":"es","@id":"https:\/\/secure.gravatar.com\/avatar\/da212e7b532df19fd2aea5daf46d8c176abfc85521e4b80ed435d7426ef63eb6?s=96&d=mm&r=g","url":"https:\/\/secure.gravatar.com\/avatar\/da212e7b532df19fd2aea5daf46d8c176abfc85521e4b80ed435d7426ef63eb6?s=96&d=mm&r=g","contentUrl":"https:\/\/secure.gravatar.com\/avatar\/da212e7b532df19fd2aea5daf46d8c176abfc85521e4b80ed435d7426ef63eb6?s=96&d=mm&r=g","caption":"telocuentavictorhugo.com"},"sameAs":["http:\/\/telocuentavictorhugo.com"],"url":"https:\/\/telocuentavictorhugo.com\/index.php\/author\/plustvpress-com\/"}]}},"_links":{"self":[{"href":"https:\/\/telocuentavictorhugo.com\/index.php\/wp-json\/wp\/v2\/posts\/10027","targetHints":{"allow":["GET"]}}],"collection":[{"href":"https:\/\/telocuentavictorhugo.com\/index.php\/wp-json\/wp\/v2\/posts"}],"about":[{"href":"https:\/\/telocuentavictorhugo.com\/index.php\/wp-json\/wp\/v2\/types\/post"}],"author":[{"embeddable":true,"href":"https:\/\/telocuentavictorhugo.com\/index.php\/wp-json\/wp\/v2\/users\/1"}],"replies":[{"embeddable":true,"href":"https:\/\/telocuentavictorhugo.com\/index.php\/wp-json\/wp\/v2\/comments?post=10027"}],"version-history":[{"count":1,"href":"https:\/\/telocuentavictorhugo.com\/index.php\/wp-json\/wp\/v2\/posts\/10027\/revisions"}],"predecessor-version":[{"id":10059,"href":"https:\/\/telocuentavictorhugo.com\/index.php\/wp-json\/wp\/v2\/posts\/10027\/revisions\/10059"}],"wp:featuredmedia":[{"embeddable":true,"href":"https:\/\/telocuentavictorhugo.com\/index.php\/wp-json\/wp\/v2\/media\/10042"}],"wp:attachment":[{"href":"https:\/\/telocuentavictorhugo.com\/index.php\/wp-json\/wp\/v2\/media?parent=10027"}],"wp:term":[{"taxonomy":"category","embeddable":true,"href":"https:\/\/telocuentavictorhugo.com\/index.php\/wp-json\/wp\/v2\/categories?post=10027"},{"taxonomy":"post_tag","embeddable":true,"href":"https:\/\/telocuentavictorhugo.com\/index.php\/wp-json\/wp\/v2\/tags?post=10027"}],"curies":[{"name":"wp","href":"https:\/\/api.w.org\/{rel}","templated":true}]}}