{"id":10025,"date":"2025-09-25T15:45:44","date_gmt":"2025-09-25T19:45:44","guid":{"rendered":"https:\/\/telocuentavictorhugo.com\/?p=10025"},"modified":"2025-09-25T15:45:46","modified_gmt":"2025-09-25T19:45:46","slug":"presidente-del-senado-impulsa-regularizacion-de-migrantes-bolivianos","status":"publish","type":"post","link":"https:\/\/telocuentavictorhugo.com\/index.php\/2025\/09\/25\/presidente-del-senado-impulsa-regularizacion-de-migrantes-bolivianos\/","title":{"rendered":"PRESIDENTE DEL SENADO IMPULSA REGULARIZACI\u00d3N DE MIGRANTES BOLIVIANOS"},"content":{"rendered":"\n<p>El presidente del Senado, Manuel Jos\u00e9 Ossand\u00f3n, defendi\u00f3 este jueves la necesidad de avanzar hacia una regularizaci\u00f3n de migrantes, especialmente de trabajadores bolivianos que ya operan en Chile. Ossand\u00f3n afirm\u00f3 que regularizar a estos trabajadores reconoci\u00e9ndolos como aporte para el pa\u00eds no solo ser\u00eda humano, sino una decisi\u00f3n que beneficiar\u00eda a Chile en educaci\u00f3n, vivienda y recaudaci\u00f3n.<\/p>\n\n\n\n<figure class=\"wp-block-embed is-type-video is-provider-youtube wp-block-embed-youtube wp-embed-aspect-16-9 wp-has-aspect-ratio\"><div class=\"wp-block-embed__wrapper\">\n<iframe title=\"PRESIDENTE DEL SENADO IMPULSA REGULARIZACI\u00d3N DE MIGRANTES BOLIVIANOS\" width=\"800\" height=\"450\" src=\"https:\/\/www.youtube.com\/embed\/jUMMzn4AGHg?feature=oembed\" frameborder=\"0\" allow=\"accelerometer; autoplay; clipboard-write; encrypted-media; gyroscope; picture-in-picture; web-share\" referrerpolicy=\"strict-origin-when-cross-origin\" allowfullscreen><\/iframe>\n<\/div><\/figure>\n","protected":false},"excerpt":{"rendered":"<p>El presidente del Senado, Manuel Jos\u00e9 Ossand\u00f3n, defendi\u00f3 este jueves la necesidad de avanzar hacia una regularizaci\u00f3n de migrantes, especialmente de trabajadores bolivianos que ya operan en Chile. Ossand\u00f3n afirm\u00f3 que regularizar a estos trabajadores reconoci\u00e9ndolos como aporte para el pa\u00eds no solo ser\u00eda humano, sino una decisi\u00f3n que beneficiar\u00eda a Chile en educaci\u00f3n, vivienda [&hellip;]<\/p>\n","protected":false},"author":1,"featured_media":10040,"comment_status":"open","ping_status":"open","sticky":false,"template":"","format":"standard","meta":{"_eb_attr":"","footnotes":""},"categories":[46,1,42],"tags":[],"class_list":["post-10025","post","type-post","status-publish","format-standard","has-post-thumbnail","hentry","category-internacional","category-noticias","category-politica"],"yoast_head":"<!-- This site is optimized with the Yoast SEO plugin v27.4 - https:\/\/yoast.com\/product\/yoast-seo-wordpress\/ -->\n<title>PRESIDENTE DEL SENADO IMPULSA REGULARIZACI\u00d3N DE MIGRANTES BOLIVIANOS - Te lo Cuenta Victor<\/title>\n<meta name=\"robots\" content=\"index, follow, max-snippet:-1, max-image-preview:large, max-video-preview:-1\" \/>\n<link rel=\"canonical\" href=\"https:\/\/telocuentavictorhugo.com\/index.php\/2025\/09\/25\/presidente-del-senado-impulsa-regularizacion-de-migrantes-bolivianos\/\" \/>\n<meta property=\"og:locale\" content=\"es_ES\" \/>\n<meta property=\"og:type\" content=\"article\" \/>\n<meta property=\"og:title\" content=\"PRESIDENTE DEL SENADO IMPULSA REGULARIZACI\u00d3N DE MIGRANTES BOLIVIANOS - Te lo Cuenta Victor\" \/>\n<meta property=\"og:description\" content=\"El presidente del Senado, Manuel Jos\u00e9 Ossand\u00f3n, defendi\u00f3 este jueves la necesidad de avanzar hacia una regularizaci\u00f3n de migrantes, especialmente de trabajadores bolivianos que ya operan en Chile. Ossand\u00f3n afirm\u00f3 que regularizar a estos trabajadores reconoci\u00e9ndolos como aporte para el pa\u00eds no solo ser\u00eda humano, sino una decisi\u00f3n que beneficiar\u00eda a Chile en educaci\u00f3n, vivienda [&hellip;]\" \/>\n<meta property=\"og:url\" content=\"https:\/\/telocuentavictorhugo.com\/index.php\/2025\/09\/25\/presidente-del-senado-impulsa-regularizacion-de-migrantes-bolivianos\/\" \/>\n<meta property=\"og:site_name\" content=\"Te lo Cuenta Victor\" \/>\n<meta property=\"article:published_time\" content=\"2025-09-25T19:45:44+00:00\" \/>\n<meta property=\"article:modified_time\" content=\"2025-09-25T19:45:46+00:00\" \/>\n<meta property=\"og:image\" content=\"http:\/\/telocuentavictorhugo.com\/wp-content\/uploads\/2025\/09\/20-1.jpg\" \/>\n\t<meta property=\"og:image:width\" content=\"585\" \/>\n\t<meta property=\"og:image:height\" content=\"270\" \/>\n\t<meta property=\"og:image:type\" content=\"image\/jpeg\" \/>\n<meta name=\"author\" content=\"telocuentavictorhugo.com\" \/>\n<meta name=\"twitter:card\" content=\"summary_large_image\" \/>\n<meta name=\"twitter:label1\" content=\"Escrito por\" \/>\n\t<meta name=\"twitter:data1\" content=\"telocuentavictorhugo.com\" \/>\n\t<meta name=\"twitter:label2\" content=\"Tiempo de lectura\" \/>\n\t<meta name=\"twitter:data2\" content=\"1 minuto\" \/>\n<script type=\"application\/ld+json\" class=\"yoast-schema-graph\">{\"@context\":\"https:\\\/\\\/schema.org\",\"@graph\":[{\"@type\":\"Article\",\"@id\":\"https:\\\/\\\/telocuentavictorhugo.com\\\/index.php\\\/2025\\\/09\\\/25\\\/presidente-del-senado-impulsa-regularizacion-de-migrantes-bolivianos\\\/#article\",\"isPartOf\":{\"@id\":\"https:\\\/\\\/telocuentavictorhugo.com\\\/index.php\\\/2025\\\/09\\\/25\\\/presidente-del-senado-impulsa-regularizacion-de-migrantes-bolivianos\\\/\"},\"author\":{\"name\":\"telocuentavictorhugo.com\",\"@id\":\"https:\\\/\\\/telocuentavictorhugo.com\\\/#\\\/schema\\\/person\\\/a8307d7271ba2849b49b562ad8602f06\"},\"headline\":\"PRESIDENTE DEL SENADO IMPULSA REGULARIZACI\u00d3N DE MIGRANTES BOLIVIANOS\",\"datePublished\":\"2025-09-25T19:45:44+00:00\",\"dateModified\":\"2025-09-25T19:45:46+00:00\",\"mainEntityOfPage\":{\"@id\":\"https:\\\/\\\/telocuentavictorhugo.com\\\/index.php\\\/2025\\\/09\\\/25\\\/presidente-del-senado-impulsa-regularizacion-de-migrantes-bolivianos\\\/\"},\"wordCount\":81,\"commentCount\":0,\"publisher\":{\"@id\":\"https:\\\/\\\/telocuentavictorhugo.com\\\/#organization\"},\"image\":{\"@id\":\"https:\\\/\\\/telocuentavictorhugo.com\\\/index.php\\\/2025\\\/09\\\/25\\\/presidente-del-senado-impulsa-regularizacion-de-migrantes-bolivianos\\\/#primaryimage\"},\"thumbnailUrl\":\"https:\\\/\\\/telocuentavictorhugo.com\\\/wp-content\\\/uploads\\\/2025\\\/09\\\/20-1.jpg\",\"articleSection\":[\"Internacional\",\"Noticias\",\"Pol\u00edtica\"],\"inLanguage\":\"es\",\"potentialAction\":[{\"@type\":\"CommentAction\",\"name\":\"Comment\",\"target\":[\"https:\\\/\\\/telocuentavictorhugo.com\\\/index.php\\\/2025\\\/09\\\/25\\\/presidente-del-senado-impulsa-regularizacion-de-migrantes-bolivianos\\\/#respond\"]}]},{\"@type\":\"WebPage\",\"@id\":\"https:\\\/\\\/telocuentavictorhugo.com\\\/index.php\\\/2025\\\/09\\\/25\\\/presidente-del-senado-impulsa-regularizacion-de-migrantes-bolivianos\\\/\",\"url\":\"https:\\\/\\\/telocuentavictorhugo.com\\\/index.php\\\/2025\\\/09\\\/25\\\/presidente-del-senado-impulsa-regularizacion-de-migrantes-bolivianos\\\/\",\"name\":\"PRESIDENTE DEL SENADO IMPULSA REGULARIZACI\u00d3N DE MIGRANTES BOLIVIANOS - Te lo Cuenta Victor\",\"isPartOf\":{\"@id\":\"https:\\\/\\\/telocuentavictorhugo.com\\\/#website\"},\"primaryImageOfPage\":{\"@id\":\"https:\\\/\\\/telocuentavictorhugo.com\\\/index.php\\\/2025\\\/09\\\/25\\\/presidente-del-senado-impulsa-regularizacion-de-migrantes-bolivianos\\\/#primaryimage\"},\"image\":{\"@id\":\"https:\\\/\\\/telocuentavictorhugo.com\\\/index.php\\\/2025\\\/09\\\/25\\\/presidente-del-senado-impulsa-regularizacion-de-migrantes-bolivianos\\\/#primaryimage\"},\"thumbnailUrl\":\"https:\\\/\\\/telocuentavictorhugo.com\\\/wp-content\\\/uploads\\\/2025\\\/09\\\/20-1.jpg\",\"datePublished\":\"2025-09-25T19:45:44+00:00\",\"dateModified\":\"2025-09-25T19:45:46+00:00\",\"breadcrumb\":{\"@id\":\"https:\\\/\\\/telocuentavictorhugo.com\\\/index.php\\\/2025\\\/09\\\/25\\\/presidente-del-senado-impulsa-regularizacion-de-migrantes-bolivianos\\\/#breadcrumb\"},\"inLanguage\":\"es\",\"potentialAction\":[{\"@type\":\"ReadAction\",\"target\":[\"https:\\\/\\\/telocuentavictorhugo.com\\\/index.php\\\/2025\\\/09\\\/25\\\/presidente-del-senado-impulsa-regularizacion-de-migrantes-bolivianos\\\/\"]}]},{\"@type\":\"ImageObject\",\"inLanguage\":\"es\",\"@id\":\"https:\\\/\\\/telocuentavictorhugo.com\\\/index.php\\\/2025\\\/09\\\/25\\\/presidente-del-senado-impulsa-regularizacion-de-migrantes-bolivianos\\\/#primaryimage\",\"url\":\"https:\\\/\\\/telocuentavictorhugo.com\\\/wp-content\\\/uploads\\\/2025\\\/09\\\/20-1.jpg\",\"contentUrl\":\"https:\\\/\\\/telocuentavictorhugo.com\\\/wp-content\\\/uploads\\\/2025\\\/09\\\/20-1.jpg\",\"width\":585,\"height\":270},{\"@type\":\"BreadcrumbList\",\"@id\":\"https:\\\/\\\/telocuentavictorhugo.com\\\/index.php\\\/2025\\\/09\\\/25\\\/presidente-del-senado-impulsa-regularizacion-de-migrantes-bolivianos\\\/#breadcrumb\",\"itemListElement\":[{\"@type\":\"ListItem\",\"position\":1,\"name\":\"Portada\",\"item\":\"https:\\\/\\\/telocuentavictorhugo.com\\\/\"},{\"@type\":\"ListItem\",\"position\":2,\"name\":\"PRESIDENTE DEL SENADO IMPULSA REGULARIZACI\u00d3N DE MIGRANTES BOLIVIANOS\"}]},{\"@type\":\"WebSite\",\"@id\":\"https:\\\/\\\/telocuentavictorhugo.com\\\/#website\",\"url\":\"https:\\\/\\\/telocuentavictorhugo.com\\\/\",\"name\":\"Te lo Cuenta Victor\",\"description\":\"\",\"publisher\":{\"@id\":\"https:\\\/\\\/telocuentavictorhugo.com\\\/#organization\"},\"potentialAction\":[{\"@type\":\"SearchAction\",\"target\":{\"@type\":\"EntryPoint\",\"urlTemplate\":\"https:\\\/\\\/telocuentavictorhugo.com\\\/?s={search_term_string}\"},\"query-input\":{\"@type\":\"PropertyValueSpecification\",\"valueRequired\":true,\"valueName\":\"search_term_string\"}}],\"inLanguage\":\"es\"},{\"@type\":\"Organization\",\"@id\":\"https:\\\/\\\/telocuentavictorhugo.com\\\/#organization\",\"name\":\"Te lo Cuenta Victor\",\"url\":\"https:\\\/\\\/telocuentavictorhugo.com\\\/\",\"logo\":{\"@type\":\"ImageObject\",\"inLanguage\":\"es\",\"@id\":\"https:\\\/\\\/telocuentavictorhugo.com\\\/#\\\/schema\\\/logo\\\/image\\\/\",\"url\":\"https:\\\/\\\/telocuentavictorhugo.com\\\/wp-content\\\/uploads\\\/2023\\\/12\\\/Logo.png\",\"contentUrl\":\"https:\\\/\\\/telocuentavictorhugo.com\\\/wp-content\\\/uploads\\\/2023\\\/12\\\/Logo.png\",\"width\":1080,\"height\":176,\"caption\":\"Te lo Cuenta Victor\"},\"image\":{\"@id\":\"https:\\\/\\\/telocuentavictorhugo.com\\\/#\\\/schema\\\/logo\\\/image\\\/\"}},{\"@type\":\"Person\",\"@id\":\"https:\\\/\\\/telocuentavictorhugo.com\\\/#\\\/schema\\\/person\\\/a8307d7271ba2849b49b562ad8602f06\",\"name\":\"telocuentavictorhugo.com\",\"image\":{\"@type\":\"ImageObject\",\"inLanguage\":\"es\",\"@id\":\"https:\\\/\\\/secure.gravatar.com\\\/avatar\\\/da212e7b532df19fd2aea5daf46d8c176abfc85521e4b80ed435d7426ef63eb6?s=96&d=mm&r=g\",\"url\":\"https:\\\/\\\/secure.gravatar.com\\\/avatar\\\/da212e7b532df19fd2aea5daf46d8c176abfc85521e4b80ed435d7426ef63eb6?s=96&d=mm&r=g\",\"contentUrl\":\"https:\\\/\\\/secure.gravatar.com\\\/avatar\\\/da212e7b532df19fd2aea5daf46d8c176abfc85521e4b80ed435d7426ef63eb6?s=96&d=mm&r=g\",\"caption\":\"telocuentavictorhugo.com\"},\"sameAs\":[\"http:\\\/\\\/telocuentavictorhugo.com\"],\"url\":\"https:\\\/\\\/telocuentavictorhugo.com\\\/index.php\\\/author\\\/plustvpress-com\\\/\"}]}<\/script>\n<!-- \/ Yoast SEO plugin. -->","yoast_head_json":{"title":"PRESIDENTE DEL SENADO IMPULSA REGULARIZACI\u00d3N DE MIGRANTES BOLIVIANOS - Te lo Cuenta Victor","robots":{"index":"index","follow":"follow","max-snippet":"max-snippet:-1","max-image-preview":"max-image-preview:large","max-video-preview":"max-video-preview:-1"},"canonical":"https:\/\/telocuentavictorhugo.com\/index.php\/2025\/09\/25\/presidente-del-senado-impulsa-regularizacion-de-migrantes-bolivianos\/","og_locale":"es_ES","og_type":"article","og_title":"PRESIDENTE DEL SENADO IMPULSA REGULARIZACI\u00d3N DE MIGRANTES BOLIVIANOS - Te lo Cuenta Victor","og_description":"El presidente del Senado, Manuel Jos\u00e9 Ossand\u00f3n, defendi\u00f3 este jueves la necesidad de avanzar hacia una regularizaci\u00f3n de migrantes, especialmente de trabajadores bolivianos que ya operan en Chile. Ossand\u00f3n afirm\u00f3 que regularizar a estos trabajadores reconoci\u00e9ndolos como aporte para el pa\u00eds no solo ser\u00eda humano, sino una decisi\u00f3n que beneficiar\u00eda a Chile en educaci\u00f3n, vivienda [&hellip;]","og_url":"https:\/\/telocuentavictorhugo.com\/index.php\/2025\/09\/25\/presidente-del-senado-impulsa-regularizacion-de-migrantes-bolivianos\/","og_site_name":"Te lo Cuenta Victor","article_published_time":"2025-09-25T19:45:44+00:00","article_modified_time":"2025-09-25T19:45:46+00:00","og_image":[{"width":585,"height":270,"url":"http:\/\/telocuentavictorhugo.com\/wp-content\/uploads\/2025\/09\/20-1.jpg","type":"image\/jpeg"}],"author":"telocuentavictorhugo.com","twitter_card":"summary_large_image","twitter_misc":{"Escrito por":"telocuentavictorhugo.com","Tiempo de lectura":"1 minuto"},"schema":{"@context":"https:\/\/schema.org","@graph":[{"@type":"Article","@id":"https:\/\/telocuentavictorhugo.com\/index.php\/2025\/09\/25\/presidente-del-senado-impulsa-regularizacion-de-migrantes-bolivianos\/#article","isPartOf":{"@id":"https:\/\/telocuentavictorhugo.com\/index.php\/2025\/09\/25\/presidente-del-senado-impulsa-regularizacion-de-migrantes-bolivianos\/"},"author":{"name":"telocuentavictorhugo.com","@id":"https:\/\/telocuentavictorhugo.com\/#\/schema\/person\/a8307d7271ba2849b49b562ad8602f06"},"headline":"PRESIDENTE DEL SENADO IMPULSA REGULARIZACI\u00d3N DE MIGRANTES BOLIVIANOS","datePublished":"2025-09-25T19:45:44+00:00","dateModified":"2025-09-25T19:45:46+00:00","mainEntityOfPage":{"@id":"https:\/\/telocuentavictorhugo.com\/index.php\/2025\/09\/25\/presidente-del-senado-impulsa-regularizacion-de-migrantes-bolivianos\/"},"wordCount":81,"commentCount":0,"publisher":{"@id":"https:\/\/telocuentavictorhugo.com\/#organization"},"image":{"@id":"https:\/\/telocuentavictorhugo.com\/index.php\/2025\/09\/25\/presidente-del-senado-impulsa-regularizacion-de-migrantes-bolivianos\/#primaryimage"},"thumbnailUrl":"https:\/\/telocuentavictorhugo.com\/wp-content\/uploads\/2025\/09\/20-1.jpg","articleSection":["Internacional","Noticias","Pol\u00edtica"],"inLanguage":"es","potentialAction":[{"@type":"CommentAction","name":"Comment","target":["https:\/\/telocuentavictorhugo.com\/index.php\/2025\/09\/25\/presidente-del-senado-impulsa-regularizacion-de-migrantes-bolivianos\/#respond"]}]},{"@type":"WebPage","@id":"https:\/\/telocuentavictorhugo.com\/index.php\/2025\/09\/25\/presidente-del-senado-impulsa-regularizacion-de-migrantes-bolivianos\/","url":"https:\/\/telocuentavictorhugo.com\/index.php\/2025\/09\/25\/presidente-del-senado-impulsa-regularizacion-de-migrantes-bolivianos\/","name":"PRESIDENTE DEL SENADO IMPULSA REGULARIZACI\u00d3N DE MIGRANTES BOLIVIANOS - Te lo Cuenta Victor","isPartOf":{"@id":"https:\/\/telocuentavictorhugo.com\/#website"},"primaryImageOfPage":{"@id":"https:\/\/telocuentavictorhugo.com\/index.php\/2025\/09\/25\/presidente-del-senado-impulsa-regularizacion-de-migrantes-bolivianos\/#primaryimage"},"image":{"@id":"https:\/\/telocuentavictorhugo.com\/index.php\/2025\/09\/25\/presidente-del-senado-impulsa-regularizacion-de-migrantes-bolivianos\/#primaryimage"},"thumbnailUrl":"https:\/\/telocuentavictorhugo.com\/wp-content\/uploads\/2025\/09\/20-1.jpg","datePublished":"2025-09-25T19:45:44+00:00","dateModified":"2025-09-25T19:45:46+00:00","breadcrumb":{"@id":"https:\/\/telocuentavictorhugo.com\/index.php\/2025\/09\/25\/presidente-del-senado-impulsa-regularizacion-de-migrantes-bolivianos\/#breadcrumb"},"inLanguage":"es","potentialAction":[{"@type":"ReadAction","target":["https:\/\/telocuentavictorhugo.com\/index.php\/2025\/09\/25\/presidente-del-senado-impulsa-regularizacion-de-migrantes-bolivianos\/"]}]},{"@type":"ImageObject","inLanguage":"es","@id":"https:\/\/telocuentavictorhugo.com\/index.php\/2025\/09\/25\/presidente-del-senado-impulsa-regularizacion-de-migrantes-bolivianos\/#primaryimage","url":"https:\/\/telocuentavictorhugo.com\/wp-content\/uploads\/2025\/09\/20-1.jpg","contentUrl":"https:\/\/telocuentavictorhugo.com\/wp-content\/uploads\/2025\/09\/20-1.jpg","width":585,"height":270},{"@type":"BreadcrumbList","@id":"https:\/\/telocuentavictorhugo.com\/index.php\/2025\/09\/25\/presidente-del-senado-impulsa-regularizacion-de-migrantes-bolivianos\/#breadcrumb","itemListElement":[{"@type":"ListItem","position":1,"name":"Portada","item":"https:\/\/telocuentavictorhugo.com\/"},{"@type":"ListItem","position":2,"name":"PRESIDENTE DEL SENADO IMPULSA REGULARIZACI\u00d3N DE MIGRANTES BOLIVIANOS"}]},{"@type":"WebSite","@id":"https:\/\/telocuentavictorhugo.com\/#website","url":"https:\/\/telocuentavictorhugo.com\/","name":"Te lo Cuenta Victor","description":"","publisher":{"@id":"https:\/\/telocuentavictorhugo.com\/#organization"},"potentialAction":[{"@type":"SearchAction","target":{"@type":"EntryPoint","urlTemplate":"https:\/\/telocuentavictorhugo.com\/?s={search_term_string}"},"query-input":{"@type":"PropertyValueSpecification","valueRequired":true,"valueName":"search_term_string"}}],"inLanguage":"es"},{"@type":"Organization","@id":"https:\/\/telocuentavictorhugo.com\/#organization","name":"Te lo Cuenta Victor","url":"https:\/\/telocuentavictorhugo.com\/","logo":{"@type":"ImageObject","inLanguage":"es","@id":"https:\/\/telocuentavictorhugo.com\/#\/schema\/logo\/image\/","url":"https:\/\/telocuentavictorhugo.com\/wp-content\/uploads\/2023\/12\/Logo.png","contentUrl":"https:\/\/telocuentavictorhugo.com\/wp-content\/uploads\/2023\/12\/Logo.png","width":1080,"height":176,"caption":"Te lo Cuenta Victor"},"image":{"@id":"https:\/\/telocuentavictorhugo.com\/#\/schema\/logo\/image\/"}},{"@type":"Person","@id":"https:\/\/telocuentavictorhugo.com\/#\/schema\/person\/a8307d7271ba2849b49b562ad8602f06","name":"telocuentavictorhugo.com","image":{"@type":"ImageObject","inLanguage":"es","@id":"https:\/\/secure.gravatar.com\/avatar\/da212e7b532df19fd2aea5daf46d8c176abfc85521e4b80ed435d7426ef63eb6?s=96&d=mm&r=g","url":"https:\/\/secure.gravatar.com\/avatar\/da212e7b532df19fd2aea5daf46d8c176abfc85521e4b80ed435d7426ef63eb6?s=96&d=mm&r=g","contentUrl":"https:\/\/secure.gravatar.com\/avatar\/da212e7b532df19fd2aea5daf46d8c176abfc85521e4b80ed435d7426ef63eb6?s=96&d=mm&r=g","caption":"telocuentavictorhugo.com"},"sameAs":["http:\/\/telocuentavictorhugo.com"],"url":"https:\/\/telocuentavictorhugo.com\/index.php\/author\/plustvpress-com\/"}]}},"_links":{"self":[{"href":"https:\/\/telocuentavictorhugo.com\/index.php\/wp-json\/wp\/v2\/posts\/10025","targetHints":{"allow":["GET"]}}],"collection":[{"href":"https:\/\/telocuentavictorhugo.com\/index.php\/wp-json\/wp\/v2\/posts"}],"about":[{"href":"https:\/\/telocuentavictorhugo.com\/index.php\/wp-json\/wp\/v2\/types\/post"}],"author":[{"embeddable":true,"href":"https:\/\/telocuentavictorhugo.com\/index.php\/wp-json\/wp\/v2\/users\/1"}],"replies":[{"embeddable":true,"href":"https:\/\/telocuentavictorhugo.com\/index.php\/wp-json\/wp\/v2\/comments?post=10025"}],"version-history":[{"count":1,"href":"https:\/\/telocuentavictorhugo.com\/index.php\/wp-json\/wp\/v2\/posts\/10025\/revisions"}],"predecessor-version":[{"id":10057,"href":"https:\/\/telocuentavictorhugo.com\/index.php\/wp-json\/wp\/v2\/posts\/10025\/revisions\/10057"}],"wp:featuredmedia":[{"embeddable":true,"href":"https:\/\/telocuentavictorhugo.com\/index.php\/wp-json\/wp\/v2\/media\/10040"}],"wp:attachment":[{"href":"https:\/\/telocuentavictorhugo.com\/index.php\/wp-json\/wp\/v2\/media?parent=10025"}],"wp:term":[{"taxonomy":"category","embeddable":true,"href":"https:\/\/telocuentavictorhugo.com\/index.php\/wp-json\/wp\/v2\/categories?post=10025"},{"taxonomy":"post_tag","embeddable":true,"href":"https:\/\/telocuentavictorhugo.com\/index.php\/wp-json\/wp\/v2\/tags?post=10025"}],"curies":[{"name":"wp","href":"https:\/\/api.w.org\/{rel}","templated":true}]}}